{"id":1896,"date":"2019-03-27T10:43:00","date_gmt":"2019-03-27T09:43:00","guid":{"rendered":"https:\/\/www.acotv.org\/articulos-informativos\/"},"modified":"2022-03-31T22:46:36","modified_gmt":"2022-03-31T20:46:36","slug":"articulos-informativos","status":"publish","type":"post","link":"https:\/\/www.acotv.org\/es\/articulos-informativos\/","title":{"rendered":"ART\u00cdCULOS INFORMATIVOS"},"content":{"rendered":"\n<p class=\"has-medium-font-size wp-block-paragraph\"><strong>\u00bfC\u00f3mo Mejorar tu Salud Visual?<\/strong><\/p>\n\n\n\n<p class=\"has-medium-font-size wp-block-paragraph\">La salud visual no s\u00f3lo consiste en ver bien. Est\u00e1 asociada a una serie de signos y s\u00edntomas  como dolores de cabeza, picor y\/o escozor de ojos, visi\u00f3n borrosa, visi\u00f3n doble,  no perderse de l\u00ednea cuando leemos, que no nos moleste la luz, ojos cansados o doloridos, ojos frecuentemente enrojecidos,  que no se  nos muevan las palabras al leer. Si tenemos alguno de estos signos o s\u00edntomas recomendamos  revisar  la visi\u00f3n.<\/p>\n\n\n\n<p class=\"wp-block-paragraph\">El 80% de la informaci\u00f3n que recibimos diariamente se percibe a trav\u00e9s de nuestros ojos y el 92% de la poblaci\u00f3n considera que la vista es el sentido m\u00e1s importante. Esto produce que el papel del optometrista sea fundamental en nuestra sociedad para detectar cualquier disfunci\u00f3n visual y tratarla. Los optometristas somos el colectivo sanitario que atiende al p\u00fablico casi en primera instancia, puesto que es muy f\u00e1cil acceder a cualquier \u00f3ptica.<\/p>\n\n\n\n<p class=\"wp-block-paragraph\">El optometrista es el profesional con titulaci\u00f3n universitaria que previene, detecta y diagnostica los problemas relacionados con las disfunciones visuales y deriva, si detectamos patolog\u00edas, a los m\u00e9dicos oftalm\u00f3logos.<\/p>\n\n\n\n<p class=\"has-text-color wp-block-paragraph\" style=\"color:#008ad0\"><strong>Un trabajo que suma<\/strong><\/p>\n\n\n\n<p class=\"wp-block-paragraph\">Seg\u00fan los \u00faltimos estudios publicados recientemente, el 67% de la sociedad tiene alg\u00fan problema visual. Junto con los m\u00e9dicos oftalm\u00f3logos y los optometristas podemos ayudar a mejorar esta situaci\u00f3n. <\/p>\n\n\n\n<p class=\"wp-block-paragraph\">Sin embargo, ambos profesionales tienen unas funciones  diferentes. El optometrista es el profesional con titulaci\u00f3n de Grado que trabaja para prevenir, detectar y diagnosticar cualquier problema relacionado con las disfunciones visuales. A la vez podemos detectar patolog\u00edas oculares y, siempre se debe derivar al m\u00e9dico oftalm\u00f3logo. El oftalm\u00f3logo o m\u00e9dico oculista, est\u00e1 especializado en salud ocular y se encarga del diagn\u00f3stico, tratamiento y la prevenci\u00f3n de las patolog\u00edas relacionadas con los ojos.<\/p>\n\n\n\n<blockquote class=\"wp-block-quote is-layout-flow wp-block-quote-is-layout-flow\"><p><strong>El 30% de la poblaci\u00f3n infantil utiliza gafas, por lo tanto, es muy importante que los ni\u00f1os tengan una buena calidad visual.<\/strong><\/p><\/blockquote>\n\n\n\n<p class=\"wp-block-paragraph\">Si por un lado, la funci\u00f3n del optometrista es la detectar, corregir, prevenir, solucionar problemas y defectos visuales, por  otro lado har\u00e1 falta siempre acudir al oftalm\u00f3logo ante cualquier molestia o p\u00e9rdida de visi\u00f3n o indicio de dolor ocular.<\/p>\n\n\n\n<p class=\"wp-block-paragraph\">Los optometristas hacemos atenci\u00f3n primaria cuando los pacientes vienen a nuestra consulta, puesto que somos, en la mayor\u00eda de casos, el primer filtro antes de una exploraci\u00f3noftalmol\u00f3gica. Los optometristas no somos m\u00e9dicos, aunque si s\u00famanos en conocimientos diagn\u00f3sticos para ayudar a mejorar la visi\u00f3n de los pacientes. Generalmente en las consultas oftalmol\u00f3gicas encontramos un optometrista trabajando para mejorar  la visi\u00f3n de las personas.<\/p>\n\n\n\n<p class=\"wp-block-paragraph\">Los optometristas hacemos atenci\u00f3n primaria cuando los pacientes vienen a nuestra consulta, puesto que somos, en la mayor\u00eda de casos, el primer filtro antes de una exploraci\u00f3noftalmol\u00f3gica. Los optometristas no somos m\u00e9dicos, aunque si s\u00famanos en conocimientos diagn\u00f3sticos para ayudar a mejorar la visi\u00f3n de los pacientes. Generalmente en las consultas oftalmol\u00f3gicas encontramos un optometrista trabajando para mejorar  la visi\u00f3n de las personas.<\/p>\n\n\n\n<p class=\"has-text-color wp-block-paragraph\" style=\"color:#008ad0\"><strong>Revisiones peri\u00f3dicas y h\u00e1bitos saludables<\/strong><\/p>\n\n\n\n<p class=\"wp-block-paragraph\">Seg\u00fan el protocolo de Salud Visual es recomendable realizar una primera revisi\u00f3n visual y de escucha a partir de los 3 a\u00f1os de edad.<\/p>\n\n\n\n<p class=\"wp-block-paragraph\">El 30% de la poblaci\u00f3n infantil utiliza gafas, por lo tanto, es muy importante que los ni\u00f1os tengan una buena calidad visual. Los optometristas sabemos bien que las dioptr\u00edas pueden variar r\u00e1pidamente entre los ni\u00f1os y adolescentes, puesto que est\u00e1n en pleno crecimiento y cambio. Consideramos que es muy recomendable hacer revisiones peri\u00f3dicas como medida de prevenci\u00f3n.<\/p>\n\n\n\n<p class=\"wp-block-paragraph\">Tambi\u00e9n es muy importante tener buenos h\u00e1bitos visuales como, por ejemplo, pasar tiempo al aire libre, no acercase el libro o al papel a la hora de leer o escribir, disponer de una buena iluminaci\u00f3n, realizar pausas, cada 30 minutos de trabajo en visi\u00f3n pr\u00f3xima hacer un descanso de 2 minutos y mirar a lo lejos.Y no mirar las pantallas de los diferentes dispositivos horas antes de ir a descansar.<\/p>\n\n\n\n<blockquote class=\"wp-block-quote is-layout-flow wp-block-quote-is-layout-flow\"><p><strong>Hay s\u00edntomas visuales, como por ejemplo, el saltarse letras o palabras al leer o copiar que se puede solucionar con terapia visual.<\/strong><\/p><\/blockquote>\n\n\n\n<p class=\"has-text-color wp-block-paragraph\" style=\"color:#008ad0\"><strong>La Terapia Visual<\/strong><\/p>\n\n\n\n<p class=\"wp-block-paragraph\">Las disfuncionesse pueden corregir con gafas o con lentillas, pero tambi\u00e9n hay s\u00edntomas visuales como por ejemplo la visi\u00f3n borrosa, no saber d\u00f3nde est\u00e1 la derecha y la izquierda o girar un ojo, que se pueden solucionar gracias a la educaci\u00f3n visual (consejos de prevenci\u00f3n visual) y al tratamientocon lentes, prismas, filtros o terapia visual.<\/p>\n\n\n\n<p class=\"wp-block-paragraph\">La terapia visual siempre es conducida y supervisada por un optometrista que sabe qu\u00e9 habilidades el paciente tiene que mejorar y sabe c\u00f3mo entrenarlas. Estas t\u00e9cnicas son utilizadas desde hace m\u00e1s de 40 a\u00f1os. En los \u00faltimos a\u00f1os se est\u00e1 trabajando en varios estudios cl\u00ednicos para evidenciar sus resultados positivos.<\/p>\n\n\n\n<p class=\"wp-block-paragraph\">En este sentido la optometr\u00eda ayuda a mejorar la salud visual, a tener un mejor rendimiento y, a la vez, a poder tener una mejor calidad de vida.<\/p>\n\n\n\n<p class=\"wp-block-paragraph\"> (*Referenciado del Libro Blanco de la Salud Visual en Espa\u00f1a 2019 y del Libro Blanco de la visi\u00f3n en Espa\u00f1a 2018.)<\/p>\n\n\n\n<p class=\"wp-block-paragraph\">Art\u00edculo realitzado por&nbsp;<strong>Yolanda Vierb\u00fccher<\/strong>&nbsp;optometrista y miembro de la ACOTV<\/p>\n\n\n\n<p class=\"wp-block-paragraph\">Publicado tambien a:\u00a0<a href=\"http:\/\/www.diarideterrassa.es\/terrassa\/2019\/01\/24\/mejorar-salud-visual\/102175.html?fbclid=IwAR2aCXJwG7-OqE_HKCNs5En7eQqR47n2e7bWhzTgVDbkkoHBd0DO2tmfUMI\" target=\"_blank\" rel=\"noreferrer noopener\">Diari de Terrassa<\/a>\u00a0enero 2019,\u00a0<a href=\"http:\/\/www.acotv.org\/behealthy.es\/como-mejorar-tu-salud-visual\/\" target=\"_blank\" rel=\"noreferrer noopener\">Behealthy\u00a0<\/a>marzo 2019<\/p>\n","protected":false},"excerpt":{"rendered":"<p>\u00bfC\u00f3mo Mejorar tu Salud Visual? La salud visual no s\u00f3lo consiste en ver bien. Est\u00e1 asociada a una serie de [&hellip;]<\/p>\n","protected":false},"author":2,"featured_media":2169,"comment_status":"open","ping_status":"open","sticky":false,"template":"","format":"standard","meta":{"ocean_front_end_style_editor":"no","ocean_post_layout":"","ocean_both_sidebars_style":"","ocean_both_sidebars_content_width":0,"ocean_both_sidebars_sidebars_width":0,"ocean_sidebar":"0","ocean_second_sidebar":"0","ocean_disable_margins":"enable","ocean_add_body_class":"","ocean_shortcode_before_top_bar":"","ocean_shortcode_after_top_bar":"","ocean_shortcode_before_header":"","ocean_shortcode_after_header":"","ocean_has_shortcode":"","ocean_shortcode_after_title":"","ocean_shortcode_before_footer_widgets":"","ocean_shortcode_after_footer_widgets":"","ocean_shortcode_before_footer_bottom":"","ocean_shortcode_after_footer_bottom":"","ocean_display_top_bar":"default","ocean_display_header":"default","ocean_header_style":"","ocean_center_header_left_menu":"0","ocean_custom_header_template":"0","ocean_custom_logo":0,"ocean_custom_retina_logo":0,"ocean_custom_logo_max_width":0,"ocean_custom_logo_tablet_max_width":0,"ocean_custom_logo_mobile_max_width":0,"ocean_custom_logo_max_height":0,"ocean_custom_logo_tablet_max_height":0,"ocean_custom_logo_mobile_max_height":0,"ocean_header_custom_menu":"0","ocean_menu_typo_font_family":"0","ocean_menu_typo_font_subset":"","ocean_menu_typo_font_size":0,"ocean_menu_typo_font_size_tablet":0,"ocean_menu_typo_font_size_mobile":0,"ocean_menu_typo_font_size_unit":"px","ocean_menu_typo_font_weight":"","ocean_menu_typo_font_weight_tablet":"","ocean_menu_typo_font_weight_mobile":"","ocean_menu_typo_transform":"","ocean_menu_typo_transform_tablet":"","ocean_menu_typo_transform_mobile":"","ocean_menu_typo_line_height":0,"ocean_menu_typo_line_height_tablet":0,"ocean_menu_typo_line_height_mobile":0,"ocean_menu_typo_line_height_unit":"","ocean_menu_typo_spacing":0,"ocean_menu_typo_spacing_tablet":0,"ocean_menu_typo_spacing_mobile":0,"ocean_menu_typo_spacing_unit":"","ocean_menu_link_color":"","ocean_menu_link_color_hover":"","ocean_menu_link_color_active":"","ocean_menu_link_background":"","ocean_menu_link_hover_background":"","ocean_menu_link_active_background":"","ocean_menu_social_links_bg":"","ocean_menu_social_hover_links_bg":"","ocean_menu_social_links_color":"","ocean_menu_social_hover_links_color":"","ocean_disable_title":"default","ocean_disable_heading":"default","ocean_post_title":"","ocean_post_subheading":"","ocean_post_title_style":"","ocean_post_title_background_color":"","ocean_post_title_background":0,"ocean_post_title_bg_image_position":"","ocean_post_title_bg_image_attachment":"","ocean_post_title_bg_image_repeat":"","ocean_post_title_bg_image_size":"","ocean_post_title_height":0,"ocean_post_title_bg_overlay":0.5,"ocean_post_title_bg_overlay_color":"","ocean_disable_breadcrumbs":"default","ocean_breadcrumbs_color":"","ocean_breadcrumbs_separator_color":"","ocean_breadcrumbs_links_color":"","ocean_breadcrumbs_links_hover_color":"","ocean_display_footer_widgets":"default","ocean_display_footer_bottom":"default","ocean_custom_footer_template":"0","ocean_post_oembed":"","ocean_post_self_hosted_media":"","ocean_post_video_embed":"","ocean_link_format":"","ocean_link_format_target":"self","ocean_quote_format":"","ocean_quote_format_link":"post","ocean_gallery_link_images":"off","ocean_gallery_id":[],"footnotes":""},"categories":[9],"tags":[53,60],"class_list":["post-1896","post","type-post","status-publish","format-standard","has-post-thumbnail","hentry","category-blog","tag-saludvisual","tag-optometria","entry","has-media"],"yoast_head":"<!-- This site is optimized with the Yoast SEO plugin v28.4 - https:\/\/yoast.com\/product\/yoast-seo-wordpress\/ -->\n<title>ART\u00cdCULOS INFORMATIVOS - Asociaci\u00f3n Catalana de Optometr\u00eda y Terapia Visual<\/title>\n<meta name=\"robots\" content=\"index, follow, max-snippet:-1, max-image-preview:large, max-video-preview:-1\" \/>\n<link rel=\"canonical\" href=\"https:\/\/www.acotv.org\/es\/articulos-informativos\/\" \/>\n<meta property=\"og:locale\" content=\"es_ES\" \/>\n<meta property=\"og:type\" content=\"article\" \/>\n<meta property=\"og:title\" content=\"ART\u00cdCULOS INFORMATIVOS - Asociaci\u00f3n Catalana de Optometr\u00eda y Terapia Visual\" \/>\n<meta property=\"og:description\" content=\"\u00bfC\u00f3mo Mejorar tu Salud Visual? La salud visual no s\u00f3lo consiste en ver bien. Est\u00e1 asociada a una serie de [&hellip;]\" \/>\n<meta property=\"og:url\" content=\"https:\/\/www.acotv.org\/es\/articulos-informativos\/\" \/>\n<meta property=\"og:site_name\" content=\"Asociaci\u00f3n Catalana de Optometr\u00eda y Terapia Visual\" \/>\n<meta property=\"article:published_time\" content=\"2019-03-27T09:43:00+00:00\" \/>\n<meta property=\"article:modified_time\" content=\"2022-03-31T20:46:36+00:00\" \/>\n<meta property=\"og:image\" content=\"https:\/\/www.acotv.org\/wp-content\/uploads\/Imatge5-1-1.jpg\" \/>\n\t<meta property=\"og:image:width\" content=\"700\" \/>\n\t<meta property=\"og:image:height\" content=\"466\" \/>\n\t<meta property=\"og:image:type\" content=\"image\/jpeg\" \/>\n<meta name=\"author\" content=\"ACOTV\" \/>\n<meta name=\"twitter:card\" content=\"summary_large_image\" \/>\n<meta name=\"twitter:label1\" content=\"Escrito por\" \/>\n\t<meta name=\"twitter:data1\" content=\"ACOTV\" \/>\n\t<meta name=\"twitter:label2\" content=\"Tiempo de lectura\" \/>\n\t<meta name=\"twitter:data2\" content=\"4 minutos\" \/>\n<script type=\"application\/ld+json\" class=\"yoast-schema-graph\">{\"@context\":\"https:\\\/\\\/schema.org\",\"@graph\":[{\"@type\":\"Article\",\"@id\":\"https:\\\/\\\/www.acotv.org\\\/es\\\/articulos-informativos\\\/#article\",\"isPartOf\":{\"@id\":\"https:\\\/\\\/www.acotv.org\\\/es\\\/articulos-informativos\\\/\"},\"author\":{\"name\":\"ACOTV\",\"@id\":\"https:\\\/\\\/www.acotv.org\\\/ca\\\/#\\\/schema\\\/person\\\/0de470fec1dbf9785a7343042d765744\"},\"headline\":\"ART\u00cdCULOS INFORMATIVOS\",\"datePublished\":\"2019-03-27T09:43:00+00:00\",\"dateModified\":\"2022-03-31T20:46:36+00:00\",\"mainEntityOfPage\":{\"@id\":\"https:\\\/\\\/www.acotv.org\\\/es\\\/articulos-informativos\\\/\"},\"wordCount\":916,\"commentCount\":0,\"image\":{\"@id\":\"https:\\\/\\\/www.acotv.org\\\/es\\\/articulos-informativos\\\/#primaryimage\"},\"thumbnailUrl\":\"https:\\\/\\\/www.acotv.org\\\/wp-content\\\/uploads\\\/Imatge5-1-1.jpg\",\"keywords\":[\"#saludvisual\",\"Optometria\"],\"articleSection\":[\"Blog\"],\"inLanguage\":\"es\",\"potentialAction\":[{\"@type\":\"CommentAction\",\"name\":\"Comment\",\"target\":[\"https:\\\/\\\/www.acotv.org\\\/es\\\/articulos-informativos\\\/#respond\"]}]},{\"@type\":\"WebPage\",\"@id\":\"https:\\\/\\\/www.acotv.org\\\/es\\\/articulos-informativos\\\/\",\"url\":\"https:\\\/\\\/www.acotv.org\\\/es\\\/articulos-informativos\\\/\",\"name\":\"ART\u00cdCULOS INFORMATIVOS - Asociaci\u00f3n Catalana de Optometr\u00eda y Terapia Visual\",\"isPartOf\":{\"@id\":\"https:\\\/\\\/www.acotv.org\\\/ca\\\/#website\"},\"primaryImageOfPage\":{\"@id\":\"https:\\\/\\\/www.acotv.org\\\/es\\\/articulos-informativos\\\/#primaryimage\"},\"image\":{\"@id\":\"https:\\\/\\\/www.acotv.org\\\/es\\\/articulos-informativos\\\/#primaryimage\"},\"thumbnailUrl\":\"https:\\\/\\\/www.acotv.org\\\/wp-content\\\/uploads\\\/Imatge5-1-1.jpg\",\"datePublished\":\"2019-03-27T09:43:00+00:00\",\"dateModified\":\"2022-03-31T20:46:36+00:00\",\"author\":{\"@id\":\"https:\\\/\\\/www.acotv.org\\\/ca\\\/#\\\/schema\\\/person\\\/0de470fec1dbf9785a7343042d765744\"},\"breadcrumb\":{\"@id\":\"https:\\\/\\\/www.acotv.org\\\/es\\\/articulos-informativos\\\/#breadcrumb\"},\"inLanguage\":\"es\",\"potentialAction\":[{\"@type\":\"ReadAction\",\"target\":[\"https:\\\/\\\/www.acotv.org\\\/es\\\/articulos-informativos\\\/\"]}]},{\"@type\":\"ImageObject\",\"inLanguage\":\"es\",\"@id\":\"https:\\\/\\\/www.acotv.org\\\/es\\\/articulos-informativos\\\/#primaryimage\",\"url\":\"https:\\\/\\\/www.acotv.org\\\/wp-content\\\/uploads\\\/Imatge5-1-1.jpg\",\"contentUrl\":\"https:\\\/\\\/www.acotv.org\\\/wp-content\\\/uploads\\\/Imatge5-1-1.jpg\",\"width\":700,\"height\":466},{\"@type\":\"BreadcrumbList\",\"@id\":\"https:\\\/\\\/www.acotv.org\\\/es\\\/articulos-informativos\\\/#breadcrumb\",\"itemListElement\":[{\"@type\":\"ListItem\",\"position\":1,\"name\":\"Portada\",\"item\":\"https:\\\/\\\/www.acotv.org\\\/es\\\/\"},{\"@type\":\"ListItem\",\"position\":2,\"name\":\"ART\u00cdCULOS INFORMATIVOS\"}]},{\"@type\":\"WebSite\",\"@id\":\"https:\\\/\\\/www.acotv.org\\\/ca\\\/#website\",\"url\":\"https:\\\/\\\/www.acotv.org\\\/ca\\\/\",\"name\":\"Asociaci\u00f3n Catalana de Optometr\u00eda y Terapia Visual\",\"description\":\"\",\"potentialAction\":[{\"@type\":\"SearchAction\",\"target\":{\"@type\":\"EntryPoint\",\"urlTemplate\":\"https:\\\/\\\/www.acotv.org\\\/ca\\\/?s={search_term_string}\"},\"query-input\":{\"@type\":\"PropertyValueSpecification\",\"valueRequired\":true,\"valueName\":\"search_term_string\"}}],\"inLanguage\":\"es\"},{\"@type\":\"Person\",\"@id\":\"https:\\\/\\\/www.acotv.org\\\/ca\\\/#\\\/schema\\\/person\\\/0de470fec1dbf9785a7343042d765744\",\"name\":\"ACOTV\",\"image\":{\"@type\":\"ImageObject\",\"inLanguage\":\"es\",\"@id\":\"https:\\\/\\\/www.acotv.org\\\/wp-content\\\/uploads\\\/Logo-petit-150x150.jpg\",\"url\":\"https:\\\/\\\/www.acotv.org\\\/wp-content\\\/uploads\\\/Logo-petit-150x150.jpg\",\"contentUrl\":\"https:\\\/\\\/www.acotv.org\\\/wp-content\\\/uploads\\\/Logo-petit-150x150.jpg\",\"caption\":\"ACOTV\"},\"url\":\"https:\\\/\\\/www.acotv.org\\\/es\\\/author\\\/acotv\\\/\"}]}<\/script>\n<!-- \/ Yoast SEO plugin. -->","yoast_head_json":{"title":"ART\u00cdCULOS INFORMATIVOS - Asociaci\u00f3n Catalana de Optometr\u00eda y Terapia Visual","robots":{"index":"index","follow":"follow","max-snippet":"max-snippet:-1","max-image-preview":"max-image-preview:large","max-video-preview":"max-video-preview:-1"},"canonical":"https:\/\/www.acotv.org\/es\/articulos-informativos\/","og_locale":"es_ES","og_type":"article","og_title":"ART\u00cdCULOS INFORMATIVOS - Asociaci\u00f3n Catalana de Optometr\u00eda y Terapia Visual","og_description":"\u00bfC\u00f3mo Mejorar tu Salud Visual? La salud visual no s\u00f3lo consiste en ver bien. Est\u00e1 asociada a una serie de [&hellip;]","og_url":"https:\/\/www.acotv.org\/es\/articulos-informativos\/","og_site_name":"Asociaci\u00f3n Catalana de Optometr\u00eda y Terapia Visual","article_published_time":"2019-03-27T09:43:00+00:00","article_modified_time":"2022-03-31T20:46:36+00:00","og_image":[{"width":700,"height":466,"url":"https:\/\/www.acotv.org\/wp-content\/uploads\/Imatge5-1-1.jpg","type":"image\/jpeg"}],"author":"ACOTV","twitter_card":"summary_large_image","twitter_misc":{"Escrito por":"ACOTV","Tiempo de lectura":"4 minutos"},"schema":{"@context":"https:\/\/schema.org","@graph":[{"@type":"Article","@id":"https:\/\/www.acotv.org\/es\/articulos-informativos\/#article","isPartOf":{"@id":"https:\/\/www.acotv.org\/es\/articulos-informativos\/"},"author":{"name":"ACOTV","@id":"https:\/\/www.acotv.org\/ca\/#\/schema\/person\/0de470fec1dbf9785a7343042d765744"},"headline":"ART\u00cdCULOS INFORMATIVOS","datePublished":"2019-03-27T09:43:00+00:00","dateModified":"2022-03-31T20:46:36+00:00","mainEntityOfPage":{"@id":"https:\/\/www.acotv.org\/es\/articulos-informativos\/"},"wordCount":916,"commentCount":0,"image":{"@id":"https:\/\/www.acotv.org\/es\/articulos-informativos\/#primaryimage"},"thumbnailUrl":"https:\/\/www.acotv.org\/wp-content\/uploads\/Imatge5-1-1.jpg","keywords":["#saludvisual","Optometria"],"articleSection":["Blog"],"inLanguage":"es","potentialAction":[{"@type":"CommentAction","name":"Comment","target":["https:\/\/www.acotv.org\/es\/articulos-informativos\/#respond"]}]},{"@type":"WebPage","@id":"https:\/\/www.acotv.org\/es\/articulos-informativos\/","url":"https:\/\/www.acotv.org\/es\/articulos-informativos\/","name":"ART\u00cdCULOS INFORMATIVOS - Asociaci\u00f3n Catalana de Optometr\u00eda y Terapia Visual","isPartOf":{"@id":"https:\/\/www.acotv.org\/ca\/#website"},"primaryImageOfPage":{"@id":"https:\/\/www.acotv.org\/es\/articulos-informativos\/#primaryimage"},"image":{"@id":"https:\/\/www.acotv.org\/es\/articulos-informativos\/#primaryimage"},"thumbnailUrl":"https:\/\/www.acotv.org\/wp-content\/uploads\/Imatge5-1-1.jpg","datePublished":"2019-03-27T09:43:00+00:00","dateModified":"2022-03-31T20:46:36+00:00","author":{"@id":"https:\/\/www.acotv.org\/ca\/#\/schema\/person\/0de470fec1dbf9785a7343042d765744"},"breadcrumb":{"@id":"https:\/\/www.acotv.org\/es\/articulos-informativos\/#breadcrumb"},"inLanguage":"es","potentialAction":[{"@type":"ReadAction","target":["https:\/\/www.acotv.org\/es\/articulos-informativos\/"]}]},{"@type":"ImageObject","inLanguage":"es","@id":"https:\/\/www.acotv.org\/es\/articulos-informativos\/#primaryimage","url":"https:\/\/www.acotv.org\/wp-content\/uploads\/Imatge5-1-1.jpg","contentUrl":"https:\/\/www.acotv.org\/wp-content\/uploads\/Imatge5-1-1.jpg","width":700,"height":466},{"@type":"BreadcrumbList","@id":"https:\/\/www.acotv.org\/es\/articulos-informativos\/#breadcrumb","itemListElement":[{"@type":"ListItem","position":1,"name":"Portada","item":"https:\/\/www.acotv.org\/es\/"},{"@type":"ListItem","position":2,"name":"ART\u00cdCULOS INFORMATIVOS"}]},{"@type":"WebSite","@id":"https:\/\/www.acotv.org\/ca\/#website","url":"https:\/\/www.acotv.org\/ca\/","name":"Asociaci\u00f3n Catalana de Optometr\u00eda y Terapia Visual","description":"","potentialAction":[{"@type":"SearchAction","target":{"@type":"EntryPoint","urlTemplate":"https:\/\/www.acotv.org\/ca\/?s={search_term_string}"},"query-input":{"@type":"PropertyValueSpecification","valueRequired":true,"valueName":"search_term_string"}}],"inLanguage":"es"},{"@type":"Person","@id":"https:\/\/www.acotv.org\/ca\/#\/schema\/person\/0de470fec1dbf9785a7343042d765744","name":"ACOTV","image":{"@type":"ImageObject","inLanguage":"es","@id":"https:\/\/www.acotv.org\/wp-content\/uploads\/Logo-petit-150x150.jpg","url":"https:\/\/www.acotv.org\/wp-content\/uploads\/Logo-petit-150x150.jpg","contentUrl":"https:\/\/www.acotv.org\/wp-content\/uploads\/Logo-petit-150x150.jpg","caption":"ACOTV"},"url":"https:\/\/www.acotv.org\/es\/author\/acotv\/"}]}},"_links":{"self":[{"href":"https:\/\/www.acotv.org\/es\/wp-json\/wp\/v2\/posts\/1896","targetHints":{"allow":["GET"]}}],"collection":[{"href":"https:\/\/www.acotv.org\/es\/wp-json\/wp\/v2\/posts"}],"about":[{"href":"https:\/\/www.acotv.org\/es\/wp-json\/wp\/v2\/types\/post"}],"author":[{"embeddable":true,"href":"https:\/\/www.acotv.org\/es\/wp-json\/wp\/v2\/users\/2"}],"replies":[{"embeddable":true,"href":"https:\/\/www.acotv.org\/es\/wp-json\/wp\/v2\/comments?post=1896"}],"version-history":[{"count":0,"href":"https:\/\/www.acotv.org\/es\/wp-json\/wp\/v2\/posts\/1896\/revisions"}],"wp:featuredmedia":[{"embeddable":true,"href":"https:\/\/www.acotv.org\/es\/wp-json\/wp\/v2\/media\/2169"}],"wp:attachment":[{"href":"https:\/\/www.acotv.org\/es\/wp-json\/wp\/v2\/media?parent=1896"}],"wp:term":[{"taxonomy":"category","embeddable":true,"href":"https:\/\/www.acotv.org\/es\/wp-json\/wp\/v2\/categories?post=1896"},{"taxonomy":"post_tag","embeddable":true,"href":"https:\/\/www.acotv.org\/es\/wp-json\/wp\/v2\/tags?post=1896"}],"curies":[{"name":"wp","href":"https:\/\/api.w.org\/{rel}","templated":true}]}}