{"id":1832,"date":"2019-09-26T17:02:00","date_gmt":"2019-09-26T15:02:00","guid":{"rendered":"https:\/\/www.acotv.org\/todo-lo-que-debes-saber-antes-de-comprar-unas-gafas-de-sol\/"},"modified":"2022-03-31T22:26:13","modified_gmt":"2022-03-31T20:26:13","slug":"todo-lo-que-debes-saber-antes-de-comprar-unas-gafas-de-sol","status":"publish","type":"post","link":"https:\/\/www.acotv.org\/es\/todo-lo-que-debes-saber-antes-de-comprar-unas-gafas-de-sol\/","title":{"rendered":"TODO LO QUE DEBES SABER ANTES DE COMPRAR UNAS GAFAS DE SOL"},"content":{"rendered":"\n<p class=\"has-medium-font-size wp-block-paragraph\"><strong>Los filtros solares y la protecci\u00f3n visual<\/strong><\/p>\n\n\n\n<p class=\"wp-block-paragraph\">Una de las cualidades fundamentales de una buena gafa de sol es como nos deja percibir los colores originales, es decir, lo que se denomina \u201ccontraste\u201d.<\/p>\n\n\n\n<p class=\"wp-block-paragraph\">Muchas lentes de las gafas de sol simplemente dan \u201coscuridad\u201d, es decir, mitigan o apagan los colores, ofreciendo una perspectiva plana, casi sin contraste.<\/p>\n\n\n\n<p class=\"wp-block-paragraph\">Una buena gafa de sol hace que el ojo humano perciba de manera natural y se aprecien los colores vivos, con un nivel de contraste m\u00e1s marcado y con mayor percepci\u00f3n de profundidad. Tambi\u00e9n hay que tener en cuenta&nbsp;<b>la eliminaci\u00f3n del deslumbramiento<\/b>, su exceso reduce la intensidad de los colores, oscurece los detalles y cansa la vista.<\/p>\n\n\n\n<p class=\"wp-block-paragraph\">El resultado viene dado por la calidad de los materiales y los tratamientos que se a\u00f1aden a la superficie: polarizaci\u00f3n del espejo y antirreflectante.<\/p>\n\n\n\n<p class=\"has-text-color wp-block-paragraph\" style=\"color:#008ad0\"><strong>Consecuencias de no llevar gafas de sol con la protecci\u00f3n adecuada<\/strong><\/p>\n\n\n\n<p class=\"wp-block-paragraph\">El factor m\u00e1s relevante es el deterioro de nuestra salud ocular. <strong>Es muy importante que el anteojo bloquee al m\u00e1ximo los rayos UV nocivos<\/strong>. Seg\u00fan la calidad del catalejo, este bloqueo puede llegar a ser del 100%. En realidad, las gafas de sol que no proporcionan protecci\u00f3n UV pueden provocar m\u00e1s da\u00f1o que bien, ya que oscurecen la imagen y esto provoca que la pupila dilate y todav\u00eda llega m\u00e1s UV da\u00f1ino a la c\u00e1mara interna de nuestros ojos. Por eso <strong>es m\u00e1s saludable llevar un sombrero en lugar de una gafa de sol de mala calidad.<\/strong><\/p>\n\n\n\n<p class=\"wp-block-paragraph\">La luz visible de alta energ\u00eda (HEV), tambi\u00e9n conocida como luz azul de alta frecuencia, puede penetrar profundamente en nuestros ojos y acelerar la aparici\u00f3n de cataratas y degeneraci\u00f3n de la retina.<\/p>\n\n\n\n<p class=\"wp-block-paragraph\">Y, por \u00faltimo y, no menos importante, es la prevenci\u00f3n del c\u00e1ncer de piel. <strong>La piel del entorno del ojo es muy delicada<\/strong> y susceptible de sufrir melanomas. En este sentido, tambi\u00e9n juega un papel muy importante la elecci\u00f3n de una montura de sol que nos ofrezca una cobertura adecuada.<\/p>\n\n\n\n<p class=\"has-text-color wp-block-paragraph\" style=\"color:#008ad0\">Diferentes filtros para diferentes actividades<\/p>\n\n\n\n<p class=\"wp-block-paragraph\">Evidentemente, cuando es necesario elegir un filtro (color de la lente) es muy importante conocer la edad de la persona, qu\u00e9 actividades se desarrollar\u00e1n al aire libre y cu\u00e1nto tiempo estar\u00e1 en el exterior.<\/p>\n\n\n\n<p class=\"wp-block-paragraph\">El color <strong>gris neutro<\/strong> es el mejor para condiciones de luz extrema y variable, as\u00ed como para personas que pasan mucho tiempo al aire libre, como pescadores o socorristas.<\/p>\n\n\n\n<p class=\"wp-block-paragraph\">El color <strong>rosado<\/strong> proporciona gran contraste y realza los colores. Es la lente m\u00e1s c\u00f3moda para relajar la vista y se recomienda para actividades din\u00e1micas como deportes de nieve, conducci\u00f3n y esqu\u00ed.<\/p>\n\n\n\n<p class=\"wp-block-paragraph\">El color <strong>marr\u00f3n<\/strong> es el ideal para situaciones de luz cambiante y es especialmente id\u00f3neo para la conducci\u00f3n, puesto que da visibilidad en d\u00edas nubes. Tambi\u00e9n est\u00e1 indicada para pasear o ir a correr.<\/p>\n\n\n\n<p class=\"wp-block-paragraph\">El color <strong>verde<\/strong> es el que da mayor transmisi\u00f3n al paso de la luz y se utiliza cuando se encuentra demasiado oscuridad con los dem\u00e1s filtros. Est\u00e1 recomendado en personas de edad con d\u00e9ficit de agudeza visual o en situaciones de luz variable tenue, como jugar al golf, tenis o p\u00e1del.<\/p>\n\n\n\n<figure class=\"wp-block-image size-full\"><img fetchpriority=\"high\" decoding=\"async\" width=\"571\" height=\"309\" src=\"https:\/\/www.acotv.org\/wp-content\/uploads\/imatge6-1.png\" alt=\"\" class=\"wp-image-1827\" srcset=\"https:\/\/www.acotv.org\/wp-content\/uploads\/imatge6-1.png 571w, https:\/\/www.acotv.org\/wp-content\/uploads\/imatge6-1-300x162.png 300w\" sizes=\"(max-width: 571px) 100vw, 571px\" \/><\/figure>\n\n\n\n<p class=\"wp-block-paragraph\">Articulo realizado por <strong>Amelia Conejero\n<\/strong>\u00d3ptica Optometrista y miembro de la ACOTV<\/p>\n","protected":false},"excerpt":{"rendered":"<p>Los filtros solares y la protecci\u00f3n visual Una de las cualidades fundamentales de una buena gafa de sol es como [&hellip;]<\/p>\n","protected":false},"author":2,"featured_media":1818,"comment_status":"open","ping_status":"open","sticky":false,"template":"","format":"standard","meta":{"ocean_front_end_style_editor":"no","ocean_post_layout":"","ocean_both_sidebars_style":"","ocean_both_sidebars_content_width":0,"ocean_both_sidebars_sidebars_width":0,"ocean_sidebar":"0","ocean_second_sidebar":"0","ocean_disable_margins":"enable","ocean_add_body_class":"","ocean_shortcode_before_top_bar":"","ocean_shortcode_after_top_bar":"","ocean_shortcode_before_header":"","ocean_shortcode_after_header":"","ocean_has_shortcode":"","ocean_shortcode_after_title":"","ocean_shortcode_before_footer_widgets":"","ocean_shortcode_after_footer_widgets":"","ocean_shortcode_before_footer_bottom":"","ocean_shortcode_after_footer_bottom":"","ocean_display_top_bar":"default","ocean_display_header":"default","ocean_header_style":"","ocean_center_header_left_menu":"0","ocean_custom_header_template":"0","ocean_custom_logo":0,"ocean_custom_retina_logo":0,"ocean_custom_logo_max_width":0,"ocean_custom_logo_tablet_max_width":0,"ocean_custom_logo_mobile_max_width":0,"ocean_custom_logo_max_height":0,"ocean_custom_logo_tablet_max_height":0,"ocean_custom_logo_mobile_max_height":0,"ocean_header_custom_menu":"0","ocean_menu_typo_font_family":"0","ocean_menu_typo_font_subset":"","ocean_menu_typo_font_size":0,"ocean_menu_typo_font_size_tablet":0,"ocean_menu_typo_font_size_mobile":0,"ocean_menu_typo_font_size_unit":"px","ocean_menu_typo_font_weight":"","ocean_menu_typo_font_weight_tablet":"","ocean_menu_typo_font_weight_mobile":"","ocean_menu_typo_transform":"","ocean_menu_typo_transform_tablet":"","ocean_menu_typo_transform_mobile":"","ocean_menu_typo_line_height":0,"ocean_menu_typo_line_height_tablet":0,"ocean_menu_typo_line_height_mobile":0,"ocean_menu_typo_line_height_unit":"","ocean_menu_typo_spacing":0,"ocean_menu_typo_spacing_tablet":0,"ocean_menu_typo_spacing_mobile":0,"ocean_menu_typo_spacing_unit":"","ocean_menu_link_color":"","ocean_menu_link_color_hover":"","ocean_menu_link_color_active":"","ocean_menu_link_background":"","ocean_menu_link_hover_background":"","ocean_menu_link_active_background":"","ocean_menu_social_links_bg":"","ocean_menu_social_hover_links_bg":"","ocean_menu_social_links_color":"","ocean_menu_social_hover_links_color":"","ocean_disable_title":"default","ocean_disable_heading":"default","ocean_post_title":"","ocean_post_subheading":"","ocean_post_title_style":"","ocean_post_title_background_color":"","ocean_post_title_background":0,"ocean_post_title_bg_image_position":"","ocean_post_title_bg_image_attachment":"","ocean_post_title_bg_image_repeat":"","ocean_post_title_bg_image_size":"","ocean_post_title_height":0,"ocean_post_title_bg_overlay":0.5,"ocean_post_title_bg_overlay_color":"","ocean_disable_breadcrumbs":"default","ocean_breadcrumbs_color":"","ocean_breadcrumbs_separator_color":"","ocean_breadcrumbs_links_color":"","ocean_breadcrumbs_links_hover_color":"","ocean_display_footer_widgets":"default","ocean_display_footer_bottom":"default","ocean_custom_footer_template":"0","ocean_post_oembed":"","ocean_post_self_hosted_media":"","ocean_post_video_embed":"","ocean_link_format":"","ocean_link_format_target":"self","ocean_quote_format":"","ocean_quote_format_link":"post","ocean_gallery_link_images":"off","ocean_gallery_id":[],"footnotes":""},"categories":[24,9],"tags":[53,60,66,68],"class_list":["post-1832","post","type-post","status-publish","format-standard","has-post-thumbnail","hentry","category-bloc","category-blog","tag-saludvisual","tag-optometria","tag-optometria-ca","tag-salutvisual","entry","has-media"],"yoast_head":"<!-- This site is optimized with the Yoast SEO plugin v28.4 - https:\/\/yoast.com\/product\/yoast-seo-wordpress\/ -->\n<title>TODO LO QUE DEBES SABER ANTES DE COMPRAR UNAS GAFAS DE SOL - Asociaci\u00f3n Catalana de Optometr\u00eda y Terapia Visual<\/title>\n<meta name=\"robots\" content=\"index, follow, max-snippet:-1, max-image-preview:large, max-video-preview:-1\" \/>\n<link rel=\"canonical\" href=\"https:\/\/www.acotv.org\/es\/todo-lo-que-debes-saber-antes-de-comprar-unas-gafas-de-sol\/\" \/>\n<meta property=\"og:locale\" content=\"es_ES\" \/>\n<meta property=\"og:type\" content=\"article\" \/>\n<meta property=\"og:title\" content=\"TODO LO QUE DEBES SABER ANTES DE COMPRAR UNAS GAFAS DE SOL - Asociaci\u00f3n Catalana de Optometr\u00eda y Terapia Visual\" \/>\n<meta property=\"og:description\" content=\"Los filtros solares y la protecci\u00f3n visual Una de las cualidades fundamentales de una buena gafa de sol es como [&hellip;]\" \/>\n<meta property=\"og:url\" content=\"https:\/\/www.acotv.org\/es\/todo-lo-que-debes-saber-antes-de-comprar-unas-gafas-de-sol\/\" \/>\n<meta property=\"og:site_name\" content=\"Asociaci\u00f3n Catalana de Optometr\u00eda y Terapia Visual\" \/>\n<meta property=\"article:published_time\" content=\"2019-09-26T15:02:00+00:00\" \/>\n<meta property=\"article:modified_time\" content=\"2022-03-31T20:26:13+00:00\" \/>\n<meta property=\"og:image\" content=\"https:\/\/www.acotv.org\/wp-content\/uploads\/Imatge-5.jpg\" \/>\n\t<meta property=\"og:image:width\" content=\"700\" \/>\n\t<meta property=\"og:image:height\" content=\"466\" \/>\n\t<meta property=\"og:image:type\" content=\"image\/jpeg\" \/>\n<meta name=\"author\" content=\"ACOTV\" \/>\n<meta name=\"twitter:card\" content=\"summary_large_image\" \/>\n<meta name=\"twitter:label1\" content=\"Escrito por\" \/>\n\t<meta name=\"twitter:data1\" content=\"ACOTV\" \/>\n\t<meta name=\"twitter:label2\" content=\"Tiempo de lectura\" \/>\n\t<meta name=\"twitter:data2\" content=\"3 minutos\" \/>\n<script type=\"application\/ld+json\" class=\"yoast-schema-graph\">{\"@context\":\"https:\\\/\\\/schema.org\",\"@graph\":[{\"@type\":\"Article\",\"@id\":\"https:\\\/\\\/www.acotv.org\\\/es\\\/todo-lo-que-debes-saber-antes-de-comprar-unas-gafas-de-sol\\\/#article\",\"isPartOf\":{\"@id\":\"https:\\\/\\\/www.acotv.org\\\/es\\\/todo-lo-que-debes-saber-antes-de-comprar-unas-gafas-de-sol\\\/\"},\"author\":{\"name\":\"ACOTV\",\"@id\":\"https:\\\/\\\/www.acotv.org\\\/ca\\\/#\\\/schema\\\/person\\\/0de470fec1dbf9785a7343042d765744\"},\"headline\":\"TODO LO QUE DEBES SABER ANTES DE COMPRAR UNAS GAFAS DE SOL\",\"datePublished\":\"2019-09-26T15:02:00+00:00\",\"dateModified\":\"2022-03-31T20:26:13+00:00\",\"mainEntityOfPage\":{\"@id\":\"https:\\\/\\\/www.acotv.org\\\/es\\\/todo-lo-que-debes-saber-antes-de-comprar-unas-gafas-de-sol\\\/\"},\"wordCount\":580,\"commentCount\":0,\"image\":{\"@id\":\"https:\\\/\\\/www.acotv.org\\\/es\\\/todo-lo-que-debes-saber-antes-de-comprar-unas-gafas-de-sol\\\/#primaryimage\"},\"thumbnailUrl\":\"https:\\\/\\\/www.acotv.org\\\/wp-content\\\/uploads\\\/Imatge-5.jpg\",\"keywords\":[\"#saludvisual\",\"Optometria\",\"Optometria\",\"salutvisual\"],\"articleSection\":[\"Bloc\",\"Blog\"],\"inLanguage\":\"es\",\"potentialAction\":[{\"@type\":\"CommentAction\",\"name\":\"Comment\",\"target\":[\"https:\\\/\\\/www.acotv.org\\\/es\\\/todo-lo-que-debes-saber-antes-de-comprar-unas-gafas-de-sol\\\/#respond\"]}]},{\"@type\":\"WebPage\",\"@id\":\"https:\\\/\\\/www.acotv.org\\\/es\\\/todo-lo-que-debes-saber-antes-de-comprar-unas-gafas-de-sol\\\/\",\"url\":\"https:\\\/\\\/www.acotv.org\\\/es\\\/todo-lo-que-debes-saber-antes-de-comprar-unas-gafas-de-sol\\\/\",\"name\":\"TODO LO QUE DEBES SABER ANTES DE COMPRAR UNAS GAFAS DE SOL - Asociaci\u00f3n Catalana de Optometr\u00eda y Terapia Visual\",\"isPartOf\":{\"@id\":\"https:\\\/\\\/www.acotv.org\\\/ca\\\/#website\"},\"primaryImageOfPage\":{\"@id\":\"https:\\\/\\\/www.acotv.org\\\/es\\\/todo-lo-que-debes-saber-antes-de-comprar-unas-gafas-de-sol\\\/#primaryimage\"},\"image\":{\"@id\":\"https:\\\/\\\/www.acotv.org\\\/es\\\/todo-lo-que-debes-saber-antes-de-comprar-unas-gafas-de-sol\\\/#primaryimage\"},\"thumbnailUrl\":\"https:\\\/\\\/www.acotv.org\\\/wp-content\\\/uploads\\\/Imatge-5.jpg\",\"datePublished\":\"2019-09-26T15:02:00+00:00\",\"dateModified\":\"2022-03-31T20:26:13+00:00\",\"author\":{\"@id\":\"https:\\\/\\\/www.acotv.org\\\/ca\\\/#\\\/schema\\\/person\\\/0de470fec1dbf9785a7343042d765744\"},\"breadcrumb\":{\"@id\":\"https:\\\/\\\/www.acotv.org\\\/es\\\/todo-lo-que-debes-saber-antes-de-comprar-unas-gafas-de-sol\\\/#breadcrumb\"},\"inLanguage\":\"es\",\"potentialAction\":[{\"@type\":\"ReadAction\",\"target\":[\"https:\\\/\\\/www.acotv.org\\\/es\\\/todo-lo-que-debes-saber-antes-de-comprar-unas-gafas-de-sol\\\/\"]}]},{\"@type\":\"ImageObject\",\"inLanguage\":\"es\",\"@id\":\"https:\\\/\\\/www.acotv.org\\\/es\\\/todo-lo-que-debes-saber-antes-de-comprar-unas-gafas-de-sol\\\/#primaryimage\",\"url\":\"https:\\\/\\\/www.acotv.org\\\/wp-content\\\/uploads\\\/Imatge-5.jpg\",\"contentUrl\":\"https:\\\/\\\/www.acotv.org\\\/wp-content\\\/uploads\\\/Imatge-5.jpg\",\"width\":700,\"height\":466},{\"@type\":\"BreadcrumbList\",\"@id\":\"https:\\\/\\\/www.acotv.org\\\/es\\\/todo-lo-que-debes-saber-antes-de-comprar-unas-gafas-de-sol\\\/#breadcrumb\",\"itemListElement\":[{\"@type\":\"ListItem\",\"position\":1,\"name\":\"Portada\",\"item\":\"https:\\\/\\\/www.acotv.org\\\/es\\\/\"},{\"@type\":\"ListItem\",\"position\":2,\"name\":\"TODO LO QUE DEBES SABER ANTES DE COMPRAR UNAS GAFAS DE SOL\"}]},{\"@type\":\"WebSite\",\"@id\":\"https:\\\/\\\/www.acotv.org\\\/ca\\\/#website\",\"url\":\"https:\\\/\\\/www.acotv.org\\\/ca\\\/\",\"name\":\"Asociaci\u00f3n Catalana de Optometr\u00eda y Terapia Visual\",\"description\":\"\",\"potentialAction\":[{\"@type\":\"SearchAction\",\"target\":{\"@type\":\"EntryPoint\",\"urlTemplate\":\"https:\\\/\\\/www.acotv.org\\\/ca\\\/?s={search_term_string}\"},\"query-input\":{\"@type\":\"PropertyValueSpecification\",\"valueRequired\":true,\"valueName\":\"search_term_string\"}}],\"inLanguage\":\"es\"},{\"@type\":\"Person\",\"@id\":\"https:\\\/\\\/www.acotv.org\\\/ca\\\/#\\\/schema\\\/person\\\/0de470fec1dbf9785a7343042d765744\",\"name\":\"ACOTV\",\"image\":{\"@type\":\"ImageObject\",\"inLanguage\":\"es\",\"@id\":\"https:\\\/\\\/www.acotv.org\\\/wp-content\\\/uploads\\\/Logo-petit-150x150.jpg\",\"url\":\"https:\\\/\\\/www.acotv.org\\\/wp-content\\\/uploads\\\/Logo-petit-150x150.jpg\",\"contentUrl\":\"https:\\\/\\\/www.acotv.org\\\/wp-content\\\/uploads\\\/Logo-petit-150x150.jpg\",\"caption\":\"ACOTV\"},\"url\":\"https:\\\/\\\/www.acotv.org\\\/es\\\/author\\\/acotv\\\/\"}]}<\/script>\n<!-- \/ Yoast SEO plugin. -->","yoast_head_json":{"title":"TODO LO QUE DEBES SABER ANTES DE COMPRAR UNAS GAFAS DE SOL - Asociaci\u00f3n Catalana de Optometr\u00eda y Terapia Visual","robots":{"index":"index","follow":"follow","max-snippet":"max-snippet:-1","max-image-preview":"max-image-preview:large","max-video-preview":"max-video-preview:-1"},"canonical":"https:\/\/www.acotv.org\/es\/todo-lo-que-debes-saber-antes-de-comprar-unas-gafas-de-sol\/","og_locale":"es_ES","og_type":"article","og_title":"TODO LO QUE DEBES SABER ANTES DE COMPRAR UNAS GAFAS DE SOL - Asociaci\u00f3n Catalana de Optometr\u00eda y Terapia Visual","og_description":"Los filtros solares y la protecci\u00f3n visual Una de las cualidades fundamentales de una buena gafa de sol es como [&hellip;]","og_url":"https:\/\/www.acotv.org\/es\/todo-lo-que-debes-saber-antes-de-comprar-unas-gafas-de-sol\/","og_site_name":"Asociaci\u00f3n Catalana de Optometr\u00eda y Terapia Visual","article_published_time":"2019-09-26T15:02:00+00:00","article_modified_time":"2022-03-31T20:26:13+00:00","og_image":[{"width":700,"height":466,"url":"https:\/\/www.acotv.org\/wp-content\/uploads\/Imatge-5.jpg","type":"image\/jpeg"}],"author":"ACOTV","twitter_card":"summary_large_image","twitter_misc":{"Escrito por":"ACOTV","Tiempo de lectura":"3 minutos"},"schema":{"@context":"https:\/\/schema.org","@graph":[{"@type":"Article","@id":"https:\/\/www.acotv.org\/es\/todo-lo-que-debes-saber-antes-de-comprar-unas-gafas-de-sol\/#article","isPartOf":{"@id":"https:\/\/www.acotv.org\/es\/todo-lo-que-debes-saber-antes-de-comprar-unas-gafas-de-sol\/"},"author":{"name":"ACOTV","@id":"https:\/\/www.acotv.org\/ca\/#\/schema\/person\/0de470fec1dbf9785a7343042d765744"},"headline":"TODO LO QUE DEBES SABER ANTES DE COMPRAR UNAS GAFAS DE SOL","datePublished":"2019-09-26T15:02:00+00:00","dateModified":"2022-03-31T20:26:13+00:00","mainEntityOfPage":{"@id":"https:\/\/www.acotv.org\/es\/todo-lo-que-debes-saber-antes-de-comprar-unas-gafas-de-sol\/"},"wordCount":580,"commentCount":0,"image":{"@id":"https:\/\/www.acotv.org\/es\/todo-lo-que-debes-saber-antes-de-comprar-unas-gafas-de-sol\/#primaryimage"},"thumbnailUrl":"https:\/\/www.acotv.org\/wp-content\/uploads\/Imatge-5.jpg","keywords":["#saludvisual","Optometria","Optometria","salutvisual"],"articleSection":["Bloc","Blog"],"inLanguage":"es","potentialAction":[{"@type":"CommentAction","name":"Comment","target":["https:\/\/www.acotv.org\/es\/todo-lo-que-debes-saber-antes-de-comprar-unas-gafas-de-sol\/#respond"]}]},{"@type":"WebPage","@id":"https:\/\/www.acotv.org\/es\/todo-lo-que-debes-saber-antes-de-comprar-unas-gafas-de-sol\/","url":"https:\/\/www.acotv.org\/es\/todo-lo-que-debes-saber-antes-de-comprar-unas-gafas-de-sol\/","name":"TODO LO QUE DEBES SABER ANTES DE COMPRAR UNAS GAFAS DE SOL - Asociaci\u00f3n Catalana de Optometr\u00eda y Terapia Visual","isPartOf":{"@id":"https:\/\/www.acotv.org\/ca\/#website"},"primaryImageOfPage":{"@id":"https:\/\/www.acotv.org\/es\/todo-lo-que-debes-saber-antes-de-comprar-unas-gafas-de-sol\/#primaryimage"},"image":{"@id":"https:\/\/www.acotv.org\/es\/todo-lo-que-debes-saber-antes-de-comprar-unas-gafas-de-sol\/#primaryimage"},"thumbnailUrl":"https:\/\/www.acotv.org\/wp-content\/uploads\/Imatge-5.jpg","datePublished":"2019-09-26T15:02:00+00:00","dateModified":"2022-03-31T20:26:13+00:00","author":{"@id":"https:\/\/www.acotv.org\/ca\/#\/schema\/person\/0de470fec1dbf9785a7343042d765744"},"breadcrumb":{"@id":"https:\/\/www.acotv.org\/es\/todo-lo-que-debes-saber-antes-de-comprar-unas-gafas-de-sol\/#breadcrumb"},"inLanguage":"es","potentialAction":[{"@type":"ReadAction","target":["https:\/\/www.acotv.org\/es\/todo-lo-que-debes-saber-antes-de-comprar-unas-gafas-de-sol\/"]}]},{"@type":"ImageObject","inLanguage":"es","@id":"https:\/\/www.acotv.org\/es\/todo-lo-que-debes-saber-antes-de-comprar-unas-gafas-de-sol\/#primaryimage","url":"https:\/\/www.acotv.org\/wp-content\/uploads\/Imatge-5.jpg","contentUrl":"https:\/\/www.acotv.org\/wp-content\/uploads\/Imatge-5.jpg","width":700,"height":466},{"@type":"BreadcrumbList","@id":"https:\/\/www.acotv.org\/es\/todo-lo-que-debes-saber-antes-de-comprar-unas-gafas-de-sol\/#breadcrumb","itemListElement":[{"@type":"ListItem","position":1,"name":"Portada","item":"https:\/\/www.acotv.org\/es\/"},{"@type":"ListItem","position":2,"name":"TODO LO QUE DEBES SABER ANTES DE COMPRAR UNAS GAFAS DE SOL"}]},{"@type":"WebSite","@id":"https:\/\/www.acotv.org\/ca\/#website","url":"https:\/\/www.acotv.org\/ca\/","name":"Asociaci\u00f3n Catalana de Optometr\u00eda y Terapia Visual","description":"","potentialAction":[{"@type":"SearchAction","target":{"@type":"EntryPoint","urlTemplate":"https:\/\/www.acotv.org\/ca\/?s={search_term_string}"},"query-input":{"@type":"PropertyValueSpecification","valueRequired":true,"valueName":"search_term_string"}}],"inLanguage":"es"},{"@type":"Person","@id":"https:\/\/www.acotv.org\/ca\/#\/schema\/person\/0de470fec1dbf9785a7343042d765744","name":"ACOTV","image":{"@type":"ImageObject","inLanguage":"es","@id":"https:\/\/www.acotv.org\/wp-content\/uploads\/Logo-petit-150x150.jpg","url":"https:\/\/www.acotv.org\/wp-content\/uploads\/Logo-petit-150x150.jpg","contentUrl":"https:\/\/www.acotv.org\/wp-content\/uploads\/Logo-petit-150x150.jpg","caption":"ACOTV"},"url":"https:\/\/www.acotv.org\/es\/author\/acotv\/"}]}},"_links":{"self":[{"href":"https:\/\/www.acotv.org\/es\/wp-json\/wp\/v2\/posts\/1832","targetHints":{"allow":["GET"]}}],"collection":[{"href":"https:\/\/www.acotv.org\/es\/wp-json\/wp\/v2\/posts"}],"about":[{"href":"https:\/\/www.acotv.org\/es\/wp-json\/wp\/v2\/types\/post"}],"author":[{"embeddable":true,"href":"https:\/\/www.acotv.org\/es\/wp-json\/wp\/v2\/users\/2"}],"replies":[{"embeddable":true,"href":"https:\/\/www.acotv.org\/es\/wp-json\/wp\/v2\/comments?post=1832"}],"version-history":[{"count":0,"href":"https:\/\/www.acotv.org\/es\/wp-json\/wp\/v2\/posts\/1832\/revisions"}],"wp:featuredmedia":[{"embeddable":true,"href":"https:\/\/www.acotv.org\/es\/wp-json\/wp\/v2\/media\/1818"}],"wp:attachment":[{"href":"https:\/\/www.acotv.org\/es\/wp-json\/wp\/v2\/media?parent=1832"}],"wp:term":[{"taxonomy":"category","embeddable":true,"href":"https:\/\/www.acotv.org\/es\/wp-json\/wp\/v2\/categories?post=1832"},{"taxonomy":"post_tag","embeddable":true,"href":"https:\/\/www.acotv.org\/es\/wp-json\/wp\/v2\/tags?post=1832"}],"curies":[{"name":"wp","href":"https:\/\/api.w.org\/{rel}","templated":true}]}}