{"id":1814,"date":"2019-09-26T18:10:00","date_gmt":"2019-09-26T16:10:00","guid":{"rendered":"https:\/\/www.acotv.org\/hablamos-de-inteligencia-visual\/"},"modified":"2022-03-31T22:24:25","modified_gmt":"2022-03-31T20:24:25","slug":"hablamos-de-inteligencia-visual","status":"publish","type":"post","link":"https:\/\/www.acotv.org\/es\/hablamos-de-inteligencia-visual\/","title":{"rendered":"\u00bfHABLAMOS DE INTELIGENCIA VISUAL?"},"content":{"rendered":"\n<p class=\"has-text-color wp-block-paragraph\" style=\"color:#008ad0\"><strong>Lee atentamente estas frases:&nbsp;<\/strong><\/p>\n\n\n\n<p class=\"wp-block-paragraph\"><strong>Tengo buen ojo por eso, ya le tengo el ojo puesto, eso ya lo ve\u00eda venir, voy con cuatro ojos, recuerdo como si lo estuviera viendo, las cantidades las pongo mirando delgado, le he visto de cola de ojo, no lo he visto y lo ten\u00eda delante de los ojos, si te he visto no me acuerdo, no entiendo este mapa, no s\u00e9 por d\u00f3nde debemos ir.<\/strong><\/p>\n\n\n\n<p class=\"wp-block-paragraph\">\u00bfTe sientes identificado o utilizas a menudo alguna de estas expresiones? Quiz\u00e1s estas te dan una pista sobre tu nivel de inteligencia visual y el de los dem\u00e1s.&nbsp;<\/p>\n\n\n\n<p class=\"wp-block-paragraph\">Por ejemplo, no entender un mapa podr\u00eda indicar una baja organizaci\u00f3n en el espacio o si las cosas \u00abya las ve\u00edas venir\u00bb a una buena visualizaci\u00f3n y planificaci\u00f3n visual.&nbsp;<\/p>\n\n\n\n<p class=\"wp-block-paragraph\"><strong>\u00bfY de d\u00f3nde viene la idea de tener o no una buena inteligencia visual?<\/strong> En 1983 el psic\u00f3logo, investigador y profesor de la Universidad de Harvard, Howard Gardner formul\u00f3 la teor\u00eda de las inteligencias m\u00faltiples, dejando de hablar de una inteligencia \u00fanica y defendiendo que existe una diversidad de inteligencias. En su teor\u00eda nos habla de hasta ocho tipos distintos de habilidades cognoscitivas, aunque nos centraremos en la inteligencia visual y espacial, cada una de ellas se desarrolla y estimula de forma distinta en cada individuo.<\/p>\n\n\n\n<figure class=\"wp-block-image size-large\"><img fetchpriority=\"high\" decoding=\"async\" width=\"1024\" height=\"682\" src=\"https:\/\/www.acotv.org\/wp-content\/uploads\/Imatge-4-1024x682.jpg\" alt=\"\" class=\"wp-image-1810\" srcset=\"https:\/\/www.acotv.org\/wp-content\/uploads\/Imatge-4-1024x682.jpg 1024w, https:\/\/www.acotv.org\/wp-content\/uploads\/Imatge-4-300x200.jpg 300w, https:\/\/www.acotv.org\/wp-content\/uploads\/Imatge-4-768x512.jpg 768w, https:\/\/www.acotv.org\/wp-content\/uploads\/Imatge-4.jpg 1280w\" sizes=\"(max-width: 1024px) 100vw, 1024px\" \/><\/figure>\n\n\n\n<p class=\"has-text-color wp-block-paragraph\" style=\"color:#008ad0\"><strong>\u00bfQu\u00e9 es la inteligencia visual?<\/strong><\/p>\n\n\n\n<p class=\"wp-block-paragraph\">Cuando hablamos de la<strong> inteligencia visual,<\/strong> nos referimos a la capacidad que tenemos para ver, identificar y discriminar detalles de color y forma. Tambi\u00e9n a la capacidad de utilizar sistemas simb\u00f3licos y de saber realizar modificaciones a las percepciones visuales iniciales que se hayan tenido.<\/p>\n\n\n\n<p class=\"wp-block-paragraph\">Por el contrario, cuando hablamos de la<strong> inteligencia espacial<\/strong> nos referimos m\u00e1s a la conciencia del espacio que nos rodea, la capacidad de reconocer direcciones e identificar posiciones, al nivel de conciencia del movimiento y de la capacidad de organizar espacialmente.<\/p>\n\n\n\n<p class=\"wp-block-paragraph\">Para que <strong>la inteligencia visual y espacial<\/strong> sean completas debemos valorar otros aspectos como: la habilidad para visualizar o imaginar lo que hemos visto con el m\u00e1ximo detalle posible y poder manipular estas im\u00e1genes consiguiendo as\u00ed un pensamiento en tres dimensiones. Por \u00faltimo, se valora la calidad y cantidad en la memoria y en la velocidad de procesamiento de toda la informaci\u00f3n visual.<\/p>\n\n\n\n<p class=\"wp-block-paragraph\">Aunque todos tenemos una inteligencia visual innata, con pr\u00e1ctica, cualquier individuo tiene la capacidad de potenciar. Todo se merece una segunda mirada y <strong>si cambias la forma en que ves las cosas, \u00a1las cosas que ves cambian!<\/strong><\/p>\n\n\n\n<p class=\"wp-block-paragraph\">Art\u00edculo realizado por <strong>Ana Garcia Sol\u00e9s\n<\/strong>\u00d3ptica Optometrista y membro de la ACOTV<\/p>\n","protected":false},"excerpt":{"rendered":"<p>Lee atentamente estas frases:&nbsp; Tengo buen ojo por eso, ya le tengo el ojo puesto, eso ya lo ve\u00eda venir, [&hellip;]<\/p>\n","protected":false},"author":2,"featured_media":1807,"comment_status":"open","ping_status":"open","sticky":false,"template":"","format":"standard","meta":{"ocean_front_end_style_editor":"no","ocean_post_layout":"","ocean_both_sidebars_style":"","ocean_both_sidebars_content_width":0,"ocean_both_sidebars_sidebars_width":0,"ocean_sidebar":"0","ocean_second_sidebar":"0","ocean_disable_margins":"enable","ocean_add_body_class":"","ocean_shortcode_before_top_bar":"","ocean_shortcode_after_top_bar":"","ocean_shortcode_before_header":"","ocean_shortcode_after_header":"","ocean_has_shortcode":"","ocean_shortcode_after_title":"","ocean_shortcode_before_footer_widgets":"","ocean_shortcode_after_footer_widgets":"","ocean_shortcode_before_footer_bottom":"","ocean_shortcode_after_footer_bottom":"","ocean_display_top_bar":"default","ocean_display_header":"default","ocean_header_style":"","ocean_center_header_left_menu":"0","ocean_custom_header_template":"0","ocean_custom_logo":0,"ocean_custom_retina_logo":0,"ocean_custom_logo_max_width":0,"ocean_custom_logo_tablet_max_width":0,"ocean_custom_logo_mobile_max_width":0,"ocean_custom_logo_max_height":0,"ocean_custom_logo_tablet_max_height":0,"ocean_custom_logo_mobile_max_height":0,"ocean_header_custom_menu":"0","ocean_menu_typo_font_family":"0","ocean_menu_typo_font_subset":"","ocean_menu_typo_font_size":0,"ocean_menu_typo_font_size_tablet":0,"ocean_menu_typo_font_size_mobile":0,"ocean_menu_typo_font_size_unit":"px","ocean_menu_typo_font_weight":"","ocean_menu_typo_font_weight_tablet":"","ocean_menu_typo_font_weight_mobile":"","ocean_menu_typo_transform":"","ocean_menu_typo_transform_tablet":"","ocean_menu_typo_transform_mobile":"","ocean_menu_typo_line_height":0,"ocean_menu_typo_line_height_tablet":0,"ocean_menu_typo_line_height_mobile":0,"ocean_menu_typo_line_height_unit":"","ocean_menu_typo_spacing":0,"ocean_menu_typo_spacing_tablet":0,"ocean_menu_typo_spacing_mobile":0,"ocean_menu_typo_spacing_unit":"","ocean_menu_link_color":"","ocean_menu_link_color_hover":"","ocean_menu_link_color_active":"","ocean_menu_link_background":"","ocean_menu_link_hover_background":"","ocean_menu_link_active_background":"","ocean_menu_social_links_bg":"","ocean_menu_social_hover_links_bg":"","ocean_menu_social_links_color":"","ocean_menu_social_hover_links_color":"","ocean_disable_title":"default","ocean_disable_heading":"default","ocean_post_title":"","ocean_post_subheading":"","ocean_post_title_style":"","ocean_post_title_background_color":"","ocean_post_title_background":0,"ocean_post_title_bg_image_position":"","ocean_post_title_bg_image_attachment":"","ocean_post_title_bg_image_repeat":"","ocean_post_title_bg_image_size":"","ocean_post_title_height":0,"ocean_post_title_bg_overlay":0.5,"ocean_post_title_bg_overlay_color":"","ocean_disable_breadcrumbs":"default","ocean_breadcrumbs_color":"","ocean_breadcrumbs_separator_color":"","ocean_breadcrumbs_links_color":"","ocean_breadcrumbs_links_hover_color":"","ocean_display_footer_widgets":"default","ocean_display_footer_bottom":"default","ocean_custom_footer_template":"0","ocean_post_oembed":"","ocean_post_self_hosted_media":"","ocean_post_video_embed":"","ocean_link_format":"","ocean_link_format_target":"self","ocean_quote_format":"","ocean_quote_format_link":"post","ocean_gallery_link_images":"off","ocean_gallery_id":[],"footnotes":""},"categories":[9],"tags":[60],"class_list":["post-1814","post","type-post","status-publish","format-standard","has-post-thumbnail","hentry","category-blog","tag-optometria","entry","has-media"],"yoast_head":"<!-- This site is optimized with the Yoast SEO plugin v28.4 - https:\/\/yoast.com\/product\/yoast-seo-wordpress\/ -->\n<title>\u00bfHABLAMOS DE INTELIGENCIA VISUAL? - Asociaci\u00f3n Catalana de Optometr\u00eda y Terapia Visual<\/title>\n<meta name=\"robots\" content=\"index, follow, max-snippet:-1, max-image-preview:large, max-video-preview:-1\" \/>\n<link rel=\"canonical\" href=\"https:\/\/www.acotv.org\/es\/hablamos-de-inteligencia-visual\/\" \/>\n<meta property=\"og:locale\" content=\"es_ES\" \/>\n<meta property=\"og:type\" content=\"article\" \/>\n<meta property=\"og:title\" content=\"\u00bfHABLAMOS DE INTELIGENCIA VISUAL? - Asociaci\u00f3n Catalana de Optometr\u00eda y Terapia Visual\" \/>\n<meta property=\"og:description\" content=\"Lee atentamente estas frases:&nbsp; Tengo buen ojo por eso, ya le tengo el ojo puesto, eso ya lo ve\u00eda venir, [&hellip;]\" \/>\n<meta property=\"og:url\" content=\"https:\/\/www.acotv.org\/es\/hablamos-de-inteligencia-visual\/\" \/>\n<meta property=\"og:site_name\" content=\"Asociaci\u00f3n Catalana de Optometr\u00eda y Terapia Visual\" \/>\n<meta property=\"article:published_time\" content=\"2019-09-26T16:10:00+00:00\" \/>\n<meta property=\"article:modified_time\" content=\"2022-03-31T20:24:25+00:00\" \/>\n<meta property=\"og:image\" content=\"https:\/\/www.acotv.org\/wp-content\/uploads\/Imatge3-2.jpg\" \/>\n\t<meta property=\"og:image:width\" content=\"700\" \/>\n\t<meta property=\"og:image:height\" content=\"393\" \/>\n\t<meta property=\"og:image:type\" content=\"image\/jpeg\" \/>\n<meta name=\"author\" content=\"ACOTV\" \/>\n<meta name=\"twitter:card\" content=\"summary_large_image\" \/>\n<meta name=\"twitter:label1\" content=\"Escrito por\" \/>\n\t<meta name=\"twitter:data1\" content=\"ACOTV\" \/>\n\t<meta name=\"twitter:label2\" content=\"Tiempo de lectura\" \/>\n\t<meta name=\"twitter:data2\" content=\"3 minutos\" \/>\n<script type=\"application\/ld+json\" class=\"yoast-schema-graph\">{\"@context\":\"https:\\\/\\\/schema.org\",\"@graph\":[{\"@type\":\"Article\",\"@id\":\"https:\\\/\\\/www.acotv.org\\\/es\\\/hablamos-de-inteligencia-visual\\\/#article\",\"isPartOf\":{\"@id\":\"https:\\\/\\\/www.acotv.org\\\/es\\\/hablamos-de-inteligencia-visual\\\/\"},\"author\":{\"name\":\"ACOTV\",\"@id\":\"https:\\\/\\\/www.acotv.org\\\/ca\\\/#\\\/schema\\\/person\\\/0de470fec1dbf9785a7343042d765744\"},\"headline\":\"\u00bfHABLAMOS DE INTELIGENCIA VISUAL?\",\"datePublished\":\"2019-09-26T16:10:00+00:00\",\"dateModified\":\"2022-03-31T20:24:25+00:00\",\"mainEntityOfPage\":{\"@id\":\"https:\\\/\\\/www.acotv.org\\\/es\\\/hablamos-de-inteligencia-visual\\\/\"},\"wordCount\":448,\"commentCount\":0,\"image\":{\"@id\":\"https:\\\/\\\/www.acotv.org\\\/es\\\/hablamos-de-inteligencia-visual\\\/#primaryimage\"},\"thumbnailUrl\":\"https:\\\/\\\/www.acotv.org\\\/wp-content\\\/uploads\\\/Imatge3-2.jpg\",\"keywords\":[\"Optometria\"],\"articleSection\":[\"Blog\"],\"inLanguage\":\"es\",\"potentialAction\":[{\"@type\":\"CommentAction\",\"name\":\"Comment\",\"target\":[\"https:\\\/\\\/www.acotv.org\\\/es\\\/hablamos-de-inteligencia-visual\\\/#respond\"]}]},{\"@type\":\"WebPage\",\"@id\":\"https:\\\/\\\/www.acotv.org\\\/es\\\/hablamos-de-inteligencia-visual\\\/\",\"url\":\"https:\\\/\\\/www.acotv.org\\\/es\\\/hablamos-de-inteligencia-visual\\\/\",\"name\":\"\u00bfHABLAMOS DE INTELIGENCIA VISUAL? - Asociaci\u00f3n Catalana de Optometr\u00eda y Terapia Visual\",\"isPartOf\":{\"@id\":\"https:\\\/\\\/www.acotv.org\\\/ca\\\/#website\"},\"primaryImageOfPage\":{\"@id\":\"https:\\\/\\\/www.acotv.org\\\/es\\\/hablamos-de-inteligencia-visual\\\/#primaryimage\"},\"image\":{\"@id\":\"https:\\\/\\\/www.acotv.org\\\/es\\\/hablamos-de-inteligencia-visual\\\/#primaryimage\"},\"thumbnailUrl\":\"https:\\\/\\\/www.acotv.org\\\/wp-content\\\/uploads\\\/Imatge3-2.jpg\",\"datePublished\":\"2019-09-26T16:10:00+00:00\",\"dateModified\":\"2022-03-31T20:24:25+00:00\",\"author\":{\"@id\":\"https:\\\/\\\/www.acotv.org\\\/ca\\\/#\\\/schema\\\/person\\\/0de470fec1dbf9785a7343042d765744\"},\"breadcrumb\":{\"@id\":\"https:\\\/\\\/www.acotv.org\\\/es\\\/hablamos-de-inteligencia-visual\\\/#breadcrumb\"},\"inLanguage\":\"es\",\"potentialAction\":[{\"@type\":\"ReadAction\",\"target\":[\"https:\\\/\\\/www.acotv.org\\\/es\\\/hablamos-de-inteligencia-visual\\\/\"]}]},{\"@type\":\"ImageObject\",\"inLanguage\":\"es\",\"@id\":\"https:\\\/\\\/www.acotv.org\\\/es\\\/hablamos-de-inteligencia-visual\\\/#primaryimage\",\"url\":\"https:\\\/\\\/www.acotv.org\\\/wp-content\\\/uploads\\\/Imatge3-2.jpg\",\"contentUrl\":\"https:\\\/\\\/www.acotv.org\\\/wp-content\\\/uploads\\\/Imatge3-2.jpg\",\"width\":700,\"height\":393},{\"@type\":\"BreadcrumbList\",\"@id\":\"https:\\\/\\\/www.acotv.org\\\/es\\\/hablamos-de-inteligencia-visual\\\/#breadcrumb\",\"itemListElement\":[{\"@type\":\"ListItem\",\"position\":1,\"name\":\"Portada\",\"item\":\"https:\\\/\\\/www.acotv.org\\\/es\\\/\"},{\"@type\":\"ListItem\",\"position\":2,\"name\":\"\u00bfHABLAMOS DE INTELIGENCIA VISUAL?\"}]},{\"@type\":\"WebSite\",\"@id\":\"https:\\\/\\\/www.acotv.org\\\/ca\\\/#website\",\"url\":\"https:\\\/\\\/www.acotv.org\\\/ca\\\/\",\"name\":\"Asociaci\u00f3n Catalana de Optometr\u00eda y Terapia Visual\",\"description\":\"\",\"potentialAction\":[{\"@type\":\"SearchAction\",\"target\":{\"@type\":\"EntryPoint\",\"urlTemplate\":\"https:\\\/\\\/www.acotv.org\\\/ca\\\/?s={search_term_string}\"},\"query-input\":{\"@type\":\"PropertyValueSpecification\",\"valueRequired\":true,\"valueName\":\"search_term_string\"}}],\"inLanguage\":\"es\"},{\"@type\":\"Person\",\"@id\":\"https:\\\/\\\/www.acotv.org\\\/ca\\\/#\\\/schema\\\/person\\\/0de470fec1dbf9785a7343042d765744\",\"name\":\"ACOTV\",\"image\":{\"@type\":\"ImageObject\",\"inLanguage\":\"es\",\"@id\":\"https:\\\/\\\/www.acotv.org\\\/wp-content\\\/uploads\\\/Logo-petit-150x150.jpg\",\"url\":\"https:\\\/\\\/www.acotv.org\\\/wp-content\\\/uploads\\\/Logo-petit-150x150.jpg\",\"contentUrl\":\"https:\\\/\\\/www.acotv.org\\\/wp-content\\\/uploads\\\/Logo-petit-150x150.jpg\",\"caption\":\"ACOTV\"},\"url\":\"https:\\\/\\\/www.acotv.org\\\/es\\\/author\\\/acotv\\\/\"}]}<\/script>\n<!-- \/ Yoast SEO plugin. -->","yoast_head_json":{"title":"\u00bfHABLAMOS DE INTELIGENCIA VISUAL? - Asociaci\u00f3n Catalana de Optometr\u00eda y Terapia Visual","robots":{"index":"index","follow":"follow","max-snippet":"max-snippet:-1","max-image-preview":"max-image-preview:large","max-video-preview":"max-video-preview:-1"},"canonical":"https:\/\/www.acotv.org\/es\/hablamos-de-inteligencia-visual\/","og_locale":"es_ES","og_type":"article","og_title":"\u00bfHABLAMOS DE INTELIGENCIA VISUAL? - Asociaci\u00f3n Catalana de Optometr\u00eda y Terapia Visual","og_description":"Lee atentamente estas frases:&nbsp; Tengo buen ojo por eso, ya le tengo el ojo puesto, eso ya lo ve\u00eda venir, [&hellip;]","og_url":"https:\/\/www.acotv.org\/es\/hablamos-de-inteligencia-visual\/","og_site_name":"Asociaci\u00f3n Catalana de Optometr\u00eda y Terapia Visual","article_published_time":"2019-09-26T16:10:00+00:00","article_modified_time":"2022-03-31T20:24:25+00:00","og_image":[{"width":700,"height":393,"url":"https:\/\/www.acotv.org\/wp-content\/uploads\/Imatge3-2.jpg","type":"image\/jpeg"}],"author":"ACOTV","twitter_card":"summary_large_image","twitter_misc":{"Escrito por":"ACOTV","Tiempo de lectura":"3 minutos"},"schema":{"@context":"https:\/\/schema.org","@graph":[{"@type":"Article","@id":"https:\/\/www.acotv.org\/es\/hablamos-de-inteligencia-visual\/#article","isPartOf":{"@id":"https:\/\/www.acotv.org\/es\/hablamos-de-inteligencia-visual\/"},"author":{"name":"ACOTV","@id":"https:\/\/www.acotv.org\/ca\/#\/schema\/person\/0de470fec1dbf9785a7343042d765744"},"headline":"\u00bfHABLAMOS DE INTELIGENCIA VISUAL?","datePublished":"2019-09-26T16:10:00+00:00","dateModified":"2022-03-31T20:24:25+00:00","mainEntityOfPage":{"@id":"https:\/\/www.acotv.org\/es\/hablamos-de-inteligencia-visual\/"},"wordCount":448,"commentCount":0,"image":{"@id":"https:\/\/www.acotv.org\/es\/hablamos-de-inteligencia-visual\/#primaryimage"},"thumbnailUrl":"https:\/\/www.acotv.org\/wp-content\/uploads\/Imatge3-2.jpg","keywords":["Optometria"],"articleSection":["Blog"],"inLanguage":"es","potentialAction":[{"@type":"CommentAction","name":"Comment","target":["https:\/\/www.acotv.org\/es\/hablamos-de-inteligencia-visual\/#respond"]}]},{"@type":"WebPage","@id":"https:\/\/www.acotv.org\/es\/hablamos-de-inteligencia-visual\/","url":"https:\/\/www.acotv.org\/es\/hablamos-de-inteligencia-visual\/","name":"\u00bfHABLAMOS DE INTELIGENCIA VISUAL? - Asociaci\u00f3n Catalana de Optometr\u00eda y Terapia Visual","isPartOf":{"@id":"https:\/\/www.acotv.org\/ca\/#website"},"primaryImageOfPage":{"@id":"https:\/\/www.acotv.org\/es\/hablamos-de-inteligencia-visual\/#primaryimage"},"image":{"@id":"https:\/\/www.acotv.org\/es\/hablamos-de-inteligencia-visual\/#primaryimage"},"thumbnailUrl":"https:\/\/www.acotv.org\/wp-content\/uploads\/Imatge3-2.jpg","datePublished":"2019-09-26T16:10:00+00:00","dateModified":"2022-03-31T20:24:25+00:00","author":{"@id":"https:\/\/www.acotv.org\/ca\/#\/schema\/person\/0de470fec1dbf9785a7343042d765744"},"breadcrumb":{"@id":"https:\/\/www.acotv.org\/es\/hablamos-de-inteligencia-visual\/#breadcrumb"},"inLanguage":"es","potentialAction":[{"@type":"ReadAction","target":["https:\/\/www.acotv.org\/es\/hablamos-de-inteligencia-visual\/"]}]},{"@type":"ImageObject","inLanguage":"es","@id":"https:\/\/www.acotv.org\/es\/hablamos-de-inteligencia-visual\/#primaryimage","url":"https:\/\/www.acotv.org\/wp-content\/uploads\/Imatge3-2.jpg","contentUrl":"https:\/\/www.acotv.org\/wp-content\/uploads\/Imatge3-2.jpg","width":700,"height":393},{"@type":"BreadcrumbList","@id":"https:\/\/www.acotv.org\/es\/hablamos-de-inteligencia-visual\/#breadcrumb","itemListElement":[{"@type":"ListItem","position":1,"name":"Portada","item":"https:\/\/www.acotv.org\/es\/"},{"@type":"ListItem","position":2,"name":"\u00bfHABLAMOS DE INTELIGENCIA VISUAL?"}]},{"@type":"WebSite","@id":"https:\/\/www.acotv.org\/ca\/#website","url":"https:\/\/www.acotv.org\/ca\/","name":"Asociaci\u00f3n Catalana de Optometr\u00eda y Terapia Visual","description":"","potentialAction":[{"@type":"SearchAction","target":{"@type":"EntryPoint","urlTemplate":"https:\/\/www.acotv.org\/ca\/?s={search_term_string}"},"query-input":{"@type":"PropertyValueSpecification","valueRequired":true,"valueName":"search_term_string"}}],"inLanguage":"es"},{"@type":"Person","@id":"https:\/\/www.acotv.org\/ca\/#\/schema\/person\/0de470fec1dbf9785a7343042d765744","name":"ACOTV","image":{"@type":"ImageObject","inLanguage":"es","@id":"https:\/\/www.acotv.org\/wp-content\/uploads\/Logo-petit-150x150.jpg","url":"https:\/\/www.acotv.org\/wp-content\/uploads\/Logo-petit-150x150.jpg","contentUrl":"https:\/\/www.acotv.org\/wp-content\/uploads\/Logo-petit-150x150.jpg","caption":"ACOTV"},"url":"https:\/\/www.acotv.org\/es\/author\/acotv\/"}]}},"_links":{"self":[{"href":"https:\/\/www.acotv.org\/es\/wp-json\/wp\/v2\/posts\/1814","targetHints":{"allow":["GET"]}}],"collection":[{"href":"https:\/\/www.acotv.org\/es\/wp-json\/wp\/v2\/posts"}],"about":[{"href":"https:\/\/www.acotv.org\/es\/wp-json\/wp\/v2\/types\/post"}],"author":[{"embeddable":true,"href":"https:\/\/www.acotv.org\/es\/wp-json\/wp\/v2\/users\/2"}],"replies":[{"embeddable":true,"href":"https:\/\/www.acotv.org\/es\/wp-json\/wp\/v2\/comments?post=1814"}],"version-history":[{"count":0,"href":"https:\/\/www.acotv.org\/es\/wp-json\/wp\/v2\/posts\/1814\/revisions"}],"wp:featuredmedia":[{"embeddable":true,"href":"https:\/\/www.acotv.org\/es\/wp-json\/wp\/v2\/media\/1807"}],"wp:attachment":[{"href":"https:\/\/www.acotv.org\/es\/wp-json\/wp\/v2\/media?parent=1814"}],"wp:term":[{"taxonomy":"category","embeddable":true,"href":"https:\/\/www.acotv.org\/es\/wp-json\/wp\/v2\/categories?post=1814"},{"taxonomy":"post_tag","embeddable":true,"href":"https:\/\/www.acotv.org\/es\/wp-json\/wp\/v2\/tags?post=1814"}],"curies":[{"name":"wp","href":"https:\/\/api.w.org\/{rel}","templated":true}]}}