{"id":1798,"date":"2019-12-23T10:43:00","date_gmt":"2019-12-23T09:43:00","guid":{"rendered":"https:\/\/www.acotv.org\/?p=1798"},"modified":"2022-03-31T22:22:26","modified_gmt":"2022-03-31T20:22:26","slug":"analisi-del-efecto-de-la-terapia-visual-en-casos-diagnosticados-con-tdah","status":"publish","type":"post","link":"https:\/\/www.acotv.org\/es\/analisi-del-efecto-de-la-terapia-visual-en-casos-diagnosticados-con-tdah\/","title":{"rendered":"AN\u00c1LISI DEL EFECTO DE LA TERAPIA VISUAL EN CASOS DIAGNOSTICADOS CON TDAH"},"content":{"rendered":"\n<p class=\"has-medium-font-size wp-block-paragraph\"><strong>Pol y Eugeni&nbsp;son dos estudiantes de la Fundaci\u00f3n Collserola, concretamente del Frederic Mistral que un buen d\u00eda se pusieron en contacto con la ACOTV porque quer\u00edan contrastar algunas cuestiones relacionadas con la Terapia Visual<\/strong><\/p>\n\n\n\n<p class=\"wp-block-paragraph\">Los estudiantes estaban preparando su trabajo de investigaci\u00f3n y necesitaban informaci\u00f3n en relaci\u00f3n a ciertos aspectos de la optometria de los cuales habien oido hablar pero deseaban constatar pos si mismos, as\u00ed fue como empez\u00f3 el que acabar\u00eda siendo su trabajo final. Un trabajo de investigaci\u00f3n que introduce a estos dos j\u00f3venes al apasionante mundo de la optometr\u00eda y la especialidad de Terapia Visual.<\/p>\n\n\n\n<p class=\"wp-block-paragraph\">Gracias a los optometristas miembros de la ACOTV,&nbsp;<strong>Marc Argil\u00e9s<\/strong>&nbsp;y a todo el equipo de la \u00f3ptica&nbsp;<strong>Cugat Visi\u00f3<\/strong>&nbsp;de Sant Cugat que desde el primer momento estuvieron predispuestos a colaborar con estos estudiantes, Pol y&nbsp;Eugeni han alcanzado un excelente trabajo de investigaci\u00f3n que seguro contribuir\u00e1 a seguir visualizando el importante papel que la optometr\u00eda ocupa con relaci\u00f3n a la Salud Visual de las personas.<\/p>\n\n\n\n<p class=\"wp-block-paragraph\">Os invitamos a leer directamente el estudio de su fuente original que nos han compartido.<\/p>\n\n\n\n<p class=\"wp-block-paragraph\">\u00a1Buena lectura!&nbsp;<\/p>\n\n\n\n<div class=\"wp-block-file\"><a id=\"wp-block-file--media-4cfd93c9-837e-4471-b4b7-ebd08692d6d0\" href=\"https:\/\/www.acotv.org\/wp-content\/uploads\/Treball-de-Recerca-19-20-Pol-Garcia-i-Eugeni-Cabrero-1.pdf\" target=\"_blank\" rel=\"noreferrer noopener\">Treball-de-Recerca-19-20-Pol-Garcia-i-Eugeni-Cabrero-1<\/a><a href=\"https:\/\/www.acotv.org\/wp-content\/uploads\/Treball-de-Recerca-19-20-Pol-Garcia-i-Eugeni-Cabrero-1.pdf\" class=\"wp-block-file__button\" download aria-describedby=\"wp-block-file--media-4cfd93c9-837e-4471-b4b7-ebd08692d6d0\">Descarga<\/a><\/div>\n\n\n\n<p class=\"wp-block-paragraph\"><\/p>\n","protected":false},"excerpt":{"rendered":"<p>Pol y Eugeni&nbsp;son dos estudiantes de la Fundaci\u00f3n Collserola, concretamente del Frederic Mistral que un buen d\u00eda se pusieron en [&hellip;]<\/p>\n","protected":false},"author":2,"featured_media":2050,"comment_status":"open","ping_status":"open","sticky":false,"template":"","format":"standard","meta":{"ocean_front_end_style_editor":"no","ocean_post_layout":"","ocean_both_sidebars_style":"","ocean_both_sidebars_content_width":0,"ocean_both_sidebars_sidebars_width":0,"ocean_sidebar":"0","ocean_second_sidebar":"0","ocean_disable_margins":"enable","ocean_add_body_class":"","ocean_shortcode_before_top_bar":"","ocean_shortcode_after_top_bar":"","ocean_shortcode_before_header":"","ocean_shortcode_after_header":"","ocean_has_shortcode":"","ocean_shortcode_after_title":"","ocean_shortcode_before_footer_widgets":"","ocean_shortcode_after_footer_widgets":"","ocean_shortcode_before_footer_bottom":"","ocean_shortcode_after_footer_bottom":"","ocean_display_top_bar":"default","ocean_display_header":"default","ocean_header_style":"","ocean_center_header_left_menu":"0","ocean_custom_header_template":"0","ocean_custom_logo":0,"ocean_custom_retina_logo":0,"ocean_custom_logo_max_width":0,"ocean_custom_logo_tablet_max_width":0,"ocean_custom_logo_mobile_max_width":0,"ocean_custom_logo_max_height":0,"ocean_custom_logo_tablet_max_height":0,"ocean_custom_logo_mobile_max_height":0,"ocean_header_custom_menu":"0","ocean_menu_typo_font_family":"0","ocean_menu_typo_font_subset":"","ocean_menu_typo_font_size":0,"ocean_menu_typo_font_size_tablet":0,"ocean_menu_typo_font_size_mobile":0,"ocean_menu_typo_font_size_unit":"px","ocean_menu_typo_font_weight":"","ocean_menu_typo_font_weight_tablet":"","ocean_menu_typo_font_weight_mobile":"","ocean_menu_typo_transform":"","ocean_menu_typo_transform_tablet":"","ocean_menu_typo_transform_mobile":"","ocean_menu_typo_line_height":0,"ocean_menu_typo_line_height_tablet":0,"ocean_menu_typo_line_height_mobile":0,"ocean_menu_typo_line_height_unit":"","ocean_menu_typo_spacing":0,"ocean_menu_typo_spacing_tablet":0,"ocean_menu_typo_spacing_mobile":0,"ocean_menu_typo_spacing_unit":"","ocean_menu_link_color":"","ocean_menu_link_color_hover":"","ocean_menu_link_color_active":"","ocean_menu_link_background":"","ocean_menu_link_hover_background":"","ocean_menu_link_active_background":"","ocean_menu_social_links_bg":"","ocean_menu_social_hover_links_bg":"","ocean_menu_social_links_color":"","ocean_menu_social_hover_links_color":"","ocean_disable_title":"default","ocean_disable_heading":"default","ocean_post_title":"","ocean_post_subheading":"","ocean_post_title_style":"","ocean_post_title_background_color":"","ocean_post_title_background":0,"ocean_post_title_bg_image_position":"","ocean_post_title_bg_image_attachment":"","ocean_post_title_bg_image_repeat":"","ocean_post_title_bg_image_size":"","ocean_post_title_height":0,"ocean_post_title_bg_overlay":0.5,"ocean_post_title_bg_overlay_color":"","ocean_disable_breadcrumbs":"default","ocean_breadcrumbs_color":"","ocean_breadcrumbs_separator_color":"","ocean_breadcrumbs_links_color":"","ocean_breadcrumbs_links_hover_color":"","ocean_display_footer_widgets":"default","ocean_display_footer_bottom":"default","ocean_custom_footer_template":"0","ocean_post_oembed":"","ocean_post_self_hosted_media":"","ocean_post_video_embed":"","ocean_link_format":"","ocean_link_format_target":"self","ocean_quote_format":"","ocean_quote_format_link":"post","ocean_gallery_link_images":"off","ocean_gallery_id":[],"footnotes":""},"categories":[9],"tags":[60,57,61],"class_list":["post-1798","post","type-post","status-publish","format-standard","has-post-thumbnail","hentry","category-blog","tag-optometria","tag-problemasdeaprendizaje","tag-terapiavisual","entry","has-media"],"yoast_head":"<!-- This site is optimized with the Yoast SEO plugin v28.4 - https:\/\/yoast.com\/product\/yoast-seo-wordpress\/ -->\n<title>AN\u00c1LISI DEL EFECTO DE LA TERAPIA VISUAL EN CASOS DIAGNOSTICADOS CON TDAH - Asociaci\u00f3n Catalana de Optometr\u00eda y Terapia Visual<\/title>\n<meta name=\"robots\" content=\"index, follow, max-snippet:-1, max-image-preview:large, max-video-preview:-1\" \/>\n<link rel=\"canonical\" href=\"https:\/\/www.acotv.org\/es\/analisi-del-efecto-de-la-terapia-visual-en-casos-diagnosticados-con-tdah\/\" \/>\n<meta property=\"og:locale\" content=\"es_ES\" \/>\n<meta property=\"og:type\" content=\"article\" \/>\n<meta property=\"og:title\" content=\"AN\u00c1LISI DEL EFECTO DE LA TERAPIA VISUAL EN CASOS DIAGNOSTICADOS CON TDAH - Asociaci\u00f3n Catalana de Optometr\u00eda y Terapia Visual\" \/>\n<meta property=\"og:description\" content=\"Pol y Eugeni&nbsp;son dos estudiantes de la Fundaci\u00f3n Collserola, concretamente del Frederic Mistral que un buen d\u00eda se pusieron en [&hellip;]\" \/>\n<meta property=\"og:url\" content=\"https:\/\/www.acotv.org\/es\/analisi-del-efecto-de-la-terapia-visual-en-casos-diagnosticados-con-tdah\/\" \/>\n<meta property=\"og:site_name\" content=\"Asociaci\u00f3n Catalana de Optometr\u00eda y Terapia Visual\" \/>\n<meta property=\"article:published_time\" content=\"2019-12-23T09:43:00+00:00\" \/>\n<meta property=\"article:modified_time\" content=\"2022-03-31T20:22:26+00:00\" \/>\n<meta property=\"og:image\" content=\"https:\/\/www.acotv.org\/wp-content\/uploads\/Imatge2-3-1.jpg\" \/>\n\t<meta property=\"og:image:width\" content=\"700\" \/>\n\t<meta property=\"og:image:height\" content=\"466\" \/>\n\t<meta property=\"og:image:type\" content=\"image\/jpeg\" \/>\n<meta name=\"author\" content=\"ACOTV\" \/>\n<meta name=\"twitter:card\" content=\"summary_large_image\" \/>\n<meta name=\"twitter:label1\" content=\"Escrito por\" \/>\n\t<meta name=\"twitter:data1\" content=\"ACOTV\" \/>\n\t<meta name=\"twitter:label2\" content=\"Tiempo de lectura\" \/>\n\t<meta name=\"twitter:data2\" content=\"1 minuto\" \/>\n<script type=\"application\/ld+json\" class=\"yoast-schema-graph\">{\"@context\":\"https:\\\/\\\/schema.org\",\"@graph\":[{\"@type\":\"Article\",\"@id\":\"https:\\\/\\\/www.acotv.org\\\/es\\\/analisi-del-efecto-de-la-terapia-visual-en-casos-diagnosticados-con-tdah\\\/#article\",\"isPartOf\":{\"@id\":\"https:\\\/\\\/www.acotv.org\\\/es\\\/analisi-del-efecto-de-la-terapia-visual-en-casos-diagnosticados-con-tdah\\\/\"},\"author\":{\"name\":\"ACOTV\",\"@id\":\"https:\\\/\\\/www.acotv.org\\\/ca\\\/#\\\/schema\\\/person\\\/0de470fec1dbf9785a7343042d765744\"},\"headline\":\"AN\u00c1LISI DEL EFECTO DE LA TERAPIA VISUAL EN CASOS DIAGNOSTICADOS CON TDAH\",\"datePublished\":\"2019-12-23T09:43:00+00:00\",\"dateModified\":\"2022-03-31T20:22:26+00:00\",\"mainEntityOfPage\":{\"@id\":\"https:\\\/\\\/www.acotv.org\\\/es\\\/analisi-del-efecto-de-la-terapia-visual-en-casos-diagnosticados-con-tdah\\\/\"},\"wordCount\":221,\"commentCount\":0,\"image\":{\"@id\":\"https:\\\/\\\/www.acotv.org\\\/es\\\/analisi-del-efecto-de-la-terapia-visual-en-casos-diagnosticados-con-tdah\\\/#primaryimage\"},\"thumbnailUrl\":\"https:\\\/\\\/www.acotv.org\\\/wp-content\\\/uploads\\\/Imatge2-3-1.jpg\",\"keywords\":[\"Optometria\",\"problemasdeaprendizaje\",\"TerapiaVisual\"],\"articleSection\":[\"Blog\"],\"inLanguage\":\"es\",\"potentialAction\":[{\"@type\":\"CommentAction\",\"name\":\"Comment\",\"target\":[\"https:\\\/\\\/www.acotv.org\\\/es\\\/analisi-del-efecto-de-la-terapia-visual-en-casos-diagnosticados-con-tdah\\\/#respond\"]}]},{\"@type\":\"WebPage\",\"@id\":\"https:\\\/\\\/www.acotv.org\\\/es\\\/analisi-del-efecto-de-la-terapia-visual-en-casos-diagnosticados-con-tdah\\\/\",\"url\":\"https:\\\/\\\/www.acotv.org\\\/es\\\/analisi-del-efecto-de-la-terapia-visual-en-casos-diagnosticados-con-tdah\\\/\",\"name\":\"AN\u00c1LISI DEL EFECTO DE LA TERAPIA VISUAL EN CASOS DIAGNOSTICADOS CON TDAH - Asociaci\u00f3n Catalana de Optometr\u00eda y Terapia Visual\",\"isPartOf\":{\"@id\":\"https:\\\/\\\/www.acotv.org\\\/ca\\\/#website\"},\"primaryImageOfPage\":{\"@id\":\"https:\\\/\\\/www.acotv.org\\\/es\\\/analisi-del-efecto-de-la-terapia-visual-en-casos-diagnosticados-con-tdah\\\/#primaryimage\"},\"image\":{\"@id\":\"https:\\\/\\\/www.acotv.org\\\/es\\\/analisi-del-efecto-de-la-terapia-visual-en-casos-diagnosticados-con-tdah\\\/#primaryimage\"},\"thumbnailUrl\":\"https:\\\/\\\/www.acotv.org\\\/wp-content\\\/uploads\\\/Imatge2-3-1.jpg\",\"datePublished\":\"2019-12-23T09:43:00+00:00\",\"dateModified\":\"2022-03-31T20:22:26+00:00\",\"author\":{\"@id\":\"https:\\\/\\\/www.acotv.org\\\/ca\\\/#\\\/schema\\\/person\\\/0de470fec1dbf9785a7343042d765744\"},\"breadcrumb\":{\"@id\":\"https:\\\/\\\/www.acotv.org\\\/es\\\/analisi-del-efecto-de-la-terapia-visual-en-casos-diagnosticados-con-tdah\\\/#breadcrumb\"},\"inLanguage\":\"es\",\"potentialAction\":[{\"@type\":\"ReadAction\",\"target\":[\"https:\\\/\\\/www.acotv.org\\\/es\\\/analisi-del-efecto-de-la-terapia-visual-en-casos-diagnosticados-con-tdah\\\/\"]}]},{\"@type\":\"ImageObject\",\"inLanguage\":\"es\",\"@id\":\"https:\\\/\\\/www.acotv.org\\\/es\\\/analisi-del-efecto-de-la-terapia-visual-en-casos-diagnosticados-con-tdah\\\/#primaryimage\",\"url\":\"https:\\\/\\\/www.acotv.org\\\/wp-content\\\/uploads\\\/Imatge2-3-1.jpg\",\"contentUrl\":\"https:\\\/\\\/www.acotv.org\\\/wp-content\\\/uploads\\\/Imatge2-3-1.jpg\",\"width\":700,\"height\":466},{\"@type\":\"BreadcrumbList\",\"@id\":\"https:\\\/\\\/www.acotv.org\\\/es\\\/analisi-del-efecto-de-la-terapia-visual-en-casos-diagnosticados-con-tdah\\\/#breadcrumb\",\"itemListElement\":[{\"@type\":\"ListItem\",\"position\":1,\"name\":\"Portada\",\"item\":\"https:\\\/\\\/www.acotv.org\\\/es\\\/\"},{\"@type\":\"ListItem\",\"position\":2,\"name\":\"AN\u00c1LISI DEL EFECTO DE LA TERAPIA VISUAL EN CASOS DIAGNOSTICADOS CON TDAH\"}]},{\"@type\":\"WebSite\",\"@id\":\"https:\\\/\\\/www.acotv.org\\\/ca\\\/#website\",\"url\":\"https:\\\/\\\/www.acotv.org\\\/ca\\\/\",\"name\":\"Asociaci\u00f3n Catalana de Optometr\u00eda y Terapia Visual\",\"description\":\"\",\"potentialAction\":[{\"@type\":\"SearchAction\",\"target\":{\"@type\":\"EntryPoint\",\"urlTemplate\":\"https:\\\/\\\/www.acotv.org\\\/ca\\\/?s={search_term_string}\"},\"query-input\":{\"@type\":\"PropertyValueSpecification\",\"valueRequired\":true,\"valueName\":\"search_term_string\"}}],\"inLanguage\":\"es\"},{\"@type\":\"Person\",\"@id\":\"https:\\\/\\\/www.acotv.org\\\/ca\\\/#\\\/schema\\\/person\\\/0de470fec1dbf9785a7343042d765744\",\"name\":\"ACOTV\",\"image\":{\"@type\":\"ImageObject\",\"inLanguage\":\"es\",\"@id\":\"https:\\\/\\\/www.acotv.org\\\/wp-content\\\/uploads\\\/Logo-petit-150x150.jpg\",\"url\":\"https:\\\/\\\/www.acotv.org\\\/wp-content\\\/uploads\\\/Logo-petit-150x150.jpg\",\"contentUrl\":\"https:\\\/\\\/www.acotv.org\\\/wp-content\\\/uploads\\\/Logo-petit-150x150.jpg\",\"caption\":\"ACOTV\"},\"url\":\"https:\\\/\\\/www.acotv.org\\\/es\\\/author\\\/acotv\\\/\"}]}<\/script>\n<!-- \/ Yoast SEO plugin. -->","yoast_head_json":{"title":"AN\u00c1LISI DEL EFECTO DE LA TERAPIA VISUAL EN CASOS DIAGNOSTICADOS CON TDAH - Asociaci\u00f3n Catalana de Optometr\u00eda y Terapia Visual","robots":{"index":"index","follow":"follow","max-snippet":"max-snippet:-1","max-image-preview":"max-image-preview:large","max-video-preview":"max-video-preview:-1"},"canonical":"https:\/\/www.acotv.org\/es\/analisi-del-efecto-de-la-terapia-visual-en-casos-diagnosticados-con-tdah\/","og_locale":"es_ES","og_type":"article","og_title":"AN\u00c1LISI DEL EFECTO DE LA TERAPIA VISUAL EN CASOS DIAGNOSTICADOS CON TDAH - Asociaci\u00f3n Catalana de Optometr\u00eda y Terapia Visual","og_description":"Pol y Eugeni&nbsp;son dos estudiantes de la Fundaci\u00f3n Collserola, concretamente del Frederic Mistral que un buen d\u00eda se pusieron en [&hellip;]","og_url":"https:\/\/www.acotv.org\/es\/analisi-del-efecto-de-la-terapia-visual-en-casos-diagnosticados-con-tdah\/","og_site_name":"Asociaci\u00f3n Catalana de Optometr\u00eda y Terapia Visual","article_published_time":"2019-12-23T09:43:00+00:00","article_modified_time":"2022-03-31T20:22:26+00:00","og_image":[{"width":700,"height":466,"url":"https:\/\/www.acotv.org\/wp-content\/uploads\/Imatge2-3-1.jpg","type":"image\/jpeg"}],"author":"ACOTV","twitter_card":"summary_large_image","twitter_misc":{"Escrito por":"ACOTV","Tiempo de lectura":"1 minuto"},"schema":{"@context":"https:\/\/schema.org","@graph":[{"@type":"Article","@id":"https:\/\/www.acotv.org\/es\/analisi-del-efecto-de-la-terapia-visual-en-casos-diagnosticados-con-tdah\/#article","isPartOf":{"@id":"https:\/\/www.acotv.org\/es\/analisi-del-efecto-de-la-terapia-visual-en-casos-diagnosticados-con-tdah\/"},"author":{"name":"ACOTV","@id":"https:\/\/www.acotv.org\/ca\/#\/schema\/person\/0de470fec1dbf9785a7343042d765744"},"headline":"AN\u00c1LISI DEL EFECTO DE LA TERAPIA VISUAL EN CASOS DIAGNOSTICADOS CON TDAH","datePublished":"2019-12-23T09:43:00+00:00","dateModified":"2022-03-31T20:22:26+00:00","mainEntityOfPage":{"@id":"https:\/\/www.acotv.org\/es\/analisi-del-efecto-de-la-terapia-visual-en-casos-diagnosticados-con-tdah\/"},"wordCount":221,"commentCount":0,"image":{"@id":"https:\/\/www.acotv.org\/es\/analisi-del-efecto-de-la-terapia-visual-en-casos-diagnosticados-con-tdah\/#primaryimage"},"thumbnailUrl":"https:\/\/www.acotv.org\/wp-content\/uploads\/Imatge2-3-1.jpg","keywords":["Optometria","problemasdeaprendizaje","TerapiaVisual"],"articleSection":["Blog"],"inLanguage":"es","potentialAction":[{"@type":"CommentAction","name":"Comment","target":["https:\/\/www.acotv.org\/es\/analisi-del-efecto-de-la-terapia-visual-en-casos-diagnosticados-con-tdah\/#respond"]}]},{"@type":"WebPage","@id":"https:\/\/www.acotv.org\/es\/analisi-del-efecto-de-la-terapia-visual-en-casos-diagnosticados-con-tdah\/","url":"https:\/\/www.acotv.org\/es\/analisi-del-efecto-de-la-terapia-visual-en-casos-diagnosticados-con-tdah\/","name":"AN\u00c1LISI DEL EFECTO DE LA TERAPIA VISUAL EN CASOS DIAGNOSTICADOS CON TDAH - Asociaci\u00f3n Catalana de Optometr\u00eda y Terapia Visual","isPartOf":{"@id":"https:\/\/www.acotv.org\/ca\/#website"},"primaryImageOfPage":{"@id":"https:\/\/www.acotv.org\/es\/analisi-del-efecto-de-la-terapia-visual-en-casos-diagnosticados-con-tdah\/#primaryimage"},"image":{"@id":"https:\/\/www.acotv.org\/es\/analisi-del-efecto-de-la-terapia-visual-en-casos-diagnosticados-con-tdah\/#primaryimage"},"thumbnailUrl":"https:\/\/www.acotv.org\/wp-content\/uploads\/Imatge2-3-1.jpg","datePublished":"2019-12-23T09:43:00+00:00","dateModified":"2022-03-31T20:22:26+00:00","author":{"@id":"https:\/\/www.acotv.org\/ca\/#\/schema\/person\/0de470fec1dbf9785a7343042d765744"},"breadcrumb":{"@id":"https:\/\/www.acotv.org\/es\/analisi-del-efecto-de-la-terapia-visual-en-casos-diagnosticados-con-tdah\/#breadcrumb"},"inLanguage":"es","potentialAction":[{"@type":"ReadAction","target":["https:\/\/www.acotv.org\/es\/analisi-del-efecto-de-la-terapia-visual-en-casos-diagnosticados-con-tdah\/"]}]},{"@type":"ImageObject","inLanguage":"es","@id":"https:\/\/www.acotv.org\/es\/analisi-del-efecto-de-la-terapia-visual-en-casos-diagnosticados-con-tdah\/#primaryimage","url":"https:\/\/www.acotv.org\/wp-content\/uploads\/Imatge2-3-1.jpg","contentUrl":"https:\/\/www.acotv.org\/wp-content\/uploads\/Imatge2-3-1.jpg","width":700,"height":466},{"@type":"BreadcrumbList","@id":"https:\/\/www.acotv.org\/es\/analisi-del-efecto-de-la-terapia-visual-en-casos-diagnosticados-con-tdah\/#breadcrumb","itemListElement":[{"@type":"ListItem","position":1,"name":"Portada","item":"https:\/\/www.acotv.org\/es\/"},{"@type":"ListItem","position":2,"name":"AN\u00c1LISI DEL EFECTO DE LA TERAPIA VISUAL EN CASOS DIAGNOSTICADOS CON TDAH"}]},{"@type":"WebSite","@id":"https:\/\/www.acotv.org\/ca\/#website","url":"https:\/\/www.acotv.org\/ca\/","name":"Asociaci\u00f3n Catalana de Optometr\u00eda y Terapia Visual","description":"","potentialAction":[{"@type":"SearchAction","target":{"@type":"EntryPoint","urlTemplate":"https:\/\/www.acotv.org\/ca\/?s={search_term_string}"},"query-input":{"@type":"PropertyValueSpecification","valueRequired":true,"valueName":"search_term_string"}}],"inLanguage":"es"},{"@type":"Person","@id":"https:\/\/www.acotv.org\/ca\/#\/schema\/person\/0de470fec1dbf9785a7343042d765744","name":"ACOTV","image":{"@type":"ImageObject","inLanguage":"es","@id":"https:\/\/www.acotv.org\/wp-content\/uploads\/Logo-petit-150x150.jpg","url":"https:\/\/www.acotv.org\/wp-content\/uploads\/Logo-petit-150x150.jpg","contentUrl":"https:\/\/www.acotv.org\/wp-content\/uploads\/Logo-petit-150x150.jpg","caption":"ACOTV"},"url":"https:\/\/www.acotv.org\/es\/author\/acotv\/"}]}},"_links":{"self":[{"href":"https:\/\/www.acotv.org\/es\/wp-json\/wp\/v2\/posts\/1798","targetHints":{"allow":["GET"]}}],"collection":[{"href":"https:\/\/www.acotv.org\/es\/wp-json\/wp\/v2\/posts"}],"about":[{"href":"https:\/\/www.acotv.org\/es\/wp-json\/wp\/v2\/types\/post"}],"author":[{"embeddable":true,"href":"https:\/\/www.acotv.org\/es\/wp-json\/wp\/v2\/users\/2"}],"replies":[{"embeddable":true,"href":"https:\/\/www.acotv.org\/es\/wp-json\/wp\/v2\/comments?post=1798"}],"version-history":[{"count":0,"href":"https:\/\/www.acotv.org\/es\/wp-json\/wp\/v2\/posts\/1798\/revisions"}],"wp:featuredmedia":[{"embeddable":true,"href":"https:\/\/www.acotv.org\/es\/wp-json\/wp\/v2\/media\/2050"}],"wp:attachment":[{"href":"https:\/\/www.acotv.org\/es\/wp-json\/wp\/v2\/media?parent=1798"}],"wp:term":[{"taxonomy":"category","embeddable":true,"href":"https:\/\/www.acotv.org\/es\/wp-json\/wp\/v2\/categories?post=1798"},{"taxonomy":"post_tag","embeddable":true,"href":"https:\/\/www.acotv.org\/es\/wp-json\/wp\/v2\/tags?post=1798"}],"curies":[{"name":"wp","href":"https:\/\/api.w.org\/{rel}","templated":true}]}}