{"id":1790,"date":"2019-12-24T10:09:00","date_gmt":"2019-12-24T09:09:00","guid":{"rendered":"https:\/\/www.acotv.org\/?p=1790"},"modified":"2022-03-31T22:20:10","modified_gmt":"2022-03-31T20:20:10","slug":"cuando-y-por-que-es-importante-revisar-la-vista-a-los-ninos","status":"publish","type":"post","link":"https:\/\/www.acotv.org\/es\/cuando-y-por-que-es-importante-revisar-la-vista-a-los-ninos\/","title":{"rendered":"\u00bfCUANDO Y POR QU\u00c9 ES IMPORTANTE REVISAR LA VISTA A LOS NI\u00d1OS?"},"content":{"rendered":"\n<p class=\"has-medium-font-size wp-block-paragraph\"><strong>La infancia est\u00e1 caracterizada por un r\u00e1pido desarrollo f\u00edsico y neurol\u00f3gico del sistema visual. De ah\u00ed la importancia de un examen visual a una edad temprana.<\/strong><\/p>\n\n\n\n<p class=\"wp-block-paragraph\"><strong>\u00bfCu\u00e1ndo y por qu\u00e9 es importante revisar la vista a los ni\u00f1os?<\/strong>&nbsp;Si los padres no han observado ning\u00fan s\u00edntoma como podr\u00eda ser desviar un ojo, mirar cerrando un ojo, torcer la cabeza al fijar la vista, acercarse en exceso para ver la televisi\u00f3n o al mirar cuentos o manifestar dolor de cabeza,&nbsp;<strong>es recomendable hacer la primera revisi\u00f3n hacia los 5 a\u00f1os<\/strong>.<\/p>\n\n\n\n<p class=\"wp-block-paragraph\">En caso de observar alguno de estos s\u00edntomas, es necesario hacer una revisi\u00f3n visual lo antes posible.&nbsp;<\/p>\n\n\n\n<p class=\"has-text-color wp-block-paragraph\" style=\"color:#008ad0\"><strong>PRIMERA REVISI\u00d3N<\/strong><\/p>\n\n\n\n<p class=\"wp-block-paragraph\">La primera revisi\u00f3n debe hacerse con un&nbsp;<strong>m\u00e9dico oftalm\u00f3logo<\/strong>&nbsp;que determinar\u00e1 la salud ocular del ojo (estado de la retina, nervio \u00f3ptico, cristalino, c\u00f3rnea\u2026) y revisar\u00e1 la agudeza visual determinando si es necesario el uso de gafas. En caso de que el oftalm\u00f3logo confirme que todo es correcto y los s\u00edntomas contin\u00faen, hay que hacer una visita al <strong>optometrista que valorar\u00e1 el resto de habilidades visuales: la movilidad ocular, la coordinaci\u00f3n binocular, la acomodaci\u00f3n y la coordinaci\u00f3n visuo-motora y perceptiva<\/strong>.<\/p>\n\n\n\n<p class=\"wp-block-paragraph\">Las revisiones visuales en ni\u00f1os hay que hacerlas a partir de los 5 a\u00f1os y anualmente. Es preciso asegurarse que el desarrollo visual se est\u00e1 llevando a cabo correctamente. El sistema visual no acaba de desarrollar todas sus habilidades visuales hasta los 6 a\u00f1os y, por ejemplo, una graduaci\u00f3n alta que no se detecte a tiempo puede desencadenar una mala coordinaci\u00f3n binocular, una ambliop\u00eda (ojo vago) o un estrabismo (desviaci\u00f3n de un ojo).<\/p>\n\n\n\n<p class=\"has-text-color wp-block-paragraph\" style=\"color:#008ad0\"><strong>CONSECUENCIAS DE LAS ALTERACIONES VISUALES<\/strong><\/p>\n\n\n\n<p class=\"wp-block-paragraph\">Las alteraciones visuales que no se diagnostican y, por lo tanto no se tratan, pueden tener&nbsp;<strong>consecuencias negativas en el aprendizaje escolar<\/strong>: una mala movilidad ocular puede ocasionar que el ni\u00f1o se pierda al leer, una deficiente coordinaci\u00f3n binocular puede producir visi\u00f3n doble al trabajar de cerca o que tenga una incorrecta visi\u00f3n en 3D. Esto ocurre en los estrabismos haciendo que les cueste calcular las alturas, las distancias y las velocidades, y pueden ser ni\u00f1os m\u00e1s torpes en los deportes que el resto. Una mala acomodaci\u00f3n puede causar que el ni\u00f1o termine viendo borroso al leer.<\/p>\n\n\n\n<p class=\"has-text-color wp-block-paragraph\" style=\"color:#008ad0\"><strong>LA IMPORT\u00c1NCIA DE LA PREVENCI\u00d3n<\/strong><\/p>\n\n\n\n<p class=\"wp-block-paragraph\">La detecci\u00f3n y tratamiento a tiempo son esenciales para eliminar con \u00e9xito los efectos fisiol\u00f3gicos adversos sobre el desarrollo visual. Y, quiz\u00e1s a\u00fan m\u00e1s importante, reducir los efectos negativos sobre el desarrollo cognitivo, emocional y psicosocial de los ni\u00f1os.<\/p>\n\n\n\n<p class=\"wp-block-paragraph\">Art\u00edculo realizado por\u00a0<strong>Marta Codina<br><\/strong>\u00d3ptico optometrista y miembro de la Associaci\u00f3 Catalana de Optometr\u00eda i Terapia Visual (<a href=\"http:\/\/www.acotv.org\/\" target=\"_blank\" rel=\"noreferrer noopener\">ACOTV<\/a>).<\/p>\n","protected":false},"excerpt":{"rendered":"<p>La infancia est\u00e1 caracterizada por un r\u00e1pido desarrollo f\u00edsico y neurol\u00f3gico del sistema visual. De ah\u00ed la importancia de un [&hellip;]<\/p>\n","protected":false},"author":2,"featured_media":2137,"comment_status":"open","ping_status":"open","sticky":false,"template":"","format":"standard","meta":{"ocean_front_end_style_editor":"no","ocean_post_layout":"","ocean_both_sidebars_style":"","ocean_both_sidebars_content_width":0,"ocean_both_sidebars_sidebars_width":0,"ocean_sidebar":"0","ocean_second_sidebar":"0","ocean_disable_margins":"enable","ocean_add_body_class":"","ocean_shortcode_before_top_bar":"","ocean_shortcode_after_top_bar":"","ocean_shortcode_before_header":"","ocean_shortcode_after_header":"","ocean_has_shortcode":"","ocean_shortcode_after_title":"","ocean_shortcode_before_footer_widgets":"","ocean_shortcode_after_footer_widgets":"","ocean_shortcode_before_footer_bottom":"","ocean_shortcode_after_footer_bottom":"","ocean_display_top_bar":"default","ocean_display_header":"default","ocean_header_style":"","ocean_center_header_left_menu":"0","ocean_custom_header_template":"0","ocean_custom_logo":0,"ocean_custom_retina_logo":0,"ocean_custom_logo_max_width":0,"ocean_custom_logo_tablet_max_width":0,"ocean_custom_logo_mobile_max_width":0,"ocean_custom_logo_max_height":0,"ocean_custom_logo_tablet_max_height":0,"ocean_custom_logo_mobile_max_height":0,"ocean_header_custom_menu":"0","ocean_menu_typo_font_family":"0","ocean_menu_typo_font_subset":"","ocean_menu_typo_font_size":0,"ocean_menu_typo_font_size_tablet":0,"ocean_menu_typo_font_size_mobile":0,"ocean_menu_typo_font_size_unit":"px","ocean_menu_typo_font_weight":"","ocean_menu_typo_font_weight_tablet":"","ocean_menu_typo_font_weight_mobile":"","ocean_menu_typo_transform":"","ocean_menu_typo_transform_tablet":"","ocean_menu_typo_transform_mobile":"","ocean_menu_typo_line_height":0,"ocean_menu_typo_line_height_tablet":0,"ocean_menu_typo_line_height_mobile":0,"ocean_menu_typo_line_height_unit":"","ocean_menu_typo_spacing":0,"ocean_menu_typo_spacing_tablet":0,"ocean_menu_typo_spacing_mobile":0,"ocean_menu_typo_spacing_unit":"","ocean_menu_link_color":"","ocean_menu_link_color_hover":"","ocean_menu_link_color_active":"","ocean_menu_link_background":"","ocean_menu_link_hover_background":"","ocean_menu_link_active_background":"","ocean_menu_social_links_bg":"","ocean_menu_social_hover_links_bg":"","ocean_menu_social_links_color":"","ocean_menu_social_hover_links_color":"","ocean_disable_title":"default","ocean_disable_heading":"default","ocean_post_title":"","ocean_post_subheading":"","ocean_post_title_style":"","ocean_post_title_background_color":"","ocean_post_title_background":0,"ocean_post_title_bg_image_position":"","ocean_post_title_bg_image_attachment":"","ocean_post_title_bg_image_repeat":"","ocean_post_title_bg_image_size":"","ocean_post_title_height":0,"ocean_post_title_bg_overlay":0.5,"ocean_post_title_bg_overlay_color":"","ocean_disable_breadcrumbs":"default","ocean_breadcrumbs_color":"","ocean_breadcrumbs_separator_color":"","ocean_breadcrumbs_links_color":"","ocean_breadcrumbs_links_hover_color":"","ocean_display_footer_widgets":"default","ocean_display_footer_bottom":"default","ocean_custom_footer_template":"0","ocean_post_oembed":"","ocean_post_self_hosted_media":"","ocean_post_video_embed":"","ocean_link_format":"","ocean_link_format_target":"self","ocean_quote_format":"","ocean_quote_format_link":"post","ocean_gallery_link_images":"off","ocean_gallery_id":[],"footnotes":""},"categories":[24,9],"tags":[66,68],"class_list":["post-1790","post","type-post","status-publish","format-standard","has-post-thumbnail","hentry","category-bloc","category-blog","tag-optometria-ca","tag-salutvisual","entry","has-media"],"yoast_head":"<!-- This site is optimized with the Yoast SEO plugin v28.4 - https:\/\/yoast.com\/product\/yoast-seo-wordpress\/ -->\n<title>\u00bfCUANDO Y POR QU\u00c9 ES IMPORTANTE REVISAR LA VISTA A LOS NI\u00d1OS? - Asociaci\u00f3n Catalana de Optometr\u00eda y Terapia Visual<\/title>\n<meta name=\"robots\" content=\"index, follow, max-snippet:-1, max-image-preview:large, max-video-preview:-1\" \/>\n<link rel=\"canonical\" href=\"https:\/\/www.acotv.org\/es\/cuando-y-por-que-es-importante-revisar-la-vista-a-los-ninos\/\" \/>\n<meta property=\"og:locale\" content=\"es_ES\" \/>\n<meta property=\"og:type\" content=\"article\" \/>\n<meta property=\"og:title\" content=\"\u00bfCUANDO Y POR QU\u00c9 ES IMPORTANTE REVISAR LA VISTA A LOS NI\u00d1OS? - Asociaci\u00f3n Catalana de Optometr\u00eda y Terapia Visual\" \/>\n<meta property=\"og:description\" content=\"La infancia est\u00e1 caracterizada por un r\u00e1pido desarrollo f\u00edsico y neurol\u00f3gico del sistema visual. De ah\u00ed la importancia de un [&hellip;]\" \/>\n<meta property=\"og:url\" content=\"https:\/\/www.acotv.org\/es\/cuando-y-por-que-es-importante-revisar-la-vista-a-los-ninos\/\" \/>\n<meta property=\"og:site_name\" content=\"Asociaci\u00f3n Catalana de Optometr\u00eda y Terapia Visual\" \/>\n<meta property=\"article:published_time\" content=\"2019-12-24T09:09:00+00:00\" \/>\n<meta property=\"article:modified_time\" content=\"2022-03-31T20:20:10+00:00\" \/>\n<meta property=\"og:image\" content=\"https:\/\/www.acotv.org\/wp-content\/uploads\/Imatge1-3-1.jpg\" \/>\n\t<meta property=\"og:image:width\" content=\"700\" \/>\n\t<meta property=\"og:image:height\" content=\"463\" \/>\n\t<meta property=\"og:image:type\" content=\"image\/jpeg\" \/>\n<meta name=\"author\" content=\"ACOTV\" \/>\n<meta name=\"twitter:card\" content=\"summary_large_image\" \/>\n<meta name=\"twitter:label1\" content=\"Escrito por\" \/>\n\t<meta name=\"twitter:data1\" content=\"ACOTV\" \/>\n\t<meta name=\"twitter:label2\" content=\"Tiempo de lectura\" \/>\n\t<meta name=\"twitter:data2\" content=\"2 minutos\" \/>\n<script type=\"application\/ld+json\" class=\"yoast-schema-graph\">{\"@context\":\"https:\\\/\\\/schema.org\",\"@graph\":[{\"@type\":\"Article\",\"@id\":\"https:\\\/\\\/www.acotv.org\\\/es\\\/cuando-y-por-que-es-importante-revisar-la-vista-a-los-ninos\\\/#article\",\"isPartOf\":{\"@id\":\"https:\\\/\\\/www.acotv.org\\\/es\\\/cuando-y-por-que-es-importante-revisar-la-vista-a-los-ninos\\\/\"},\"author\":{\"name\":\"ACOTV\",\"@id\":\"https:\\\/\\\/www.acotv.org\\\/ca\\\/#\\\/schema\\\/person\\\/0de470fec1dbf9785a7343042d765744\"},\"headline\":\"\u00bfCUANDO Y POR QU\u00c9 ES IMPORTANTE REVISAR LA VISTA A LOS NI\u00d1OS?\",\"datePublished\":\"2019-12-24T09:09:00+00:00\",\"dateModified\":\"2022-03-31T20:20:10+00:00\",\"mainEntityOfPage\":{\"@id\":\"https:\\\/\\\/www.acotv.org\\\/es\\\/cuando-y-por-que-es-importante-revisar-la-vista-a-los-ninos\\\/\"},\"wordCount\":491,\"commentCount\":0,\"image\":{\"@id\":\"https:\\\/\\\/www.acotv.org\\\/es\\\/cuando-y-por-que-es-importante-revisar-la-vista-a-los-ninos\\\/#primaryimage\"},\"thumbnailUrl\":\"https:\\\/\\\/www.acotv.org\\\/wp-content\\\/uploads\\\/Imatge1-3-1.jpg\",\"keywords\":[\"Optometria\",\"salutvisual\"],\"articleSection\":[\"Bloc\",\"Blog\"],\"inLanguage\":\"es\",\"potentialAction\":[{\"@type\":\"CommentAction\",\"name\":\"Comment\",\"target\":[\"https:\\\/\\\/www.acotv.org\\\/es\\\/cuando-y-por-que-es-importante-revisar-la-vista-a-los-ninos\\\/#respond\"]}]},{\"@type\":\"WebPage\",\"@id\":\"https:\\\/\\\/www.acotv.org\\\/es\\\/cuando-y-por-que-es-importante-revisar-la-vista-a-los-ninos\\\/\",\"url\":\"https:\\\/\\\/www.acotv.org\\\/es\\\/cuando-y-por-que-es-importante-revisar-la-vista-a-los-ninos\\\/\",\"name\":\"\u00bfCUANDO Y POR QU\u00c9 ES IMPORTANTE REVISAR LA VISTA A LOS NI\u00d1OS? - Asociaci\u00f3n Catalana de Optometr\u00eda y Terapia Visual\",\"isPartOf\":{\"@id\":\"https:\\\/\\\/www.acotv.org\\\/ca\\\/#website\"},\"primaryImageOfPage\":{\"@id\":\"https:\\\/\\\/www.acotv.org\\\/es\\\/cuando-y-por-que-es-importante-revisar-la-vista-a-los-ninos\\\/#primaryimage\"},\"image\":{\"@id\":\"https:\\\/\\\/www.acotv.org\\\/es\\\/cuando-y-por-que-es-importante-revisar-la-vista-a-los-ninos\\\/#primaryimage\"},\"thumbnailUrl\":\"https:\\\/\\\/www.acotv.org\\\/wp-content\\\/uploads\\\/Imatge1-3-1.jpg\",\"datePublished\":\"2019-12-24T09:09:00+00:00\",\"dateModified\":\"2022-03-31T20:20:10+00:00\",\"author\":{\"@id\":\"https:\\\/\\\/www.acotv.org\\\/ca\\\/#\\\/schema\\\/person\\\/0de470fec1dbf9785a7343042d765744\"},\"breadcrumb\":{\"@id\":\"https:\\\/\\\/www.acotv.org\\\/es\\\/cuando-y-por-que-es-importante-revisar-la-vista-a-los-ninos\\\/#breadcrumb\"},\"inLanguage\":\"es\",\"potentialAction\":[{\"@type\":\"ReadAction\",\"target\":[\"https:\\\/\\\/www.acotv.org\\\/es\\\/cuando-y-por-que-es-importante-revisar-la-vista-a-los-ninos\\\/\"]}]},{\"@type\":\"ImageObject\",\"inLanguage\":\"es\",\"@id\":\"https:\\\/\\\/www.acotv.org\\\/es\\\/cuando-y-por-que-es-importante-revisar-la-vista-a-los-ninos\\\/#primaryimage\",\"url\":\"https:\\\/\\\/www.acotv.org\\\/wp-content\\\/uploads\\\/Imatge1-3-1.jpg\",\"contentUrl\":\"https:\\\/\\\/www.acotv.org\\\/wp-content\\\/uploads\\\/Imatge1-3-1.jpg\",\"width\":700,\"height\":463},{\"@type\":\"BreadcrumbList\",\"@id\":\"https:\\\/\\\/www.acotv.org\\\/es\\\/cuando-y-por-que-es-importante-revisar-la-vista-a-los-ninos\\\/#breadcrumb\",\"itemListElement\":[{\"@type\":\"ListItem\",\"position\":1,\"name\":\"Portada\",\"item\":\"https:\\\/\\\/www.acotv.org\\\/es\\\/\"},{\"@type\":\"ListItem\",\"position\":2,\"name\":\"\u00bfCUANDO Y POR QU\u00c9 ES IMPORTANTE REVISAR LA VISTA A LOS NI\u00d1OS?\"}]},{\"@type\":\"WebSite\",\"@id\":\"https:\\\/\\\/www.acotv.org\\\/ca\\\/#website\",\"url\":\"https:\\\/\\\/www.acotv.org\\\/ca\\\/\",\"name\":\"Asociaci\u00f3n Catalana de Optometr\u00eda y Terapia Visual\",\"description\":\"\",\"potentialAction\":[{\"@type\":\"SearchAction\",\"target\":{\"@type\":\"EntryPoint\",\"urlTemplate\":\"https:\\\/\\\/www.acotv.org\\\/ca\\\/?s={search_term_string}\"},\"query-input\":{\"@type\":\"PropertyValueSpecification\",\"valueRequired\":true,\"valueName\":\"search_term_string\"}}],\"inLanguage\":\"es\"},{\"@type\":\"Person\",\"@id\":\"https:\\\/\\\/www.acotv.org\\\/ca\\\/#\\\/schema\\\/person\\\/0de470fec1dbf9785a7343042d765744\",\"name\":\"ACOTV\",\"image\":{\"@type\":\"ImageObject\",\"inLanguage\":\"es\",\"@id\":\"https:\\\/\\\/www.acotv.org\\\/wp-content\\\/uploads\\\/Logo-petit-150x150.jpg\",\"url\":\"https:\\\/\\\/www.acotv.org\\\/wp-content\\\/uploads\\\/Logo-petit-150x150.jpg\",\"contentUrl\":\"https:\\\/\\\/www.acotv.org\\\/wp-content\\\/uploads\\\/Logo-petit-150x150.jpg\",\"caption\":\"ACOTV\"},\"url\":\"https:\\\/\\\/www.acotv.org\\\/es\\\/author\\\/acotv\\\/\"}]}<\/script>\n<!-- \/ Yoast SEO plugin. -->","yoast_head_json":{"title":"\u00bfCUANDO Y POR QU\u00c9 ES IMPORTANTE REVISAR LA VISTA A LOS NI\u00d1OS? - Asociaci\u00f3n Catalana de Optometr\u00eda y Terapia Visual","robots":{"index":"index","follow":"follow","max-snippet":"max-snippet:-1","max-image-preview":"max-image-preview:large","max-video-preview":"max-video-preview:-1"},"canonical":"https:\/\/www.acotv.org\/es\/cuando-y-por-que-es-importante-revisar-la-vista-a-los-ninos\/","og_locale":"es_ES","og_type":"article","og_title":"\u00bfCUANDO Y POR QU\u00c9 ES IMPORTANTE REVISAR LA VISTA A LOS NI\u00d1OS? - Asociaci\u00f3n Catalana de Optometr\u00eda y Terapia Visual","og_description":"La infancia est\u00e1 caracterizada por un r\u00e1pido desarrollo f\u00edsico y neurol\u00f3gico del sistema visual. De ah\u00ed la importancia de un [&hellip;]","og_url":"https:\/\/www.acotv.org\/es\/cuando-y-por-que-es-importante-revisar-la-vista-a-los-ninos\/","og_site_name":"Asociaci\u00f3n Catalana de Optometr\u00eda y Terapia Visual","article_published_time":"2019-12-24T09:09:00+00:00","article_modified_time":"2022-03-31T20:20:10+00:00","og_image":[{"width":700,"height":463,"url":"https:\/\/www.acotv.org\/wp-content\/uploads\/Imatge1-3-1.jpg","type":"image\/jpeg"}],"author":"ACOTV","twitter_card":"summary_large_image","twitter_misc":{"Escrito por":"ACOTV","Tiempo de lectura":"2 minutos"},"schema":{"@context":"https:\/\/schema.org","@graph":[{"@type":"Article","@id":"https:\/\/www.acotv.org\/es\/cuando-y-por-que-es-importante-revisar-la-vista-a-los-ninos\/#article","isPartOf":{"@id":"https:\/\/www.acotv.org\/es\/cuando-y-por-que-es-importante-revisar-la-vista-a-los-ninos\/"},"author":{"name":"ACOTV","@id":"https:\/\/www.acotv.org\/ca\/#\/schema\/person\/0de470fec1dbf9785a7343042d765744"},"headline":"\u00bfCUANDO Y POR QU\u00c9 ES IMPORTANTE REVISAR LA VISTA A LOS NI\u00d1OS?","datePublished":"2019-12-24T09:09:00+00:00","dateModified":"2022-03-31T20:20:10+00:00","mainEntityOfPage":{"@id":"https:\/\/www.acotv.org\/es\/cuando-y-por-que-es-importante-revisar-la-vista-a-los-ninos\/"},"wordCount":491,"commentCount":0,"image":{"@id":"https:\/\/www.acotv.org\/es\/cuando-y-por-que-es-importante-revisar-la-vista-a-los-ninos\/#primaryimage"},"thumbnailUrl":"https:\/\/www.acotv.org\/wp-content\/uploads\/Imatge1-3-1.jpg","keywords":["Optometria","salutvisual"],"articleSection":["Bloc","Blog"],"inLanguage":"es","potentialAction":[{"@type":"CommentAction","name":"Comment","target":["https:\/\/www.acotv.org\/es\/cuando-y-por-que-es-importante-revisar-la-vista-a-los-ninos\/#respond"]}]},{"@type":"WebPage","@id":"https:\/\/www.acotv.org\/es\/cuando-y-por-que-es-importante-revisar-la-vista-a-los-ninos\/","url":"https:\/\/www.acotv.org\/es\/cuando-y-por-que-es-importante-revisar-la-vista-a-los-ninos\/","name":"\u00bfCUANDO Y POR QU\u00c9 ES IMPORTANTE REVISAR LA VISTA A LOS NI\u00d1OS? - Asociaci\u00f3n Catalana de Optometr\u00eda y Terapia Visual","isPartOf":{"@id":"https:\/\/www.acotv.org\/ca\/#website"},"primaryImageOfPage":{"@id":"https:\/\/www.acotv.org\/es\/cuando-y-por-que-es-importante-revisar-la-vista-a-los-ninos\/#primaryimage"},"image":{"@id":"https:\/\/www.acotv.org\/es\/cuando-y-por-que-es-importante-revisar-la-vista-a-los-ninos\/#primaryimage"},"thumbnailUrl":"https:\/\/www.acotv.org\/wp-content\/uploads\/Imatge1-3-1.jpg","datePublished":"2019-12-24T09:09:00+00:00","dateModified":"2022-03-31T20:20:10+00:00","author":{"@id":"https:\/\/www.acotv.org\/ca\/#\/schema\/person\/0de470fec1dbf9785a7343042d765744"},"breadcrumb":{"@id":"https:\/\/www.acotv.org\/es\/cuando-y-por-que-es-importante-revisar-la-vista-a-los-ninos\/#breadcrumb"},"inLanguage":"es","potentialAction":[{"@type":"ReadAction","target":["https:\/\/www.acotv.org\/es\/cuando-y-por-que-es-importante-revisar-la-vista-a-los-ninos\/"]}]},{"@type":"ImageObject","inLanguage":"es","@id":"https:\/\/www.acotv.org\/es\/cuando-y-por-que-es-importante-revisar-la-vista-a-los-ninos\/#primaryimage","url":"https:\/\/www.acotv.org\/wp-content\/uploads\/Imatge1-3-1.jpg","contentUrl":"https:\/\/www.acotv.org\/wp-content\/uploads\/Imatge1-3-1.jpg","width":700,"height":463},{"@type":"BreadcrumbList","@id":"https:\/\/www.acotv.org\/es\/cuando-y-por-que-es-importante-revisar-la-vista-a-los-ninos\/#breadcrumb","itemListElement":[{"@type":"ListItem","position":1,"name":"Portada","item":"https:\/\/www.acotv.org\/es\/"},{"@type":"ListItem","position":2,"name":"\u00bfCUANDO Y POR QU\u00c9 ES IMPORTANTE REVISAR LA VISTA A LOS NI\u00d1OS?"}]},{"@type":"WebSite","@id":"https:\/\/www.acotv.org\/ca\/#website","url":"https:\/\/www.acotv.org\/ca\/","name":"Asociaci\u00f3n Catalana de Optometr\u00eda y Terapia Visual","description":"","potentialAction":[{"@type":"SearchAction","target":{"@type":"EntryPoint","urlTemplate":"https:\/\/www.acotv.org\/ca\/?s={search_term_string}"},"query-input":{"@type":"PropertyValueSpecification","valueRequired":true,"valueName":"search_term_string"}}],"inLanguage":"es"},{"@type":"Person","@id":"https:\/\/www.acotv.org\/ca\/#\/schema\/person\/0de470fec1dbf9785a7343042d765744","name":"ACOTV","image":{"@type":"ImageObject","inLanguage":"es","@id":"https:\/\/www.acotv.org\/wp-content\/uploads\/Logo-petit-150x150.jpg","url":"https:\/\/www.acotv.org\/wp-content\/uploads\/Logo-petit-150x150.jpg","contentUrl":"https:\/\/www.acotv.org\/wp-content\/uploads\/Logo-petit-150x150.jpg","caption":"ACOTV"},"url":"https:\/\/www.acotv.org\/es\/author\/acotv\/"}]}},"_links":{"self":[{"href":"https:\/\/www.acotv.org\/es\/wp-json\/wp\/v2\/posts\/1790","targetHints":{"allow":["GET"]}}],"collection":[{"href":"https:\/\/www.acotv.org\/es\/wp-json\/wp\/v2\/posts"}],"about":[{"href":"https:\/\/www.acotv.org\/es\/wp-json\/wp\/v2\/types\/post"}],"author":[{"embeddable":true,"href":"https:\/\/www.acotv.org\/es\/wp-json\/wp\/v2\/users\/2"}],"replies":[{"embeddable":true,"href":"https:\/\/www.acotv.org\/es\/wp-json\/wp\/v2\/comments?post=1790"}],"version-history":[{"count":0,"href":"https:\/\/www.acotv.org\/es\/wp-json\/wp\/v2\/posts\/1790\/revisions"}],"wp:featuredmedia":[{"embeddable":true,"href":"https:\/\/www.acotv.org\/es\/wp-json\/wp\/v2\/media\/2137"}],"wp:attachment":[{"href":"https:\/\/www.acotv.org\/es\/wp-json\/wp\/v2\/media?parent=1790"}],"wp:term":[{"taxonomy":"category","embeddable":true,"href":"https:\/\/www.acotv.org\/es\/wp-json\/wp\/v2\/categories?post=1790"},{"taxonomy":"post_tag","embeddable":true,"href":"https:\/\/www.acotv.org\/es\/wp-json\/wp\/v2\/tags?post=1790"}],"curies":[{"name":"wp","href":"https:\/\/api.w.org\/{rel}","templated":true}]}}