{"id":1782,"date":"2020-03-27T16:02:00","date_gmt":"2020-03-27T15:02:00","guid":{"rendered":"https:\/\/www.acotv.org\/?p=1782"},"modified":"2022-03-31T22:16:23","modified_gmt":"2022-03-31T20:16:23","slug":"caso-de-rehabilitacion-con-terapia-visual","status":"publish","type":"post","link":"https:\/\/www.acotv.org\/es\/caso-de-rehabilitacion-con-terapia-visual\/","title":{"rendered":"CASO DE REHABILITACI\u00d3N CON TERAPIA VISUAL"},"content":{"rendered":"\n<p class=\"has-medium-font-size wp-block-paragraph\"><strong>\u00abRehabilitaci\u00f3n con Terapia Visual en espacio abierto para defectos adquiridos del campo visual\u00bb.<\/strong><\/p>\n\n\n\n<p class=\"wp-block-paragraph\"><strong>La terapia visual optom\u00e9trica (OVT) parece ser un prometedor m\u00e9todo de rehabilitaci\u00f3n, especialmente para pacientes jovenes con da\u00f1o cerebral adquirido.<\/strong><\/p>\n\n\n\n<p class=\"has-text-color wp-block-paragraph\" style=\"color:#008ad0\"><strong>RESUMEN DEL ART\u00cdCULO<\/strong><\/p>\n\n\n\n<p class=\"wp-block-paragraph\"><strong>Prop\u00f3sito<\/strong><\/p>\n\n\n\n<p class=\"wp-block-paragraph\">Los defectos en el campo visual (visual field defect (VFD)) son unas de las discapacidades m\u00e1s comunes que pueden aparecer tras un da\u00f1o cerebral. Diferentes enfoques: ayudas \u00f3pticas, entrenamiento compensatorio o entrenamiento restaurativo han evaluado extensamente, sin embargo, cada una de estas terapias todav\u00eda deja mucho que desear, ya que no siempre consiguen el resultado esperado. El objetivo del presente caso es demostrar que la terapia visual optom\u00e9trica (optom\u00e9trica visi\u00f3n therapy (OVT)) en espacio abierto, habitualmente utilizada con pacientes que presentan des\u00f3rdenes de la visi\u00f3n binocular, puede ser una alternativa y eficiente tratamiento para los VFD, ya que se dirige a la integraci\u00f3n de las funciones motoras y sensoriales, con un fuerte compromiso de la atenci\u00f3n visual.<\/p>\n\n\n\n<p class=\"wp-block-paragraph\"><strong>Informe &nbsp;del caso<\/strong><\/p>\n\n\n\n<p class=\"wp-block-paragraph\">Este informe describe el caso de una joven paciente diagnosticada con un defecto de visi\u00f3n en t\u00fanel bilateral y una escasa visi\u00f3n central. Esto fue causado por un quiste en el \u00e1rea occipital.La terapia visual (OVT) fue implementada para mejorar el campo visual, y las habilidades de acomodaci\u00f3n y convergencias. Despu\u00e9s de 8 meses de terapia (25 en consulta + trabajo en casa) todos los par\u00e1metros visuales y los campos visuales estaban dentro de la normalidad.<\/p>\n\n\n\n<p class=\"wp-block-paragraph\"><strong>Conclusiones<\/strong><\/p>\n\n\n\n<p class=\"wp-block-paragraph\">La terapia visual optom\u00e9trica parece que es un prometedor m\u00e9todo de rehabilitaci\u00f3n, especialmente para pacientes j\u00f3venes con da\u00f1o cerebral adquirido. Aunque a\u00fan as\u00ed, se necesita m\u00e1s investigaci\u00f3n sobre el efecto de la terapia visual optom\u00e9trica a la ampliaci\u00f3n del campo visual.<\/p>\n\n\n\n<p class=\"wp-block-paragraph\"><strong>Palabras clave:<\/strong>&nbsp;visual field defect-VFD-(defecto del campo visual), optometric vision therapy-OVT-(terapia visual optom\u00e9trica), restoration training(entrenamiento restaurador).<\/p>\n\n\n\n<p class=\"wp-block-paragraph\"><strong>Art\u00edculo original en ingl\u00e9s<\/strong>:\u00a0<\/p>\n\n\n\n<div class=\"wp-block-file\"><a id=\"wp-block-file--media-b4dc0dbe-da5c-452e-8d0d-86eb7d01ec41\" href=\"https:\/\/www.acotv.org\/wp-content\/uploads\/1_visual-therapy-in-open-space-rehabilitationn-of-acquiredvisual-field-defect-1.pdf\" target=\"_blank\" rel=\"noreferrer noopener\">1_visual-therapy-in-open-space-rehabilitationn-of-acquiredvisual-field-defect-1<\/a><a href=\"https:\/\/www.acotv.org\/wp-content\/uploads\/1_visual-therapy-in-open-space-rehabilitationn-of-acquiredvisual-field-defect-1.pdf\" class=\"wp-block-file__button\" download aria-describedby=\"wp-block-file--media-b4dc0dbe-da5c-452e-8d0d-86eb7d01ec41\">Descarga<\/a><\/div>\n\n\n\n<p class=\"wp-block-paragraph\"><\/p>\n\n\n\n<p class=\"wp-block-paragraph\"><strong>Autoria art\u00edculo:<\/strong>\u00a0Anna Przekoracka-Krawczyk1,2,\u2020, Andrzej Michalski3 , Monika Wojtczak-Kwa\u015bniewska1,2 1 Laboratory of Vision Science and Optometry, Faculty of Physics, Adam Mickiewicz University, Poznan, Poland 2 Laboratory of Vision and Neuroscience, Nanobiomedical Centre, Adam Mickiewicz University, Poznan, Poland 3 Department of Ophthalmology, Chair of Ophthalmology and Optometry, Poznan University of Medical Sciences, Poland \u2020 Author for correspondence: Anna Przekoracka-Krawczyk, Laboratory of Vision Science and Optometry, Faculty of Physics, Adam Mickiewicz University, Umultowska 85, 61-614, Pozna\u0144, Poland, Fax: +48 61 829 5155; email:\u00a0<a href=\"mailto:ania_pk@amu.edu.pl\">ania_pk@amu.edu.pl<\/a><\/p>\n\n\n\n<p class=\"wp-block-paragraph\">Traducci\u00f3n resumen realitzado por&nbsp;<strong>Sonia Pizarro N\u00fa\u00f1ez<br><\/strong>Optometrista N\u00ba.Col.12492<br>mIembrO de la ACOTV<\/p>\n","protected":false},"excerpt":{"rendered":"<p>\u00abRehabilitaci\u00f3n con Terapia Visual en espacio abierto para defectos adquiridos del campo visual\u00bb. La terapia visual optom\u00e9trica (OVT) parece ser [&hellip;]<\/p>\n","protected":false},"author":2,"featured_media":2142,"comment_status":"open","ping_status":"open","sticky":false,"template":"","format":"standard","meta":{"ocean_front_end_style_editor":"no","ocean_post_layout":"","ocean_both_sidebars_style":"","ocean_both_sidebars_content_width":0,"ocean_both_sidebars_sidebars_width":0,"ocean_sidebar":"0","ocean_second_sidebar":"0","ocean_disable_margins":"enable","ocean_add_body_class":"","ocean_shortcode_before_top_bar":"","ocean_shortcode_after_top_bar":"","ocean_shortcode_before_header":"","ocean_shortcode_after_header":"","ocean_has_shortcode":"","ocean_shortcode_after_title":"","ocean_shortcode_before_footer_widgets":"","ocean_shortcode_after_footer_widgets":"","ocean_shortcode_before_footer_bottom":"","ocean_shortcode_after_footer_bottom":"","ocean_display_top_bar":"default","ocean_display_header":"default","ocean_header_style":"","ocean_center_header_left_menu":"0","ocean_custom_header_template":"0","ocean_custom_logo":0,"ocean_custom_retina_logo":0,"ocean_custom_logo_max_width":0,"ocean_custom_logo_tablet_max_width":0,"ocean_custom_logo_mobile_max_width":0,"ocean_custom_logo_max_height":0,"ocean_custom_logo_tablet_max_height":0,"ocean_custom_logo_mobile_max_height":0,"ocean_header_custom_menu":"0","ocean_menu_typo_font_family":"0","ocean_menu_typo_font_subset":"","ocean_menu_typo_font_size":0,"ocean_menu_typo_font_size_tablet":0,"ocean_menu_typo_font_size_mobile":0,"ocean_menu_typo_font_size_unit":"px","ocean_menu_typo_font_weight":"","ocean_menu_typo_font_weight_tablet":"","ocean_menu_typo_font_weight_mobile":"","ocean_menu_typo_transform":"","ocean_menu_typo_transform_tablet":"","ocean_menu_typo_transform_mobile":"","ocean_menu_typo_line_height":0,"ocean_menu_typo_line_height_tablet":0,"ocean_menu_typo_line_height_mobile":0,"ocean_menu_typo_line_height_unit":"","ocean_menu_typo_spacing":0,"ocean_menu_typo_spacing_tablet":0,"ocean_menu_typo_spacing_mobile":0,"ocean_menu_typo_spacing_unit":"","ocean_menu_link_color":"","ocean_menu_link_color_hover":"","ocean_menu_link_color_active":"","ocean_menu_link_background":"","ocean_menu_link_hover_background":"","ocean_menu_link_active_background":"","ocean_menu_social_links_bg":"","ocean_menu_social_hover_links_bg":"","ocean_menu_social_links_color":"","ocean_menu_social_hover_links_color":"","ocean_disable_title":"default","ocean_disable_heading":"default","ocean_post_title":"","ocean_post_subheading":"","ocean_post_title_style":"","ocean_post_title_background_color":"","ocean_post_title_background":0,"ocean_post_title_bg_image_position":"","ocean_post_title_bg_image_attachment":"","ocean_post_title_bg_image_repeat":"","ocean_post_title_bg_image_size":"","ocean_post_title_height":0,"ocean_post_title_bg_overlay":0.5,"ocean_post_title_bg_overlay_color":"","ocean_disable_breadcrumbs":"default","ocean_breadcrumbs_color":"","ocean_breadcrumbs_separator_color":"","ocean_breadcrumbs_links_color":"","ocean_breadcrumbs_links_hover_color":"","ocean_display_footer_widgets":"default","ocean_display_footer_bottom":"default","ocean_custom_footer_template":"0","ocean_post_oembed":"","ocean_post_self_hosted_media":"","ocean_post_video_embed":"","ocean_link_format":"","ocean_link_format_target":"self","ocean_quote_format":"","ocean_quote_format_link":"post","ocean_gallery_link_images":"off","ocean_gallery_id":[],"footnotes":""},"categories":[24,9],"tags":[66,67],"class_list":["post-1782","post","type-post","status-publish","format-standard","has-post-thumbnail","hentry","category-bloc","category-blog","tag-optometria-ca","tag-terapiavisual-ca","entry","has-media"],"yoast_head":"<!-- This site is optimized with the Yoast SEO plugin v28.4 - https:\/\/yoast.com\/product\/yoast-seo-wordpress\/ -->\n<title>CASO DE REHABILITACI\u00d3N CON TERAPIA VISUAL - Asociaci\u00f3n Catalana de Optometr\u00eda y Terapia Visual<\/title>\n<meta name=\"robots\" content=\"index, follow, max-snippet:-1, max-image-preview:large, max-video-preview:-1\" \/>\n<link rel=\"canonical\" href=\"https:\/\/www.acotv.org\/es\/caso-de-rehabilitacion-con-terapia-visual\/\" \/>\n<meta property=\"og:locale\" content=\"es_ES\" \/>\n<meta property=\"og:type\" content=\"article\" \/>\n<meta property=\"og:title\" content=\"CASO DE REHABILITACI\u00d3N CON TERAPIA VISUAL - Asociaci\u00f3n Catalana de Optometr\u00eda y Terapia Visual\" \/>\n<meta property=\"og:description\" content=\"\u00abRehabilitaci\u00f3n con Terapia Visual en espacio abierto para defectos adquiridos del campo visual\u00bb. La terapia visual optom\u00e9trica (OVT) parece ser [&hellip;]\" \/>\n<meta property=\"og:url\" content=\"https:\/\/www.acotv.org\/es\/caso-de-rehabilitacion-con-terapia-visual\/\" \/>\n<meta property=\"og:site_name\" content=\"Asociaci\u00f3n Catalana de Optometr\u00eda y Terapia Visual\" \/>\n<meta property=\"article:published_time\" content=\"2020-03-27T15:02:00+00:00\" \/>\n<meta property=\"article:modified_time\" content=\"2022-03-31T20:16:23+00:00\" \/>\n<meta property=\"og:image\" content=\"https:\/\/www.acotv.org\/wp-content\/uploads\/imatge3-1-1.jpg\" \/>\n\t<meta property=\"og:image:width\" content=\"700\" \/>\n\t<meta property=\"og:image:height\" content=\"466\" \/>\n\t<meta property=\"og:image:type\" content=\"image\/jpeg\" \/>\n<meta name=\"author\" content=\"ACOTV\" \/>\n<meta name=\"twitter:card\" content=\"summary_large_image\" \/>\n<meta name=\"twitter:label1\" content=\"Escrito por\" \/>\n\t<meta name=\"twitter:data1\" content=\"ACOTV\" \/>\n\t<meta name=\"twitter:label2\" content=\"Tiempo de lectura\" \/>\n\t<meta name=\"twitter:data2\" content=\"2 minutos\" \/>\n<script type=\"application\/ld+json\" class=\"yoast-schema-graph\">{\"@context\":\"https:\\\/\\\/schema.org\",\"@graph\":[{\"@type\":\"Article\",\"@id\":\"https:\\\/\\\/www.acotv.org\\\/es\\\/caso-de-rehabilitacion-con-terapia-visual\\\/#article\",\"isPartOf\":{\"@id\":\"https:\\\/\\\/www.acotv.org\\\/es\\\/caso-de-rehabilitacion-con-terapia-visual\\\/\"},\"author\":{\"name\":\"ACOTV\",\"@id\":\"https:\\\/\\\/www.acotv.org\\\/ca\\\/#\\\/schema\\\/person\\\/0de470fec1dbf9785a7343042d765744\"},\"headline\":\"CASO DE REHABILITACI\u00d3N CON TERAPIA VISUAL\",\"datePublished\":\"2020-03-27T15:02:00+00:00\",\"dateModified\":\"2022-03-31T20:16:23+00:00\",\"mainEntityOfPage\":{\"@id\":\"https:\\\/\\\/www.acotv.org\\\/es\\\/caso-de-rehabilitacion-con-terapia-visual\\\/\"},\"wordCount\":438,\"commentCount\":0,\"image\":{\"@id\":\"https:\\\/\\\/www.acotv.org\\\/es\\\/caso-de-rehabilitacion-con-terapia-visual\\\/#primaryimage\"},\"thumbnailUrl\":\"https:\\\/\\\/www.acotv.org\\\/wp-content\\\/uploads\\\/imatge3-1-1.jpg\",\"keywords\":[\"Optometria\",\"TerapiaVisual\"],\"articleSection\":[\"Bloc\",\"Blog\"],\"inLanguage\":\"es\",\"potentialAction\":[{\"@type\":\"CommentAction\",\"name\":\"Comment\",\"target\":[\"https:\\\/\\\/www.acotv.org\\\/es\\\/caso-de-rehabilitacion-con-terapia-visual\\\/#respond\"]}]},{\"@type\":\"WebPage\",\"@id\":\"https:\\\/\\\/www.acotv.org\\\/es\\\/caso-de-rehabilitacion-con-terapia-visual\\\/\",\"url\":\"https:\\\/\\\/www.acotv.org\\\/es\\\/caso-de-rehabilitacion-con-terapia-visual\\\/\",\"name\":\"CASO DE REHABILITACI\u00d3N CON TERAPIA VISUAL - Asociaci\u00f3n Catalana de Optometr\u00eda y Terapia Visual\",\"isPartOf\":{\"@id\":\"https:\\\/\\\/www.acotv.org\\\/ca\\\/#website\"},\"primaryImageOfPage\":{\"@id\":\"https:\\\/\\\/www.acotv.org\\\/es\\\/caso-de-rehabilitacion-con-terapia-visual\\\/#primaryimage\"},\"image\":{\"@id\":\"https:\\\/\\\/www.acotv.org\\\/es\\\/caso-de-rehabilitacion-con-terapia-visual\\\/#primaryimage\"},\"thumbnailUrl\":\"https:\\\/\\\/www.acotv.org\\\/wp-content\\\/uploads\\\/imatge3-1-1.jpg\",\"datePublished\":\"2020-03-27T15:02:00+00:00\",\"dateModified\":\"2022-03-31T20:16:23+00:00\",\"author\":{\"@id\":\"https:\\\/\\\/www.acotv.org\\\/ca\\\/#\\\/schema\\\/person\\\/0de470fec1dbf9785a7343042d765744\"},\"breadcrumb\":{\"@id\":\"https:\\\/\\\/www.acotv.org\\\/es\\\/caso-de-rehabilitacion-con-terapia-visual\\\/#breadcrumb\"},\"inLanguage\":\"es\",\"potentialAction\":[{\"@type\":\"ReadAction\",\"target\":[\"https:\\\/\\\/www.acotv.org\\\/es\\\/caso-de-rehabilitacion-con-terapia-visual\\\/\"]}]},{\"@type\":\"ImageObject\",\"inLanguage\":\"es\",\"@id\":\"https:\\\/\\\/www.acotv.org\\\/es\\\/caso-de-rehabilitacion-con-terapia-visual\\\/#primaryimage\",\"url\":\"https:\\\/\\\/www.acotv.org\\\/wp-content\\\/uploads\\\/imatge3-1-1.jpg\",\"contentUrl\":\"https:\\\/\\\/www.acotv.org\\\/wp-content\\\/uploads\\\/imatge3-1-1.jpg\",\"width\":700,\"height\":466},{\"@type\":\"BreadcrumbList\",\"@id\":\"https:\\\/\\\/www.acotv.org\\\/es\\\/caso-de-rehabilitacion-con-terapia-visual\\\/#breadcrumb\",\"itemListElement\":[{\"@type\":\"ListItem\",\"position\":1,\"name\":\"Portada\",\"item\":\"https:\\\/\\\/www.acotv.org\\\/es\\\/\"},{\"@type\":\"ListItem\",\"position\":2,\"name\":\"CASO DE REHABILITACI\u00d3N CON TERAPIA VISUAL\"}]},{\"@type\":\"WebSite\",\"@id\":\"https:\\\/\\\/www.acotv.org\\\/ca\\\/#website\",\"url\":\"https:\\\/\\\/www.acotv.org\\\/ca\\\/\",\"name\":\"Asociaci\u00f3n Catalana de Optometr\u00eda y Terapia Visual\",\"description\":\"\",\"potentialAction\":[{\"@type\":\"SearchAction\",\"target\":{\"@type\":\"EntryPoint\",\"urlTemplate\":\"https:\\\/\\\/www.acotv.org\\\/ca\\\/?s={search_term_string}\"},\"query-input\":{\"@type\":\"PropertyValueSpecification\",\"valueRequired\":true,\"valueName\":\"search_term_string\"}}],\"inLanguage\":\"es\"},{\"@type\":\"Person\",\"@id\":\"https:\\\/\\\/www.acotv.org\\\/ca\\\/#\\\/schema\\\/person\\\/0de470fec1dbf9785a7343042d765744\",\"name\":\"ACOTV\",\"image\":{\"@type\":\"ImageObject\",\"inLanguage\":\"es\",\"@id\":\"https:\\\/\\\/www.acotv.org\\\/wp-content\\\/uploads\\\/Logo-petit-150x150.jpg\",\"url\":\"https:\\\/\\\/www.acotv.org\\\/wp-content\\\/uploads\\\/Logo-petit-150x150.jpg\",\"contentUrl\":\"https:\\\/\\\/www.acotv.org\\\/wp-content\\\/uploads\\\/Logo-petit-150x150.jpg\",\"caption\":\"ACOTV\"},\"url\":\"https:\\\/\\\/www.acotv.org\\\/es\\\/author\\\/acotv\\\/\"}]}<\/script>\n<!-- \/ Yoast SEO plugin. -->","yoast_head_json":{"title":"CASO DE REHABILITACI\u00d3N CON TERAPIA VISUAL - Asociaci\u00f3n Catalana de Optometr\u00eda y Terapia Visual","robots":{"index":"index","follow":"follow","max-snippet":"max-snippet:-1","max-image-preview":"max-image-preview:large","max-video-preview":"max-video-preview:-1"},"canonical":"https:\/\/www.acotv.org\/es\/caso-de-rehabilitacion-con-terapia-visual\/","og_locale":"es_ES","og_type":"article","og_title":"CASO DE REHABILITACI\u00d3N CON TERAPIA VISUAL - Asociaci\u00f3n Catalana de Optometr\u00eda y Terapia Visual","og_description":"\u00abRehabilitaci\u00f3n con Terapia Visual en espacio abierto para defectos adquiridos del campo visual\u00bb. La terapia visual optom\u00e9trica (OVT) parece ser [&hellip;]","og_url":"https:\/\/www.acotv.org\/es\/caso-de-rehabilitacion-con-terapia-visual\/","og_site_name":"Asociaci\u00f3n Catalana de Optometr\u00eda y Terapia Visual","article_published_time":"2020-03-27T15:02:00+00:00","article_modified_time":"2022-03-31T20:16:23+00:00","og_image":[{"width":700,"height":466,"url":"https:\/\/www.acotv.org\/wp-content\/uploads\/imatge3-1-1.jpg","type":"image\/jpeg"}],"author":"ACOTV","twitter_card":"summary_large_image","twitter_misc":{"Escrito por":"ACOTV","Tiempo de lectura":"2 minutos"},"schema":{"@context":"https:\/\/schema.org","@graph":[{"@type":"Article","@id":"https:\/\/www.acotv.org\/es\/caso-de-rehabilitacion-con-terapia-visual\/#article","isPartOf":{"@id":"https:\/\/www.acotv.org\/es\/caso-de-rehabilitacion-con-terapia-visual\/"},"author":{"name":"ACOTV","@id":"https:\/\/www.acotv.org\/ca\/#\/schema\/person\/0de470fec1dbf9785a7343042d765744"},"headline":"CASO DE REHABILITACI\u00d3N CON TERAPIA VISUAL","datePublished":"2020-03-27T15:02:00+00:00","dateModified":"2022-03-31T20:16:23+00:00","mainEntityOfPage":{"@id":"https:\/\/www.acotv.org\/es\/caso-de-rehabilitacion-con-terapia-visual\/"},"wordCount":438,"commentCount":0,"image":{"@id":"https:\/\/www.acotv.org\/es\/caso-de-rehabilitacion-con-terapia-visual\/#primaryimage"},"thumbnailUrl":"https:\/\/www.acotv.org\/wp-content\/uploads\/imatge3-1-1.jpg","keywords":["Optometria","TerapiaVisual"],"articleSection":["Bloc","Blog"],"inLanguage":"es","potentialAction":[{"@type":"CommentAction","name":"Comment","target":["https:\/\/www.acotv.org\/es\/caso-de-rehabilitacion-con-terapia-visual\/#respond"]}]},{"@type":"WebPage","@id":"https:\/\/www.acotv.org\/es\/caso-de-rehabilitacion-con-terapia-visual\/","url":"https:\/\/www.acotv.org\/es\/caso-de-rehabilitacion-con-terapia-visual\/","name":"CASO DE REHABILITACI\u00d3N CON TERAPIA VISUAL - Asociaci\u00f3n Catalana de Optometr\u00eda y Terapia Visual","isPartOf":{"@id":"https:\/\/www.acotv.org\/ca\/#website"},"primaryImageOfPage":{"@id":"https:\/\/www.acotv.org\/es\/caso-de-rehabilitacion-con-terapia-visual\/#primaryimage"},"image":{"@id":"https:\/\/www.acotv.org\/es\/caso-de-rehabilitacion-con-terapia-visual\/#primaryimage"},"thumbnailUrl":"https:\/\/www.acotv.org\/wp-content\/uploads\/imatge3-1-1.jpg","datePublished":"2020-03-27T15:02:00+00:00","dateModified":"2022-03-31T20:16:23+00:00","author":{"@id":"https:\/\/www.acotv.org\/ca\/#\/schema\/person\/0de470fec1dbf9785a7343042d765744"},"breadcrumb":{"@id":"https:\/\/www.acotv.org\/es\/caso-de-rehabilitacion-con-terapia-visual\/#breadcrumb"},"inLanguage":"es","potentialAction":[{"@type":"ReadAction","target":["https:\/\/www.acotv.org\/es\/caso-de-rehabilitacion-con-terapia-visual\/"]}]},{"@type":"ImageObject","inLanguage":"es","@id":"https:\/\/www.acotv.org\/es\/caso-de-rehabilitacion-con-terapia-visual\/#primaryimage","url":"https:\/\/www.acotv.org\/wp-content\/uploads\/imatge3-1-1.jpg","contentUrl":"https:\/\/www.acotv.org\/wp-content\/uploads\/imatge3-1-1.jpg","width":700,"height":466},{"@type":"BreadcrumbList","@id":"https:\/\/www.acotv.org\/es\/caso-de-rehabilitacion-con-terapia-visual\/#breadcrumb","itemListElement":[{"@type":"ListItem","position":1,"name":"Portada","item":"https:\/\/www.acotv.org\/es\/"},{"@type":"ListItem","position":2,"name":"CASO DE REHABILITACI\u00d3N CON TERAPIA VISUAL"}]},{"@type":"WebSite","@id":"https:\/\/www.acotv.org\/ca\/#website","url":"https:\/\/www.acotv.org\/ca\/","name":"Asociaci\u00f3n Catalana de Optometr\u00eda y Terapia Visual","description":"","potentialAction":[{"@type":"SearchAction","target":{"@type":"EntryPoint","urlTemplate":"https:\/\/www.acotv.org\/ca\/?s={search_term_string}"},"query-input":{"@type":"PropertyValueSpecification","valueRequired":true,"valueName":"search_term_string"}}],"inLanguage":"es"},{"@type":"Person","@id":"https:\/\/www.acotv.org\/ca\/#\/schema\/person\/0de470fec1dbf9785a7343042d765744","name":"ACOTV","image":{"@type":"ImageObject","inLanguage":"es","@id":"https:\/\/www.acotv.org\/wp-content\/uploads\/Logo-petit-150x150.jpg","url":"https:\/\/www.acotv.org\/wp-content\/uploads\/Logo-petit-150x150.jpg","contentUrl":"https:\/\/www.acotv.org\/wp-content\/uploads\/Logo-petit-150x150.jpg","caption":"ACOTV"},"url":"https:\/\/www.acotv.org\/es\/author\/acotv\/"}]}},"_links":{"self":[{"href":"https:\/\/www.acotv.org\/es\/wp-json\/wp\/v2\/posts\/1782","targetHints":{"allow":["GET"]}}],"collection":[{"href":"https:\/\/www.acotv.org\/es\/wp-json\/wp\/v2\/posts"}],"about":[{"href":"https:\/\/www.acotv.org\/es\/wp-json\/wp\/v2\/types\/post"}],"author":[{"embeddable":true,"href":"https:\/\/www.acotv.org\/es\/wp-json\/wp\/v2\/users\/2"}],"replies":[{"embeddable":true,"href":"https:\/\/www.acotv.org\/es\/wp-json\/wp\/v2\/comments?post=1782"}],"version-history":[{"count":0,"href":"https:\/\/www.acotv.org\/es\/wp-json\/wp\/v2\/posts\/1782\/revisions"}],"wp:featuredmedia":[{"embeddable":true,"href":"https:\/\/www.acotv.org\/es\/wp-json\/wp\/v2\/media\/2142"}],"wp:attachment":[{"href":"https:\/\/www.acotv.org\/es\/wp-json\/wp\/v2\/media?parent=1782"}],"wp:term":[{"taxonomy":"category","embeddable":true,"href":"https:\/\/www.acotv.org\/es\/wp-json\/wp\/v2\/categories?post=1782"},{"taxonomy":"post_tag","embeddable":true,"href":"https:\/\/www.acotv.org\/es\/wp-json\/wp\/v2\/tags?post=1782"}],"curies":[{"name":"wp","href":"https:\/\/api.w.org\/{rel}","templated":true}]}}