{"id":1761,"date":"2020-06-30T14:38:00","date_gmt":"2020-06-30T12:38:00","guid":{"rendered":"https:\/\/www.acotv.org\/?p=1761"},"modified":"2022-03-31T22:03:29","modified_gmt":"2022-03-31T20:03:29","slug":"caso-clinico-de-terapia-visual-2nt-2020","status":"publish","type":"post","link":"https:\/\/www.acotv.org\/es\/caso-clinico-de-terapia-visual-2nt-2020\/","title":{"rendered":"CASO CL\u00cdNICO DE TERAPIA VISUAL 2NT 2020"},"content":{"rendered":"\n<figure class=\"wp-block-image size-full\"><img fetchpriority=\"high\" decoding=\"async\" width=\"700\" height=\"393\" src=\"https:\/\/www.acotv.org\/wp-content\/uploads\/imatge8.jpg\" alt=\"\" class=\"wp-image-1762\" srcset=\"https:\/\/www.acotv.org\/wp-content\/uploads\/imatge8.jpg 700w, https:\/\/www.acotv.org\/wp-content\/uploads\/imatge8-300x168.jpg 300w\" sizes=\"(max-width: 700px) 100vw, 700px\" \/><figcaption>N.Domenech -Centre \u00d2ptic L&#8217;Esguard-<\/figcaption><\/figure>\n\n\n\n<p class=\"has-text-color wp-block-paragraph\" style=\"color:#008ad0\"><strong>Paciente con problemas de aprendizaje y de la visi\u00f3n binocular<\/strong><\/p>\n\n\n\n<p class=\"wp-block-paragraph\"><strong>Detr\u00e1s de cualquier dificultad del aprendizaje hay un problema complejo en el que pueden intervenir otros factores que implican un abordaje interdisciplinario.<\/strong><\/p>\n\n\n\n<p class=\"wp-block-paragraph\">En este caso cl\u00ednico el paciente presenta dificultades en la lectoescritura. Est\u00e1 llevando a cabo tratamiento con la logopeda y la psicopedagoga. Se realiza un examen optom\u00e9trico completo, donde se eval\u00faa la eficacia visual, las habilidades perceptivas y auditivas del ni\u00f1o (a trav\u00e9s del test auditivo Sena) as\u00ed como un examen del desarrollo motor (reflejos primitivos) para comprobar si estas habilidades pueden influir tambi\u00e9n en el rendimiento escolar del ni\u00f1o.<\/p>\n\n\n\n<p class=\"wp-block-paragraph\">Como primera opci\u00f3n se realiza el tratamiento de neuroestimulaci\u00f3n auditiva SENA y luego se valora el cambio generado en el sistema visual y auditivo. Una vez confirmado en la evaluaci\u00f3n interaural que presenta una orientaci\u00f3n espacial, unas funciones hemisf\u00e9ricas del lenguaje y una coordinaci\u00f3n motora correctas, se inicia terapia visual para trabajar: motilidad ocular, la acomodaci\u00f3n, el enfoque visual y el desarrollo motor del ni\u00f1o (reflejos primitivos).<\/p>\n\n\n\n<p class=\"wp-block-paragraph\">Finalmente se han alcanzado los objetivos propuestos y se ha normalizado la velocidad y compresi\u00f3n lectora a la edad del ni\u00f1o.<\/p>\n\n\n\n<p class=\"wp-block-paragraph\"><strong>CASO COMPLETO:\u00a0<\/strong><\/p>\n\n\n\n<div class=\"wp-block-file\"><a id=\"wp-block-file--media-bae4124d-49a7-4921-94a4-2abe079dccd0\" href=\"https:\/\/www.acotv.org\/wp-content\/uploads\/0_cas-clinic-062020-1.pdf\" target=\"_blank\" rel=\"noreferrer noopener\">Cas cl\u00ednic<\/a><a href=\"https:\/\/www.acotv.org\/wp-content\/uploads\/0_cas-clinic-062020-1.pdf\" class=\"wp-block-file__button\" download aria-describedby=\"wp-block-file--media-bae4124d-49a7-4921-94a4-2abe079dccd0\">Descarga<\/a><\/div>\n\n\n\n<p class=\"wp-block-paragraph\"><\/p>\n\n\n\n<p class=\"wp-block-paragraph\">Caso de la Optometrista <strong>N\u00faria Domenech Sabat\u00e9<\/strong><br>Optometrista N\u00ba.Col.22054<br>miembro de la ACOTV<\/p>\n\n\n\n<p class=\"wp-block-paragraph\">Presentaci\u00f3n resumen realitzado por <strong>Rocio Villena Requena<\/strong><br>Optometrista N\u00ba.Col.3707<br>miembro de la ACOTV<\/p>\n","protected":false},"excerpt":{"rendered":"<p>Paciente con problemas de aprendizaje y de la visi\u00f3n binocular Detr\u00e1s de cualquier dificultad del aprendizaje hay un problema complejo [&hellip;]<\/p>\n","protected":false},"author":2,"featured_media":2154,"comment_status":"open","ping_status":"open","sticky":false,"template":"","format":"standard","meta":{"ocean_front_end_style_editor":"no","ocean_post_layout":"","ocean_both_sidebars_style":"","ocean_both_sidebars_content_width":0,"ocean_both_sidebars_sidebars_width":0,"ocean_sidebar":"0","ocean_second_sidebar":"0","ocean_disable_margins":"enable","ocean_add_body_class":"","ocean_shortcode_before_top_bar":"","ocean_shortcode_after_top_bar":"","ocean_shortcode_before_header":"","ocean_shortcode_after_header":"","ocean_has_shortcode":"","ocean_shortcode_after_title":"","ocean_shortcode_before_footer_widgets":"","ocean_shortcode_after_footer_widgets":"","ocean_shortcode_before_footer_bottom":"","ocean_shortcode_after_footer_bottom":"","ocean_display_top_bar":"default","ocean_display_header":"default","ocean_header_style":"","ocean_center_header_left_menu":"0","ocean_custom_header_template":"0","ocean_custom_logo":0,"ocean_custom_retina_logo":0,"ocean_custom_logo_max_width":0,"ocean_custom_logo_tablet_max_width":0,"ocean_custom_logo_mobile_max_width":0,"ocean_custom_logo_max_height":0,"ocean_custom_logo_tablet_max_height":0,"ocean_custom_logo_mobile_max_height":0,"ocean_header_custom_menu":"0","ocean_menu_typo_font_family":"0","ocean_menu_typo_font_subset":"","ocean_menu_typo_font_size":0,"ocean_menu_typo_font_size_tablet":0,"ocean_menu_typo_font_size_mobile":0,"ocean_menu_typo_font_size_unit":"px","ocean_menu_typo_font_weight":"","ocean_menu_typo_font_weight_tablet":"","ocean_menu_typo_font_weight_mobile":"","ocean_menu_typo_transform":"","ocean_menu_typo_transform_tablet":"","ocean_menu_typo_transform_mobile":"","ocean_menu_typo_line_height":0,"ocean_menu_typo_line_height_tablet":0,"ocean_menu_typo_line_height_mobile":0,"ocean_menu_typo_line_height_unit":"","ocean_menu_typo_spacing":0,"ocean_menu_typo_spacing_tablet":0,"ocean_menu_typo_spacing_mobile":0,"ocean_menu_typo_spacing_unit":"","ocean_menu_link_color":"","ocean_menu_link_color_hover":"","ocean_menu_link_color_active":"","ocean_menu_link_background":"","ocean_menu_link_hover_background":"","ocean_menu_link_active_background":"","ocean_menu_social_links_bg":"","ocean_menu_social_hover_links_bg":"","ocean_menu_social_links_color":"","ocean_menu_social_hover_links_color":"","ocean_disable_title":"default","ocean_disable_heading":"default","ocean_post_title":"","ocean_post_subheading":"","ocean_post_title_style":"","ocean_post_title_background_color":"","ocean_post_title_background":0,"ocean_post_title_bg_image_position":"","ocean_post_title_bg_image_attachment":"","ocean_post_title_bg_image_repeat":"","ocean_post_title_bg_image_size":"","ocean_post_title_height":0,"ocean_post_title_bg_overlay":0.5,"ocean_post_title_bg_overlay_color":"","ocean_disable_breadcrumbs":"default","ocean_breadcrumbs_color":"","ocean_breadcrumbs_separator_color":"","ocean_breadcrumbs_links_color":"","ocean_breadcrumbs_links_hover_color":"","ocean_display_footer_widgets":"default","ocean_display_footer_bottom":"default","ocean_custom_footer_template":"0","ocean_post_oembed":"","ocean_post_self_hosted_media":"","ocean_post_video_embed":"","ocean_link_format":"","ocean_link_format_target":"self","ocean_quote_format":"","ocean_quote_format_link":"post","ocean_gallery_link_images":"off","ocean_gallery_id":[],"footnotes":""},"categories":[9],"tags":[60,61],"class_list":["post-1761","post","type-post","status-publish","format-standard","has-post-thumbnail","hentry","category-blog","tag-optometria","tag-terapiavisual","entry","has-media"],"yoast_head":"<!-- This site is optimized with the Yoast SEO plugin v28.4 - https:\/\/yoast.com\/product\/yoast-seo-wordpress\/ -->\n<title>CASO CL\u00cdNICO DE TERAPIA VISUAL 2NT 2020 - Asociaci\u00f3n Catalana de Optometr\u00eda y Terapia Visual<\/title>\n<meta name=\"robots\" content=\"index, follow, max-snippet:-1, max-image-preview:large, max-video-preview:-1\" \/>\n<link rel=\"canonical\" href=\"https:\/\/www.acotv.org\/es\/caso-clinico-de-terapia-visual-2nt-2020\/\" \/>\n<meta property=\"og:locale\" content=\"es_ES\" \/>\n<meta property=\"og:type\" content=\"article\" \/>\n<meta property=\"og:title\" content=\"CASO CL\u00cdNICO DE TERAPIA VISUAL 2NT 2020 - Asociaci\u00f3n Catalana de Optometr\u00eda y Terapia Visual\" \/>\n<meta property=\"og:description\" content=\"Paciente con problemas de aprendizaje y de la visi\u00f3n binocular Detr\u00e1s de cualquier dificultad del aprendizaje hay un problema complejo [&hellip;]\" \/>\n<meta property=\"og:url\" content=\"https:\/\/www.acotv.org\/es\/caso-clinico-de-terapia-visual-2nt-2020\/\" \/>\n<meta property=\"og:site_name\" content=\"Asociaci\u00f3n Catalana de Optometr\u00eda y Terapia Visual\" \/>\n<meta property=\"article:published_time\" content=\"2020-06-30T12:38:00+00:00\" \/>\n<meta property=\"article:modified_time\" content=\"2022-03-31T20:03:29+00:00\" \/>\n<meta property=\"og:image\" content=\"https:\/\/www.acotv.org\/wp-content\/uploads\/imatge8-1.jpg\" \/>\n\t<meta property=\"og:image:width\" content=\"700\" \/>\n\t<meta property=\"og:image:height\" content=\"393\" \/>\n\t<meta property=\"og:image:type\" content=\"image\/jpeg\" \/>\n<meta name=\"author\" content=\"ACOTV\" \/>\n<meta name=\"twitter:card\" content=\"summary_large_image\" \/>\n<meta name=\"twitter:label1\" content=\"Escrito por\" \/>\n\t<meta name=\"twitter:data1\" content=\"ACOTV\" \/>\n\t<meta name=\"twitter:label2\" content=\"Tiempo de lectura\" \/>\n\t<meta name=\"twitter:data2\" content=\"2 minutos\" \/>\n<script type=\"application\/ld+json\" class=\"yoast-schema-graph\">{\"@context\":\"https:\\\/\\\/schema.org\",\"@graph\":[{\"@type\":\"Article\",\"@id\":\"https:\\\/\\\/www.acotv.org\\\/es\\\/caso-clinico-de-terapia-visual-2nt-2020\\\/#article\",\"isPartOf\":{\"@id\":\"https:\\\/\\\/www.acotv.org\\\/es\\\/caso-clinico-de-terapia-visual-2nt-2020\\\/\"},\"author\":{\"name\":\"ACOTV\",\"@id\":\"https:\\\/\\\/www.acotv.org\\\/ca\\\/#\\\/schema\\\/person\\\/0de470fec1dbf9785a7343042d765744\"},\"headline\":\"CASO CL\u00cdNICO DE TERAPIA VISUAL 2NT 2020\",\"datePublished\":\"2020-06-30T12:38:00+00:00\",\"dateModified\":\"2022-03-31T20:03:29+00:00\",\"mainEntityOfPage\":{\"@id\":\"https:\\\/\\\/www.acotv.org\\\/es\\\/caso-clinico-de-terapia-visual-2nt-2020\\\/\"},\"wordCount\":258,\"commentCount\":0,\"image\":{\"@id\":\"https:\\\/\\\/www.acotv.org\\\/es\\\/caso-clinico-de-terapia-visual-2nt-2020\\\/#primaryimage\"},\"thumbnailUrl\":\"https:\\\/\\\/www.acotv.org\\\/wp-content\\\/uploads\\\/imatge8-1.jpg\",\"keywords\":[\"Optometria\",\"TerapiaVisual\"],\"articleSection\":[\"Blog\"],\"inLanguage\":\"es\",\"potentialAction\":[{\"@type\":\"CommentAction\",\"name\":\"Comment\",\"target\":[\"https:\\\/\\\/www.acotv.org\\\/es\\\/caso-clinico-de-terapia-visual-2nt-2020\\\/#respond\"]}]},{\"@type\":\"WebPage\",\"@id\":\"https:\\\/\\\/www.acotv.org\\\/es\\\/caso-clinico-de-terapia-visual-2nt-2020\\\/\",\"url\":\"https:\\\/\\\/www.acotv.org\\\/es\\\/caso-clinico-de-terapia-visual-2nt-2020\\\/\",\"name\":\"CASO CL\u00cdNICO DE TERAPIA VISUAL 2NT 2020 - Asociaci\u00f3n Catalana de Optometr\u00eda y Terapia Visual\",\"isPartOf\":{\"@id\":\"https:\\\/\\\/www.acotv.org\\\/ca\\\/#website\"},\"primaryImageOfPage\":{\"@id\":\"https:\\\/\\\/www.acotv.org\\\/es\\\/caso-clinico-de-terapia-visual-2nt-2020\\\/#primaryimage\"},\"image\":{\"@id\":\"https:\\\/\\\/www.acotv.org\\\/es\\\/caso-clinico-de-terapia-visual-2nt-2020\\\/#primaryimage\"},\"thumbnailUrl\":\"https:\\\/\\\/www.acotv.org\\\/wp-content\\\/uploads\\\/imatge8-1.jpg\",\"datePublished\":\"2020-06-30T12:38:00+00:00\",\"dateModified\":\"2022-03-31T20:03:29+00:00\",\"author\":{\"@id\":\"https:\\\/\\\/www.acotv.org\\\/ca\\\/#\\\/schema\\\/person\\\/0de470fec1dbf9785a7343042d765744\"},\"breadcrumb\":{\"@id\":\"https:\\\/\\\/www.acotv.org\\\/es\\\/caso-clinico-de-terapia-visual-2nt-2020\\\/#breadcrumb\"},\"inLanguage\":\"es\",\"potentialAction\":[{\"@type\":\"ReadAction\",\"target\":[\"https:\\\/\\\/www.acotv.org\\\/es\\\/caso-clinico-de-terapia-visual-2nt-2020\\\/\"]}]},{\"@type\":\"ImageObject\",\"inLanguage\":\"es\",\"@id\":\"https:\\\/\\\/www.acotv.org\\\/es\\\/caso-clinico-de-terapia-visual-2nt-2020\\\/#primaryimage\",\"url\":\"https:\\\/\\\/www.acotv.org\\\/wp-content\\\/uploads\\\/imatge8-1.jpg\",\"contentUrl\":\"https:\\\/\\\/www.acotv.org\\\/wp-content\\\/uploads\\\/imatge8-1.jpg\",\"width\":700,\"height\":393},{\"@type\":\"BreadcrumbList\",\"@id\":\"https:\\\/\\\/www.acotv.org\\\/es\\\/caso-clinico-de-terapia-visual-2nt-2020\\\/#breadcrumb\",\"itemListElement\":[{\"@type\":\"ListItem\",\"position\":1,\"name\":\"Portada\",\"item\":\"https:\\\/\\\/www.acotv.org\\\/es\\\/\"},{\"@type\":\"ListItem\",\"position\":2,\"name\":\"CASO CL\u00cdNICO DE TERAPIA VISUAL 2NT 2020\"}]},{\"@type\":\"WebSite\",\"@id\":\"https:\\\/\\\/www.acotv.org\\\/ca\\\/#website\",\"url\":\"https:\\\/\\\/www.acotv.org\\\/ca\\\/\",\"name\":\"Asociaci\u00f3n Catalana de Optometr\u00eda y Terapia Visual\",\"description\":\"\",\"potentialAction\":[{\"@type\":\"SearchAction\",\"target\":{\"@type\":\"EntryPoint\",\"urlTemplate\":\"https:\\\/\\\/www.acotv.org\\\/ca\\\/?s={search_term_string}\"},\"query-input\":{\"@type\":\"PropertyValueSpecification\",\"valueRequired\":true,\"valueName\":\"search_term_string\"}}],\"inLanguage\":\"es\"},{\"@type\":\"Person\",\"@id\":\"https:\\\/\\\/www.acotv.org\\\/ca\\\/#\\\/schema\\\/person\\\/0de470fec1dbf9785a7343042d765744\",\"name\":\"ACOTV\",\"image\":{\"@type\":\"ImageObject\",\"inLanguage\":\"es\",\"@id\":\"https:\\\/\\\/www.acotv.org\\\/wp-content\\\/uploads\\\/Logo-petit-150x150.jpg\",\"url\":\"https:\\\/\\\/www.acotv.org\\\/wp-content\\\/uploads\\\/Logo-petit-150x150.jpg\",\"contentUrl\":\"https:\\\/\\\/www.acotv.org\\\/wp-content\\\/uploads\\\/Logo-petit-150x150.jpg\",\"caption\":\"ACOTV\"},\"url\":\"https:\\\/\\\/www.acotv.org\\\/es\\\/author\\\/acotv\\\/\"}]}<\/script>\n<!-- \/ Yoast SEO plugin. -->","yoast_head_json":{"title":"CASO CL\u00cdNICO DE TERAPIA VISUAL 2NT 2020 - Asociaci\u00f3n Catalana de Optometr\u00eda y Terapia Visual","robots":{"index":"index","follow":"follow","max-snippet":"max-snippet:-1","max-image-preview":"max-image-preview:large","max-video-preview":"max-video-preview:-1"},"canonical":"https:\/\/www.acotv.org\/es\/caso-clinico-de-terapia-visual-2nt-2020\/","og_locale":"es_ES","og_type":"article","og_title":"CASO CL\u00cdNICO DE TERAPIA VISUAL 2NT 2020 - Asociaci\u00f3n Catalana de Optometr\u00eda y Terapia Visual","og_description":"Paciente con problemas de aprendizaje y de la visi\u00f3n binocular Detr\u00e1s de cualquier dificultad del aprendizaje hay un problema complejo [&hellip;]","og_url":"https:\/\/www.acotv.org\/es\/caso-clinico-de-terapia-visual-2nt-2020\/","og_site_name":"Asociaci\u00f3n Catalana de Optometr\u00eda y Terapia Visual","article_published_time":"2020-06-30T12:38:00+00:00","article_modified_time":"2022-03-31T20:03:29+00:00","og_image":[{"width":700,"height":393,"url":"https:\/\/www.acotv.org\/wp-content\/uploads\/imatge8-1.jpg","type":"image\/jpeg"}],"author":"ACOTV","twitter_card":"summary_large_image","twitter_misc":{"Escrito por":"ACOTV","Tiempo de lectura":"2 minutos"},"schema":{"@context":"https:\/\/schema.org","@graph":[{"@type":"Article","@id":"https:\/\/www.acotv.org\/es\/caso-clinico-de-terapia-visual-2nt-2020\/#article","isPartOf":{"@id":"https:\/\/www.acotv.org\/es\/caso-clinico-de-terapia-visual-2nt-2020\/"},"author":{"name":"ACOTV","@id":"https:\/\/www.acotv.org\/ca\/#\/schema\/person\/0de470fec1dbf9785a7343042d765744"},"headline":"CASO CL\u00cdNICO DE TERAPIA VISUAL 2NT 2020","datePublished":"2020-06-30T12:38:00+00:00","dateModified":"2022-03-31T20:03:29+00:00","mainEntityOfPage":{"@id":"https:\/\/www.acotv.org\/es\/caso-clinico-de-terapia-visual-2nt-2020\/"},"wordCount":258,"commentCount":0,"image":{"@id":"https:\/\/www.acotv.org\/es\/caso-clinico-de-terapia-visual-2nt-2020\/#primaryimage"},"thumbnailUrl":"https:\/\/www.acotv.org\/wp-content\/uploads\/imatge8-1.jpg","keywords":["Optometria","TerapiaVisual"],"articleSection":["Blog"],"inLanguage":"es","potentialAction":[{"@type":"CommentAction","name":"Comment","target":["https:\/\/www.acotv.org\/es\/caso-clinico-de-terapia-visual-2nt-2020\/#respond"]}]},{"@type":"WebPage","@id":"https:\/\/www.acotv.org\/es\/caso-clinico-de-terapia-visual-2nt-2020\/","url":"https:\/\/www.acotv.org\/es\/caso-clinico-de-terapia-visual-2nt-2020\/","name":"CASO CL\u00cdNICO DE TERAPIA VISUAL 2NT 2020 - Asociaci\u00f3n Catalana de Optometr\u00eda y Terapia Visual","isPartOf":{"@id":"https:\/\/www.acotv.org\/ca\/#website"},"primaryImageOfPage":{"@id":"https:\/\/www.acotv.org\/es\/caso-clinico-de-terapia-visual-2nt-2020\/#primaryimage"},"image":{"@id":"https:\/\/www.acotv.org\/es\/caso-clinico-de-terapia-visual-2nt-2020\/#primaryimage"},"thumbnailUrl":"https:\/\/www.acotv.org\/wp-content\/uploads\/imatge8-1.jpg","datePublished":"2020-06-30T12:38:00+00:00","dateModified":"2022-03-31T20:03:29+00:00","author":{"@id":"https:\/\/www.acotv.org\/ca\/#\/schema\/person\/0de470fec1dbf9785a7343042d765744"},"breadcrumb":{"@id":"https:\/\/www.acotv.org\/es\/caso-clinico-de-terapia-visual-2nt-2020\/#breadcrumb"},"inLanguage":"es","potentialAction":[{"@type":"ReadAction","target":["https:\/\/www.acotv.org\/es\/caso-clinico-de-terapia-visual-2nt-2020\/"]}]},{"@type":"ImageObject","inLanguage":"es","@id":"https:\/\/www.acotv.org\/es\/caso-clinico-de-terapia-visual-2nt-2020\/#primaryimage","url":"https:\/\/www.acotv.org\/wp-content\/uploads\/imatge8-1.jpg","contentUrl":"https:\/\/www.acotv.org\/wp-content\/uploads\/imatge8-1.jpg","width":700,"height":393},{"@type":"BreadcrumbList","@id":"https:\/\/www.acotv.org\/es\/caso-clinico-de-terapia-visual-2nt-2020\/#breadcrumb","itemListElement":[{"@type":"ListItem","position":1,"name":"Portada","item":"https:\/\/www.acotv.org\/es\/"},{"@type":"ListItem","position":2,"name":"CASO CL\u00cdNICO DE TERAPIA VISUAL 2NT 2020"}]},{"@type":"WebSite","@id":"https:\/\/www.acotv.org\/ca\/#website","url":"https:\/\/www.acotv.org\/ca\/","name":"Asociaci\u00f3n Catalana de Optometr\u00eda y Terapia Visual","description":"","potentialAction":[{"@type":"SearchAction","target":{"@type":"EntryPoint","urlTemplate":"https:\/\/www.acotv.org\/ca\/?s={search_term_string}"},"query-input":{"@type":"PropertyValueSpecification","valueRequired":true,"valueName":"search_term_string"}}],"inLanguage":"es"},{"@type":"Person","@id":"https:\/\/www.acotv.org\/ca\/#\/schema\/person\/0de470fec1dbf9785a7343042d765744","name":"ACOTV","image":{"@type":"ImageObject","inLanguage":"es","@id":"https:\/\/www.acotv.org\/wp-content\/uploads\/Logo-petit-150x150.jpg","url":"https:\/\/www.acotv.org\/wp-content\/uploads\/Logo-petit-150x150.jpg","contentUrl":"https:\/\/www.acotv.org\/wp-content\/uploads\/Logo-petit-150x150.jpg","caption":"ACOTV"},"url":"https:\/\/www.acotv.org\/es\/author\/acotv\/"}]}},"_links":{"self":[{"href":"https:\/\/www.acotv.org\/es\/wp-json\/wp\/v2\/posts\/1761","targetHints":{"allow":["GET"]}}],"collection":[{"href":"https:\/\/www.acotv.org\/es\/wp-json\/wp\/v2\/posts"}],"about":[{"href":"https:\/\/www.acotv.org\/es\/wp-json\/wp\/v2\/types\/post"}],"author":[{"embeddable":true,"href":"https:\/\/www.acotv.org\/es\/wp-json\/wp\/v2\/users\/2"}],"replies":[{"embeddable":true,"href":"https:\/\/www.acotv.org\/es\/wp-json\/wp\/v2\/comments?post=1761"}],"version-history":[{"count":0,"href":"https:\/\/www.acotv.org\/es\/wp-json\/wp\/v2\/posts\/1761\/revisions"}],"wp:featuredmedia":[{"embeddable":true,"href":"https:\/\/www.acotv.org\/es\/wp-json\/wp\/v2\/media\/2154"}],"wp:attachment":[{"href":"https:\/\/www.acotv.org\/es\/wp-json\/wp\/v2\/media?parent=1761"}],"wp:term":[{"taxonomy":"category","embeddable":true,"href":"https:\/\/www.acotv.org\/es\/wp-json\/wp\/v2\/categories?post=1761"},{"taxonomy":"post_tag","embeddable":true,"href":"https:\/\/www.acotv.org\/es\/wp-json\/wp\/v2\/tags?post=1761"}],"curies":[{"name":"wp","href":"https:\/\/api.w.org\/{rel}","templated":true}]}}