{"id":1758,"date":"2020-09-29T10:47:00","date_gmt":"2020-09-29T08:47:00","guid":{"rendered":"https:\/\/www.acotv.org\/la-prevencion-es-una-tarea-principal-del-optico-u-optica-optometrista\/"},"modified":"2022-03-31T21:57:21","modified_gmt":"2022-03-31T19:57:21","slug":"la-prevencion-es-una-tarea-principal-del-optico-u-optica-optometrista","status":"publish","type":"post","link":"https:\/\/www.acotv.org\/es\/la-prevencion-es-una-tarea-principal-del-optico-u-optica-optometrista\/","title":{"rendered":"LA PREVENCI\u00d3N ES UNA TAREA PRINCIPAL DEL \u00d3PTICO U \u00d3PTICA OPTOMETRISTA"},"content":{"rendered":"\n<p class=\"has-medium-font-size wp-block-paragraph\"><strong>\u00bfQu\u00e9 ocurre cuando los ojos y sus anexos est\u00e1n bien, pero tenemos molestias o no vemos del todo bien? \u00bfPodemos tener dificultades en el aprendizaje o localizaci\u00f3n espacial?<\/strong><\/p>\n\n\n\n<p class=\"wp-block-paragraph\">En este caso nos referimos a una disfunci\u00f3n en la visi\u00f3n coordinada de los dos ojos (visi\u00f3n binocular) y de las v\u00edas que llevan la informaci\u00f3n visual al cerebro, que en ocasiones puede verse perturbada por agentes externos como las tensiones y las emociones.<\/p>\n\n\n\n<p class=\"wp-block-paragraph\">Personalmente me gusta explicar el funcionamiento del sentido de la visi\u00f3n pensando que tiene cinco capacidades o habilidades. Reconozco que no es una explicaci\u00f3n muy t\u00e9cnica, pero ayuda a entender que detr\u00e1s de los dos ojos existe todo un funcionamiento, similar a un motor de coche, con muchas y diversas piezas que deben engranar con la m\u00e1xima perfecci\u00f3n para obtener el mejor rendimiento y el adecuado funcionamiento del veh\u00edculo.<\/p>\n\n\n\n<p class=\"has-text-color wp-block-paragraph\" style=\"color:#008ad0\"><strong>Capacidades o habilidades<\/strong><\/p>\n\n\n\n<ul class=\"wp-block-list\"><li><strong>Agudeza visual:<\/strong> permite saber cu\u00e1nto ve cada ojo por separado y en cada una de las distancias de visi\u00f3n de lejos, de cerca e intermedia, y el <strong>estado refractivo<\/strong>, que permite conocer si el ojo es miope, hipermetropo, ast\u00edgm\u00e1tico y, por tanto, la necesidad de llevar o no gafas y cu\u00e1ndo es necesario utilizarlas.<\/li><li><strong>Movimientos oculomotores:<\/strong> son los efectuados por los seis m\u00fasculos que sostienen cada uno de los ojos y permiten que se muevan en cualquier direcci\u00f3n para observar los objetos, personas que tenemos a nuestro alrededor, etc. Son importantes para la lectura efectiva y precisa.<\/li><li><strong>Acomodaci\u00f3n:<\/strong> capacidad que tiene cada uno de los ojos para enfocar. El cristalino es la lente que realiza la acci\u00f3n de enfocar y desenfocar gracias a unos m\u00fasculos que se insertan en el globo ocular y mueven el iris (para dejar pasar m\u00e1s o menos luz) y el cristalino (var\u00eda su convexidad en funci\u00f3n de la distancia y del objeto que est\u00e9 mirando). Para hacernos un poco la idea, su funci\u00f3n es similar al zoom y al diafragma de una m\u00e1quina de fotografiar.<\/li><li><strong>Vergencia<\/strong>: es la capacidad o habilidad de ambos ojos para trabajar de forma coordinada. Permite mantener la atenci\u00f3n visual sostenida. Unas vergencias que no trabajen bien pueden comportar la desviaci\u00f3n de uno de los dos ojos y, por tanto, provocar estrabismo.<\/li><\/ul>\n\n\n\n<p class=\"wp-block-paragraph\">La visi\u00f3n engloba el trabajo coordinado de ambos ojos y comprende la interacci\u00f3n entre los procesos sensoriales del tacto, el sistema vestibular, el sistema auditivo y el sistema motriz. Se puede decir que el desarrollo de la visi\u00f3n es el resultado de la integraci\u00f3n de los procesos sensoriales y motrices de la persona. Estos procesos engloban las adquisiciones motrices gravitatorias, el proceso de localizaci\u00f3n del propio cuerpo en el espacio, el proceso de identificaci\u00f3n de los objetos, de personas del entorno, el proceso auditivo verbal y la visi\u00f3n. (Da Fonseca, 1988).<\/p>\n\n\n\n<figure class=\"wp-block-image size-full\"><img fetchpriority=\"high\" decoding=\"async\" width=\"700\" height=\"559\" src=\"https:\/\/www.acotv.org\/wp-content\/uploads\/imatge6.jpg\" alt=\"\" class=\"wp-image-1750\" srcset=\"https:\/\/www.acotv.org\/wp-content\/uploads\/imatge6.jpg 700w, https:\/\/www.acotv.org\/wp-content\/uploads\/imatge6-300x240.jpg 300w\" sizes=\"(max-width: 700px) 100vw, 700px\" \/><\/figure>\n\n\n\n<p class=\"wp-block-paragraph\">Las estructuras y anejos de los ojos se forman durante el embarazo, pero aprendemos a ver a partir de las experiencias vitales que tenemos desde el nacimiento hasta los 6-7 a\u00f1os de edad. Es fundamental que todo el proceso de ver se haya desarrollado lo mejor posible, porque cualquier desequilibrio entre las funciones de ambos ojos, o la disfunci\u00f3n en cualquiera o todas las habilidades y capacidades visuales, puede acarrear dificultades visuales que no requieran correcci\u00f3n \u00f3ptica, sino terapia visual para mejorar el rendimiento visual y el aprendizaje.<\/p>\n\n\n\n<p class=\"wp-block-paragraph\">En resumen, para conocer el estado de las habilidades visuales, <strong>el \u00f3ptico u \u00f3ptica optometrista<\/strong>&nbsp;<strong>especializado en visi\u00f3n binocular y terapia visual<\/strong> debe realizar un examen visual muy exhaustivo y completo del funcionamiento del sistema visual:<\/p>\n\n\n\n<ul class=\"wp-block-list\"><li>Agudeza visual (qu\u00e9 visi\u00f3n tiene, si nuestros ojos ven o no)<\/li><li>Estado refractivo (necesidad de correcci\u00f3n con gafas, lentes de contacto&#8230;)<\/li><li>Motilidad ocular (calidad de los movimientos de los ojos, importantes en la lectura)<\/li><li>Acomodaci\u00f3n (calidad de la amplitud y precisi\u00f3n del enfoque a distintas distancias)<\/li><li>Vergencia (calidad de la coordinaci\u00f3n de los ejes visuales de ambos ojos para poder ver en estereopsia)<\/li><\/ul>\n\n\n\n<figure class=\"wp-block-image size-full\"><img decoding=\"async\" width=\"700\" height=\"467\" src=\"https:\/\/www.acotv.org\/wp-content\/uploads\/imatge7.jpg\" alt=\"\" class=\"wp-image-1753\" srcset=\"https:\/\/www.acotv.org\/wp-content\/uploads\/imatge7.jpg 700w, https:\/\/www.acotv.org\/wp-content\/uploads\/imatge7-300x200.jpg 300w\" sizes=\"(max-width: 700px) 100vw, 700px\" \/><\/figure>\n\n\n\n<p class=\"wp-block-paragraph\">Por \u00faltimo, quiero recordar el dato facilitado por el Consejo General de Colegios de \u00d3pticos Optometristas (CGCOO):<\/p>\n\n\n\n<blockquote class=\"wp-block-quote is-style-large is-layout-flow wp-block-quote-is-layout-flow\" style=\"font-style:normal;font-weight:600\"><p><strong>\u00abEl 30% del fracaso escolar est\u00e1 relacionado con alteraciones de la visi\u00f3n no diagnosticadas\u00bb.&nbsp;<\/strong><\/p><\/blockquote>\n\n\n\n<p class=\"wp-block-paragraph\"><strong>De ah\u00ed la importancia de realizar controles visuales preventivos en edades tempranas.<\/strong><\/p>\n\n\n\n<p class=\"wp-block-paragraph\">Articulo realizado por <strong>SILVIA EDO I LLOBET <\/strong><br><strong>\u00d3ptica optometrista. <\/strong><br><strong>Colegiada \u00a015.323 <\/strong><br><strong>Miembro de l\u2019Associaci\u00f3 Catalana d\u2019Optometria i Ter\u00e0pia Visual (ACOTV)<\/strong><\/p>\n\n\n\n<p class=\"wp-block-paragraph\">Adaptaci\u00f3n recogida y ampliada de la publicaci\u00f3n de Salut i Benestar <a href=\"https:\/\/pereznoesraton.com\/perez-no-es-raton\/aprende-a-cuidar-tus-ojos-con-tu-optico-optometrista\/?fbclid=IwAR2O8XAvIIyiu5YhQ0eK6XG5gDYwcYemD09UNSNS2G61uRv_UVc175oGnwE\">P\u00e9rez no es rat\u00f3n<\/a><\/p>\n","protected":false},"excerpt":{"rendered":"<p>\u00bfQu\u00e9 ocurre cuando los ojos y sus anexos est\u00e1n bien, pero tenemos molestias o no vemos del todo bien? \u00bfPodemos [&hellip;]<\/p>\n","protected":false},"author":2,"featured_media":2182,"comment_status":"open","ping_status":"open","sticky":false,"template":"","format":"standard","meta":{"ocean_front_end_style_editor":"no","ocean_post_layout":"","ocean_both_sidebars_style":"","ocean_both_sidebars_content_width":0,"ocean_both_sidebars_sidebars_width":0,"ocean_sidebar":"0","ocean_second_sidebar":"0","ocean_disable_margins":"enable","ocean_add_body_class":"","ocean_shortcode_before_top_bar":"","ocean_shortcode_after_top_bar":"","ocean_shortcode_before_header":"","ocean_shortcode_after_header":"","ocean_has_shortcode":"","ocean_shortcode_after_title":"","ocean_shortcode_before_footer_widgets":"","ocean_shortcode_after_footer_widgets":"","ocean_shortcode_before_footer_bottom":"","ocean_shortcode_after_footer_bottom":"","ocean_display_top_bar":"default","ocean_display_header":"default","ocean_header_style":"","ocean_center_header_left_menu":"0","ocean_custom_header_template":"0","ocean_custom_logo":0,"ocean_custom_retina_logo":0,"ocean_custom_logo_max_width":0,"ocean_custom_logo_tablet_max_width":0,"ocean_custom_logo_mobile_max_width":0,"ocean_custom_logo_max_height":0,"ocean_custom_logo_tablet_max_height":0,"ocean_custom_logo_mobile_max_height":0,"ocean_header_custom_menu":"0","ocean_menu_typo_font_family":"0","ocean_menu_typo_font_subset":"","ocean_menu_typo_font_size":0,"ocean_menu_typo_font_size_tablet":0,"ocean_menu_typo_font_size_mobile":0,"ocean_menu_typo_font_size_unit":"px","ocean_menu_typo_font_weight":"","ocean_menu_typo_font_weight_tablet":"","ocean_menu_typo_font_weight_mobile":"","ocean_menu_typo_transform":"","ocean_menu_typo_transform_tablet":"","ocean_menu_typo_transform_mobile":"","ocean_menu_typo_line_height":0,"ocean_menu_typo_line_height_tablet":0,"ocean_menu_typo_line_height_mobile":0,"ocean_menu_typo_line_height_unit":"","ocean_menu_typo_spacing":0,"ocean_menu_typo_spacing_tablet":0,"ocean_menu_typo_spacing_mobile":0,"ocean_menu_typo_spacing_unit":"","ocean_menu_link_color":"","ocean_menu_link_color_hover":"","ocean_menu_link_color_active":"","ocean_menu_link_background":"","ocean_menu_link_hover_background":"","ocean_menu_link_active_background":"","ocean_menu_social_links_bg":"","ocean_menu_social_hover_links_bg":"","ocean_menu_social_links_color":"","ocean_menu_social_hover_links_color":"","ocean_disable_title":"default","ocean_disable_heading":"default","ocean_post_title":"","ocean_post_subheading":"","ocean_post_title_style":"","ocean_post_title_background_color":"","ocean_post_title_background":0,"ocean_post_title_bg_image_position":"","ocean_post_title_bg_image_attachment":"","ocean_post_title_bg_image_repeat":"","ocean_post_title_bg_image_size":"","ocean_post_title_height":0,"ocean_post_title_bg_overlay":0.5,"ocean_post_title_bg_overlay_color":"","ocean_disable_breadcrumbs":"default","ocean_breadcrumbs_color":"","ocean_breadcrumbs_separator_color":"","ocean_breadcrumbs_links_color":"","ocean_breadcrumbs_links_hover_color":"","ocean_display_footer_widgets":"default","ocean_display_footer_bottom":"default","ocean_custom_footer_template":"0","ocean_post_oembed":"","ocean_post_self_hosted_media":"","ocean_post_video_embed":"","ocean_link_format":"","ocean_link_format_target":"self","ocean_quote_format":"","ocean_quote_format_link":"post","ocean_gallery_link_images":"off","ocean_gallery_id":[],"footnotes":""},"categories":[24,9],"tags":[53,60,66,74],"class_list":["post-1758","post","type-post","status-publish","format-standard","has-post-thumbnail","hentry","category-bloc","category-blog","tag-saludvisual","tag-optometria","tag-optometria-ca","tag-salutvisual-ca","entry","has-media"],"yoast_head":"<!-- This site is optimized with the Yoast SEO plugin v28.4 - https:\/\/yoast.com\/product\/yoast-seo-wordpress\/ -->\n<title>LA PREVENCI\u00d3N ES UNA TAREA PRINCIPAL DEL \u00d3PTICO U \u00d3PTICA OPTOMETRISTA - Asociaci\u00f3n Catalana de Optometr\u00eda y Terapia Visual<\/title>\n<meta name=\"robots\" content=\"index, follow, max-snippet:-1, max-image-preview:large, max-video-preview:-1\" \/>\n<link rel=\"canonical\" href=\"https:\/\/www.acotv.org\/es\/la-prevencion-es-una-tarea-principal-del-optico-u-optica-optometrista\/\" \/>\n<meta property=\"og:locale\" content=\"es_ES\" \/>\n<meta property=\"og:type\" content=\"article\" \/>\n<meta property=\"og:title\" content=\"LA PREVENCI\u00d3N ES UNA TAREA PRINCIPAL DEL \u00d3PTICO U \u00d3PTICA OPTOMETRISTA - Asociaci\u00f3n Catalana de Optometr\u00eda y Terapia Visual\" \/>\n<meta property=\"og:description\" content=\"\u00bfQu\u00e9 ocurre cuando los ojos y sus anexos est\u00e1n bien, pero tenemos molestias o no vemos del todo bien? \u00bfPodemos [&hellip;]\" \/>\n<meta property=\"og:url\" content=\"https:\/\/www.acotv.org\/es\/la-prevencion-es-una-tarea-principal-del-optico-u-optica-optometrista\/\" \/>\n<meta property=\"og:site_name\" content=\"Asociaci\u00f3n Catalana de Optometr\u00eda y Terapia Visual\" \/>\n<meta property=\"article:published_time\" content=\"2020-09-29T08:47:00+00:00\" \/>\n<meta property=\"article:modified_time\" content=\"2022-03-31T19:57:21+00:00\" \/>\n<meta property=\"og:image\" content=\"https:\/\/www.acotv.org\/wp-content\/uploads\/imatge5-2.jpg\" \/>\n\t<meta property=\"og:image:width\" content=\"700\" \/>\n\t<meta property=\"og:image:height\" content=\"466\" \/>\n\t<meta property=\"og:image:type\" content=\"image\/jpeg\" \/>\n<meta name=\"author\" content=\"ACOTV\" \/>\n<meta name=\"twitter:card\" content=\"summary_large_image\" \/>\n<meta name=\"twitter:label1\" content=\"Escrito por\" \/>\n\t<meta name=\"twitter:data1\" content=\"ACOTV\" \/>\n\t<meta name=\"twitter:label2\" content=\"Tiempo de lectura\" \/>\n\t<meta name=\"twitter:data2\" content=\"4 minutos\" \/>\n<script type=\"application\/ld+json\" class=\"yoast-schema-graph\">{\"@context\":\"https:\\\/\\\/schema.org\",\"@graph\":[{\"@type\":\"Article\",\"@id\":\"https:\\\/\\\/www.acotv.org\\\/es\\\/la-prevencion-es-una-tarea-principal-del-optico-u-optica-optometrista\\\/#article\",\"isPartOf\":{\"@id\":\"https:\\\/\\\/www.acotv.org\\\/es\\\/la-prevencion-es-una-tarea-principal-del-optico-u-optica-optometrista\\\/\"},\"author\":{\"name\":\"ACOTV\",\"@id\":\"https:\\\/\\\/www.acotv.org\\\/ca\\\/#\\\/schema\\\/person\\\/0de470fec1dbf9785a7343042d765744\"},\"headline\":\"LA PREVENCI\u00d3N ES UNA TAREA PRINCIPAL DEL \u00d3PTICO U \u00d3PTICA OPTOMETRISTA\",\"datePublished\":\"2020-09-29T08:47:00+00:00\",\"dateModified\":\"2022-03-31T19:57:21+00:00\",\"mainEntityOfPage\":{\"@id\":\"https:\\\/\\\/www.acotv.org\\\/es\\\/la-prevencion-es-una-tarea-principal-del-optico-u-optica-optometrista\\\/\"},\"wordCount\":787,\"commentCount\":0,\"image\":{\"@id\":\"https:\\\/\\\/www.acotv.org\\\/es\\\/la-prevencion-es-una-tarea-principal-del-optico-u-optica-optometrista\\\/#primaryimage\"},\"thumbnailUrl\":\"https:\\\/\\\/www.acotv.org\\\/wp-content\\\/uploads\\\/imatge5-2.jpg\",\"keywords\":[\"#saludvisual\",\"Optometria\",\"Optometria\",\"salutvisual\"],\"articleSection\":[\"Bloc\",\"Blog\"],\"inLanguage\":\"es\",\"potentialAction\":[{\"@type\":\"CommentAction\",\"name\":\"Comment\",\"target\":[\"https:\\\/\\\/www.acotv.org\\\/es\\\/la-prevencion-es-una-tarea-principal-del-optico-u-optica-optometrista\\\/#respond\"]}]},{\"@type\":\"WebPage\",\"@id\":\"https:\\\/\\\/www.acotv.org\\\/es\\\/la-prevencion-es-una-tarea-principal-del-optico-u-optica-optometrista\\\/\",\"url\":\"https:\\\/\\\/www.acotv.org\\\/es\\\/la-prevencion-es-una-tarea-principal-del-optico-u-optica-optometrista\\\/\",\"name\":\"LA PREVENCI\u00d3N ES UNA TAREA PRINCIPAL DEL \u00d3PTICO U \u00d3PTICA OPTOMETRISTA - Asociaci\u00f3n Catalana de Optometr\u00eda y Terapia Visual\",\"isPartOf\":{\"@id\":\"https:\\\/\\\/www.acotv.org\\\/ca\\\/#website\"},\"primaryImageOfPage\":{\"@id\":\"https:\\\/\\\/www.acotv.org\\\/es\\\/la-prevencion-es-una-tarea-principal-del-optico-u-optica-optometrista\\\/#primaryimage\"},\"image\":{\"@id\":\"https:\\\/\\\/www.acotv.org\\\/es\\\/la-prevencion-es-una-tarea-principal-del-optico-u-optica-optometrista\\\/#primaryimage\"},\"thumbnailUrl\":\"https:\\\/\\\/www.acotv.org\\\/wp-content\\\/uploads\\\/imatge5-2.jpg\",\"datePublished\":\"2020-09-29T08:47:00+00:00\",\"dateModified\":\"2022-03-31T19:57:21+00:00\",\"author\":{\"@id\":\"https:\\\/\\\/www.acotv.org\\\/ca\\\/#\\\/schema\\\/person\\\/0de470fec1dbf9785a7343042d765744\"},\"breadcrumb\":{\"@id\":\"https:\\\/\\\/www.acotv.org\\\/es\\\/la-prevencion-es-una-tarea-principal-del-optico-u-optica-optometrista\\\/#breadcrumb\"},\"inLanguage\":\"es\",\"potentialAction\":[{\"@type\":\"ReadAction\",\"target\":[\"https:\\\/\\\/www.acotv.org\\\/es\\\/la-prevencion-es-una-tarea-principal-del-optico-u-optica-optometrista\\\/\"]}]},{\"@type\":\"ImageObject\",\"inLanguage\":\"es\",\"@id\":\"https:\\\/\\\/www.acotv.org\\\/es\\\/la-prevencion-es-una-tarea-principal-del-optico-u-optica-optometrista\\\/#primaryimage\",\"url\":\"https:\\\/\\\/www.acotv.org\\\/wp-content\\\/uploads\\\/imatge5-2.jpg\",\"contentUrl\":\"https:\\\/\\\/www.acotv.org\\\/wp-content\\\/uploads\\\/imatge5-2.jpg\",\"width\":700,\"height\":466},{\"@type\":\"BreadcrumbList\",\"@id\":\"https:\\\/\\\/www.acotv.org\\\/es\\\/la-prevencion-es-una-tarea-principal-del-optico-u-optica-optometrista\\\/#breadcrumb\",\"itemListElement\":[{\"@type\":\"ListItem\",\"position\":1,\"name\":\"Portada\",\"item\":\"https:\\\/\\\/www.acotv.org\\\/es\\\/\"},{\"@type\":\"ListItem\",\"position\":2,\"name\":\"LA PREVENCI\u00d3N ES UNA TAREA PRINCIPAL DEL \u00d3PTICO U \u00d3PTICA OPTOMETRISTA\"}]},{\"@type\":\"WebSite\",\"@id\":\"https:\\\/\\\/www.acotv.org\\\/ca\\\/#website\",\"url\":\"https:\\\/\\\/www.acotv.org\\\/ca\\\/\",\"name\":\"Asociaci\u00f3n Catalana de Optometr\u00eda y Terapia Visual\",\"description\":\"\",\"potentialAction\":[{\"@type\":\"SearchAction\",\"target\":{\"@type\":\"EntryPoint\",\"urlTemplate\":\"https:\\\/\\\/www.acotv.org\\\/ca\\\/?s={search_term_string}\"},\"query-input\":{\"@type\":\"PropertyValueSpecification\",\"valueRequired\":true,\"valueName\":\"search_term_string\"}}],\"inLanguage\":\"es\"},{\"@type\":\"Person\",\"@id\":\"https:\\\/\\\/www.acotv.org\\\/ca\\\/#\\\/schema\\\/person\\\/0de470fec1dbf9785a7343042d765744\",\"name\":\"ACOTV\",\"image\":{\"@type\":\"ImageObject\",\"inLanguage\":\"es\",\"@id\":\"https:\\\/\\\/www.acotv.org\\\/wp-content\\\/uploads\\\/Logo-petit-150x150.jpg\",\"url\":\"https:\\\/\\\/www.acotv.org\\\/wp-content\\\/uploads\\\/Logo-petit-150x150.jpg\",\"contentUrl\":\"https:\\\/\\\/www.acotv.org\\\/wp-content\\\/uploads\\\/Logo-petit-150x150.jpg\",\"caption\":\"ACOTV\"},\"url\":\"https:\\\/\\\/www.acotv.org\\\/es\\\/author\\\/acotv\\\/\"}]}<\/script>\n<!-- \/ Yoast SEO plugin. -->","yoast_head_json":{"title":"LA PREVENCI\u00d3N ES UNA TAREA PRINCIPAL DEL \u00d3PTICO U \u00d3PTICA OPTOMETRISTA - Asociaci\u00f3n Catalana de Optometr\u00eda y Terapia Visual","robots":{"index":"index","follow":"follow","max-snippet":"max-snippet:-1","max-image-preview":"max-image-preview:large","max-video-preview":"max-video-preview:-1"},"canonical":"https:\/\/www.acotv.org\/es\/la-prevencion-es-una-tarea-principal-del-optico-u-optica-optometrista\/","og_locale":"es_ES","og_type":"article","og_title":"LA PREVENCI\u00d3N ES UNA TAREA PRINCIPAL DEL \u00d3PTICO U \u00d3PTICA OPTOMETRISTA - Asociaci\u00f3n Catalana de Optometr\u00eda y Terapia Visual","og_description":"\u00bfQu\u00e9 ocurre cuando los ojos y sus anexos est\u00e1n bien, pero tenemos molestias o no vemos del todo bien? \u00bfPodemos [&hellip;]","og_url":"https:\/\/www.acotv.org\/es\/la-prevencion-es-una-tarea-principal-del-optico-u-optica-optometrista\/","og_site_name":"Asociaci\u00f3n Catalana de Optometr\u00eda y Terapia Visual","article_published_time":"2020-09-29T08:47:00+00:00","article_modified_time":"2022-03-31T19:57:21+00:00","og_image":[{"width":700,"height":466,"url":"https:\/\/www.acotv.org\/wp-content\/uploads\/imatge5-2.jpg","type":"image\/jpeg"}],"author":"ACOTV","twitter_card":"summary_large_image","twitter_misc":{"Escrito por":"ACOTV","Tiempo de lectura":"4 minutos"},"schema":{"@context":"https:\/\/schema.org","@graph":[{"@type":"Article","@id":"https:\/\/www.acotv.org\/es\/la-prevencion-es-una-tarea-principal-del-optico-u-optica-optometrista\/#article","isPartOf":{"@id":"https:\/\/www.acotv.org\/es\/la-prevencion-es-una-tarea-principal-del-optico-u-optica-optometrista\/"},"author":{"name":"ACOTV","@id":"https:\/\/www.acotv.org\/ca\/#\/schema\/person\/0de470fec1dbf9785a7343042d765744"},"headline":"LA PREVENCI\u00d3N ES UNA TAREA PRINCIPAL DEL \u00d3PTICO U \u00d3PTICA OPTOMETRISTA","datePublished":"2020-09-29T08:47:00+00:00","dateModified":"2022-03-31T19:57:21+00:00","mainEntityOfPage":{"@id":"https:\/\/www.acotv.org\/es\/la-prevencion-es-una-tarea-principal-del-optico-u-optica-optometrista\/"},"wordCount":787,"commentCount":0,"image":{"@id":"https:\/\/www.acotv.org\/es\/la-prevencion-es-una-tarea-principal-del-optico-u-optica-optometrista\/#primaryimage"},"thumbnailUrl":"https:\/\/www.acotv.org\/wp-content\/uploads\/imatge5-2.jpg","keywords":["#saludvisual","Optometria","Optometria","salutvisual"],"articleSection":["Bloc","Blog"],"inLanguage":"es","potentialAction":[{"@type":"CommentAction","name":"Comment","target":["https:\/\/www.acotv.org\/es\/la-prevencion-es-una-tarea-principal-del-optico-u-optica-optometrista\/#respond"]}]},{"@type":"WebPage","@id":"https:\/\/www.acotv.org\/es\/la-prevencion-es-una-tarea-principal-del-optico-u-optica-optometrista\/","url":"https:\/\/www.acotv.org\/es\/la-prevencion-es-una-tarea-principal-del-optico-u-optica-optometrista\/","name":"LA PREVENCI\u00d3N ES UNA TAREA PRINCIPAL DEL \u00d3PTICO U \u00d3PTICA OPTOMETRISTA - Asociaci\u00f3n Catalana de Optometr\u00eda y Terapia Visual","isPartOf":{"@id":"https:\/\/www.acotv.org\/ca\/#website"},"primaryImageOfPage":{"@id":"https:\/\/www.acotv.org\/es\/la-prevencion-es-una-tarea-principal-del-optico-u-optica-optometrista\/#primaryimage"},"image":{"@id":"https:\/\/www.acotv.org\/es\/la-prevencion-es-una-tarea-principal-del-optico-u-optica-optometrista\/#primaryimage"},"thumbnailUrl":"https:\/\/www.acotv.org\/wp-content\/uploads\/imatge5-2.jpg","datePublished":"2020-09-29T08:47:00+00:00","dateModified":"2022-03-31T19:57:21+00:00","author":{"@id":"https:\/\/www.acotv.org\/ca\/#\/schema\/person\/0de470fec1dbf9785a7343042d765744"},"breadcrumb":{"@id":"https:\/\/www.acotv.org\/es\/la-prevencion-es-una-tarea-principal-del-optico-u-optica-optometrista\/#breadcrumb"},"inLanguage":"es","potentialAction":[{"@type":"ReadAction","target":["https:\/\/www.acotv.org\/es\/la-prevencion-es-una-tarea-principal-del-optico-u-optica-optometrista\/"]}]},{"@type":"ImageObject","inLanguage":"es","@id":"https:\/\/www.acotv.org\/es\/la-prevencion-es-una-tarea-principal-del-optico-u-optica-optometrista\/#primaryimage","url":"https:\/\/www.acotv.org\/wp-content\/uploads\/imatge5-2.jpg","contentUrl":"https:\/\/www.acotv.org\/wp-content\/uploads\/imatge5-2.jpg","width":700,"height":466},{"@type":"BreadcrumbList","@id":"https:\/\/www.acotv.org\/es\/la-prevencion-es-una-tarea-principal-del-optico-u-optica-optometrista\/#breadcrumb","itemListElement":[{"@type":"ListItem","position":1,"name":"Portada","item":"https:\/\/www.acotv.org\/es\/"},{"@type":"ListItem","position":2,"name":"LA PREVENCI\u00d3N ES UNA TAREA PRINCIPAL DEL \u00d3PTICO U \u00d3PTICA OPTOMETRISTA"}]},{"@type":"WebSite","@id":"https:\/\/www.acotv.org\/ca\/#website","url":"https:\/\/www.acotv.org\/ca\/","name":"Asociaci\u00f3n Catalana de Optometr\u00eda y Terapia Visual","description":"","potentialAction":[{"@type":"SearchAction","target":{"@type":"EntryPoint","urlTemplate":"https:\/\/www.acotv.org\/ca\/?s={search_term_string}"},"query-input":{"@type":"PropertyValueSpecification","valueRequired":true,"valueName":"search_term_string"}}],"inLanguage":"es"},{"@type":"Person","@id":"https:\/\/www.acotv.org\/ca\/#\/schema\/person\/0de470fec1dbf9785a7343042d765744","name":"ACOTV","image":{"@type":"ImageObject","inLanguage":"es","@id":"https:\/\/www.acotv.org\/wp-content\/uploads\/Logo-petit-150x150.jpg","url":"https:\/\/www.acotv.org\/wp-content\/uploads\/Logo-petit-150x150.jpg","contentUrl":"https:\/\/www.acotv.org\/wp-content\/uploads\/Logo-petit-150x150.jpg","caption":"ACOTV"},"url":"https:\/\/www.acotv.org\/es\/author\/acotv\/"}]}},"_links":{"self":[{"href":"https:\/\/www.acotv.org\/es\/wp-json\/wp\/v2\/posts\/1758","targetHints":{"allow":["GET"]}}],"collection":[{"href":"https:\/\/www.acotv.org\/es\/wp-json\/wp\/v2\/posts"}],"about":[{"href":"https:\/\/www.acotv.org\/es\/wp-json\/wp\/v2\/types\/post"}],"author":[{"embeddable":true,"href":"https:\/\/www.acotv.org\/es\/wp-json\/wp\/v2\/users\/2"}],"replies":[{"embeddable":true,"href":"https:\/\/www.acotv.org\/es\/wp-json\/wp\/v2\/comments?post=1758"}],"version-history":[{"count":0,"href":"https:\/\/www.acotv.org\/es\/wp-json\/wp\/v2\/posts\/1758\/revisions"}],"wp:featuredmedia":[{"embeddable":true,"href":"https:\/\/www.acotv.org\/es\/wp-json\/wp\/v2\/media\/2182"}],"wp:attachment":[{"href":"https:\/\/www.acotv.org\/es\/wp-json\/wp\/v2\/media?parent=1758"}],"wp:term":[{"taxonomy":"category","embeddable":true,"href":"https:\/\/www.acotv.org\/es\/wp-json\/wp\/v2\/categories?post=1758"},{"taxonomy":"post_tag","embeddable":true,"href":"https:\/\/www.acotv.org\/es\/wp-json\/wp\/v2\/tags?post=1758"}],"curies":[{"name":"wp","href":"https:\/\/api.w.org\/{rel}","templated":true}]}}