{"id":1742,"date":"2020-09-30T09:08:00","date_gmt":"2020-09-30T07:08:00","guid":{"rendered":"https:\/\/www.acotv.org\/la-importancia-de-la-vision\/"},"modified":"2022-03-31T22:41:11","modified_gmt":"2022-03-31T20:41:11","slug":"la-importancia-de-la-vision","status":"publish","type":"post","link":"https:\/\/www.acotv.org\/es\/la-importancia-de-la-vision\/","title":{"rendered":"LA IMPORTANCIA DE LA VISION"},"content":{"rendered":"\n<p class=\"has-text-color wp-block-paragraph\" style=\"color:#008ad0\"><strong>\u00bfPor qu\u00e9 cuidar a los ojos?<\/strong><\/p>\n\n\n\n<p class=\"wp-block-paragraph\"><strong>De las primeras cosas que hacemos por la ma\u00f1ana al levantarnos, es abrir los ojos. Estos ojos que nos dicen que estamos vivos, que nos permiten ver todo lo que hay a nuestro alrededor: el sol, las nubes, el despertador, la conversaci\u00f3n del m\u00f3vil de la noche anterior, los seres queridos ya nosotros mismos cuando nos vemos reflejados en el espejo del ba\u00f1o.<\/strong><\/p>\n\n\n\n<p class=\"wp-block-paragraph\">Los ojos son dos peque\u00f1os \u00f3rganos que poseen m\u00e1s de la mitad de los receptores sensitivos del cuerpo humano y que est\u00e1n sostenidos por unos m\u00fasculos que desempe\u00f1an la funci\u00f3n de moverlos en todas direcciones. Se encuentran en la cabeza, entre la frente y la nariz, protegidos por unos huesos del cr\u00e1neo y la piel de los p\u00e1rpados con sus bonitas pesta\u00f1as.<\/p>\n\n\n\n<figure class=\"wp-block-image size-large is-resized\"><img fetchpriority=\"high\" decoding=\"async\" src=\"https:\/\/www.acotv.org\/wp-content\/uploads\/imatge3-1024x512.png\" alt=\"\" class=\"wp-image-1734\" width=\"448\" height=\"224\" srcset=\"https:\/\/www.acotv.org\/wp-content\/uploads\/imatge3-1024x512.png 1024w, https:\/\/www.acotv.org\/wp-content\/uploads\/imatge3-300x150.png 300w, https:\/\/www.acotv.org\/wp-content\/uploads\/imatge3-768x384.png 768w, https:\/\/www.acotv.org\/wp-content\/uploads\/imatge3.png 1280w\" sizes=\"(max-width: 448px) 100vw, 448px\" \/><\/figure>\n\n\n\n<p class=\"wp-block-paragraph\">Por fuera est\u00e1n recubiertos por una capa blanca llamada esclera, que, a su vez, est\u00e1 recubierta por la conjuntiva. La c\u00f3rnea es la estructura transparente delante del ojo y nos deja ver el color del iris. Esta parte debe estar constantemente hidratada con las l\u00e1grimas que produce la gl\u00e1ndula lagrimal. La parte interna del ojo est\u00e1 constituida de m\u00fasculos, c\u00e9lulas, humor v\u00edtreo y acuoso, fotorreceptores, fibras nerviosas&#8230; , que son los encargados de recibir y procesar los est\u00edmulos visuales que llegan a la retina para llevar esta informaci\u00f3n al cerebro.<\/p>\n\n\n\n<p class=\"wp-block-paragraph\">El tama\u00f1o de estos peque\u00f1os \u00f3rganos, fibras y m\u00fasculos evoluciona desde que nacemos hasta que nos hacemos mayores. Empieza con una estructura y unas fibras que est\u00e1n proporcionales con el tama\u00f1o del beb\u00e9 y, poco a poco, van creciendo de forma paralela al desarrollo y estimulaci\u00f3n de cada uno. Sabemos que durante el embarazo se forman todas las estructuras, pero el sentido de la visi\u00f3n, el sentido de verlo, se desarrolla a partir del nacimiento. Por este motivo debemos cuidar nuestros ojos.<\/p>\n\n\n\n<p class=\"has-text-color wp-block-paragraph\" style=\"color:#008ad0\"><strong>\u00bfQui\u00e9n cuida nuestra salud visual?<\/strong><\/p>\n\n\n\n<p class=\"wp-block-paragraph\"><strong>El personal m\u00e9dico y sanitario de pediatr\u00eda<\/strong> es el encargado de seguir la evoluci\u00f3n general del beb\u00e9 a partir de su nacimiento, realizando revisiones peri\u00f3dicas en las que tambi\u00e9n cuidan de controlar el sistema visual.<\/p>\n\n\n\n<p class=\"wp-block-paragraph\"><strong>El oftalm\u00f3lego<\/strong>&nbsp;<strong>o oftalm\u00f3loga<\/strong> conoce las estructuras y anejos oculares. Diagnostica y trata para curar las enfermedades relacionadas con los ojos, ya sea con medicaci\u00f3n u operaciones. Tambi\u00e9n grad\u00faa y detecta errores refractivos como la miop\u00eda, hipermetrop\u00eda, astigmatismo&#8230; Orienta para una buena higiene visual, aconseja a los pacientes y deriva a la \u00f3ptica o centros de optometr\u00eda. Realiza controles m\u00e1s exhaustivos a beb\u00e9s que hayan nacido prematuros o que sufran alguna patolog\u00eda.<\/p>\n\n\n\n<p class=\"wp-block-paragraph\"><strong>El \u00f3ptico u \u00f3ptica optometrista <\/strong>puede regentar establecimientos sanitarios como una \u00f3ptica o centro optom\u00e9trico, y tambi\u00e9n puede estar trabajando en una consulta oftalmol\u00f3gica o en un centro m\u00e9dico de salud. El optometrista tiene la formaci\u00f3n para graduar y detectar errores refractivos, da soluciones \u00f3pticas y no \u00f3pticas para mejorar la salud visual, y, en el caso de sospecha de alguna patolog\u00eda de las estructuras de los ojos, deriva al oftalm\u00f3logo u oftalm\u00f3loga por a su diagn\u00f3stico y tratamiento. Tambi\u00e9n es quien puede asesorar en la venta de unas gafas, realizar una adaptaci\u00f3n de lentes de contacto, adaptar prismas o filtros terap\u00e9uticos, y recomendar ejercicios de terapia visual para mejorar la calidad visual en casos de estrabismos (desviaci\u00f3n del ojo) , ambliop\u00edas (ojos vagos), visi\u00f3n doble, alteraciones visuales que interfieren en el correcto aprendizaje escolar&#8230;<\/p>\n\n\n\n<figure class=\"wp-block-image size-full\"><img decoding=\"async\" width=\"700\" height=\"467\" src=\"https:\/\/www.acotv.org\/wp-content\/uploads\/imatge4.jpg\" alt=\"\" class=\"wp-image-1737\" srcset=\"https:\/\/www.acotv.org\/wp-content\/uploads\/imatge4.jpg 700w, https:\/\/www.acotv.org\/wp-content\/uploads\/imatge4-300x200.jpg 300w\" sizes=\"(max-width: 700px) 100vw, 700px\" \/><\/figure>\n\n\n\n<p class=\"wp-block-paragraph\">Cada profesional desarrolla su funci\u00f3n y es imprescindible un trabajo coordinado entre las distintas especializaciones. Para tener un buen funcionamiento del sistema visual, es necesario que los \u00f3rganos de los ojos est\u00e9n controlados por su especialista.<\/p>\n\n\n\n<ul class=\"wp-block-list\"><li><strong>El \u00f3ptico optometrista es un especialista que realiza la valoraci\u00f3n de los problemas de visi\u00f3n, cuida la higiene visual y orienta sobre la mejor soluci\u00f3n para tus ojos.<\/strong><\/li><li><strong>Nuestra recomendaci\u00f3n es realizar revisiones de la vista una vez al a\u00f1o.<\/strong><\/li><li><strong>La detecci\u00f3n y prescripci\u00f3n adecuada, el seguimiento y controles de la evoluci\u00f3n del desarrollo visual, son factores determinantes para gozar de una mejor salud visual.<\/strong><\/li><\/ul>\n\n\n\n<p class=\"wp-block-paragraph\">Art\u00edculo realizado por <strong>SILVIA EDO I LLOBET\n<\/strong><strong>\u00d3ptica optometrista. Colegiada &nbsp;15.323\nMiembro de l\u2019Associaci\u00f3 Catalana d\u2019Optometria i Ter\u00e0pia Visual (ACOTV)<\/strong><\/p>\n\n\n\n<p class=\"wp-block-paragraph\">Adaptaci\u00f3n recogida y ampliada de la publicaci\u00f3n de Salut i Benestar <a href=\"https:\/\/pereznoesraton.com\/perez-no-es-raton\/aprende-a-cuidar-tus-ojos-con-tu-optico-optometrista\/?fbclid=IwAR2O8XAvIIyiu5YhQ0eK6XG5gDYwcYemD09UNSNS2G61uRv_UVc175oGnwE\">P\u00e9rez no es rat\u00f3n<\/a><\/p>\n","protected":false},"excerpt":{"rendered":"<p>\u00bfPor qu\u00e9 cuidar a los ojos? De las primeras cosas que hacemos por la ma\u00f1ana al levantarnos, es abrir los [&hellip;]<\/p>\n","protected":false},"author":2,"featured_media":2179,"comment_status":"open","ping_status":"open","sticky":false,"template":"","format":"standard","meta":{"ocean_front_end_style_editor":"no","ocean_post_layout":"","ocean_both_sidebars_style":"","ocean_both_sidebars_content_width":0,"ocean_both_sidebars_sidebars_width":0,"ocean_sidebar":"0","ocean_second_sidebar":"0","ocean_disable_margins":"enable","ocean_add_body_class":"","ocean_shortcode_before_top_bar":"","ocean_shortcode_after_top_bar":"","ocean_shortcode_before_header":"","ocean_shortcode_after_header":"","ocean_has_shortcode":"","ocean_shortcode_after_title":"","ocean_shortcode_before_footer_widgets":"","ocean_shortcode_after_footer_widgets":"","ocean_shortcode_before_footer_bottom":"","ocean_shortcode_after_footer_bottom":"","ocean_display_top_bar":"default","ocean_display_header":"default","ocean_header_style":"","ocean_center_header_left_menu":"0","ocean_custom_header_template":"0","ocean_custom_logo":0,"ocean_custom_retina_logo":0,"ocean_custom_logo_max_width":0,"ocean_custom_logo_tablet_max_width":0,"ocean_custom_logo_mobile_max_width":0,"ocean_custom_logo_max_height":0,"ocean_custom_logo_tablet_max_height":0,"ocean_custom_logo_mobile_max_height":0,"ocean_header_custom_menu":"0","ocean_menu_typo_font_family":"0","ocean_menu_typo_font_subset":"","ocean_menu_typo_font_size":0,"ocean_menu_typo_font_size_tablet":0,"ocean_menu_typo_font_size_mobile":0,"ocean_menu_typo_font_size_unit":"px","ocean_menu_typo_font_weight":"","ocean_menu_typo_font_weight_tablet":"","ocean_menu_typo_font_weight_mobile":"","ocean_menu_typo_transform":"","ocean_menu_typo_transform_tablet":"","ocean_menu_typo_transform_mobile":"","ocean_menu_typo_line_height":0,"ocean_menu_typo_line_height_tablet":0,"ocean_menu_typo_line_height_mobile":0,"ocean_menu_typo_line_height_unit":"","ocean_menu_typo_spacing":0,"ocean_menu_typo_spacing_tablet":0,"ocean_menu_typo_spacing_mobile":0,"ocean_menu_typo_spacing_unit":"","ocean_menu_link_color":"","ocean_menu_link_color_hover":"","ocean_menu_link_color_active":"","ocean_menu_link_background":"","ocean_menu_link_hover_background":"","ocean_menu_link_active_background":"","ocean_menu_social_links_bg":"","ocean_menu_social_hover_links_bg":"","ocean_menu_social_links_color":"","ocean_menu_social_hover_links_color":"","ocean_disable_title":"default","ocean_disable_heading":"default","ocean_post_title":"","ocean_post_subheading":"","ocean_post_title_style":"","ocean_post_title_background_color":"","ocean_post_title_background":0,"ocean_post_title_bg_image_position":"","ocean_post_title_bg_image_attachment":"","ocean_post_title_bg_image_repeat":"","ocean_post_title_bg_image_size":"","ocean_post_title_height":0,"ocean_post_title_bg_overlay":0.5,"ocean_post_title_bg_overlay_color":"","ocean_disable_breadcrumbs":"default","ocean_breadcrumbs_color":"","ocean_breadcrumbs_separator_color":"","ocean_breadcrumbs_links_color":"","ocean_breadcrumbs_links_hover_color":"","ocean_display_footer_widgets":"default","ocean_display_footer_bottom":"default","ocean_custom_footer_template":"0","ocean_post_oembed":"","ocean_post_self_hosted_media":"","ocean_post_video_embed":"","ocean_link_format":"","ocean_link_format_target":"self","ocean_quote_format":"","ocean_quote_format_link":"post","ocean_gallery_link_images":"off","ocean_gallery_id":[],"footnotes":""},"categories":[9],"tags":[53,60],"class_list":["post-1742","post","type-post","status-publish","format-standard","has-post-thumbnail","hentry","category-blog","tag-saludvisual","tag-optometria","entry","has-media"],"yoast_head":"<!-- This site is optimized with the Yoast SEO plugin v28.4 - https:\/\/yoast.com\/product\/yoast-seo-wordpress\/ -->\n<title>LA IMPORTANCIA DE LA VISION - Asociaci\u00f3n Catalana de Optometr\u00eda y Terapia Visual<\/title>\n<meta name=\"robots\" content=\"index, follow, max-snippet:-1, max-image-preview:large, max-video-preview:-1\" \/>\n<link rel=\"canonical\" href=\"https:\/\/www.acotv.org\/es\/la-importancia-de-la-vision\/\" \/>\n<meta property=\"og:locale\" content=\"es_ES\" \/>\n<meta property=\"og:type\" content=\"article\" \/>\n<meta property=\"og:title\" content=\"LA IMPORTANCIA DE LA VISION - Asociaci\u00f3n Catalana de Optometr\u00eda y Terapia Visual\" \/>\n<meta property=\"og:description\" content=\"\u00bfPor qu\u00e9 cuidar a los ojos? De las primeras cosas que hacemos por la ma\u00f1ana al levantarnos, es abrir los [&hellip;]\" \/>\n<meta property=\"og:url\" content=\"https:\/\/www.acotv.org\/es\/la-importancia-de-la-vision\/\" \/>\n<meta property=\"og:site_name\" content=\"Asociaci\u00f3n Catalana de Optometr\u00eda y Terapia Visual\" \/>\n<meta property=\"article:published_time\" content=\"2020-09-30T07:08:00+00:00\" \/>\n<meta property=\"article:modified_time\" content=\"2022-03-31T20:41:11+00:00\" \/>\n<meta property=\"og:image\" content=\"https:\/\/www.acotv.org\/wp-content\/uploads\/imatge2-1-1.jpg\" \/>\n\t<meta property=\"og:image:width\" content=\"700\" \/>\n\t<meta property=\"og:image:height\" content=\"466\" \/>\n\t<meta property=\"og:image:type\" content=\"image\/jpeg\" \/>\n<meta name=\"author\" content=\"ACOTV\" \/>\n<meta name=\"twitter:card\" content=\"summary_large_image\" \/>\n<meta name=\"twitter:label1\" content=\"Escrito por\" \/>\n\t<meta name=\"twitter:data1\" content=\"ACOTV\" \/>\n\t<meta name=\"twitter:label2\" content=\"Tiempo de lectura\" \/>\n\t<meta name=\"twitter:data2\" content=\"4 minutos\" \/>\n<script type=\"application\/ld+json\" class=\"yoast-schema-graph\">{\"@context\":\"https:\\\/\\\/schema.org\",\"@graph\":[{\"@type\":\"Article\",\"@id\":\"https:\\\/\\\/www.acotv.org\\\/es\\\/la-importancia-de-la-vision\\\/#article\",\"isPartOf\":{\"@id\":\"https:\\\/\\\/www.acotv.org\\\/es\\\/la-importancia-de-la-vision\\\/\"},\"author\":{\"name\":\"ACOTV\",\"@id\":\"https:\\\/\\\/www.acotv.org\\\/ca\\\/#\\\/schema\\\/person\\\/0de470fec1dbf9785a7343042d765744\"},\"headline\":\"LA IMPORTANCIA DE LA VISION\",\"datePublished\":\"2020-09-30T07:08:00+00:00\",\"dateModified\":\"2022-03-31T20:41:11+00:00\",\"mainEntityOfPage\":{\"@id\":\"https:\\\/\\\/www.acotv.org\\\/es\\\/la-importancia-de-la-vision\\\/\"},\"wordCount\":769,\"commentCount\":0,\"image\":{\"@id\":\"https:\\\/\\\/www.acotv.org\\\/es\\\/la-importancia-de-la-vision\\\/#primaryimage\"},\"thumbnailUrl\":\"https:\\\/\\\/www.acotv.org\\\/wp-content\\\/uploads\\\/imatge2-1-1.jpg\",\"keywords\":[\"#saludvisual\",\"Optometria\"],\"articleSection\":[\"Blog\"],\"inLanguage\":\"es\",\"potentialAction\":[{\"@type\":\"CommentAction\",\"name\":\"Comment\",\"target\":[\"https:\\\/\\\/www.acotv.org\\\/es\\\/la-importancia-de-la-vision\\\/#respond\"]}]},{\"@type\":\"WebPage\",\"@id\":\"https:\\\/\\\/www.acotv.org\\\/es\\\/la-importancia-de-la-vision\\\/\",\"url\":\"https:\\\/\\\/www.acotv.org\\\/es\\\/la-importancia-de-la-vision\\\/\",\"name\":\"LA IMPORTANCIA DE LA VISION - Asociaci\u00f3n Catalana de Optometr\u00eda y Terapia Visual\",\"isPartOf\":{\"@id\":\"https:\\\/\\\/www.acotv.org\\\/ca\\\/#website\"},\"primaryImageOfPage\":{\"@id\":\"https:\\\/\\\/www.acotv.org\\\/es\\\/la-importancia-de-la-vision\\\/#primaryimage\"},\"image\":{\"@id\":\"https:\\\/\\\/www.acotv.org\\\/es\\\/la-importancia-de-la-vision\\\/#primaryimage\"},\"thumbnailUrl\":\"https:\\\/\\\/www.acotv.org\\\/wp-content\\\/uploads\\\/imatge2-1-1.jpg\",\"datePublished\":\"2020-09-30T07:08:00+00:00\",\"dateModified\":\"2022-03-31T20:41:11+00:00\",\"author\":{\"@id\":\"https:\\\/\\\/www.acotv.org\\\/ca\\\/#\\\/schema\\\/person\\\/0de470fec1dbf9785a7343042d765744\"},\"breadcrumb\":{\"@id\":\"https:\\\/\\\/www.acotv.org\\\/es\\\/la-importancia-de-la-vision\\\/#breadcrumb\"},\"inLanguage\":\"es\",\"potentialAction\":[{\"@type\":\"ReadAction\",\"target\":[\"https:\\\/\\\/www.acotv.org\\\/es\\\/la-importancia-de-la-vision\\\/\"]}]},{\"@type\":\"ImageObject\",\"inLanguage\":\"es\",\"@id\":\"https:\\\/\\\/www.acotv.org\\\/es\\\/la-importancia-de-la-vision\\\/#primaryimage\",\"url\":\"https:\\\/\\\/www.acotv.org\\\/wp-content\\\/uploads\\\/imatge2-1-1.jpg\",\"contentUrl\":\"https:\\\/\\\/www.acotv.org\\\/wp-content\\\/uploads\\\/imatge2-1-1.jpg\",\"width\":700,\"height\":466},{\"@type\":\"BreadcrumbList\",\"@id\":\"https:\\\/\\\/www.acotv.org\\\/es\\\/la-importancia-de-la-vision\\\/#breadcrumb\",\"itemListElement\":[{\"@type\":\"ListItem\",\"position\":1,\"name\":\"Portada\",\"item\":\"https:\\\/\\\/www.acotv.org\\\/es\\\/\"},{\"@type\":\"ListItem\",\"position\":2,\"name\":\"LA IMPORTANCIA DE LA VISION\"}]},{\"@type\":\"WebSite\",\"@id\":\"https:\\\/\\\/www.acotv.org\\\/ca\\\/#website\",\"url\":\"https:\\\/\\\/www.acotv.org\\\/ca\\\/\",\"name\":\"Asociaci\u00f3n Catalana de Optometr\u00eda y Terapia Visual\",\"description\":\"\",\"potentialAction\":[{\"@type\":\"SearchAction\",\"target\":{\"@type\":\"EntryPoint\",\"urlTemplate\":\"https:\\\/\\\/www.acotv.org\\\/ca\\\/?s={search_term_string}\"},\"query-input\":{\"@type\":\"PropertyValueSpecification\",\"valueRequired\":true,\"valueName\":\"search_term_string\"}}],\"inLanguage\":\"es\"},{\"@type\":\"Person\",\"@id\":\"https:\\\/\\\/www.acotv.org\\\/ca\\\/#\\\/schema\\\/person\\\/0de470fec1dbf9785a7343042d765744\",\"name\":\"ACOTV\",\"image\":{\"@type\":\"ImageObject\",\"inLanguage\":\"es\",\"@id\":\"https:\\\/\\\/www.acotv.org\\\/wp-content\\\/uploads\\\/Logo-petit-150x150.jpg\",\"url\":\"https:\\\/\\\/www.acotv.org\\\/wp-content\\\/uploads\\\/Logo-petit-150x150.jpg\",\"contentUrl\":\"https:\\\/\\\/www.acotv.org\\\/wp-content\\\/uploads\\\/Logo-petit-150x150.jpg\",\"caption\":\"ACOTV\"},\"url\":\"https:\\\/\\\/www.acotv.org\\\/es\\\/author\\\/acotv\\\/\"}]}<\/script>\n<!-- \/ Yoast SEO plugin. -->","yoast_head_json":{"title":"LA IMPORTANCIA DE LA VISION - Asociaci\u00f3n Catalana de Optometr\u00eda y Terapia Visual","robots":{"index":"index","follow":"follow","max-snippet":"max-snippet:-1","max-image-preview":"max-image-preview:large","max-video-preview":"max-video-preview:-1"},"canonical":"https:\/\/www.acotv.org\/es\/la-importancia-de-la-vision\/","og_locale":"es_ES","og_type":"article","og_title":"LA IMPORTANCIA DE LA VISION - Asociaci\u00f3n Catalana de Optometr\u00eda y Terapia Visual","og_description":"\u00bfPor qu\u00e9 cuidar a los ojos? De las primeras cosas que hacemos por la ma\u00f1ana al levantarnos, es abrir los [&hellip;]","og_url":"https:\/\/www.acotv.org\/es\/la-importancia-de-la-vision\/","og_site_name":"Asociaci\u00f3n Catalana de Optometr\u00eda y Terapia Visual","article_published_time":"2020-09-30T07:08:00+00:00","article_modified_time":"2022-03-31T20:41:11+00:00","og_image":[{"width":700,"height":466,"url":"https:\/\/www.acotv.org\/wp-content\/uploads\/imatge2-1-1.jpg","type":"image\/jpeg"}],"author":"ACOTV","twitter_card":"summary_large_image","twitter_misc":{"Escrito por":"ACOTV","Tiempo de lectura":"4 minutos"},"schema":{"@context":"https:\/\/schema.org","@graph":[{"@type":"Article","@id":"https:\/\/www.acotv.org\/es\/la-importancia-de-la-vision\/#article","isPartOf":{"@id":"https:\/\/www.acotv.org\/es\/la-importancia-de-la-vision\/"},"author":{"name":"ACOTV","@id":"https:\/\/www.acotv.org\/ca\/#\/schema\/person\/0de470fec1dbf9785a7343042d765744"},"headline":"LA IMPORTANCIA DE LA VISION","datePublished":"2020-09-30T07:08:00+00:00","dateModified":"2022-03-31T20:41:11+00:00","mainEntityOfPage":{"@id":"https:\/\/www.acotv.org\/es\/la-importancia-de-la-vision\/"},"wordCount":769,"commentCount":0,"image":{"@id":"https:\/\/www.acotv.org\/es\/la-importancia-de-la-vision\/#primaryimage"},"thumbnailUrl":"https:\/\/www.acotv.org\/wp-content\/uploads\/imatge2-1-1.jpg","keywords":["#saludvisual","Optometria"],"articleSection":["Blog"],"inLanguage":"es","potentialAction":[{"@type":"CommentAction","name":"Comment","target":["https:\/\/www.acotv.org\/es\/la-importancia-de-la-vision\/#respond"]}]},{"@type":"WebPage","@id":"https:\/\/www.acotv.org\/es\/la-importancia-de-la-vision\/","url":"https:\/\/www.acotv.org\/es\/la-importancia-de-la-vision\/","name":"LA IMPORTANCIA DE LA VISION - Asociaci\u00f3n Catalana de Optometr\u00eda y Terapia Visual","isPartOf":{"@id":"https:\/\/www.acotv.org\/ca\/#website"},"primaryImageOfPage":{"@id":"https:\/\/www.acotv.org\/es\/la-importancia-de-la-vision\/#primaryimage"},"image":{"@id":"https:\/\/www.acotv.org\/es\/la-importancia-de-la-vision\/#primaryimage"},"thumbnailUrl":"https:\/\/www.acotv.org\/wp-content\/uploads\/imatge2-1-1.jpg","datePublished":"2020-09-30T07:08:00+00:00","dateModified":"2022-03-31T20:41:11+00:00","author":{"@id":"https:\/\/www.acotv.org\/ca\/#\/schema\/person\/0de470fec1dbf9785a7343042d765744"},"breadcrumb":{"@id":"https:\/\/www.acotv.org\/es\/la-importancia-de-la-vision\/#breadcrumb"},"inLanguage":"es","potentialAction":[{"@type":"ReadAction","target":["https:\/\/www.acotv.org\/es\/la-importancia-de-la-vision\/"]}]},{"@type":"ImageObject","inLanguage":"es","@id":"https:\/\/www.acotv.org\/es\/la-importancia-de-la-vision\/#primaryimage","url":"https:\/\/www.acotv.org\/wp-content\/uploads\/imatge2-1-1.jpg","contentUrl":"https:\/\/www.acotv.org\/wp-content\/uploads\/imatge2-1-1.jpg","width":700,"height":466},{"@type":"BreadcrumbList","@id":"https:\/\/www.acotv.org\/es\/la-importancia-de-la-vision\/#breadcrumb","itemListElement":[{"@type":"ListItem","position":1,"name":"Portada","item":"https:\/\/www.acotv.org\/es\/"},{"@type":"ListItem","position":2,"name":"LA IMPORTANCIA DE LA VISION"}]},{"@type":"WebSite","@id":"https:\/\/www.acotv.org\/ca\/#website","url":"https:\/\/www.acotv.org\/ca\/","name":"Asociaci\u00f3n Catalana de Optometr\u00eda y Terapia Visual","description":"","potentialAction":[{"@type":"SearchAction","target":{"@type":"EntryPoint","urlTemplate":"https:\/\/www.acotv.org\/ca\/?s={search_term_string}"},"query-input":{"@type":"PropertyValueSpecification","valueRequired":true,"valueName":"search_term_string"}}],"inLanguage":"es"},{"@type":"Person","@id":"https:\/\/www.acotv.org\/ca\/#\/schema\/person\/0de470fec1dbf9785a7343042d765744","name":"ACOTV","image":{"@type":"ImageObject","inLanguage":"es","@id":"https:\/\/www.acotv.org\/wp-content\/uploads\/Logo-petit-150x150.jpg","url":"https:\/\/www.acotv.org\/wp-content\/uploads\/Logo-petit-150x150.jpg","contentUrl":"https:\/\/www.acotv.org\/wp-content\/uploads\/Logo-petit-150x150.jpg","caption":"ACOTV"},"url":"https:\/\/www.acotv.org\/es\/author\/acotv\/"}]}},"_links":{"self":[{"href":"https:\/\/www.acotv.org\/es\/wp-json\/wp\/v2\/posts\/1742","targetHints":{"allow":["GET"]}}],"collection":[{"href":"https:\/\/www.acotv.org\/es\/wp-json\/wp\/v2\/posts"}],"about":[{"href":"https:\/\/www.acotv.org\/es\/wp-json\/wp\/v2\/types\/post"}],"author":[{"embeddable":true,"href":"https:\/\/www.acotv.org\/es\/wp-json\/wp\/v2\/users\/2"}],"replies":[{"embeddable":true,"href":"https:\/\/www.acotv.org\/es\/wp-json\/wp\/v2\/comments?post=1742"}],"version-history":[{"count":0,"href":"https:\/\/www.acotv.org\/es\/wp-json\/wp\/v2\/posts\/1742\/revisions"}],"wp:featuredmedia":[{"embeddable":true,"href":"https:\/\/www.acotv.org\/es\/wp-json\/wp\/v2\/media\/2179"}],"wp:attachment":[{"href":"https:\/\/www.acotv.org\/es\/wp-json\/wp\/v2\/media?parent=1742"}],"wp:term":[{"taxonomy":"category","embeddable":true,"href":"https:\/\/www.acotv.org\/es\/wp-json\/wp\/v2\/categories?post=1742"},{"taxonomy":"post_tag","embeddable":true,"href":"https:\/\/www.acotv.org\/es\/wp-json\/wp\/v2\/tags?post=1742"}],"curies":[{"name":"wp","href":"https:\/\/api.w.org\/{rel}","templated":true}]}}