{"id":1664,"date":"2021-06-30T16:54:00","date_gmt":"2021-06-30T14:54:00","guid":{"rendered":"https:\/\/www.acotv.org\/?p=1664"},"modified":"2022-03-31T21:47:35","modified_gmt":"2022-03-31T19:47:35","slug":"trabajo-final-de-grado-de-mariona-turu","status":"publish","type":"post","link":"https:\/\/www.acotv.org\/es\/trabajo-final-de-grado-de-mariona-turu\/","title":{"rendered":"TRABAJO FINAL DE GRADO de MARIONA TUR\u00da"},"content":{"rendered":"\n<h2 class=\"wp-block-heading\"><strong>Relaci\u00f3n entre los circuitos t\u00f3nicos cervicales y el sistema binocular, acomodativo y motilidad ocular<\/strong><\/h2>\n\n\n\n<h2 class=\"wp-block-heading\"><strong><strong>La estudiante de la Facultad de \u00d3ptica y Optometr\u00eda de Terrassa, Mariona Tur\u00fa Castillo defendi\u00f3 el pasado mes de enero de 2021 un trabajo de fin de grado dirigido por el profesor Marc Argil\u00e9s Sans, a continuaci\u00f3n compartimos un peque\u00f1o extracto.<\/strong><\/strong><\/h2>\n\n\n\n<p class=\"wp-block-paragraph\">El objetivo fue estudiar la influencia entre los reflejos primarios (espec\u00edficamente el reflejo asim\u00e9trico t\u00f3nico cervical, RTAC) en el punto pr\u00f3ximo de convergencia, reservas fusionales, amplitud acomodativa, flexibilidad acomodativa monocular, foria y resultados en el test King-Devick y VMI.<\/p>\n\n\n\n<p class=\"wp-block-paragraph\">La muestra final const\u00f3 de 12 participantes de edad 10:56 \u00b1 0.85 a\u00f1os, 67% ni\u00f1os y 33% ni\u00f1as. Las medidas se llevaron a cabo en la \u00d3ptica Rodrigo de Igualada. La medida objetiva del RTAC se realiz\u00f3 con el test de Ayres con el que se cuantific\u00f3 la flexi\u00f3n de las extremidades homolaterales al girar la cabeza, donde posteriormente se calcul\u00f3 el \u00e1ngulo a trav\u00e9s del programa ImageJ\u00ae y se control\u00f3 la aceleraci\u00f3n y giro angular de la cabeza mediante un sensor debidamente colocado durante la prueba (BWT901CL, WitMotion\u00ae) para cada participante.<\/p>\n\n\n\n<p class=\"wp-block-paragraph\">A continuaci\u00f3n se muestra un ejemplo de las medidas en un participante:<\/p>\n\n\n\n<figure class=\"wp-block-image size-large\"><img decoding=\"async\" width=\"441\" height=\"99\" src=\"https:\/\/www.acotv.org\/wp-content\/uploads\/imatge4.png\" alt=\"\" class=\"wp-image-1668\" srcset=\"https:\/\/www.acotv.org\/wp-content\/uploads\/imatge4.png 441w, https:\/\/www.acotv.org\/wp-content\/uploads\/imatge4-300x67.png 300w\" sizes=\"(max-width: 441px) 100vw, 441px\" \/><\/figure>\n\n\n\n<figure class=\"wp-block-image size-large\"><img fetchpriority=\"high\" decoding=\"async\" width=\"372\" height=\"158\" src=\"https:\/\/www.acotv.org\/wp-content\/uploads\/imatge5.png\" alt=\"\" class=\"wp-image-1671\" srcset=\"https:\/\/www.acotv.org\/wp-content\/uploads\/imatge5.png 372w, https:\/\/www.acotv.org\/wp-content\/uploads\/imatge5-300x127.png 300w\" sizes=\"(max-width: 372px) 100vw, 372px\" \/><\/figure>\n\n\n\n<p class=\"wp-block-paragraph\">El valor de flexi\u00f3n del brazo derecho se rest\u00f3 el valor inicial mientras gira la cabeza a la izquierda, y la flexi\u00f3n del brazo izquierdo se rest\u00f3 el valor inicial mientras se gira la cabeza a la derecha. El valor D = representa la flexi\u00f3n del brazo derecho, y E = del brazo izquierdo. El valor final de la prueba (RTAC), representado con grados (\u00b0), fue un valor num\u00e9rico de la media de las dos flexiones de brazo, dada por la siguiente expresi\u00f3n:<\/p>\n\n\n\n<figure class=\"wp-block-image size-large\"><img decoding=\"async\" width=\"163\" height=\"50\" src=\"https:\/\/www.acotv.org\/wp-content\/uploads\/imatge6.png\" alt=\"\" class=\"wp-image-1674\"\/><\/figure>\n\n\n\n<p class=\"wp-block-paragraph\">Se observ\u00f3 una correlaci\u00f3n estad\u00edsticamente significativa de la ruptura del punto pr\u00f3ximo de convergencia (<strong>r (12) = 0.64, P=.026)<\/strong>&nbsp;y las reservas de base nasal en visi\u00f3n cercana (<strong>r (12) = &#8211; 0,717, P = .008<\/strong>&nbsp;), que indicaban que adem\u00e1s RTAC, m\u00e1s ruptura del punto de convergencia y m\u00e1s reservas de divergencia en visi\u00f3n pr\u00f3xima. A continuaci\u00f3n se muestran los gr\u00e1ficos correspondientes:<\/p>\n\n\n\n<figure class=\"wp-block-image size-large\"><img loading=\"lazy\" decoding=\"async\" width=\"592\" height=\"241\" src=\"https:\/\/www.acotv.org\/wp-content\/uploads\/imatge7.png\" alt=\"\" class=\"wp-image-1677\" srcset=\"https:\/\/www.acotv.org\/wp-content\/uploads\/imatge7.png 592w, https:\/\/www.acotv.org\/wp-content\/uploads\/imatge7-300x122.png 300w\" sizes=\"(max-width: 592px) 100vw, 592px\" \/><\/figure>\n\n\n\n<p class=\"wp-block-paragraph\">No se encontr\u00f3 una correlaci\u00f3n significativa en el resto de pruebas analizadas. Este trabajo final de grado aporta resultados innovadores e interesantes en el \u00e1mbito de reflejos primarios y terapia visual, observando una correlaci\u00f3n muy significativa entre el RTAC y el punto de ruptura de las reservas de base nasal en visi\u00f3n cercana y el punto pr\u00f3ximo de convergencia, y plantea futuras l\u00edneas de trabajo para explicar esta correlaci\u00f3n.<\/p>\n\n\n\n<p class=\"wp-block-paragraph\">El trabajo est\u00e1 depositado en el portal UPC Commons:&nbsp;<a href=\"https:\/\/upcommons.upc.edu\/handle\/2117\/342439?show=full\" target=\"_blank\" rel=\"noreferrer noopener\">https:\/\/upcommons.upc.edu\/handle\/2117\/342439?show=full<\/a><\/p>\n","protected":false},"excerpt":{"rendered":"<p>Relaci\u00f3n entre los circuitos t\u00f3nicos cervicales y el sistema binocular, acomodativo y motilidad ocular La estudiante de la Facultad de [&hellip;]<\/p>\n","protected":false},"author":2,"featured_media":2158,"comment_status":"open","ping_status":"open","sticky":false,"template":"","format":"standard","meta":{"ocean_front_end_style_editor":"no","ocean_post_layout":"","ocean_both_sidebars_style":"","ocean_both_sidebars_content_width":0,"ocean_both_sidebars_sidebars_width":0,"ocean_sidebar":"0","ocean_second_sidebar":"0","ocean_disable_margins":"enable","ocean_add_body_class":"","ocean_shortcode_before_top_bar":"","ocean_shortcode_after_top_bar":"","ocean_shortcode_before_header":"","ocean_shortcode_after_header":"","ocean_has_shortcode":"","ocean_shortcode_after_title":"","ocean_shortcode_before_footer_widgets":"","ocean_shortcode_after_footer_widgets":"","ocean_shortcode_before_footer_bottom":"","ocean_shortcode_after_footer_bottom":"","ocean_display_top_bar":"default","ocean_display_header":"default","ocean_header_style":"","ocean_center_header_left_menu":"0","ocean_custom_header_template":"0","ocean_custom_logo":0,"ocean_custom_retina_logo":0,"ocean_custom_logo_max_width":0,"ocean_custom_logo_tablet_max_width":0,"ocean_custom_logo_mobile_max_width":0,"ocean_custom_logo_max_height":0,"ocean_custom_logo_tablet_max_height":0,"ocean_custom_logo_mobile_max_height":0,"ocean_header_custom_menu":"0","ocean_menu_typo_font_family":"0","ocean_menu_typo_font_subset":"","ocean_menu_typo_font_size":0,"ocean_menu_typo_font_size_tablet":0,"ocean_menu_typo_font_size_mobile":0,"ocean_menu_typo_font_size_unit":"px","ocean_menu_typo_font_weight":"","ocean_menu_typo_font_weight_tablet":"","ocean_menu_typo_font_weight_mobile":"","ocean_menu_typo_transform":"","ocean_menu_typo_transform_tablet":"","ocean_menu_typo_transform_mobile":"","ocean_menu_typo_line_height":0,"ocean_menu_typo_line_height_tablet":0,"ocean_menu_typo_line_height_mobile":0,"ocean_menu_typo_line_height_unit":"","ocean_menu_typo_spacing":0,"ocean_menu_typo_spacing_tablet":0,"ocean_menu_typo_spacing_mobile":0,"ocean_menu_typo_spacing_unit":"","ocean_menu_link_color":"","ocean_menu_link_color_hover":"","ocean_menu_link_color_active":"","ocean_menu_link_background":"","ocean_menu_link_hover_background":"","ocean_menu_link_active_background":"","ocean_menu_social_links_bg":"","ocean_menu_social_hover_links_bg":"","ocean_menu_social_links_color":"","ocean_menu_social_hover_links_color":"","ocean_disable_title":"default","ocean_disable_heading":"default","ocean_post_title":"","ocean_post_subheading":"","ocean_post_title_style":"","ocean_post_title_background_color":"","ocean_post_title_background":0,"ocean_post_title_bg_image_position":"","ocean_post_title_bg_image_attachment":"","ocean_post_title_bg_image_repeat":"","ocean_post_title_bg_image_size":"","ocean_post_title_height":0,"ocean_post_title_bg_overlay":0.5,"ocean_post_title_bg_overlay_color":"","ocean_disable_breadcrumbs":"default","ocean_breadcrumbs_color":"","ocean_breadcrumbs_separator_color":"","ocean_breadcrumbs_links_color":"","ocean_breadcrumbs_links_hover_color":"","ocean_display_footer_widgets":"default","ocean_display_footer_bottom":"default","ocean_custom_footer_template":"0","ocean_post_oembed":"","ocean_post_self_hosted_media":"","ocean_post_video_embed":"","ocean_link_format":"","ocean_link_format_target":"self","ocean_quote_format":"","ocean_quote_format_link":"post","ocean_gallery_link_images":"off","ocean_gallery_id":[],"footnotes":""},"categories":[24,9],"tags":[66,67],"class_list":["post-1664","post","type-post","status-publish","format-standard","has-post-thumbnail","hentry","category-bloc","category-blog","tag-optometria-ca","tag-terapiavisual-ca","entry","has-media"],"yoast_head":"<!-- This site is optimized with the Yoast SEO plugin v28.4 - https:\/\/yoast.com\/product\/yoast-seo-wordpress\/ -->\n<title>TRABAJO FINAL DE GRADO de MARIONA TUR\u00da - Asociaci\u00f3n Catalana de Optometr\u00eda y Terapia Visual<\/title>\n<meta name=\"robots\" content=\"index, follow, max-snippet:-1, max-image-preview:large, max-video-preview:-1\" \/>\n<link rel=\"canonical\" href=\"https:\/\/www.acotv.org\/es\/trabajo-final-de-grado-de-mariona-turu\/\" \/>\n<meta property=\"og:locale\" content=\"es_ES\" \/>\n<meta property=\"og:type\" content=\"article\" \/>\n<meta property=\"og:title\" content=\"TRABAJO FINAL DE GRADO de MARIONA TUR\u00da - Asociaci\u00f3n Catalana de Optometr\u00eda y Terapia Visual\" \/>\n<meta property=\"og:description\" content=\"Relaci\u00f3n entre los circuitos t\u00f3nicos cervicales y el sistema binocular, acomodativo y motilidad ocular La estudiante de la Facultad de [&hellip;]\" \/>\n<meta property=\"og:url\" content=\"https:\/\/www.acotv.org\/es\/trabajo-final-de-grado-de-mariona-turu\/\" \/>\n<meta property=\"og:site_name\" content=\"Asociaci\u00f3n Catalana de Optometr\u00eda y Terapia Visual\" \/>\n<meta property=\"article:published_time\" content=\"2021-06-30T14:54:00+00:00\" \/>\n<meta property=\"article:modified_time\" content=\"2022-03-31T19:47:35+00:00\" \/>\n<meta property=\"og:image\" content=\"https:\/\/www.acotv.org\/wp-content\/uploads\/Imatge3-3.jpg\" \/>\n\t<meta property=\"og:image:width\" content=\"700\" \/>\n\t<meta property=\"og:image:height\" content=\"466\" \/>\n\t<meta property=\"og:image:type\" content=\"image\/jpeg\" \/>\n<meta name=\"author\" content=\"ACOTV\" \/>\n<meta name=\"twitter:card\" content=\"summary_large_image\" \/>\n<meta name=\"twitter:label1\" content=\"Escrito por\" \/>\n\t<meta name=\"twitter:data1\" content=\"ACOTV\" \/>\n\t<meta name=\"twitter:label2\" content=\"Tiempo de lectura\" \/>\n\t<meta name=\"twitter:data2\" content=\"3 minutos\" \/>\n<script type=\"application\/ld+json\" class=\"yoast-schema-graph\">{\"@context\":\"https:\\\/\\\/schema.org\",\"@graph\":[{\"@type\":\"Article\",\"@id\":\"https:\\\/\\\/www.acotv.org\\\/es\\\/trabajo-final-de-grado-de-mariona-turu\\\/#article\",\"isPartOf\":{\"@id\":\"https:\\\/\\\/www.acotv.org\\\/es\\\/trabajo-final-de-grado-de-mariona-turu\\\/\"},\"author\":{\"name\":\"ACOTV\",\"@id\":\"https:\\\/\\\/www.acotv.org\\\/ca\\\/#\\\/schema\\\/person\\\/0de470fec1dbf9785a7343042d765744\"},\"headline\":\"TRABAJO FINAL DE GRADO de MARIONA TUR\u00da\",\"datePublished\":\"2021-06-30T14:54:00+00:00\",\"dateModified\":\"2022-03-31T19:47:35+00:00\",\"mainEntityOfPage\":{\"@id\":\"https:\\\/\\\/www.acotv.org\\\/es\\\/trabajo-final-de-grado-de-mariona-turu\\\/\"},\"wordCount\":460,\"commentCount\":0,\"image\":{\"@id\":\"https:\\\/\\\/www.acotv.org\\\/es\\\/trabajo-final-de-grado-de-mariona-turu\\\/#primaryimage\"},\"thumbnailUrl\":\"https:\\\/\\\/www.acotv.org\\\/wp-content\\\/uploads\\\/Imatge3-3.jpg\",\"keywords\":[\"Optometria\",\"TerapiaVisual\"],\"articleSection\":[\"Bloc\",\"Blog\"],\"inLanguage\":\"es\",\"potentialAction\":[{\"@type\":\"CommentAction\",\"name\":\"Comment\",\"target\":[\"https:\\\/\\\/www.acotv.org\\\/es\\\/trabajo-final-de-grado-de-mariona-turu\\\/#respond\"]}]},{\"@type\":\"WebPage\",\"@id\":\"https:\\\/\\\/www.acotv.org\\\/es\\\/trabajo-final-de-grado-de-mariona-turu\\\/\",\"url\":\"https:\\\/\\\/www.acotv.org\\\/es\\\/trabajo-final-de-grado-de-mariona-turu\\\/\",\"name\":\"TRABAJO FINAL DE GRADO de MARIONA TUR\u00da - Asociaci\u00f3n Catalana de Optometr\u00eda y Terapia Visual\",\"isPartOf\":{\"@id\":\"https:\\\/\\\/www.acotv.org\\\/ca\\\/#website\"},\"primaryImageOfPage\":{\"@id\":\"https:\\\/\\\/www.acotv.org\\\/es\\\/trabajo-final-de-grado-de-mariona-turu\\\/#primaryimage\"},\"image\":{\"@id\":\"https:\\\/\\\/www.acotv.org\\\/es\\\/trabajo-final-de-grado-de-mariona-turu\\\/#primaryimage\"},\"thumbnailUrl\":\"https:\\\/\\\/www.acotv.org\\\/wp-content\\\/uploads\\\/Imatge3-3.jpg\",\"datePublished\":\"2021-06-30T14:54:00+00:00\",\"dateModified\":\"2022-03-31T19:47:35+00:00\",\"author\":{\"@id\":\"https:\\\/\\\/www.acotv.org\\\/ca\\\/#\\\/schema\\\/person\\\/0de470fec1dbf9785a7343042d765744\"},\"breadcrumb\":{\"@id\":\"https:\\\/\\\/www.acotv.org\\\/es\\\/trabajo-final-de-grado-de-mariona-turu\\\/#breadcrumb\"},\"inLanguage\":\"es\",\"potentialAction\":[{\"@type\":\"ReadAction\",\"target\":[\"https:\\\/\\\/www.acotv.org\\\/es\\\/trabajo-final-de-grado-de-mariona-turu\\\/\"]}]},{\"@type\":\"ImageObject\",\"inLanguage\":\"es\",\"@id\":\"https:\\\/\\\/www.acotv.org\\\/es\\\/trabajo-final-de-grado-de-mariona-turu\\\/#primaryimage\",\"url\":\"https:\\\/\\\/www.acotv.org\\\/wp-content\\\/uploads\\\/Imatge3-3.jpg\",\"contentUrl\":\"https:\\\/\\\/www.acotv.org\\\/wp-content\\\/uploads\\\/Imatge3-3.jpg\",\"width\":700,\"height\":466},{\"@type\":\"BreadcrumbList\",\"@id\":\"https:\\\/\\\/www.acotv.org\\\/es\\\/trabajo-final-de-grado-de-mariona-turu\\\/#breadcrumb\",\"itemListElement\":[{\"@type\":\"ListItem\",\"position\":1,\"name\":\"Portada\",\"item\":\"https:\\\/\\\/www.acotv.org\\\/es\\\/\"},{\"@type\":\"ListItem\",\"position\":2,\"name\":\"TRABAJO FINAL DE GRADO de MARIONA TUR\u00da\"}]},{\"@type\":\"WebSite\",\"@id\":\"https:\\\/\\\/www.acotv.org\\\/ca\\\/#website\",\"url\":\"https:\\\/\\\/www.acotv.org\\\/ca\\\/\",\"name\":\"Asociaci\u00f3n Catalana de Optometr\u00eda y Terapia Visual\",\"description\":\"\",\"potentialAction\":[{\"@type\":\"SearchAction\",\"target\":{\"@type\":\"EntryPoint\",\"urlTemplate\":\"https:\\\/\\\/www.acotv.org\\\/ca\\\/?s={search_term_string}\"},\"query-input\":{\"@type\":\"PropertyValueSpecification\",\"valueRequired\":true,\"valueName\":\"search_term_string\"}}],\"inLanguage\":\"es\"},{\"@type\":\"Person\",\"@id\":\"https:\\\/\\\/www.acotv.org\\\/ca\\\/#\\\/schema\\\/person\\\/0de470fec1dbf9785a7343042d765744\",\"name\":\"ACOTV\",\"image\":{\"@type\":\"ImageObject\",\"inLanguage\":\"es\",\"@id\":\"https:\\\/\\\/www.acotv.org\\\/wp-content\\\/uploads\\\/Logo-petit-150x150.jpg\",\"url\":\"https:\\\/\\\/www.acotv.org\\\/wp-content\\\/uploads\\\/Logo-petit-150x150.jpg\",\"contentUrl\":\"https:\\\/\\\/www.acotv.org\\\/wp-content\\\/uploads\\\/Logo-petit-150x150.jpg\",\"caption\":\"ACOTV\"},\"url\":\"https:\\\/\\\/www.acotv.org\\\/es\\\/author\\\/acotv\\\/\"}]}<\/script>\n<!-- \/ Yoast SEO plugin. -->","yoast_head_json":{"title":"TRABAJO FINAL DE GRADO de MARIONA TUR\u00da - Asociaci\u00f3n Catalana de Optometr\u00eda y Terapia Visual","robots":{"index":"index","follow":"follow","max-snippet":"max-snippet:-1","max-image-preview":"max-image-preview:large","max-video-preview":"max-video-preview:-1"},"canonical":"https:\/\/www.acotv.org\/es\/trabajo-final-de-grado-de-mariona-turu\/","og_locale":"es_ES","og_type":"article","og_title":"TRABAJO FINAL DE GRADO de MARIONA TUR\u00da - Asociaci\u00f3n Catalana de Optometr\u00eda y Terapia Visual","og_description":"Relaci\u00f3n entre los circuitos t\u00f3nicos cervicales y el sistema binocular, acomodativo y motilidad ocular La estudiante de la Facultad de [&hellip;]","og_url":"https:\/\/www.acotv.org\/es\/trabajo-final-de-grado-de-mariona-turu\/","og_site_name":"Asociaci\u00f3n Catalana de Optometr\u00eda y Terapia Visual","article_published_time":"2021-06-30T14:54:00+00:00","article_modified_time":"2022-03-31T19:47:35+00:00","og_image":[{"width":700,"height":466,"url":"https:\/\/www.acotv.org\/wp-content\/uploads\/Imatge3-3.jpg","type":"image\/jpeg"}],"author":"ACOTV","twitter_card":"summary_large_image","twitter_misc":{"Escrito por":"ACOTV","Tiempo de lectura":"3 minutos"},"schema":{"@context":"https:\/\/schema.org","@graph":[{"@type":"Article","@id":"https:\/\/www.acotv.org\/es\/trabajo-final-de-grado-de-mariona-turu\/#article","isPartOf":{"@id":"https:\/\/www.acotv.org\/es\/trabajo-final-de-grado-de-mariona-turu\/"},"author":{"name":"ACOTV","@id":"https:\/\/www.acotv.org\/ca\/#\/schema\/person\/0de470fec1dbf9785a7343042d765744"},"headline":"TRABAJO FINAL DE GRADO de MARIONA TUR\u00da","datePublished":"2021-06-30T14:54:00+00:00","dateModified":"2022-03-31T19:47:35+00:00","mainEntityOfPage":{"@id":"https:\/\/www.acotv.org\/es\/trabajo-final-de-grado-de-mariona-turu\/"},"wordCount":460,"commentCount":0,"image":{"@id":"https:\/\/www.acotv.org\/es\/trabajo-final-de-grado-de-mariona-turu\/#primaryimage"},"thumbnailUrl":"https:\/\/www.acotv.org\/wp-content\/uploads\/Imatge3-3.jpg","keywords":["Optometria","TerapiaVisual"],"articleSection":["Bloc","Blog"],"inLanguage":"es","potentialAction":[{"@type":"CommentAction","name":"Comment","target":["https:\/\/www.acotv.org\/es\/trabajo-final-de-grado-de-mariona-turu\/#respond"]}]},{"@type":"WebPage","@id":"https:\/\/www.acotv.org\/es\/trabajo-final-de-grado-de-mariona-turu\/","url":"https:\/\/www.acotv.org\/es\/trabajo-final-de-grado-de-mariona-turu\/","name":"TRABAJO FINAL DE GRADO de MARIONA TUR\u00da - Asociaci\u00f3n Catalana de Optometr\u00eda y Terapia Visual","isPartOf":{"@id":"https:\/\/www.acotv.org\/ca\/#website"},"primaryImageOfPage":{"@id":"https:\/\/www.acotv.org\/es\/trabajo-final-de-grado-de-mariona-turu\/#primaryimage"},"image":{"@id":"https:\/\/www.acotv.org\/es\/trabajo-final-de-grado-de-mariona-turu\/#primaryimage"},"thumbnailUrl":"https:\/\/www.acotv.org\/wp-content\/uploads\/Imatge3-3.jpg","datePublished":"2021-06-30T14:54:00+00:00","dateModified":"2022-03-31T19:47:35+00:00","author":{"@id":"https:\/\/www.acotv.org\/ca\/#\/schema\/person\/0de470fec1dbf9785a7343042d765744"},"breadcrumb":{"@id":"https:\/\/www.acotv.org\/es\/trabajo-final-de-grado-de-mariona-turu\/#breadcrumb"},"inLanguage":"es","potentialAction":[{"@type":"ReadAction","target":["https:\/\/www.acotv.org\/es\/trabajo-final-de-grado-de-mariona-turu\/"]}]},{"@type":"ImageObject","inLanguage":"es","@id":"https:\/\/www.acotv.org\/es\/trabajo-final-de-grado-de-mariona-turu\/#primaryimage","url":"https:\/\/www.acotv.org\/wp-content\/uploads\/Imatge3-3.jpg","contentUrl":"https:\/\/www.acotv.org\/wp-content\/uploads\/Imatge3-3.jpg","width":700,"height":466},{"@type":"BreadcrumbList","@id":"https:\/\/www.acotv.org\/es\/trabajo-final-de-grado-de-mariona-turu\/#breadcrumb","itemListElement":[{"@type":"ListItem","position":1,"name":"Portada","item":"https:\/\/www.acotv.org\/es\/"},{"@type":"ListItem","position":2,"name":"TRABAJO FINAL DE GRADO de MARIONA TUR\u00da"}]},{"@type":"WebSite","@id":"https:\/\/www.acotv.org\/ca\/#website","url":"https:\/\/www.acotv.org\/ca\/","name":"Asociaci\u00f3n Catalana de Optometr\u00eda y Terapia Visual","description":"","potentialAction":[{"@type":"SearchAction","target":{"@type":"EntryPoint","urlTemplate":"https:\/\/www.acotv.org\/ca\/?s={search_term_string}"},"query-input":{"@type":"PropertyValueSpecification","valueRequired":true,"valueName":"search_term_string"}}],"inLanguage":"es"},{"@type":"Person","@id":"https:\/\/www.acotv.org\/ca\/#\/schema\/person\/0de470fec1dbf9785a7343042d765744","name":"ACOTV","image":{"@type":"ImageObject","inLanguage":"es","@id":"https:\/\/www.acotv.org\/wp-content\/uploads\/Logo-petit-150x150.jpg","url":"https:\/\/www.acotv.org\/wp-content\/uploads\/Logo-petit-150x150.jpg","contentUrl":"https:\/\/www.acotv.org\/wp-content\/uploads\/Logo-petit-150x150.jpg","caption":"ACOTV"},"url":"https:\/\/www.acotv.org\/es\/author\/acotv\/"}]}},"_links":{"self":[{"href":"https:\/\/www.acotv.org\/es\/wp-json\/wp\/v2\/posts\/1664","targetHints":{"allow":["GET"]}}],"collection":[{"href":"https:\/\/www.acotv.org\/es\/wp-json\/wp\/v2\/posts"}],"about":[{"href":"https:\/\/www.acotv.org\/es\/wp-json\/wp\/v2\/types\/post"}],"author":[{"embeddable":true,"href":"https:\/\/www.acotv.org\/es\/wp-json\/wp\/v2\/users\/2"}],"replies":[{"embeddable":true,"href":"https:\/\/www.acotv.org\/es\/wp-json\/wp\/v2\/comments?post=1664"}],"version-history":[{"count":0,"href":"https:\/\/www.acotv.org\/es\/wp-json\/wp\/v2\/posts\/1664\/revisions"}],"wp:featuredmedia":[{"embeddable":true,"href":"https:\/\/www.acotv.org\/es\/wp-json\/wp\/v2\/media\/2158"}],"wp:attachment":[{"href":"https:\/\/www.acotv.org\/es\/wp-json\/wp\/v2\/media?parent=1664"}],"wp:term":[{"taxonomy":"category","embeddable":true,"href":"https:\/\/www.acotv.org\/es\/wp-json\/wp\/v2\/categories?post=1664"},{"taxonomy":"post_tag","embeddable":true,"href":"https:\/\/www.acotv.org\/es\/wp-json\/wp\/v2\/tags?post=1664"}],"curies":[{"name":"wp","href":"https:\/\/api.w.org\/{rel}","templated":true}]}}