{"id":1640,"date":"2021-10-01T10:32:00","date_gmt":"2021-10-01T08:32:00","guid":{"rendered":"https:\/\/www.acotv.org\/?p=1640"},"modified":"2022-03-31T21:46:48","modified_gmt":"2022-03-31T19:46:48","slug":"problemas-visuales-infantiles-parte-i-0-5-anos","status":"publish","type":"post","link":"https:\/\/www.acotv.org\/es\/problemas-visuales-infantiles-parte-i-0-5-anos\/","title":{"rendered":"PROBLEMAS VISUALES INFANTILES. PARTE I: 0-5 A\u00d1OS"},"content":{"rendered":"\n<p class=\"wp-block-paragraph\" style=\"font-size:18px\"><strong>Este trimestre queremos ceder nuestro espacio de publicaciones a un nuevo miembro de la ACOTV, el optometrista&nbsp;\u00c1lvaro Garc\u00eda de la Cruz,&nbsp;un excelente profesional en el \u00e1mbito de la terapia visual que, adem\u00e1s, escribe un blog,&nbsp;Ver para Crecer,&nbsp;que es un magn\u00edfico espacio para la difusi\u00f3n de la optometr\u00eda y la terapia visual.<\/strong><\/p>\n\n\n\n<p class=\"wp-block-paragraph\">Y como desde la ACOTV nos encanta visualizar el esfuerzo de cada uno de nuestros socios, qu\u00e9 mejor que empezar por compartir con vosotros alguno de sus \u00faltimos art\u00edculos empezaremos hablando de la&nbsp;<strong><span style=\"color:#008ad0\" class=\"has-inline-color\">Visi\u00f3n Infantil!<\/span><\/strong><\/p>\n\n\n\n<p class=\"has-text-color wp-block-paragraph\" style=\"color:#008ad0\"><strong>Parte I: 0-5 a\u00f1os<\/strong><\/p>\n\n\n\n<p class=\"wp-block-paragraph\">Por desgracia, en mi d\u00eda a d\u00eda en la consulta me encuentro con infinidad de ni\u00f1os con problemas visuales de diversos tipos, que ser\u00edan mayoritariamente evitables y \/ o sencillos de solucionar si los padres y madres o educadores y educadoras en supieran los s\u00edntomas de alarma para acudir al profesional adecuado lo antes posible o si supieran c\u00f3mo se construye la visi\u00f3n desde que nacemos y c\u00f3mo estimularla desde las primeras semanas de vida.<\/p>\n\n\n\n<p class=\"wp-block-paragraph\">Como<strong>&nbsp;los problemas visuales infantiles son muy diversos&nbsp;<\/strong>en funci\u00f3n de la edad del ni\u00f1o, he decidido dividirlos en dos rangos de edad (poblaci\u00f3n preescolar y escolar) debido a que las habilidades visuales necesarias en cada grupo son muy diferentes y, por tanto, las dificultades que detectamos en cada grupo tambi\u00e9n.<\/p>\n\n\n\n<p class=\"wp-block-paragraph\">En esta primera parte, os hablar\u00e9 de&nbsp;<strong>los problemas visuales infantiles en ni\u00f1os preescolares (0-5 a\u00f1os).<\/strong>&nbsp;Primero os har\u00e9 un breve resumen de c\u00f3mo&nbsp;<a href=\"https:\/\/ver-para-crecer.com\/que-es-la-vision-en-optometria\/\" target=\"_blank\" rel=\"noreferrer noopener\">c\u00f3mo se construye la visi\u00f3n<\/a>&nbsp;desde que el beb\u00e9 nace, y despu\u00e9s hablar\u00e9 sobre los problemas visuales m\u00e1s frecuentes y m\u00e1s importantes de ser detectados a tiempo y las habilidades visuales que deben ser evaluadas en estas edades para asegurarse de que el desarrollo visual se est\u00e1 produciendo de manera adecuada.<\/p>\n\n\n\n<p class=\"wp-block-paragraph\">Finalmente, comentar\u00e9 los s\u00edntomas de alarma para detectar un problema visual en esta etapa y c\u00f3mo podemos prevenir y estimular un correcto desarrollo en la visi\u00f3n de nuestros hijos e hijas desde las primeras semanas de vida&#8230;<\/p>\n\n\n\n<p class=\"has-text-color wp-block-paragraph\" style=\"color:#008ad0\"><a href=\"https:\/\/ver-para-crecer.com\/problemas-visuales-infantiles-0-5-anos\/\" target=\"_blank\" rel=\"noreferrer noopener\"><strong>Leer el art\u00edculo original completo en el blog de Ver para Crecer<\/strong><\/a><\/p>\n\n\n\n<p class=\"wp-block-paragraph\">Art\u00edculo realizado por&nbsp;<strong>\u00c1LVARO GARC\u00cdA DE LA CRUZ<br><\/strong><strong>\u00d3ptico optometrista. Colegiado&nbsp; 22.827<br>Miembro de la Asociaci\u00f3n Catalana de Optometr\u00eda y Terapia Visual (ACOTV)<\/strong><\/p>\n","protected":false},"excerpt":{"rendered":"<p>Este trimestre queremos ceder nuestro espacio de publicaciones a un nuevo miembro de la ACOTV, el optometrista&nbsp;\u00c1lvaro Garc\u00eda de la [&hellip;]<\/p>\n","protected":false},"author":2,"featured_media":2164,"comment_status":"open","ping_status":"open","sticky":false,"template":"","format":"standard","meta":{"ocean_front_end_style_editor":"no","ocean_post_layout":"","ocean_both_sidebars_style":"","ocean_both_sidebars_content_width":0,"ocean_both_sidebars_sidebars_width":0,"ocean_sidebar":"0","ocean_second_sidebar":"0","ocean_disable_margins":"enable","ocean_add_body_class":"","ocean_shortcode_before_top_bar":"","ocean_shortcode_after_top_bar":"","ocean_shortcode_before_header":"","ocean_shortcode_after_header":"","ocean_has_shortcode":"","ocean_shortcode_after_title":"","ocean_shortcode_before_footer_widgets":"","ocean_shortcode_after_footer_widgets":"","ocean_shortcode_before_footer_bottom":"","ocean_shortcode_after_footer_bottom":"","ocean_display_top_bar":"default","ocean_display_header":"default","ocean_header_style":"","ocean_center_header_left_menu":"0","ocean_custom_header_template":"0","ocean_custom_logo":0,"ocean_custom_retina_logo":0,"ocean_custom_logo_max_width":0,"ocean_custom_logo_tablet_max_width":0,"ocean_custom_logo_mobile_max_width":0,"ocean_custom_logo_max_height":0,"ocean_custom_logo_tablet_max_height":0,"ocean_custom_logo_mobile_max_height":0,"ocean_header_custom_menu":"0","ocean_menu_typo_font_family":"0","ocean_menu_typo_font_subset":"","ocean_menu_typo_font_size":0,"ocean_menu_typo_font_size_tablet":0,"ocean_menu_typo_font_size_mobile":0,"ocean_menu_typo_font_size_unit":"px","ocean_menu_typo_font_weight":"","ocean_menu_typo_font_weight_tablet":"","ocean_menu_typo_font_weight_mobile":"","ocean_menu_typo_transform":"","ocean_menu_typo_transform_tablet":"","ocean_menu_typo_transform_mobile":"","ocean_menu_typo_line_height":0,"ocean_menu_typo_line_height_tablet":0,"ocean_menu_typo_line_height_mobile":0,"ocean_menu_typo_line_height_unit":"","ocean_menu_typo_spacing":0,"ocean_menu_typo_spacing_tablet":0,"ocean_menu_typo_spacing_mobile":0,"ocean_menu_typo_spacing_unit":"","ocean_menu_link_color":"","ocean_menu_link_color_hover":"","ocean_menu_link_color_active":"","ocean_menu_link_background":"","ocean_menu_link_hover_background":"","ocean_menu_link_active_background":"","ocean_menu_social_links_bg":"","ocean_menu_social_hover_links_bg":"","ocean_menu_social_links_color":"","ocean_menu_social_hover_links_color":"","ocean_disable_title":"default","ocean_disable_heading":"default","ocean_post_title":"","ocean_post_subheading":"","ocean_post_title_style":"","ocean_post_title_background_color":"","ocean_post_title_background":0,"ocean_post_title_bg_image_position":"","ocean_post_title_bg_image_attachment":"","ocean_post_title_bg_image_repeat":"","ocean_post_title_bg_image_size":"","ocean_post_title_height":0,"ocean_post_title_bg_overlay":0.5,"ocean_post_title_bg_overlay_color":"","ocean_disable_breadcrumbs":"default","ocean_breadcrumbs_color":"","ocean_breadcrumbs_separator_color":"","ocean_breadcrumbs_links_color":"","ocean_breadcrumbs_links_hover_color":"","ocean_display_footer_widgets":"default","ocean_display_footer_bottom":"default","ocean_custom_footer_template":"0","ocean_post_oembed":"","ocean_post_self_hosted_media":"","ocean_post_video_embed":"","ocean_link_format":"","ocean_link_format_target":"self","ocean_quote_format":"","ocean_quote_format_link":"post","ocean_gallery_link_images":"off","ocean_gallery_id":[],"footnotes":""},"categories":[24,9],"tags":[66,67],"class_list":["post-1640","post","type-post","status-publish","format-standard","has-post-thumbnail","hentry","category-bloc","category-blog","tag-optometria-ca","tag-terapiavisual-ca","entry","has-media"],"yoast_head":"<!-- This site is optimized with the Yoast SEO plugin v28.4 - https:\/\/yoast.com\/product\/yoast-seo-wordpress\/ -->\n<title>PROBLEMAS VISUALES INFANTILES. PARTE I: 0-5 A\u00d1OS - Asociaci\u00f3n Catalana de Optometr\u00eda y Terapia Visual<\/title>\n<meta name=\"robots\" content=\"index, follow, max-snippet:-1, max-image-preview:large, max-video-preview:-1\" \/>\n<link rel=\"canonical\" href=\"https:\/\/www.acotv.org\/es\/problemas-visuales-infantiles-parte-i-0-5-anos\/\" \/>\n<meta property=\"og:locale\" content=\"es_ES\" \/>\n<meta property=\"og:type\" content=\"article\" \/>\n<meta property=\"og:title\" content=\"PROBLEMAS VISUALES INFANTILES. PARTE I: 0-5 A\u00d1OS - Asociaci\u00f3n Catalana de Optometr\u00eda y Terapia Visual\" \/>\n<meta property=\"og:description\" content=\"Este trimestre queremos ceder nuestro espacio de publicaciones a un nuevo miembro de la ACOTV, el optometrista&nbsp;\u00c1lvaro Garc\u00eda de la [&hellip;]\" \/>\n<meta property=\"og:url\" content=\"https:\/\/www.acotv.org\/es\/problemas-visuales-infantiles-parte-i-0-5-anos\/\" \/>\n<meta property=\"og:site_name\" content=\"Asociaci\u00f3n Catalana de Optometr\u00eda y Terapia Visual\" \/>\n<meta property=\"article:published_time\" content=\"2021-10-01T08:32:00+00:00\" \/>\n<meta property=\"article:modified_time\" content=\"2022-03-31T19:46:48+00:00\" \/>\n<meta property=\"og:image\" content=\"https:\/\/www.acotv.org\/wp-content\/uploads\/Imatge2-5.jpg\" \/>\n\t<meta property=\"og:image:width\" content=\"700\" \/>\n\t<meta property=\"og:image:height\" content=\"468\" \/>\n\t<meta property=\"og:image:type\" content=\"image\/jpeg\" \/>\n<meta name=\"author\" content=\"ACOTV\" \/>\n<meta name=\"twitter:card\" content=\"summary_large_image\" \/>\n<meta name=\"twitter:label1\" content=\"Escrito por\" \/>\n\t<meta name=\"twitter:data1\" content=\"ACOTV\" \/>\n\t<meta name=\"twitter:label2\" content=\"Tiempo de lectura\" \/>\n\t<meta name=\"twitter:data2\" content=\"2 minutos\" \/>\n<script type=\"application\/ld+json\" class=\"yoast-schema-graph\">{\"@context\":\"https:\\\/\\\/schema.org\",\"@graph\":[{\"@type\":\"Article\",\"@id\":\"https:\\\/\\\/www.acotv.org\\\/es\\\/problemas-visuales-infantiles-parte-i-0-5-anos\\\/#article\",\"isPartOf\":{\"@id\":\"https:\\\/\\\/www.acotv.org\\\/es\\\/problemas-visuales-infantiles-parte-i-0-5-anos\\\/\"},\"author\":{\"name\":\"ACOTV\",\"@id\":\"https:\\\/\\\/www.acotv.org\\\/ca\\\/#\\\/schema\\\/person\\\/0de470fec1dbf9785a7343042d765744\"},\"headline\":\"PROBLEMAS VISUALES INFANTILES. PARTE I: 0-5 A\u00d1OS\",\"datePublished\":\"2021-10-01T08:32:00+00:00\",\"dateModified\":\"2022-03-31T19:46:48+00:00\",\"mainEntityOfPage\":{\"@id\":\"https:\\\/\\\/www.acotv.org\\\/es\\\/problemas-visuales-infantiles-parte-i-0-5-anos\\\/\"},\"wordCount\":422,\"commentCount\":0,\"image\":{\"@id\":\"https:\\\/\\\/www.acotv.org\\\/es\\\/problemas-visuales-infantiles-parte-i-0-5-anos\\\/#primaryimage\"},\"thumbnailUrl\":\"https:\\\/\\\/www.acotv.org\\\/wp-content\\\/uploads\\\/Imatge2-5.jpg\",\"keywords\":[\"Optometria\",\"TerapiaVisual\"],\"articleSection\":[\"Bloc\",\"Blog\"],\"inLanguage\":\"es\",\"potentialAction\":[{\"@type\":\"CommentAction\",\"name\":\"Comment\",\"target\":[\"https:\\\/\\\/www.acotv.org\\\/es\\\/problemas-visuales-infantiles-parte-i-0-5-anos\\\/#respond\"]}]},{\"@type\":\"WebPage\",\"@id\":\"https:\\\/\\\/www.acotv.org\\\/es\\\/problemas-visuales-infantiles-parte-i-0-5-anos\\\/\",\"url\":\"https:\\\/\\\/www.acotv.org\\\/es\\\/problemas-visuales-infantiles-parte-i-0-5-anos\\\/\",\"name\":\"PROBLEMAS VISUALES INFANTILES. PARTE I: 0-5 A\u00d1OS - Asociaci\u00f3n Catalana de Optometr\u00eda y Terapia Visual\",\"isPartOf\":{\"@id\":\"https:\\\/\\\/www.acotv.org\\\/ca\\\/#website\"},\"primaryImageOfPage\":{\"@id\":\"https:\\\/\\\/www.acotv.org\\\/es\\\/problemas-visuales-infantiles-parte-i-0-5-anos\\\/#primaryimage\"},\"image\":{\"@id\":\"https:\\\/\\\/www.acotv.org\\\/es\\\/problemas-visuales-infantiles-parte-i-0-5-anos\\\/#primaryimage\"},\"thumbnailUrl\":\"https:\\\/\\\/www.acotv.org\\\/wp-content\\\/uploads\\\/Imatge2-5.jpg\",\"datePublished\":\"2021-10-01T08:32:00+00:00\",\"dateModified\":\"2022-03-31T19:46:48+00:00\",\"author\":{\"@id\":\"https:\\\/\\\/www.acotv.org\\\/ca\\\/#\\\/schema\\\/person\\\/0de470fec1dbf9785a7343042d765744\"},\"breadcrumb\":{\"@id\":\"https:\\\/\\\/www.acotv.org\\\/es\\\/problemas-visuales-infantiles-parte-i-0-5-anos\\\/#breadcrumb\"},\"inLanguage\":\"es\",\"potentialAction\":[{\"@type\":\"ReadAction\",\"target\":[\"https:\\\/\\\/www.acotv.org\\\/es\\\/problemas-visuales-infantiles-parte-i-0-5-anos\\\/\"]}]},{\"@type\":\"ImageObject\",\"inLanguage\":\"es\",\"@id\":\"https:\\\/\\\/www.acotv.org\\\/es\\\/problemas-visuales-infantiles-parte-i-0-5-anos\\\/#primaryimage\",\"url\":\"https:\\\/\\\/www.acotv.org\\\/wp-content\\\/uploads\\\/Imatge2-5.jpg\",\"contentUrl\":\"https:\\\/\\\/www.acotv.org\\\/wp-content\\\/uploads\\\/Imatge2-5.jpg\",\"width\":700,\"height\":468},{\"@type\":\"BreadcrumbList\",\"@id\":\"https:\\\/\\\/www.acotv.org\\\/es\\\/problemas-visuales-infantiles-parte-i-0-5-anos\\\/#breadcrumb\",\"itemListElement\":[{\"@type\":\"ListItem\",\"position\":1,\"name\":\"Portada\",\"item\":\"https:\\\/\\\/www.acotv.org\\\/es\\\/\"},{\"@type\":\"ListItem\",\"position\":2,\"name\":\"PROBLEMAS VISUALES INFANTILES. PARTE I: 0-5 A\u00d1OS\"}]},{\"@type\":\"WebSite\",\"@id\":\"https:\\\/\\\/www.acotv.org\\\/ca\\\/#website\",\"url\":\"https:\\\/\\\/www.acotv.org\\\/ca\\\/\",\"name\":\"Asociaci\u00f3n Catalana de Optometr\u00eda y Terapia Visual\",\"description\":\"\",\"potentialAction\":[{\"@type\":\"SearchAction\",\"target\":{\"@type\":\"EntryPoint\",\"urlTemplate\":\"https:\\\/\\\/www.acotv.org\\\/ca\\\/?s={search_term_string}\"},\"query-input\":{\"@type\":\"PropertyValueSpecification\",\"valueRequired\":true,\"valueName\":\"search_term_string\"}}],\"inLanguage\":\"es\"},{\"@type\":\"Person\",\"@id\":\"https:\\\/\\\/www.acotv.org\\\/ca\\\/#\\\/schema\\\/person\\\/0de470fec1dbf9785a7343042d765744\",\"name\":\"ACOTV\",\"image\":{\"@type\":\"ImageObject\",\"inLanguage\":\"es\",\"@id\":\"https:\\\/\\\/www.acotv.org\\\/wp-content\\\/uploads\\\/Logo-petit-150x150.jpg\",\"url\":\"https:\\\/\\\/www.acotv.org\\\/wp-content\\\/uploads\\\/Logo-petit-150x150.jpg\",\"contentUrl\":\"https:\\\/\\\/www.acotv.org\\\/wp-content\\\/uploads\\\/Logo-petit-150x150.jpg\",\"caption\":\"ACOTV\"},\"url\":\"https:\\\/\\\/www.acotv.org\\\/es\\\/author\\\/acotv\\\/\"}]}<\/script>\n<!-- \/ Yoast SEO plugin. -->","yoast_head_json":{"title":"PROBLEMAS VISUALES INFANTILES. PARTE I: 0-5 A\u00d1OS - Asociaci\u00f3n Catalana de Optometr\u00eda y Terapia Visual","robots":{"index":"index","follow":"follow","max-snippet":"max-snippet:-1","max-image-preview":"max-image-preview:large","max-video-preview":"max-video-preview:-1"},"canonical":"https:\/\/www.acotv.org\/es\/problemas-visuales-infantiles-parte-i-0-5-anos\/","og_locale":"es_ES","og_type":"article","og_title":"PROBLEMAS VISUALES INFANTILES. PARTE I: 0-5 A\u00d1OS - Asociaci\u00f3n Catalana de Optometr\u00eda y Terapia Visual","og_description":"Este trimestre queremos ceder nuestro espacio de publicaciones a un nuevo miembro de la ACOTV, el optometrista&nbsp;\u00c1lvaro Garc\u00eda de la [&hellip;]","og_url":"https:\/\/www.acotv.org\/es\/problemas-visuales-infantiles-parte-i-0-5-anos\/","og_site_name":"Asociaci\u00f3n Catalana de Optometr\u00eda y Terapia Visual","article_published_time":"2021-10-01T08:32:00+00:00","article_modified_time":"2022-03-31T19:46:48+00:00","og_image":[{"width":700,"height":468,"url":"https:\/\/www.acotv.org\/wp-content\/uploads\/Imatge2-5.jpg","type":"image\/jpeg"}],"author":"ACOTV","twitter_card":"summary_large_image","twitter_misc":{"Escrito por":"ACOTV","Tiempo de lectura":"2 minutos"},"schema":{"@context":"https:\/\/schema.org","@graph":[{"@type":"Article","@id":"https:\/\/www.acotv.org\/es\/problemas-visuales-infantiles-parte-i-0-5-anos\/#article","isPartOf":{"@id":"https:\/\/www.acotv.org\/es\/problemas-visuales-infantiles-parte-i-0-5-anos\/"},"author":{"name":"ACOTV","@id":"https:\/\/www.acotv.org\/ca\/#\/schema\/person\/0de470fec1dbf9785a7343042d765744"},"headline":"PROBLEMAS VISUALES INFANTILES. PARTE I: 0-5 A\u00d1OS","datePublished":"2021-10-01T08:32:00+00:00","dateModified":"2022-03-31T19:46:48+00:00","mainEntityOfPage":{"@id":"https:\/\/www.acotv.org\/es\/problemas-visuales-infantiles-parte-i-0-5-anos\/"},"wordCount":422,"commentCount":0,"image":{"@id":"https:\/\/www.acotv.org\/es\/problemas-visuales-infantiles-parte-i-0-5-anos\/#primaryimage"},"thumbnailUrl":"https:\/\/www.acotv.org\/wp-content\/uploads\/Imatge2-5.jpg","keywords":["Optometria","TerapiaVisual"],"articleSection":["Bloc","Blog"],"inLanguage":"es","potentialAction":[{"@type":"CommentAction","name":"Comment","target":["https:\/\/www.acotv.org\/es\/problemas-visuales-infantiles-parte-i-0-5-anos\/#respond"]}]},{"@type":"WebPage","@id":"https:\/\/www.acotv.org\/es\/problemas-visuales-infantiles-parte-i-0-5-anos\/","url":"https:\/\/www.acotv.org\/es\/problemas-visuales-infantiles-parte-i-0-5-anos\/","name":"PROBLEMAS VISUALES INFANTILES. PARTE I: 0-5 A\u00d1OS - Asociaci\u00f3n Catalana de Optometr\u00eda y Terapia Visual","isPartOf":{"@id":"https:\/\/www.acotv.org\/ca\/#website"},"primaryImageOfPage":{"@id":"https:\/\/www.acotv.org\/es\/problemas-visuales-infantiles-parte-i-0-5-anos\/#primaryimage"},"image":{"@id":"https:\/\/www.acotv.org\/es\/problemas-visuales-infantiles-parte-i-0-5-anos\/#primaryimage"},"thumbnailUrl":"https:\/\/www.acotv.org\/wp-content\/uploads\/Imatge2-5.jpg","datePublished":"2021-10-01T08:32:00+00:00","dateModified":"2022-03-31T19:46:48+00:00","author":{"@id":"https:\/\/www.acotv.org\/ca\/#\/schema\/person\/0de470fec1dbf9785a7343042d765744"},"breadcrumb":{"@id":"https:\/\/www.acotv.org\/es\/problemas-visuales-infantiles-parte-i-0-5-anos\/#breadcrumb"},"inLanguage":"es","potentialAction":[{"@type":"ReadAction","target":["https:\/\/www.acotv.org\/es\/problemas-visuales-infantiles-parte-i-0-5-anos\/"]}]},{"@type":"ImageObject","inLanguage":"es","@id":"https:\/\/www.acotv.org\/es\/problemas-visuales-infantiles-parte-i-0-5-anos\/#primaryimage","url":"https:\/\/www.acotv.org\/wp-content\/uploads\/Imatge2-5.jpg","contentUrl":"https:\/\/www.acotv.org\/wp-content\/uploads\/Imatge2-5.jpg","width":700,"height":468},{"@type":"BreadcrumbList","@id":"https:\/\/www.acotv.org\/es\/problemas-visuales-infantiles-parte-i-0-5-anos\/#breadcrumb","itemListElement":[{"@type":"ListItem","position":1,"name":"Portada","item":"https:\/\/www.acotv.org\/es\/"},{"@type":"ListItem","position":2,"name":"PROBLEMAS VISUALES INFANTILES. PARTE I: 0-5 A\u00d1OS"}]},{"@type":"WebSite","@id":"https:\/\/www.acotv.org\/ca\/#website","url":"https:\/\/www.acotv.org\/ca\/","name":"Asociaci\u00f3n Catalana de Optometr\u00eda y Terapia Visual","description":"","potentialAction":[{"@type":"SearchAction","target":{"@type":"EntryPoint","urlTemplate":"https:\/\/www.acotv.org\/ca\/?s={search_term_string}"},"query-input":{"@type":"PropertyValueSpecification","valueRequired":true,"valueName":"search_term_string"}}],"inLanguage":"es"},{"@type":"Person","@id":"https:\/\/www.acotv.org\/ca\/#\/schema\/person\/0de470fec1dbf9785a7343042d765744","name":"ACOTV","image":{"@type":"ImageObject","inLanguage":"es","@id":"https:\/\/www.acotv.org\/wp-content\/uploads\/Logo-petit-150x150.jpg","url":"https:\/\/www.acotv.org\/wp-content\/uploads\/Logo-petit-150x150.jpg","contentUrl":"https:\/\/www.acotv.org\/wp-content\/uploads\/Logo-petit-150x150.jpg","caption":"ACOTV"},"url":"https:\/\/www.acotv.org\/es\/author\/acotv\/"}]}},"_links":{"self":[{"href":"https:\/\/www.acotv.org\/es\/wp-json\/wp\/v2\/posts\/1640","targetHints":{"allow":["GET"]}}],"collection":[{"href":"https:\/\/www.acotv.org\/es\/wp-json\/wp\/v2\/posts"}],"about":[{"href":"https:\/\/www.acotv.org\/es\/wp-json\/wp\/v2\/types\/post"}],"author":[{"embeddable":true,"href":"https:\/\/www.acotv.org\/es\/wp-json\/wp\/v2\/users\/2"}],"replies":[{"embeddable":true,"href":"https:\/\/www.acotv.org\/es\/wp-json\/wp\/v2\/comments?post=1640"}],"version-history":[{"count":0,"href":"https:\/\/www.acotv.org\/es\/wp-json\/wp\/v2\/posts\/1640\/revisions"}],"wp:featuredmedia":[{"embeddable":true,"href":"https:\/\/www.acotv.org\/es\/wp-json\/wp\/v2\/media\/2164"}],"wp:attachment":[{"href":"https:\/\/www.acotv.org\/es\/wp-json\/wp\/v2\/media?parent=1640"}],"wp:term":[{"taxonomy":"category","embeddable":true,"href":"https:\/\/www.acotv.org\/es\/wp-json\/wp\/v2\/categories?post=1640"},{"taxonomy":"post_tag","embeddable":true,"href":"https:\/\/www.acotv.org\/es\/wp-json\/wp\/v2\/tags?post=1640"}],"curies":[{"name":"wp","href":"https:\/\/api.w.org\/{rel}","templated":true}]}}