{"id":14242,"date":"2026-06-30T13:37:00","date_gmt":"2026-06-30T11:37:00","guid":{"rendered":"https:\/\/www.acotv.org\/?p=14242"},"modified":"2026-06-30T17:21:34","modified_gmt":"2026-06-30T15:21:34","slug":"la-acotv-celebra-25-anos-de-compromiso-con-la-optometria-y-la-terapia-visual","status":"publish","type":"post","link":"https:\/\/www.acotv.org\/es\/la-acotv-celebra-25-anos-de-compromiso-con-la-optometria-y-la-terapia-visual\/","title":{"rendered":"La ACOTV celebra 25 a\u00f1os de compromiso con la optometria y la terapia visual"},"content":{"rendered":"\n<p class=\"wp-block-paragraph\">El pasado 30 de mayo vivimos una jornada muy especial con la <strong><mark style=\"background-color:rgba(0, 0, 0, 0)\" class=\"has-inline-color has-black-color\">celebraci\u00f3n del 25 aniversario<\/mark><\/strong> de la <strong><mark style=\"background-color:rgba(0, 0, 0, 0)\" class=\"has-inline-color has-vivid-cyan-blue-color\">Asociaci\u00f3n Catalana de Optometr\u00eda y Terapia Visual (ACOTV).<\/mark><\/strong> Profesionales, docentes, colaboradores y miembros de la asociaci\u00f3n nos reunimos en Terrassa en el espacio del Vapor de Prodis, para conmemorar un cuarto de siglo de trabajo compartido, aprendizaje y compromiso con la salud visual.<\/p>\n\n\n\n<p class=\"wp-block-paragraph\">El acto fue mucho m\u00e1s que una celebraci\u00f3n. Se convirti\u00f3 en un espacio de reencuentro entre personas que, a lo largo de estos a\u00f1os, han contribuido a hacer crecer la asociaci\u00f3n ya consolidarla como un punto de referencia para la optometr\u00eda y la terapia visual en Catalu\u00f1a.<\/p>\n\n\n\n<p class=\"wp-block-paragraph\">Durante la jornada se destac\u00f3 la importancia de mantener vivos los proyectos colectivos y continuar trabajando juntos para impulsar una pr\u00e1ctica cl\u00ednica de excelencia, basada en la formaci\u00f3n continuada, la colaboraci\u00f3n profesional y el intercambio de conocimiento.<\/p>\n\n\n\n<p class=\"wp-block-paragraph\">Estos 25 a\u00f1os son el resultado de la implicaci\u00f3n de muchas personas: socios y socias, juntas directivas, profesionales, instituciones y entidades colaboradoras que han cre\u00eddo en el proyecto y han contribuido a su avance. En todas ellas, nuestro m\u00e1s sincero agradecimiento.<\/p>\n\n\n\n<p class=\"wp-block-paragraph\">La celebraci\u00f3n del 25 aniversario no s\u00f3lo nos ha permitido mirar atr\u00e1s con orgullo, sino tambi\u00e9n encarar el futuro con ilusi\u00f3n. Desde la ACOTV continuaremos trabajando para impulsar nuevos proyectos, reforzar la formaci\u00f3n especializada y contribuir a la mejora de la salud visual de la poblaci\u00f3n.<br> <strong>Gracias a todas las personas que nos han acompa\u00f1ado <\/strong>durante este camino. Seguimos construyendo futuro juntos.<\/p>\n\n\n\n<p class=\"wp-block-paragraph\">Si no pudiste acompa\u00f1arnos te dejamos por aqu\u00ed  un peque\u00f1o resumen del encuentro:<\/p>\n\n\n\n<h2 class=\"wp-block-heading\"><strong><mark style=\"background-color:rgba(0, 0, 0, 0)\" class=\"has-inline-color has-vivid-cyan-blue-color\">Video Celebraci\u00f3n 25\u00ba Aniversario ACOTV<\/mark><\/strong><\/h2>\n\n\n\n<div style=\"position:relative;padding-top:56.25%;\"><iframe src=\"https:\/\/iframe.mediadelivery.net\/embed\/134692\/6e54f0bc-f4cb-4674-b841-a0aedb2ef9f7?autoplay=false&#038;loop=false&#038;muted=false&#038;preload=true&#038;responsive=true\" loading=\"lazy\" style=\"border:0;position:absolute;top:0;height:100%;width:100%;\" allow=\"accelerometer;gyroscope;autoplay;encrypted-media;picture-in-picture;fullscreen;\" allowfullscreen=\"true\"><\/iframe><\/div>\n","protected":false},"excerpt":{"rendered":"<p>El pasado 30 de mayo vivimos una jornada muy especial con la celebraci\u00f3n del 25 aniversario de la Asociaci\u00f3n Catalana de Optometr\u00eda y Terapia Visual (ACOTV).<\/p>\n","protected":false},"author":2,"featured_media":14202,"comment_status":"open","ping_status":"open","sticky":false,"template":"","format":"standard","meta":{"ocean_front_end_style_editor":"no","ocean_post_layout":"","ocean_both_sidebars_style":"","ocean_both_sidebars_content_width":0,"ocean_both_sidebars_sidebars_width":0,"ocean_sidebar":"","ocean_second_sidebar":"","ocean_disable_margins":"enable","ocean_add_body_class":"","ocean_shortcode_before_top_bar":"","ocean_shortcode_after_top_bar":"","ocean_shortcode_before_header":"","ocean_shortcode_after_header":"","ocean_has_shortcode":"","ocean_shortcode_after_title":"","ocean_shortcode_before_footer_widgets":"","ocean_shortcode_after_footer_widgets":"","ocean_shortcode_before_footer_bottom":"","ocean_shortcode_after_footer_bottom":"","ocean_display_top_bar":"default","ocean_display_header":"default","ocean_header_style":"","ocean_center_header_left_menu":"","ocean_custom_header_template":"","ocean_custom_logo":0,"ocean_custom_retina_logo":0,"ocean_custom_logo_max_width":0,"ocean_custom_logo_tablet_max_width":0,"ocean_custom_logo_mobile_max_width":0,"ocean_custom_logo_max_height":0,"ocean_custom_logo_tablet_max_height":0,"ocean_custom_logo_mobile_max_height":0,"ocean_header_custom_menu":"","ocean_menu_typo_font_family":"","ocean_menu_typo_font_subset":"","ocean_menu_typo_font_size":0,"ocean_menu_typo_font_size_tablet":0,"ocean_menu_typo_font_size_mobile":0,"ocean_menu_typo_font_size_unit":"px","ocean_menu_typo_font_weight":"","ocean_menu_typo_font_weight_tablet":"","ocean_menu_typo_font_weight_mobile":"","ocean_menu_typo_transform":"","ocean_menu_typo_transform_tablet":"","ocean_menu_typo_transform_mobile":"","ocean_menu_typo_line_height":0,"ocean_menu_typo_line_height_tablet":0,"ocean_menu_typo_line_height_mobile":0,"ocean_menu_typo_line_height_unit":"","ocean_menu_typo_spacing":0,"ocean_menu_typo_spacing_tablet":0,"ocean_menu_typo_spacing_mobile":0,"ocean_menu_typo_spacing_unit":"","ocean_menu_link_color":"","ocean_menu_link_color_hover":"","ocean_menu_link_color_active":"","ocean_menu_link_background":"","ocean_menu_link_hover_background":"","ocean_menu_link_active_background":"","ocean_menu_social_links_bg":"","ocean_menu_social_hover_links_bg":"","ocean_menu_social_links_color":"","ocean_menu_social_hover_links_color":"","ocean_disable_title":"default","ocean_disable_heading":"default","ocean_post_title":"","ocean_post_subheading":"","ocean_post_title_style":"","ocean_post_title_background_color":"","ocean_post_title_background":0,"ocean_post_title_bg_image_position":"","ocean_post_title_bg_image_attachment":"","ocean_post_title_bg_image_repeat":"","ocean_post_title_bg_image_size":"","ocean_post_title_height":0,"ocean_post_title_bg_overlay":0.5,"ocean_post_title_bg_overlay_color":"","ocean_disable_breadcrumbs":"default","ocean_breadcrumbs_color":"","ocean_breadcrumbs_separator_color":"","ocean_breadcrumbs_links_color":"","ocean_breadcrumbs_links_hover_color":"","ocean_display_footer_widgets":"default","ocean_display_footer_bottom":"default","ocean_custom_footer_template":"","ocean_post_oembed":"","ocean_post_self_hosted_media":"","ocean_post_video_embed":"","ocean_link_format":"","ocean_link_format_target":"self","ocean_quote_format":"","ocean_quote_format_link":"post","ocean_gallery_link_images":"on","ocean_gallery_id":[],"footnotes":""},"categories":[8,25],"tags":[105,106,201,66,68,67,71],"class_list":["post-14242","post","type-post","status-publish","format-standard","has-post-thumbnail","hentry","category-noticias","category-noticies","tag-associacio","tag-femacotv","tag-colaboracions","tag-optometria-ca","tag-salutvisual","tag-terapiavisual-ca","tag-treballdegrup","entry","has-media"],"yoast_head":"<!-- This site is optimized with the Yoast SEO plugin v28.4 - https:\/\/yoast.com\/product\/yoast-seo-wordpress\/ -->\n<title>La ACOTV celebra 25 a\u00f1os de compromiso con la optometria y la terapia visual - Asociaci\u00f3n Catalana de Optometr\u00eda y Terapia Visual<\/title>\n<meta name=\"robots\" content=\"index, follow, max-snippet:-1, max-image-preview:large, max-video-preview:-1\" \/>\n<link rel=\"canonical\" href=\"https:\/\/www.acotv.org\/es\/la-acotv-celebra-25-anos-de-compromiso-con-la-optometria-y-la-terapia-visual\/\" \/>\n<meta property=\"og:locale\" content=\"es_ES\" \/>\n<meta property=\"og:type\" content=\"article\" \/>\n<meta property=\"og:title\" content=\"La ACOTV celebra 25 a\u00f1os de compromiso con la optometria y la terapia visual - Asociaci\u00f3n Catalana de Optometr\u00eda y Terapia Visual\" \/>\n<meta property=\"og:description\" content=\"El pasado 30 de mayo vivimos una jornada muy especial con la celebraci\u00f3n del 25 aniversario de la Asociaci\u00f3n Catalana de Optometr\u00eda y Terapia Visual (ACOTV).\" \/>\n<meta property=\"og:url\" content=\"https:\/\/www.acotv.org\/es\/la-acotv-celebra-25-anos-de-compromiso-con-la-optometria-y-la-terapia-visual\/\" \/>\n<meta property=\"og:site_name\" content=\"Asociaci\u00f3n Catalana de Optometr\u00eda y Terapia Visual\" \/>\n<meta property=\"article:published_time\" content=\"2026-06-30T11:37:00+00:00\" \/>\n<meta property=\"article:modified_time\" content=\"2026-06-30T15:21:34+00:00\" \/>\n<meta property=\"og:image\" content=\"https:\/\/www.acotv.org\/wp-content\/uploads\/Sliders-Web25eAniversariCast.jpg\" \/>\n\t<meta property=\"og:image:width\" content=\"1200\" \/>\n\t<meta property=\"og:image:height\" content=\"450\" \/>\n\t<meta property=\"og:image:type\" content=\"image\/jpeg\" \/>\n<meta name=\"author\" content=\"ACOTV\" \/>\n<meta name=\"twitter:card\" content=\"summary_large_image\" \/>\n<meta name=\"twitter:label1\" content=\"Escrito por\" \/>\n\t<meta name=\"twitter:data1\" content=\"ACOTV\" \/>\n\t<meta name=\"twitter:label2\" content=\"Tiempo de lectura\" \/>\n\t<meta name=\"twitter:data2\" content=\"2 minutos\" \/>\n<script type=\"application\/ld+json\" class=\"yoast-schema-graph\">{\"@context\":\"https:\\\/\\\/schema.org\",\"@graph\":[{\"@type\":\"Article\",\"@id\":\"https:\\\/\\\/www.acotv.org\\\/es\\\/la-acotv-celebra-25-anos-de-compromiso-con-la-optometria-y-la-terapia-visual\\\/#article\",\"isPartOf\":{\"@id\":\"https:\\\/\\\/www.acotv.org\\\/es\\\/la-acotv-celebra-25-anos-de-compromiso-con-la-optometria-y-la-terapia-visual\\\/\"},\"author\":{\"name\":\"ACOTV\",\"@id\":\"https:\\\/\\\/www.acotv.org\\\/ca\\\/#\\\/schema\\\/person\\\/0de470fec1dbf9785a7343042d765744\"},\"headline\":\"La ACOTV celebra 25 a\u00f1os de compromiso con la optometria y la terapia visual\",\"datePublished\":\"2026-06-30T11:37:00+00:00\",\"dateModified\":\"2026-06-30T15:21:34+00:00\",\"mainEntityOfPage\":{\"@id\":\"https:\\\/\\\/www.acotv.org\\\/es\\\/la-acotv-celebra-25-anos-de-compromiso-con-la-optometria-y-la-terapia-visual\\\/\"},\"wordCount\":304,\"commentCount\":0,\"image\":{\"@id\":\"https:\\\/\\\/www.acotv.org\\\/es\\\/la-acotv-celebra-25-anos-de-compromiso-con-la-optometria-y-la-terapia-visual\\\/#primaryimage\"},\"thumbnailUrl\":\"https:\\\/\\\/www.acotv.org\\\/wp-content\\\/uploads\\\/Sliders-Web25eAniversariCast.jpg\",\"keywords\":[\"#Associaci\u00f3\",\"#femAcotv\",\"colaboracions\",\"Optometria\",\"salutvisual\",\"TerapiaVisual\",\"treballdegrup\"],\"articleSection\":[\"Noticias\",\"Not\u00edcies\"],\"inLanguage\":\"es\",\"potentialAction\":[{\"@type\":\"CommentAction\",\"name\":\"Comment\",\"target\":[\"https:\\\/\\\/www.acotv.org\\\/es\\\/la-acotv-celebra-25-anos-de-compromiso-con-la-optometria-y-la-terapia-visual\\\/#respond\"]}]},{\"@type\":\"WebPage\",\"@id\":\"https:\\\/\\\/www.acotv.org\\\/es\\\/la-acotv-celebra-25-anos-de-compromiso-con-la-optometria-y-la-terapia-visual\\\/\",\"url\":\"https:\\\/\\\/www.acotv.org\\\/es\\\/la-acotv-celebra-25-anos-de-compromiso-con-la-optometria-y-la-terapia-visual\\\/\",\"name\":\"La ACOTV celebra 25 a\u00f1os de compromiso con la optometria y la terapia visual - Asociaci\u00f3n Catalana de Optometr\u00eda y Terapia Visual\",\"isPartOf\":{\"@id\":\"https:\\\/\\\/www.acotv.org\\\/ca\\\/#website\"},\"primaryImageOfPage\":{\"@id\":\"https:\\\/\\\/www.acotv.org\\\/es\\\/la-acotv-celebra-25-anos-de-compromiso-con-la-optometria-y-la-terapia-visual\\\/#primaryimage\"},\"image\":{\"@id\":\"https:\\\/\\\/www.acotv.org\\\/es\\\/la-acotv-celebra-25-anos-de-compromiso-con-la-optometria-y-la-terapia-visual\\\/#primaryimage\"},\"thumbnailUrl\":\"https:\\\/\\\/www.acotv.org\\\/wp-content\\\/uploads\\\/Sliders-Web25eAniversariCast.jpg\",\"datePublished\":\"2026-06-30T11:37:00+00:00\",\"dateModified\":\"2026-06-30T15:21:34+00:00\",\"author\":{\"@id\":\"https:\\\/\\\/www.acotv.org\\\/ca\\\/#\\\/schema\\\/person\\\/0de470fec1dbf9785a7343042d765744\"},\"breadcrumb\":{\"@id\":\"https:\\\/\\\/www.acotv.org\\\/es\\\/la-acotv-celebra-25-anos-de-compromiso-con-la-optometria-y-la-terapia-visual\\\/#breadcrumb\"},\"inLanguage\":\"es\",\"potentialAction\":[{\"@type\":\"ReadAction\",\"target\":[\"https:\\\/\\\/www.acotv.org\\\/es\\\/la-acotv-celebra-25-anos-de-compromiso-con-la-optometria-y-la-terapia-visual\\\/\"]}]},{\"@type\":\"ImageObject\",\"inLanguage\":\"es\",\"@id\":\"https:\\\/\\\/www.acotv.org\\\/es\\\/la-acotv-celebra-25-anos-de-compromiso-con-la-optometria-y-la-terapia-visual\\\/#primaryimage\",\"url\":\"https:\\\/\\\/www.acotv.org\\\/wp-content\\\/uploads\\\/Sliders-Web25eAniversariCast.jpg\",\"contentUrl\":\"https:\\\/\\\/www.acotv.org\\\/wp-content\\\/uploads\\\/Sliders-Web25eAniversariCast.jpg\",\"width\":1200,\"height\":450},{\"@type\":\"BreadcrumbList\",\"@id\":\"https:\\\/\\\/www.acotv.org\\\/es\\\/la-acotv-celebra-25-anos-de-compromiso-con-la-optometria-y-la-terapia-visual\\\/#breadcrumb\",\"itemListElement\":[{\"@type\":\"ListItem\",\"position\":1,\"name\":\"Portada\",\"item\":\"https:\\\/\\\/www.acotv.org\\\/es\\\/\"},{\"@type\":\"ListItem\",\"position\":2,\"name\":\"La ACOTV celebra 25 a\u00f1os de compromiso con la optometria y la terapia visual\"}]},{\"@type\":\"WebSite\",\"@id\":\"https:\\\/\\\/www.acotv.org\\\/ca\\\/#website\",\"url\":\"https:\\\/\\\/www.acotv.org\\\/ca\\\/\",\"name\":\"Asociaci\u00f3n Catalana de Optometr\u00eda y Terapia Visual\",\"description\":\"\",\"potentialAction\":[{\"@type\":\"SearchAction\",\"target\":{\"@type\":\"EntryPoint\",\"urlTemplate\":\"https:\\\/\\\/www.acotv.org\\\/ca\\\/?s={search_term_string}\"},\"query-input\":{\"@type\":\"PropertyValueSpecification\",\"valueRequired\":true,\"valueName\":\"search_term_string\"}}],\"inLanguage\":\"es\"},{\"@type\":\"Person\",\"@id\":\"https:\\\/\\\/www.acotv.org\\\/ca\\\/#\\\/schema\\\/person\\\/0de470fec1dbf9785a7343042d765744\",\"name\":\"ACOTV\",\"image\":{\"@type\":\"ImageObject\",\"inLanguage\":\"es\",\"@id\":\"https:\\\/\\\/www.acotv.org\\\/wp-content\\\/uploads\\\/Logo-petit-150x150.jpg\",\"url\":\"https:\\\/\\\/www.acotv.org\\\/wp-content\\\/uploads\\\/Logo-petit-150x150.jpg\",\"contentUrl\":\"https:\\\/\\\/www.acotv.org\\\/wp-content\\\/uploads\\\/Logo-petit-150x150.jpg\",\"caption\":\"ACOTV\"},\"url\":\"https:\\\/\\\/www.acotv.org\\\/es\\\/author\\\/acotv\\\/\"}]}<\/script>\n<!-- \/ Yoast SEO plugin. -->","yoast_head_json":{"title":"La ACOTV celebra 25 a\u00f1os de compromiso con la optometria y la terapia visual - Asociaci\u00f3n Catalana de Optometr\u00eda y Terapia Visual","robots":{"index":"index","follow":"follow","max-snippet":"max-snippet:-1","max-image-preview":"max-image-preview:large","max-video-preview":"max-video-preview:-1"},"canonical":"https:\/\/www.acotv.org\/es\/la-acotv-celebra-25-anos-de-compromiso-con-la-optometria-y-la-terapia-visual\/","og_locale":"es_ES","og_type":"article","og_title":"La ACOTV celebra 25 a\u00f1os de compromiso con la optometria y la terapia visual - Asociaci\u00f3n Catalana de Optometr\u00eda y Terapia Visual","og_description":"El pasado 30 de mayo vivimos una jornada muy especial con la celebraci\u00f3n del 25 aniversario de la Asociaci\u00f3n Catalana de Optometr\u00eda y Terapia Visual (ACOTV).","og_url":"https:\/\/www.acotv.org\/es\/la-acotv-celebra-25-anos-de-compromiso-con-la-optometria-y-la-terapia-visual\/","og_site_name":"Asociaci\u00f3n Catalana de Optometr\u00eda y Terapia Visual","article_published_time":"2026-06-30T11:37:00+00:00","article_modified_time":"2026-06-30T15:21:34+00:00","og_image":[{"width":1200,"height":450,"url":"https:\/\/www.acotv.org\/wp-content\/uploads\/Sliders-Web25eAniversariCast.jpg","type":"image\/jpeg"}],"author":"ACOTV","twitter_card":"summary_large_image","twitter_misc":{"Escrito por":"ACOTV","Tiempo de lectura":"2 minutos"},"schema":{"@context":"https:\/\/schema.org","@graph":[{"@type":"Article","@id":"https:\/\/www.acotv.org\/es\/la-acotv-celebra-25-anos-de-compromiso-con-la-optometria-y-la-terapia-visual\/#article","isPartOf":{"@id":"https:\/\/www.acotv.org\/es\/la-acotv-celebra-25-anos-de-compromiso-con-la-optometria-y-la-terapia-visual\/"},"author":{"name":"ACOTV","@id":"https:\/\/www.acotv.org\/ca\/#\/schema\/person\/0de470fec1dbf9785a7343042d765744"},"headline":"La ACOTV celebra 25 a\u00f1os de compromiso con la optometria y la terapia visual","datePublished":"2026-06-30T11:37:00+00:00","dateModified":"2026-06-30T15:21:34+00:00","mainEntityOfPage":{"@id":"https:\/\/www.acotv.org\/es\/la-acotv-celebra-25-anos-de-compromiso-con-la-optometria-y-la-terapia-visual\/"},"wordCount":304,"commentCount":0,"image":{"@id":"https:\/\/www.acotv.org\/es\/la-acotv-celebra-25-anos-de-compromiso-con-la-optometria-y-la-terapia-visual\/#primaryimage"},"thumbnailUrl":"https:\/\/www.acotv.org\/wp-content\/uploads\/Sliders-Web25eAniversariCast.jpg","keywords":["#Associaci\u00f3","#femAcotv","colaboracions","Optometria","salutvisual","TerapiaVisual","treballdegrup"],"articleSection":["Noticias","Not\u00edcies"],"inLanguage":"es","potentialAction":[{"@type":"CommentAction","name":"Comment","target":["https:\/\/www.acotv.org\/es\/la-acotv-celebra-25-anos-de-compromiso-con-la-optometria-y-la-terapia-visual\/#respond"]}]},{"@type":"WebPage","@id":"https:\/\/www.acotv.org\/es\/la-acotv-celebra-25-anos-de-compromiso-con-la-optometria-y-la-terapia-visual\/","url":"https:\/\/www.acotv.org\/es\/la-acotv-celebra-25-anos-de-compromiso-con-la-optometria-y-la-terapia-visual\/","name":"La ACOTV celebra 25 a\u00f1os de compromiso con la optometria y la terapia visual - Asociaci\u00f3n Catalana de Optometr\u00eda y Terapia Visual","isPartOf":{"@id":"https:\/\/www.acotv.org\/ca\/#website"},"primaryImageOfPage":{"@id":"https:\/\/www.acotv.org\/es\/la-acotv-celebra-25-anos-de-compromiso-con-la-optometria-y-la-terapia-visual\/#primaryimage"},"image":{"@id":"https:\/\/www.acotv.org\/es\/la-acotv-celebra-25-anos-de-compromiso-con-la-optometria-y-la-terapia-visual\/#primaryimage"},"thumbnailUrl":"https:\/\/www.acotv.org\/wp-content\/uploads\/Sliders-Web25eAniversariCast.jpg","datePublished":"2026-06-30T11:37:00+00:00","dateModified":"2026-06-30T15:21:34+00:00","author":{"@id":"https:\/\/www.acotv.org\/ca\/#\/schema\/person\/0de470fec1dbf9785a7343042d765744"},"breadcrumb":{"@id":"https:\/\/www.acotv.org\/es\/la-acotv-celebra-25-anos-de-compromiso-con-la-optometria-y-la-terapia-visual\/#breadcrumb"},"inLanguage":"es","potentialAction":[{"@type":"ReadAction","target":["https:\/\/www.acotv.org\/es\/la-acotv-celebra-25-anos-de-compromiso-con-la-optometria-y-la-terapia-visual\/"]}]},{"@type":"ImageObject","inLanguage":"es","@id":"https:\/\/www.acotv.org\/es\/la-acotv-celebra-25-anos-de-compromiso-con-la-optometria-y-la-terapia-visual\/#primaryimage","url":"https:\/\/www.acotv.org\/wp-content\/uploads\/Sliders-Web25eAniversariCast.jpg","contentUrl":"https:\/\/www.acotv.org\/wp-content\/uploads\/Sliders-Web25eAniversariCast.jpg","width":1200,"height":450},{"@type":"BreadcrumbList","@id":"https:\/\/www.acotv.org\/es\/la-acotv-celebra-25-anos-de-compromiso-con-la-optometria-y-la-terapia-visual\/#breadcrumb","itemListElement":[{"@type":"ListItem","position":1,"name":"Portada","item":"https:\/\/www.acotv.org\/es\/"},{"@type":"ListItem","position":2,"name":"La ACOTV celebra 25 a\u00f1os de compromiso con la optometria y la terapia visual"}]},{"@type":"WebSite","@id":"https:\/\/www.acotv.org\/ca\/#website","url":"https:\/\/www.acotv.org\/ca\/","name":"Asociaci\u00f3n Catalana de Optometr\u00eda y Terapia Visual","description":"","potentialAction":[{"@type":"SearchAction","target":{"@type":"EntryPoint","urlTemplate":"https:\/\/www.acotv.org\/ca\/?s={search_term_string}"},"query-input":{"@type":"PropertyValueSpecification","valueRequired":true,"valueName":"search_term_string"}}],"inLanguage":"es"},{"@type":"Person","@id":"https:\/\/www.acotv.org\/ca\/#\/schema\/person\/0de470fec1dbf9785a7343042d765744","name":"ACOTV","image":{"@type":"ImageObject","inLanguage":"es","@id":"https:\/\/www.acotv.org\/wp-content\/uploads\/Logo-petit-150x150.jpg","url":"https:\/\/www.acotv.org\/wp-content\/uploads\/Logo-petit-150x150.jpg","contentUrl":"https:\/\/www.acotv.org\/wp-content\/uploads\/Logo-petit-150x150.jpg","caption":"ACOTV"},"url":"https:\/\/www.acotv.org\/es\/author\/acotv\/"}]}},"_links":{"self":[{"href":"https:\/\/www.acotv.org\/es\/wp-json\/wp\/v2\/posts\/14242","targetHints":{"allow":["GET"]}}],"collection":[{"href":"https:\/\/www.acotv.org\/es\/wp-json\/wp\/v2\/posts"}],"about":[{"href":"https:\/\/www.acotv.org\/es\/wp-json\/wp\/v2\/types\/post"}],"author":[{"embeddable":true,"href":"https:\/\/www.acotv.org\/es\/wp-json\/wp\/v2\/users\/2"}],"replies":[{"embeddable":true,"href":"https:\/\/www.acotv.org\/es\/wp-json\/wp\/v2\/comments?post=14242"}],"version-history":[{"count":1,"href":"https:\/\/www.acotv.org\/es\/wp-json\/wp\/v2\/posts\/14242\/revisions"}],"predecessor-version":[{"id":14243,"href":"https:\/\/www.acotv.org\/es\/wp-json\/wp\/v2\/posts\/14242\/revisions\/14243"}],"wp:featuredmedia":[{"embeddable":true,"href":"https:\/\/www.acotv.org\/es\/wp-json\/wp\/v2\/media\/14202"}],"wp:attachment":[{"href":"https:\/\/www.acotv.org\/es\/wp-json\/wp\/v2\/media?parent=14242"}],"wp:term":[{"taxonomy":"category","embeddable":true,"href":"https:\/\/www.acotv.org\/es\/wp-json\/wp\/v2\/categories?post=14242"},{"taxonomy":"post_tag","embeddable":true,"href":"https:\/\/www.acotv.org\/es\/wp-json\/wp\/v2\/tags?post=14242"}],"curies":[{"name":"wp","href":"https:\/\/api.w.org\/{rel}","templated":true}]}}