{"id":13810,"date":"2025-12-24T08:05:00","date_gmt":"2025-12-24T07:05:00","guid":{"rendered":"https:\/\/www.acotv.org\/?p=13810"},"modified":"2025-12-29T09:56:36","modified_gmt":"2025-12-29T08:56:36","slug":"la-acotv-impulsa-una-nueva-linea-de-colaboraciones-externas","status":"publish","type":"post","link":"https:\/\/www.acotv.org\/es\/la-acotv-impulsa-una-nueva-linea-de-colaboraciones-externas\/","title":{"rendered":"La ACOTV impulsa una nueva l\u00ednea de colaboraciones externas"},"content":{"rendered":"\n<p class=\"wp-block-paragraph\"><strong><mark style=\"background-color:rgba(0, 0, 0, 0)\" class=\"has-inline-color has-black-color\">Tres <\/mark><\/strong>empresas referentes en el \u00e1mbito optom\u00e9trico se suman a la asociaci\u00f3n este 2025 como <strong><mark style=\"background-color:rgba(0, 0, 0, 0)\" class=\"has-inline-color has-black-color\">principales colaboradoras <\/mark><\/strong>en una nueva etapa de apertura y compromiso compartido.<\/p>\n\n\n\n<h2 class=\"wp-block-heading\"><strong><mark style=\"background-color:rgba(0, 0, 0, 0)\" class=\"has-inline-color has-vivid-cyan-blue-color\">Una nueva etapa de trabajo conjunto para hacer crecer la Terapia Visual<\/mark><\/strong><\/h2>\n\n\n\n<p class=\"wp-block-paragraph\">La Asociaci\u00f3n Catalana de Optometr\u00eda y Terapia Visual (ACOTV) ha puesto en marcha una nueva l\u00ednea de colaboraciones externas con empresas del sector de la salud visual.<br>Esta iniciativa, desplegada en 2025, tiene como objetivo reforzar los puentes entre el mundo profesional, acad\u00e9mico y empresarial, abriendo nuevas v\u00edas para la innovaci\u00f3n, la formaci\u00f3n y la investigaci\u00f3n aplicada en optometr\u00eda y Terapia Visual.<\/p>\n\n\n\n<blockquote class=\"wp-block-quote is-layout-flow wp-block-quote-is-layout-flow\">\n<p class=\"wp-block-paragraph\">\u201cEste nuevo impulso nos permite trabajar codo con codo con empresas que conocen muy bien nuestro territorio y las necesidades del d\u00eda a d\u00eda de los profesionales de nuestro \u00e1mbito\u201d, explica Yolanda Vierb\u00fccher, presidenta de ACOTV. \u00abSumar esfuerzos con agentes tan cercanos y comprometidos nos da aire fresco, nuevas ideas y m\u00e1s herramientas para seguir avanzando y poner la salud visual de las personas en el centro de todo.\u00bb<\/p>\n<\/blockquote>\n\n\n\n<h2 class=\"wp-block-heading\"><strong><mark style=\"background-color:rgba(0, 0, 0, 0)\" class=\"has-inline-color has-vivid-cyan-blue-color\">Tres colaboradores principales, una misma visi\u00f3n<\/mark><\/strong><\/h2>\n\n\n\n<p class=\"wp-block-paragraph\">Como resultado de esta l\u00ednea de trabajo, ACOTV ha firmado los primeros acuerdos de colaboraci\u00f3n con tres empresas de referencia, que se convierten en colaboradoras principales de la asociaci\u00f3n para el per\u00edodo 2025-2028.<br>Cada una de ellas aporta un valor espec\u00edfico al desarrollo del \u00e1mbito de la opotometr\u00eda y la Terapia Visual en Catalu\u00f1a:<\/p>\n\n\n<div class=\"wp-block-image\">\n<figure class=\"alignleft size-large is-resized\"><img fetchpriority=\"high\" decoding=\"async\" width=\"1024\" height=\"382\" src=\"https:\/\/www.acotv.org\/wp-content\/uploads\/LOGO_marcaRegistrada_VBT-1024x382.png\" alt=\"\" class=\"wp-image-13714\" style=\"width:263px;height:auto\" srcset=\"https:\/\/www.acotv.org\/wp-content\/uploads\/LOGO_marcaRegistrada_VBT-1024x382.png 1024w, https:\/\/www.acotv.org\/wp-content\/uploads\/LOGO_marcaRegistrada_VBT-300x112.png 300w, https:\/\/www.acotv.org\/wp-content\/uploads\/LOGO_marcaRegistrada_VBT-768x287.png 768w, https:\/\/www.acotv.org\/wp-content\/uploads\/LOGO_marcaRegistrada_VBT-1536x573.png 1536w, https:\/\/www.acotv.org\/wp-content\/uploads\/LOGO_marcaRegistrada_VBT.png 1600w\" sizes=\"(max-width: 1024px) 100vw, 1024px\" \/><\/figure>\n<\/div>\n\n\n<p class=\"wp-block-paragraph\"><mark style=\"background-color:rgba(0, 0, 0, 0)\" class=\"has-inline-color has-vivid-cyan-blue-color\"><strong>BrainVT,<\/strong><\/mark> desarrollado por <strong><mark style=\"background-color:rgba(0, 0, 0, 0)\" class=\"has-inline-color has-black-color\">Vision Brain S.L.,<\/mark><\/strong> es un software de entrenamiento visual orientado a optimizar la recuperaci\u00f3n y desarrollo de las habilidades visuales mediante sesiones interactivas basadas en la evidencia y tecnolog\u00eda adaptativa. La plataforma ofrece programas modulares que se ajustan autom\u00e1ticamente al rendimiento del usuario e integran ejercicios para trabajar funciones como la atenci\u00f3n, la motilidad ocular, la percepci\u00f3n espacial, la coordinaci\u00f3n oculomotora, la discriminaci\u00f3n y la memoria visual, entre otros.<br>Pensado tanto para profesionales de la salud visual como para educadores y centros que trabajan con ni\u00f1os y adultos, BrainVT facilita la personalizaci\u00f3n de los planes de entrenamiento, el seguimiento objetivo del progreso y la generaci\u00f3n de informes visuales. Todo ello en una interfaz intuitiva y gamificada que favorece la adhesi\u00f3n de los usuarios y el feedback inmediato.<\/p>\n\n\n<div class=\"wp-block-image\">\n<figure class=\"alignleft size-full is-resized\"><img decoding=\"async\" width=\"338\" height=\"224\" src=\"https:\/\/www.acotv.org\/wp-content\/uploads\/Logo-bmp-2.bmp\" alt=\"\" class=\"wp-image-13726\" style=\"width:263px;height:auto\" srcset=\"https:\/\/www.acotv.org\/wp-content\/uploads\/Logo-bmp-2.bmp 338w, https:\/\/www.acotv.org\/wp-content\/uploads\/Logo-bmp-2-300x199.jpg 300w\" sizes=\"(max-width: 338px) 100vw, 338px\" \/><\/figure>\n<\/div>\n\n\n<p class=\"wp-block-paragraph\"><strong><mark style=\"background-color:rgba(0, 0, 0, 0)\" class=\"has-inline-color has-vivid-cyan-blue-color\"><em>Visi\u00f3n para la Acci\u00f3n<\/em> (VPA)<\/mark><\/strong> es una empresa dedicada a la distribuci\u00f3n de material optom\u00e9trico orientado al diagn\u00f3stico y terapia visual, as\u00ed como libros, juegos y otros recursos vinculados a la salud visual. Especializada en material de gabinete y en recursos espec\u00edficos para la intervenci\u00f3n optom\u00e9trica, VPA ofrece soluciones pensadas para apoyar la pr\u00e1ctica cl\u00ednica y educativa.<\/p>\n\n\n\n<p class=\"wp-block-paragraph\">Creada por optometristas y dirigida a optometristas, Visi\u00f3n para la Acci\u00f3n destaca por su conocimiento del sector y por una cuidadosa selecci\u00f3n de materiales de terapia visual, juegos y publicaciones especializadas que contribuyen a mejorar la calidad de la atenci\u00f3n visual.<\/p>\n\n\n<div class=\"wp-block-image\">\n<figure class=\"alignleft size-full is-resized\"><img decoding=\"async\" width=\"1588\" height=\"1999\" src=\"https:\/\/www.acotv.org\/wp-content\/uploads\/logo-Tokai.png\" alt=\"\" class=\"wp-image-13729\" style=\"width:158px;height:auto\" srcset=\"https:\/\/www.acotv.org\/wp-content\/uploads\/logo-Tokai.png 1588w, https:\/\/www.acotv.org\/wp-content\/uploads\/logo-Tokai-238x300.png 238w, https:\/\/www.acotv.org\/wp-content\/uploads\/logo-Tokai-813x1024.png 813w, https:\/\/www.acotv.org\/wp-content\/uploads\/logo-Tokai-768x967.png 768w, https:\/\/www.acotv.org\/wp-content\/uploads\/logo-Tokai-1220x1536.png 1220w\" sizes=\"(max-width: 1588px) 100vw, 1588px\" \/><\/figure>\n<\/div>\n\n\n<p class=\"wp-block-paragraph\"><mark style=\"background-color:rgba(0, 0, 0, 0)\" class=\"has-inline-color has-vivid-cyan-blue-color\"><strong>Tokai <\/strong><\/mark>es un referente internacional en la fabricaci\u00f3n de lentes oft\u00e1lmicas de alta calidad, con una larga trayectoria marcada por la innovaci\u00f3n, precisi\u00f3n y rigor tecnol\u00f3gico. La empresa destaca por el desarrollo de soluciones \u00f3pticas avanzadas que responden a las necesidades visuales actuales, combinando investigaci\u00f3n, tecnolog\u00eda de \u00faltima generaci\u00f3n y un alto est\u00e1ndar de calidad.<\/p>\n\n\n\n<p class=\"wp-block-paragraph\">Con un fuerte compromiso con la salud visual, Tokai ofrece una amplia gama de lentes dise\u00f1adas para optimizar el rendimiento visual y el confort de los usuarios, convirti\u00e9ndose en un aliado estrat\u00e9gico para los profesionales de la optometr\u00eda.<\/p>\n\n\n\n<h2 class=\"wp-block-heading\"><mark style=\"background-color:rgba(0, 0, 0, 0)\" class=\"has-inline-color has-vivid-cyan-blue-color\"><strong>Una oportunidad para conocer las \u00faltimas novedades al 25 aniversario<\/strong><\/mark><\/h2>\n\n\n\n<p class=\"wp-block-paragraph\">Los socios de ACOTV tendr\u00e1n ocasi\u00f3n de conocer de primera mano las novedades, productos y proyectos de estas tres empresas durante la celebraci\u00f3n del 25 aniversario de la entidad, previsto para mayo de 2026.<\/p>\n\n\n\n<p class=\"wp-block-paragraph\">Este espacio ser\u00e1 una oportunidad para compartir experiencias, establecer nuevas sinergias y reforzar la relaci\u00f3n entre los profesionales y colaboradores de la asociaci\u00f3n.<\/p>\n\n\n\n<h2 class=\"wp-block-heading\"><mark style=\"background-color:rgba(0, 0, 0, 0)\" class=\"has-inline-color has-vivid-cyan-blue-color\"><strong>Una apuesta por la calidad, la investigaci\u00f3n y la formaci\u00f3n<\/strong><\/mark><\/h2>\n\n\n\n<p class=\"wp-block-paragraph\">Gracias a estos acuerdos, la ACOTV y las empresas colaboradoras impulsar\u00e1n conjuntamente actividades formativas, proyectos de investigaci\u00f3n, jornadas profesionales e iniciativas de divulgaci\u00f3n, todas orientadas a mejorar la pr\u00e1ctica cl\u00ednica y la calidad de vida de las personas mediante la optometr\u00eda y la Terapia Visual.<\/p>\n\n\n\n<p class=\"wp-block-paragraph\">Estas alianzas refuerzan el compromiso de la ACOTV con la innovaci\u00f3n, la calidad y la mejora continua, y consolidan las bases de un modelo de cooperaci\u00f3n estable, transparente y beneficioso para el conjunto de los \u00f3pticos optometristas.<\/p>\n\n\n\n<h2 class=\"wp-block-heading\"><strong><mark style=\"background-color:rgba(0, 0, 0, 0)\" class=\"has-inline-color has-vivid-cyan-blue-color\">Una mirada hacia el futuro<\/mark><\/strong><\/h2>\n\n\n\n<p class=\"wp-block-paragraph\">La ACOTV prev\u00e9 continuar ampliando esta red de colaboraciones en los pr\u00f3ximos a\u00f1os, especialmente en el marco de eventos y proyectos espec\u00edficos, priorizando aquellas propuestas alineadas con los valores de calidad, \u00e9tica y vocaci\u00f3n de servicio en el campo de la salud visual.<\/p>\n\n\n\n<p class=\"wp-block-paragraph\">En este sentido, destaca tambi\u00e9n el apoyo de <mark style=\"background-color:rgba(0, 0, 0, 0)\" class=\"has-inline-color has-vivid-cyan-blue-color\"><strong>Paun\u00e9 Visi\u00f3,<\/strong><\/mark> que en 2025 se ha incorporado como empresa colaboradora en proyectos concretos, ejemplificando la implicaci\u00f3n activa del sector en el crecimiento y funcionamiento de la asociaci\u00f3n.<\/p>\n\n\n\n<p class=\"wp-block-paragraph\">Con esta nueva l\u00ednea de colaboraciones externas, la ACOTV reafirma su papel como entidad de referencia en Catalu\u00f1a en el \u00e1mbito de la Terapia Visual y como punto de conexi\u00f3n entre profesionales, investigaci\u00f3n y conocimiento.<\/p>\n\n\n\n<p class=\"wp-block-paragraph\"><\/p>\n","protected":false},"excerpt":{"rendered":"<p>Tres empresas referentes en el \u00e1mbito optom\u00e9trico se suman a la asociaci\u00f3n este 2025 como principales colaboradoras en una nueva etapa de apertura y compromiso compartido.<\/p>\n","protected":false},"author":2,"featured_media":13770,"comment_status":"open","ping_status":"open","sticky":false,"template":"","format":"standard","meta":{"ocean_front_end_style_editor":"no","ocean_post_layout":"","ocean_both_sidebars_style":"","ocean_both_sidebars_content_width":0,"ocean_both_sidebars_sidebars_width":0,"ocean_sidebar":"","ocean_second_sidebar":"","ocean_disable_margins":"enable","ocean_add_body_class":"","ocean_shortcode_before_top_bar":"","ocean_shortcode_after_top_bar":"","ocean_shortcode_before_header":"","ocean_shortcode_after_header":"","ocean_has_shortcode":"","ocean_shortcode_after_title":"","ocean_shortcode_before_footer_widgets":"","ocean_shortcode_after_footer_widgets":"","ocean_shortcode_before_footer_bottom":"","ocean_shortcode_after_footer_bottom":"","ocean_display_top_bar":"default","ocean_display_header":"default","ocean_header_style":"","ocean_center_header_left_menu":"","ocean_custom_header_template":"","ocean_custom_logo":0,"ocean_custom_retina_logo":0,"ocean_custom_logo_max_width":0,"ocean_custom_logo_tablet_max_width":0,"ocean_custom_logo_mobile_max_width":0,"ocean_custom_logo_max_height":0,"ocean_custom_logo_tablet_max_height":0,"ocean_custom_logo_mobile_max_height":0,"ocean_header_custom_menu":"","ocean_menu_typo_font_family":"","ocean_menu_typo_font_subset":"","ocean_menu_typo_font_size":0,"ocean_menu_typo_font_size_tablet":0,"ocean_menu_typo_font_size_mobile":0,"ocean_menu_typo_font_size_unit":"px","ocean_menu_typo_font_weight":"","ocean_menu_typo_font_weight_tablet":"","ocean_menu_typo_font_weight_mobile":"","ocean_menu_typo_transform":"","ocean_menu_typo_transform_tablet":"","ocean_menu_typo_transform_mobile":"","ocean_menu_typo_line_height":0,"ocean_menu_typo_line_height_tablet":0,"ocean_menu_typo_line_height_mobile":0,"ocean_menu_typo_line_height_unit":"","ocean_menu_typo_spacing":0,"ocean_menu_typo_spacing_tablet":0,"ocean_menu_typo_spacing_mobile":0,"ocean_menu_typo_spacing_unit":"","ocean_menu_link_color":"","ocean_menu_link_color_hover":"","ocean_menu_link_color_active":"","ocean_menu_link_background":"","ocean_menu_link_hover_background":"","ocean_menu_link_active_background":"","ocean_menu_social_links_bg":"","ocean_menu_social_hover_links_bg":"","ocean_menu_social_links_color":"","ocean_menu_social_hover_links_color":"","ocean_disable_title":"default","ocean_disable_heading":"default","ocean_post_title":"","ocean_post_subheading":"","ocean_post_title_style":"","ocean_post_title_background_color":"","ocean_post_title_background":0,"ocean_post_title_bg_image_position":"","ocean_post_title_bg_image_attachment":"","ocean_post_title_bg_image_repeat":"","ocean_post_title_bg_image_size":"","ocean_post_title_height":0,"ocean_post_title_bg_overlay":0.5,"ocean_post_title_bg_overlay_color":"","ocean_disable_breadcrumbs":"default","ocean_breadcrumbs_color":"","ocean_breadcrumbs_separator_color":"","ocean_breadcrumbs_links_color":"","ocean_breadcrumbs_links_hover_color":"","ocean_display_footer_widgets":"default","ocean_display_footer_bottom":"default","ocean_custom_footer_template":"","ocean_post_oembed":"","ocean_post_self_hosted_media":"","ocean_post_video_embed":"","ocean_link_format":"","ocean_link_format_target":"self","ocean_quote_format":"","ocean_quote_format_link":"post","ocean_gallery_link_images":"on","ocean_gallery_id":[],"footnotes":""},"categories":[8,25],"tags":[106,169,66,68,67],"class_list":["post-13810","post","type-post","status-publish","format-standard","has-post-thumbnail","hentry","category-noticias","category-noticies","tag-femacotv","tag-collaboracions","tag-optometria-ca","tag-salutvisual","tag-terapiavisual-ca","entry","has-media"],"yoast_head":"<!-- This site is optimized with the Yoast SEO plugin v28.4 - https:\/\/yoast.com\/product\/yoast-seo-wordpress\/ -->\n<title>La ACOTV impulsa una nueva l\u00ednea de colaboraciones externas - Asociaci\u00f3n Catalana de Optometr\u00eda y Terapia Visual<\/title>\n<meta name=\"robots\" content=\"index, follow, max-snippet:-1, max-image-preview:large, max-video-preview:-1\" \/>\n<link rel=\"canonical\" href=\"https:\/\/www.acotv.org\/es\/la-acotv-impulsa-una-nueva-linea-de-colaboraciones-externas\/\" \/>\n<meta property=\"og:locale\" content=\"es_ES\" \/>\n<meta property=\"og:type\" content=\"article\" \/>\n<meta property=\"og:title\" content=\"La ACOTV impulsa una nueva l\u00ednea de colaboraciones externas - Asociaci\u00f3n Catalana de Optometr\u00eda y Terapia Visual\" \/>\n<meta property=\"og:description\" content=\"Tres empresas referentes en el \u00e1mbito optom\u00e9trico se suman a la asociaci\u00f3n este 2025 como principales colaboradoras en una nueva etapa de apertura y compromiso compartido.\" \/>\n<meta property=\"og:url\" content=\"https:\/\/www.acotv.org\/es\/la-acotv-impulsa-una-nueva-linea-de-colaboraciones-externas\/\" \/>\n<meta property=\"og:site_name\" content=\"Asociaci\u00f3n Catalana de Optometr\u00eda y Terapia Visual\" \/>\n<meta property=\"article:published_time\" content=\"2025-12-24T07:05:00+00:00\" \/>\n<meta property=\"article:modified_time\" content=\"2025-12-29T08:56:36+00:00\" \/>\n<meta property=\"og:image\" content=\"https:\/\/www.acotv.org\/wp-content\/uploads\/colaboracions25.jpg\" \/>\n\t<meta property=\"og:image:width\" content=\"1080\" \/>\n\t<meta property=\"og:image:height\" content=\"1080\" \/>\n\t<meta property=\"og:image:type\" content=\"image\/jpeg\" \/>\n<meta name=\"author\" content=\"ACOTV\" \/>\n<meta name=\"twitter:card\" content=\"summary_large_image\" \/>\n<meta name=\"twitter:label1\" content=\"Escrito por\" \/>\n\t<meta name=\"twitter:data1\" content=\"ACOTV\" \/>\n\t<meta name=\"twitter:label2\" content=\"Tiempo de lectura\" \/>\n\t<meta name=\"twitter:data2\" content=\"5 minutos\" \/>\n<script type=\"application\/ld+json\" class=\"yoast-schema-graph\">{\"@context\":\"https:\\\/\\\/schema.org\",\"@graph\":[{\"@type\":\"Article\",\"@id\":\"https:\\\/\\\/www.acotv.org\\\/es\\\/la-acotv-impulsa-una-nueva-linea-de-colaboraciones-externas\\\/#article\",\"isPartOf\":{\"@id\":\"https:\\\/\\\/www.acotv.org\\\/es\\\/la-acotv-impulsa-una-nueva-linea-de-colaboraciones-externas\\\/\"},\"author\":{\"name\":\"ACOTV\",\"@id\":\"https:\\\/\\\/www.acotv.org\\\/ca\\\/#\\\/schema\\\/person\\\/0de470fec1dbf9785a7343042d765744\"},\"headline\":\"La ACOTV impulsa una nueva l\u00ednea de colaboraciones externas\",\"datePublished\":\"2025-12-24T07:05:00+00:00\",\"dateModified\":\"2025-12-29T08:56:36+00:00\",\"mainEntityOfPage\":{\"@id\":\"https:\\\/\\\/www.acotv.org\\\/es\\\/la-acotv-impulsa-una-nueva-linea-de-colaboraciones-externas\\\/\"},\"wordCount\":920,\"commentCount\":0,\"image\":{\"@id\":\"https:\\\/\\\/www.acotv.org\\\/es\\\/la-acotv-impulsa-una-nueva-linea-de-colaboraciones-externas\\\/#primaryimage\"},\"thumbnailUrl\":\"https:\\\/\\\/www.acotv.org\\\/wp-content\\\/uploads\\\/colaboracions25.jpg\",\"keywords\":[\"#femAcotv\",\"Col\u00b7laboracions\",\"Optometria\",\"salutvisual\",\"TerapiaVisual\"],\"articleSection\":[\"Noticias\",\"Not\u00edcies\"],\"inLanguage\":\"es\",\"potentialAction\":[{\"@type\":\"CommentAction\",\"name\":\"Comment\",\"target\":[\"https:\\\/\\\/www.acotv.org\\\/es\\\/la-acotv-impulsa-una-nueva-linea-de-colaboraciones-externas\\\/#respond\"]}]},{\"@type\":\"WebPage\",\"@id\":\"https:\\\/\\\/www.acotv.org\\\/es\\\/la-acotv-impulsa-una-nueva-linea-de-colaboraciones-externas\\\/\",\"url\":\"https:\\\/\\\/www.acotv.org\\\/es\\\/la-acotv-impulsa-una-nueva-linea-de-colaboraciones-externas\\\/\",\"name\":\"La ACOTV impulsa una nueva l\u00ednea de colaboraciones externas - Asociaci\u00f3n Catalana de Optometr\u00eda y Terapia Visual\",\"isPartOf\":{\"@id\":\"https:\\\/\\\/www.acotv.org\\\/ca\\\/#website\"},\"primaryImageOfPage\":{\"@id\":\"https:\\\/\\\/www.acotv.org\\\/es\\\/la-acotv-impulsa-una-nueva-linea-de-colaboraciones-externas\\\/#primaryimage\"},\"image\":{\"@id\":\"https:\\\/\\\/www.acotv.org\\\/es\\\/la-acotv-impulsa-una-nueva-linea-de-colaboraciones-externas\\\/#primaryimage\"},\"thumbnailUrl\":\"https:\\\/\\\/www.acotv.org\\\/wp-content\\\/uploads\\\/colaboracions25.jpg\",\"datePublished\":\"2025-12-24T07:05:00+00:00\",\"dateModified\":\"2025-12-29T08:56:36+00:00\",\"author\":{\"@id\":\"https:\\\/\\\/www.acotv.org\\\/ca\\\/#\\\/schema\\\/person\\\/0de470fec1dbf9785a7343042d765744\"},\"breadcrumb\":{\"@id\":\"https:\\\/\\\/www.acotv.org\\\/es\\\/la-acotv-impulsa-una-nueva-linea-de-colaboraciones-externas\\\/#breadcrumb\"},\"inLanguage\":\"es\",\"potentialAction\":[{\"@type\":\"ReadAction\",\"target\":[\"https:\\\/\\\/www.acotv.org\\\/es\\\/la-acotv-impulsa-una-nueva-linea-de-colaboraciones-externas\\\/\"]}]},{\"@type\":\"ImageObject\",\"inLanguage\":\"es\",\"@id\":\"https:\\\/\\\/www.acotv.org\\\/es\\\/la-acotv-impulsa-una-nueva-linea-de-colaboraciones-externas\\\/#primaryimage\",\"url\":\"https:\\\/\\\/www.acotv.org\\\/wp-content\\\/uploads\\\/colaboracions25.jpg\",\"contentUrl\":\"https:\\\/\\\/www.acotv.org\\\/wp-content\\\/uploads\\\/colaboracions25.jpg\",\"width\":1080,\"height\":1080},{\"@type\":\"BreadcrumbList\",\"@id\":\"https:\\\/\\\/www.acotv.org\\\/es\\\/la-acotv-impulsa-una-nueva-linea-de-colaboraciones-externas\\\/#breadcrumb\",\"itemListElement\":[{\"@type\":\"ListItem\",\"position\":1,\"name\":\"Portada\",\"item\":\"https:\\\/\\\/www.acotv.org\\\/es\\\/\"},{\"@type\":\"ListItem\",\"position\":2,\"name\":\"La ACOTV impulsa una nueva l\u00ednea de colaboraciones externas\"}]},{\"@type\":\"WebSite\",\"@id\":\"https:\\\/\\\/www.acotv.org\\\/ca\\\/#website\",\"url\":\"https:\\\/\\\/www.acotv.org\\\/ca\\\/\",\"name\":\"Asociaci\u00f3n Catalana de Optometr\u00eda y Terapia Visual\",\"description\":\"\",\"potentialAction\":[{\"@type\":\"SearchAction\",\"target\":{\"@type\":\"EntryPoint\",\"urlTemplate\":\"https:\\\/\\\/www.acotv.org\\\/ca\\\/?s={search_term_string}\"},\"query-input\":{\"@type\":\"PropertyValueSpecification\",\"valueRequired\":true,\"valueName\":\"search_term_string\"}}],\"inLanguage\":\"es\"},{\"@type\":\"Person\",\"@id\":\"https:\\\/\\\/www.acotv.org\\\/ca\\\/#\\\/schema\\\/person\\\/0de470fec1dbf9785a7343042d765744\",\"name\":\"ACOTV\",\"image\":{\"@type\":\"ImageObject\",\"inLanguage\":\"es\",\"@id\":\"https:\\\/\\\/www.acotv.org\\\/wp-content\\\/uploads\\\/Logo-petit-150x150.jpg\",\"url\":\"https:\\\/\\\/www.acotv.org\\\/wp-content\\\/uploads\\\/Logo-petit-150x150.jpg\",\"contentUrl\":\"https:\\\/\\\/www.acotv.org\\\/wp-content\\\/uploads\\\/Logo-petit-150x150.jpg\",\"caption\":\"ACOTV\"},\"url\":\"https:\\\/\\\/www.acotv.org\\\/es\\\/author\\\/acotv\\\/\"}]}<\/script>\n<!-- \/ Yoast SEO plugin. -->","yoast_head_json":{"title":"La ACOTV impulsa una nueva l\u00ednea de colaboraciones externas - Asociaci\u00f3n Catalana de Optometr\u00eda y Terapia Visual","robots":{"index":"index","follow":"follow","max-snippet":"max-snippet:-1","max-image-preview":"max-image-preview:large","max-video-preview":"max-video-preview:-1"},"canonical":"https:\/\/www.acotv.org\/es\/la-acotv-impulsa-una-nueva-linea-de-colaboraciones-externas\/","og_locale":"es_ES","og_type":"article","og_title":"La ACOTV impulsa una nueva l\u00ednea de colaboraciones externas - Asociaci\u00f3n Catalana de Optometr\u00eda y Terapia Visual","og_description":"Tres empresas referentes en el \u00e1mbito optom\u00e9trico se suman a la asociaci\u00f3n este 2025 como principales colaboradoras en una nueva etapa de apertura y compromiso compartido.","og_url":"https:\/\/www.acotv.org\/es\/la-acotv-impulsa-una-nueva-linea-de-colaboraciones-externas\/","og_site_name":"Asociaci\u00f3n Catalana de Optometr\u00eda y Terapia Visual","article_published_time":"2025-12-24T07:05:00+00:00","article_modified_time":"2025-12-29T08:56:36+00:00","og_image":[{"width":1080,"height":1080,"url":"https:\/\/www.acotv.org\/wp-content\/uploads\/colaboracions25.jpg","type":"image\/jpeg"}],"author":"ACOTV","twitter_card":"summary_large_image","twitter_misc":{"Escrito por":"ACOTV","Tiempo de lectura":"5 minutos"},"schema":{"@context":"https:\/\/schema.org","@graph":[{"@type":"Article","@id":"https:\/\/www.acotv.org\/es\/la-acotv-impulsa-una-nueva-linea-de-colaboraciones-externas\/#article","isPartOf":{"@id":"https:\/\/www.acotv.org\/es\/la-acotv-impulsa-una-nueva-linea-de-colaboraciones-externas\/"},"author":{"name":"ACOTV","@id":"https:\/\/www.acotv.org\/ca\/#\/schema\/person\/0de470fec1dbf9785a7343042d765744"},"headline":"La ACOTV impulsa una nueva l\u00ednea de colaboraciones externas","datePublished":"2025-12-24T07:05:00+00:00","dateModified":"2025-12-29T08:56:36+00:00","mainEntityOfPage":{"@id":"https:\/\/www.acotv.org\/es\/la-acotv-impulsa-una-nueva-linea-de-colaboraciones-externas\/"},"wordCount":920,"commentCount":0,"image":{"@id":"https:\/\/www.acotv.org\/es\/la-acotv-impulsa-una-nueva-linea-de-colaboraciones-externas\/#primaryimage"},"thumbnailUrl":"https:\/\/www.acotv.org\/wp-content\/uploads\/colaboracions25.jpg","keywords":["#femAcotv","Col\u00b7laboracions","Optometria","salutvisual","TerapiaVisual"],"articleSection":["Noticias","Not\u00edcies"],"inLanguage":"es","potentialAction":[{"@type":"CommentAction","name":"Comment","target":["https:\/\/www.acotv.org\/es\/la-acotv-impulsa-una-nueva-linea-de-colaboraciones-externas\/#respond"]}]},{"@type":"WebPage","@id":"https:\/\/www.acotv.org\/es\/la-acotv-impulsa-una-nueva-linea-de-colaboraciones-externas\/","url":"https:\/\/www.acotv.org\/es\/la-acotv-impulsa-una-nueva-linea-de-colaboraciones-externas\/","name":"La ACOTV impulsa una nueva l\u00ednea de colaboraciones externas - Asociaci\u00f3n Catalana de Optometr\u00eda y Terapia Visual","isPartOf":{"@id":"https:\/\/www.acotv.org\/ca\/#website"},"primaryImageOfPage":{"@id":"https:\/\/www.acotv.org\/es\/la-acotv-impulsa-una-nueva-linea-de-colaboraciones-externas\/#primaryimage"},"image":{"@id":"https:\/\/www.acotv.org\/es\/la-acotv-impulsa-una-nueva-linea-de-colaboraciones-externas\/#primaryimage"},"thumbnailUrl":"https:\/\/www.acotv.org\/wp-content\/uploads\/colaboracions25.jpg","datePublished":"2025-12-24T07:05:00+00:00","dateModified":"2025-12-29T08:56:36+00:00","author":{"@id":"https:\/\/www.acotv.org\/ca\/#\/schema\/person\/0de470fec1dbf9785a7343042d765744"},"breadcrumb":{"@id":"https:\/\/www.acotv.org\/es\/la-acotv-impulsa-una-nueva-linea-de-colaboraciones-externas\/#breadcrumb"},"inLanguage":"es","potentialAction":[{"@type":"ReadAction","target":["https:\/\/www.acotv.org\/es\/la-acotv-impulsa-una-nueva-linea-de-colaboraciones-externas\/"]}]},{"@type":"ImageObject","inLanguage":"es","@id":"https:\/\/www.acotv.org\/es\/la-acotv-impulsa-una-nueva-linea-de-colaboraciones-externas\/#primaryimage","url":"https:\/\/www.acotv.org\/wp-content\/uploads\/colaboracions25.jpg","contentUrl":"https:\/\/www.acotv.org\/wp-content\/uploads\/colaboracions25.jpg","width":1080,"height":1080},{"@type":"BreadcrumbList","@id":"https:\/\/www.acotv.org\/es\/la-acotv-impulsa-una-nueva-linea-de-colaboraciones-externas\/#breadcrumb","itemListElement":[{"@type":"ListItem","position":1,"name":"Portada","item":"https:\/\/www.acotv.org\/es\/"},{"@type":"ListItem","position":2,"name":"La ACOTV impulsa una nueva l\u00ednea de colaboraciones externas"}]},{"@type":"WebSite","@id":"https:\/\/www.acotv.org\/ca\/#website","url":"https:\/\/www.acotv.org\/ca\/","name":"Asociaci\u00f3n Catalana de Optometr\u00eda y Terapia Visual","description":"","potentialAction":[{"@type":"SearchAction","target":{"@type":"EntryPoint","urlTemplate":"https:\/\/www.acotv.org\/ca\/?s={search_term_string}"},"query-input":{"@type":"PropertyValueSpecification","valueRequired":true,"valueName":"search_term_string"}}],"inLanguage":"es"},{"@type":"Person","@id":"https:\/\/www.acotv.org\/ca\/#\/schema\/person\/0de470fec1dbf9785a7343042d765744","name":"ACOTV","image":{"@type":"ImageObject","inLanguage":"es","@id":"https:\/\/www.acotv.org\/wp-content\/uploads\/Logo-petit-150x150.jpg","url":"https:\/\/www.acotv.org\/wp-content\/uploads\/Logo-petit-150x150.jpg","contentUrl":"https:\/\/www.acotv.org\/wp-content\/uploads\/Logo-petit-150x150.jpg","caption":"ACOTV"},"url":"https:\/\/www.acotv.org\/es\/author\/acotv\/"}]}},"_links":{"self":[{"href":"https:\/\/www.acotv.org\/es\/wp-json\/wp\/v2\/posts\/13810","targetHints":{"allow":["GET"]}}],"collection":[{"href":"https:\/\/www.acotv.org\/es\/wp-json\/wp\/v2\/posts"}],"about":[{"href":"https:\/\/www.acotv.org\/es\/wp-json\/wp\/v2\/types\/post"}],"author":[{"embeddable":true,"href":"https:\/\/www.acotv.org\/es\/wp-json\/wp\/v2\/users\/2"}],"replies":[{"embeddable":true,"href":"https:\/\/www.acotv.org\/es\/wp-json\/wp\/v2\/comments?post=13810"}],"version-history":[{"count":2,"href":"https:\/\/www.acotv.org\/es\/wp-json\/wp\/v2\/posts\/13810\/revisions"}],"predecessor-version":[{"id":13818,"href":"https:\/\/www.acotv.org\/es\/wp-json\/wp\/v2\/posts\/13810\/revisions\/13818"}],"wp:featuredmedia":[{"embeddable":true,"href":"https:\/\/www.acotv.org\/es\/wp-json\/wp\/v2\/media\/13770"}],"wp:attachment":[{"href":"https:\/\/www.acotv.org\/es\/wp-json\/wp\/v2\/media?parent=13810"}],"wp:term":[{"taxonomy":"category","embeddable":true,"href":"https:\/\/www.acotv.org\/es\/wp-json\/wp\/v2\/categories?post=13810"},{"taxonomy":"post_tag","embeddable":true,"href":"https:\/\/www.acotv.org\/es\/wp-json\/wp\/v2\/tags?post=13810"}],"curies":[{"name":"wp","href":"https:\/\/api.w.org\/{rel}","templated":true}]}}