{"id":13422,"date":"2025-08-31T17:25:54","date_gmt":"2025-08-31T15:25:54","guid":{"rendered":"https:\/\/www.acotv.org\/?p=13422"},"modified":"2025-10-07T17:27:24","modified_gmt":"2025-10-07T15:27:24","slug":"mas-alla-de-la-vision-jornada-interdisciplinaria","status":"publish","type":"post","link":"https:\/\/www.acotv.org\/es\/mas-alla-de-la-vision-jornada-interdisciplinaria\/","title":{"rendered":"M\u00e1s all\u00e1 de la visi\u00f3n &#8211; Jornada Interdisciplinaria"},"content":{"rendered":"\n<p class=\"wp-block-paragraph\"><strong>El pr\u00f3ximo 9 de octubre <\/strong>con motivo del<strong><mark style=\"background-color:rgba(0, 0, 0, 0)\" class=\"has-inline-color has-vivid-cyan-blue-color\"> D\u00eda Mundial de la Visi\u00f3n, <\/mark><\/strong>te invitamos a participar en <strong>la jornada interdisciplinaria<\/strong><mark style=\"background-color:rgba(0, 0, 0, 0)\" class=\"has-inline-color has-vivid-cyan-blue-color\"><strong> \u201cM\u00e1s all\u00e1 de la visi\u00f3n\u201d.<\/strong><\/mark><\/p>\n\n\n\n<p class=\"wp-block-paragraph\">Se trata de una iniciativa organizada conjuntamente por el <strong><mark style=\"background-color:rgba(0, 0, 0, 0)\" class=\"has-inline-color has-vivid-cyan-blue-color\">Colegio Oficial de \u00d3pticos Optometristas de Catalu\u00f1a (COOOC)<\/mark>,<\/strong> la <mark style=\"background-color:rgba(0, 0, 0, 0)\" class=\"has-inline-color has-vivid-cyan-blue-color\"><strong>Facultad de \u00d3ptica y Optometr\u00eda de Terrassa (FOOT \u2013 UPC<\/strong>) <\/mark>y <mark style=\"background-color:rgba(0, 0, 0, 0)\" class=\"has-inline-color has-vivid-cyan-blue-color\"><strong>la Asociaci\u00f3n Catalana de Optometr\u00eda y Terapia Visual (ACOTV),<\/strong><\/mark> con la colaboraci\u00f3n del<strong><mark style=\"background-color:rgba(0, 0, 0, 0)\" class=\"has-inline-color has-vivid-cyan-blue-color\"> Ayuntamiento de Terrassa<\/mark><\/strong> y que tiene por objetivo promover la colaboraci\u00f3n activa con profesionales de otros \u00e1mbitos de la salud.<\/p>\n\n\n\n<p class=\"wp-block-paragraph\">La sesi\u00f3n se plantea en formato<strong><mark style=\"background-color:rgba(0, 0, 0, 0)\" class=\"has-inline-color has-black-color\"> mesa redonda din\u00e1mica <\/mark><\/strong>y contar\u00e1 con la participaci\u00f3n de profesionales de diferentes especialidades como la<mark style=\"background-color:rgba(0, 0, 0, 0)\" class=\"has-inline-color has-vivid-cyan-blue-color\"><strong> fisioterapia, la oftalmolog\u00eda, la enfermer\u00eda, la terapia ocupacional y la psicolog\u00eda. <\/strong><\/mark>Este enfoque multidisciplinar permitir\u00e1 reflexionar conjuntamente sobre c\u00f3mo mejorar la atenci\u00f3n visual y situarla como pieza clave dentro de un abordaje global de la salud<\/p>\n\n\n\n<h2 class=\"wp-block-heading\"><a href=\"https:\/\/coooc.cat\/product\/mesenllavisio\/\">Aforamiento limitado Imprescindible confirmar asistencia!<\/a><\/h2>\n\n\n\n<hr class=\"wp-block-separator has-alpha-channel-opacity\"\/>\n\n\n\n<p class=\"wp-block-paragraph\"><\/p>\n","protected":false},"excerpt":{"rendered":"<p>El pr\u00f3ximo 9 de octubre con motivo del D\u00eda Mundial de la Visi\u00f3n, te invitamos a participar en la jornada interdisciplinaria \u201cM\u00e1s all\u00e1 de la visi\u00f3n\u201d.<\/p>\n","protected":false},"author":2,"featured_media":13329,"comment_status":"open","ping_status":"open","sticky":false,"template":"","format":"standard","meta":{"ocean_front_end_style_editor":"no","ocean_post_layout":"","ocean_both_sidebars_style":"","ocean_both_sidebars_content_width":0,"ocean_both_sidebars_sidebars_width":0,"ocean_sidebar":"","ocean_second_sidebar":"","ocean_disable_margins":"enable","ocean_add_body_class":"","ocean_shortcode_before_top_bar":"","ocean_shortcode_after_top_bar":"","ocean_shortcode_before_header":"","ocean_shortcode_after_header":"","ocean_has_shortcode":"","ocean_shortcode_after_title":"","ocean_shortcode_before_footer_widgets":"","ocean_shortcode_after_footer_widgets":"","ocean_shortcode_before_footer_bottom":"","ocean_shortcode_after_footer_bottom":"","ocean_display_top_bar":"default","ocean_display_header":"default","ocean_header_style":"","ocean_center_header_left_menu":"","ocean_custom_header_template":"","ocean_custom_logo":0,"ocean_custom_retina_logo":0,"ocean_custom_logo_max_width":0,"ocean_custom_logo_tablet_max_width":0,"ocean_custom_logo_mobile_max_width":0,"ocean_custom_logo_max_height":0,"ocean_custom_logo_tablet_max_height":0,"ocean_custom_logo_mobile_max_height":0,"ocean_header_custom_menu":"","ocean_menu_typo_font_family":"","ocean_menu_typo_font_subset":"","ocean_menu_typo_font_size":0,"ocean_menu_typo_font_size_tablet":0,"ocean_menu_typo_font_size_mobile":0,"ocean_menu_typo_font_size_unit":"px","ocean_menu_typo_font_weight":"","ocean_menu_typo_font_weight_tablet":"","ocean_menu_typo_font_weight_mobile":"","ocean_menu_typo_transform":"","ocean_menu_typo_transform_tablet":"","ocean_menu_typo_transform_mobile":"","ocean_menu_typo_line_height":0,"ocean_menu_typo_line_height_tablet":0,"ocean_menu_typo_line_height_mobile":0,"ocean_menu_typo_line_height_unit":"","ocean_menu_typo_spacing":0,"ocean_menu_typo_spacing_tablet":0,"ocean_menu_typo_spacing_mobile":0,"ocean_menu_typo_spacing_unit":"","ocean_menu_link_color":"","ocean_menu_link_color_hover":"","ocean_menu_link_color_active":"","ocean_menu_link_background":"","ocean_menu_link_hover_background":"","ocean_menu_link_active_background":"","ocean_menu_social_links_bg":"","ocean_menu_social_hover_links_bg":"","ocean_menu_social_links_color":"","ocean_menu_social_hover_links_color":"","ocean_disable_title":"default","ocean_disable_heading":"default","ocean_post_title":"","ocean_post_subheading":"","ocean_post_title_style":"","ocean_post_title_background_color":"","ocean_post_title_background":0,"ocean_post_title_bg_image_position":"","ocean_post_title_bg_image_attachment":"","ocean_post_title_bg_image_repeat":"","ocean_post_title_bg_image_size":"","ocean_post_title_height":0,"ocean_post_title_bg_overlay":0.5,"ocean_post_title_bg_overlay_color":"","ocean_disable_breadcrumbs":"default","ocean_breadcrumbs_color":"","ocean_breadcrumbs_separator_color":"","ocean_breadcrumbs_links_color":"","ocean_breadcrumbs_links_hover_color":"","ocean_display_footer_widgets":"default","ocean_display_footer_bottom":"default","ocean_custom_footer_template":"","ocean_post_oembed":"","ocean_post_self_hosted_media":"","ocean_post_video_embed":"","ocean_link_format":"","ocean_link_format_target":"self","ocean_quote_format":"","ocean_quote_format_link":"post","ocean_gallery_link_images":"on","ocean_gallery_id":[],"footnotes":""},"categories":[8],"tags":[182,379,183,205,195],"class_list":["post-13422","post","type-post","status-publish","format-standard","has-post-thumbnail","hentry","category-noticias","tag-colaboraciones","tag-deprofesionalesparaprofesionales","tag-interdisciplinario","tag-jornadas","tag-vision","entry","has-media"],"yoast_head":"<!-- This site is optimized with the Yoast SEO plugin v28.4 - https:\/\/yoast.com\/product\/yoast-seo-wordpress\/ -->\n<title>M\u00e1s all\u00e1 de la visi\u00f3n - Jornada Interdisciplinaria - Asociaci\u00f3n Catalana de Optometr\u00eda y Terapia Visual<\/title>\n<meta name=\"robots\" content=\"index, follow, max-snippet:-1, max-image-preview:large, max-video-preview:-1\" \/>\n<link rel=\"canonical\" href=\"https:\/\/www.acotv.org\/es\/mas-alla-de-la-vision-jornada-interdisciplinaria\/\" \/>\n<meta property=\"og:locale\" content=\"es_ES\" \/>\n<meta property=\"og:type\" content=\"article\" \/>\n<meta property=\"og:title\" content=\"M\u00e1s all\u00e1 de la visi\u00f3n - Jornada Interdisciplinaria - Asociaci\u00f3n Catalana de Optometr\u00eda y Terapia Visual\" \/>\n<meta property=\"og:description\" content=\"El pr\u00f3ximo 9 de octubre con motivo del D\u00eda Mundial de la Visi\u00f3n, te invitamos a participar en la jornada interdisciplinaria \u201cM\u00e1s all\u00e1 de la visi\u00f3n\u201d.\" \/>\n<meta property=\"og:url\" content=\"https:\/\/www.acotv.org\/es\/mas-alla-de-la-vision-jornada-interdisciplinaria\/\" \/>\n<meta property=\"og:site_name\" content=\"Asociaci\u00f3n Catalana de Optometr\u00eda y Terapia Visual\" \/>\n<meta property=\"article:published_time\" content=\"2025-08-31T15:25:54+00:00\" \/>\n<meta property=\"article:modified_time\" content=\"2025-10-07T15:27:24+00:00\" \/>\n<meta property=\"og:image\" content=\"https:\/\/www.acotv.org\/wp-content\/uploads\/IMATGE_EMAILING-1.png\" \/>\n\t<meta property=\"og:image:width\" content=\"1200\" \/>\n\t<meta property=\"og:image:height\" content=\"675\" \/>\n\t<meta property=\"og:image:type\" content=\"image\/png\" \/>\n<meta name=\"author\" content=\"ACOTV\" \/>\n<meta name=\"twitter:card\" content=\"summary_large_image\" \/>\n<meta name=\"twitter:label1\" content=\"Escrito por\" \/>\n\t<meta name=\"twitter:data1\" content=\"ACOTV\" \/>\n\t<meta name=\"twitter:label2\" content=\"Tiempo de lectura\" \/>\n\t<meta name=\"twitter:data2\" content=\"1 minuto\" \/>\n<script type=\"application\/ld+json\" class=\"yoast-schema-graph\">{\"@context\":\"https:\\\/\\\/schema.org\",\"@graph\":[{\"@type\":\"Article\",\"@id\":\"https:\\\/\\\/www.acotv.org\\\/es\\\/mas-alla-de-la-vision-jornada-interdisciplinaria\\\/#article\",\"isPartOf\":{\"@id\":\"https:\\\/\\\/www.acotv.org\\\/es\\\/mas-alla-de-la-vision-jornada-interdisciplinaria\\\/\"},\"author\":{\"name\":\"ACOTV\",\"@id\":\"https:\\\/\\\/www.acotv.org\\\/ca\\\/#\\\/schema\\\/person\\\/0de470fec1dbf9785a7343042d765744\"},\"headline\":\"M\u00e1s all\u00e1 de la visi\u00f3n &#8211; Jornada Interdisciplinaria\",\"datePublished\":\"2025-08-31T15:25:54+00:00\",\"dateModified\":\"2025-10-07T15:27:24+00:00\",\"mainEntityOfPage\":{\"@id\":\"https:\\\/\\\/www.acotv.org\\\/es\\\/mas-alla-de-la-vision-jornada-interdisciplinaria\\\/\"},\"wordCount\":177,\"commentCount\":0,\"image\":{\"@id\":\"https:\\\/\\\/www.acotv.org\\\/es\\\/mas-alla-de-la-vision-jornada-interdisciplinaria\\\/#primaryimage\"},\"thumbnailUrl\":\"https:\\\/\\\/www.acotv.org\\\/wp-content\\\/uploads\\\/IMATGE_EMAILING-1.png\",\"keywords\":[\"Colaboraciones\",\"Deprofesionalesparaprofesionales\",\"Interdisciplinario\",\"jornadas\",\"Visi\u00f3n\"],\"articleSection\":[\"Noticias\"],\"inLanguage\":\"es\",\"potentialAction\":[{\"@type\":\"CommentAction\",\"name\":\"Comment\",\"target\":[\"https:\\\/\\\/www.acotv.org\\\/es\\\/mas-alla-de-la-vision-jornada-interdisciplinaria\\\/#respond\"]}]},{\"@type\":\"WebPage\",\"@id\":\"https:\\\/\\\/www.acotv.org\\\/es\\\/mas-alla-de-la-vision-jornada-interdisciplinaria\\\/\",\"url\":\"https:\\\/\\\/www.acotv.org\\\/es\\\/mas-alla-de-la-vision-jornada-interdisciplinaria\\\/\",\"name\":\"M\u00e1s all\u00e1 de la visi\u00f3n - Jornada Interdisciplinaria - Asociaci\u00f3n Catalana de Optometr\u00eda y Terapia Visual\",\"isPartOf\":{\"@id\":\"https:\\\/\\\/www.acotv.org\\\/ca\\\/#website\"},\"primaryImageOfPage\":{\"@id\":\"https:\\\/\\\/www.acotv.org\\\/es\\\/mas-alla-de-la-vision-jornada-interdisciplinaria\\\/#primaryimage\"},\"image\":{\"@id\":\"https:\\\/\\\/www.acotv.org\\\/es\\\/mas-alla-de-la-vision-jornada-interdisciplinaria\\\/#primaryimage\"},\"thumbnailUrl\":\"https:\\\/\\\/www.acotv.org\\\/wp-content\\\/uploads\\\/IMATGE_EMAILING-1.png\",\"datePublished\":\"2025-08-31T15:25:54+00:00\",\"dateModified\":\"2025-10-07T15:27:24+00:00\",\"author\":{\"@id\":\"https:\\\/\\\/www.acotv.org\\\/ca\\\/#\\\/schema\\\/person\\\/0de470fec1dbf9785a7343042d765744\"},\"breadcrumb\":{\"@id\":\"https:\\\/\\\/www.acotv.org\\\/es\\\/mas-alla-de-la-vision-jornada-interdisciplinaria\\\/#breadcrumb\"},\"inLanguage\":\"es\",\"potentialAction\":[{\"@type\":\"ReadAction\",\"target\":[\"https:\\\/\\\/www.acotv.org\\\/es\\\/mas-alla-de-la-vision-jornada-interdisciplinaria\\\/\"]}]},{\"@type\":\"ImageObject\",\"inLanguage\":\"es\",\"@id\":\"https:\\\/\\\/www.acotv.org\\\/es\\\/mas-alla-de-la-vision-jornada-interdisciplinaria\\\/#primaryimage\",\"url\":\"https:\\\/\\\/www.acotv.org\\\/wp-content\\\/uploads\\\/IMATGE_EMAILING-1.png\",\"contentUrl\":\"https:\\\/\\\/www.acotv.org\\\/wp-content\\\/uploads\\\/IMATGE_EMAILING-1.png\",\"width\":1200,\"height\":675},{\"@type\":\"BreadcrumbList\",\"@id\":\"https:\\\/\\\/www.acotv.org\\\/es\\\/mas-alla-de-la-vision-jornada-interdisciplinaria\\\/#breadcrumb\",\"itemListElement\":[{\"@type\":\"ListItem\",\"position\":1,\"name\":\"Portada\",\"item\":\"https:\\\/\\\/www.acotv.org\\\/es\\\/\"},{\"@type\":\"ListItem\",\"position\":2,\"name\":\"M\u00e1s all\u00e1 de la visi\u00f3n &#8211; Jornada Interdisciplinaria\"}]},{\"@type\":\"WebSite\",\"@id\":\"https:\\\/\\\/www.acotv.org\\\/ca\\\/#website\",\"url\":\"https:\\\/\\\/www.acotv.org\\\/ca\\\/\",\"name\":\"Asociaci\u00f3n Catalana de Optometr\u00eda y Terapia Visual\",\"description\":\"\",\"potentialAction\":[{\"@type\":\"SearchAction\",\"target\":{\"@type\":\"EntryPoint\",\"urlTemplate\":\"https:\\\/\\\/www.acotv.org\\\/ca\\\/?s={search_term_string}\"},\"query-input\":{\"@type\":\"PropertyValueSpecification\",\"valueRequired\":true,\"valueName\":\"search_term_string\"}}],\"inLanguage\":\"es\"},{\"@type\":\"Person\",\"@id\":\"https:\\\/\\\/www.acotv.org\\\/ca\\\/#\\\/schema\\\/person\\\/0de470fec1dbf9785a7343042d765744\",\"name\":\"ACOTV\",\"image\":{\"@type\":\"ImageObject\",\"inLanguage\":\"es\",\"@id\":\"https:\\\/\\\/www.acotv.org\\\/wp-content\\\/uploads\\\/Logo-petit-150x150.jpg\",\"url\":\"https:\\\/\\\/www.acotv.org\\\/wp-content\\\/uploads\\\/Logo-petit-150x150.jpg\",\"contentUrl\":\"https:\\\/\\\/www.acotv.org\\\/wp-content\\\/uploads\\\/Logo-petit-150x150.jpg\",\"caption\":\"ACOTV\"},\"url\":\"https:\\\/\\\/www.acotv.org\\\/es\\\/author\\\/acotv\\\/\"}]}<\/script>\n<!-- \/ Yoast SEO plugin. -->","yoast_head_json":{"title":"M\u00e1s all\u00e1 de la visi\u00f3n - Jornada Interdisciplinaria - Asociaci\u00f3n Catalana de Optometr\u00eda y Terapia Visual","robots":{"index":"index","follow":"follow","max-snippet":"max-snippet:-1","max-image-preview":"max-image-preview:large","max-video-preview":"max-video-preview:-1"},"canonical":"https:\/\/www.acotv.org\/es\/mas-alla-de-la-vision-jornada-interdisciplinaria\/","og_locale":"es_ES","og_type":"article","og_title":"M\u00e1s all\u00e1 de la visi\u00f3n - Jornada Interdisciplinaria - Asociaci\u00f3n Catalana de Optometr\u00eda y Terapia Visual","og_description":"El pr\u00f3ximo 9 de octubre con motivo del D\u00eda Mundial de la Visi\u00f3n, te invitamos a participar en la jornada interdisciplinaria \u201cM\u00e1s all\u00e1 de la visi\u00f3n\u201d.","og_url":"https:\/\/www.acotv.org\/es\/mas-alla-de-la-vision-jornada-interdisciplinaria\/","og_site_name":"Asociaci\u00f3n Catalana de Optometr\u00eda y Terapia Visual","article_published_time":"2025-08-31T15:25:54+00:00","article_modified_time":"2025-10-07T15:27:24+00:00","og_image":[{"width":1200,"height":675,"url":"https:\/\/www.acotv.org\/wp-content\/uploads\/IMATGE_EMAILING-1.png","type":"image\/png"}],"author":"ACOTV","twitter_card":"summary_large_image","twitter_misc":{"Escrito por":"ACOTV","Tiempo de lectura":"1 minuto"},"schema":{"@context":"https:\/\/schema.org","@graph":[{"@type":"Article","@id":"https:\/\/www.acotv.org\/es\/mas-alla-de-la-vision-jornada-interdisciplinaria\/#article","isPartOf":{"@id":"https:\/\/www.acotv.org\/es\/mas-alla-de-la-vision-jornada-interdisciplinaria\/"},"author":{"name":"ACOTV","@id":"https:\/\/www.acotv.org\/ca\/#\/schema\/person\/0de470fec1dbf9785a7343042d765744"},"headline":"M\u00e1s all\u00e1 de la visi\u00f3n &#8211; Jornada Interdisciplinaria","datePublished":"2025-08-31T15:25:54+00:00","dateModified":"2025-10-07T15:27:24+00:00","mainEntityOfPage":{"@id":"https:\/\/www.acotv.org\/es\/mas-alla-de-la-vision-jornada-interdisciplinaria\/"},"wordCount":177,"commentCount":0,"image":{"@id":"https:\/\/www.acotv.org\/es\/mas-alla-de-la-vision-jornada-interdisciplinaria\/#primaryimage"},"thumbnailUrl":"https:\/\/www.acotv.org\/wp-content\/uploads\/IMATGE_EMAILING-1.png","keywords":["Colaboraciones","Deprofesionalesparaprofesionales","Interdisciplinario","jornadas","Visi\u00f3n"],"articleSection":["Noticias"],"inLanguage":"es","potentialAction":[{"@type":"CommentAction","name":"Comment","target":["https:\/\/www.acotv.org\/es\/mas-alla-de-la-vision-jornada-interdisciplinaria\/#respond"]}]},{"@type":"WebPage","@id":"https:\/\/www.acotv.org\/es\/mas-alla-de-la-vision-jornada-interdisciplinaria\/","url":"https:\/\/www.acotv.org\/es\/mas-alla-de-la-vision-jornada-interdisciplinaria\/","name":"M\u00e1s all\u00e1 de la visi\u00f3n - Jornada Interdisciplinaria - Asociaci\u00f3n Catalana de Optometr\u00eda y Terapia Visual","isPartOf":{"@id":"https:\/\/www.acotv.org\/ca\/#website"},"primaryImageOfPage":{"@id":"https:\/\/www.acotv.org\/es\/mas-alla-de-la-vision-jornada-interdisciplinaria\/#primaryimage"},"image":{"@id":"https:\/\/www.acotv.org\/es\/mas-alla-de-la-vision-jornada-interdisciplinaria\/#primaryimage"},"thumbnailUrl":"https:\/\/www.acotv.org\/wp-content\/uploads\/IMATGE_EMAILING-1.png","datePublished":"2025-08-31T15:25:54+00:00","dateModified":"2025-10-07T15:27:24+00:00","author":{"@id":"https:\/\/www.acotv.org\/ca\/#\/schema\/person\/0de470fec1dbf9785a7343042d765744"},"breadcrumb":{"@id":"https:\/\/www.acotv.org\/es\/mas-alla-de-la-vision-jornada-interdisciplinaria\/#breadcrumb"},"inLanguage":"es","potentialAction":[{"@type":"ReadAction","target":["https:\/\/www.acotv.org\/es\/mas-alla-de-la-vision-jornada-interdisciplinaria\/"]}]},{"@type":"ImageObject","inLanguage":"es","@id":"https:\/\/www.acotv.org\/es\/mas-alla-de-la-vision-jornada-interdisciplinaria\/#primaryimage","url":"https:\/\/www.acotv.org\/wp-content\/uploads\/IMATGE_EMAILING-1.png","contentUrl":"https:\/\/www.acotv.org\/wp-content\/uploads\/IMATGE_EMAILING-1.png","width":1200,"height":675},{"@type":"BreadcrumbList","@id":"https:\/\/www.acotv.org\/es\/mas-alla-de-la-vision-jornada-interdisciplinaria\/#breadcrumb","itemListElement":[{"@type":"ListItem","position":1,"name":"Portada","item":"https:\/\/www.acotv.org\/es\/"},{"@type":"ListItem","position":2,"name":"M\u00e1s all\u00e1 de la visi\u00f3n &#8211; Jornada Interdisciplinaria"}]},{"@type":"WebSite","@id":"https:\/\/www.acotv.org\/ca\/#website","url":"https:\/\/www.acotv.org\/ca\/","name":"Asociaci\u00f3n Catalana de Optometr\u00eda y Terapia Visual","description":"","potentialAction":[{"@type":"SearchAction","target":{"@type":"EntryPoint","urlTemplate":"https:\/\/www.acotv.org\/ca\/?s={search_term_string}"},"query-input":{"@type":"PropertyValueSpecification","valueRequired":true,"valueName":"search_term_string"}}],"inLanguage":"es"},{"@type":"Person","@id":"https:\/\/www.acotv.org\/ca\/#\/schema\/person\/0de470fec1dbf9785a7343042d765744","name":"ACOTV","image":{"@type":"ImageObject","inLanguage":"es","@id":"https:\/\/www.acotv.org\/wp-content\/uploads\/Logo-petit-150x150.jpg","url":"https:\/\/www.acotv.org\/wp-content\/uploads\/Logo-petit-150x150.jpg","contentUrl":"https:\/\/www.acotv.org\/wp-content\/uploads\/Logo-petit-150x150.jpg","caption":"ACOTV"},"url":"https:\/\/www.acotv.org\/es\/author\/acotv\/"}]}},"_links":{"self":[{"href":"https:\/\/www.acotv.org\/es\/wp-json\/wp\/v2\/posts\/13422","targetHints":{"allow":["GET"]}}],"collection":[{"href":"https:\/\/www.acotv.org\/es\/wp-json\/wp\/v2\/posts"}],"about":[{"href":"https:\/\/www.acotv.org\/es\/wp-json\/wp\/v2\/types\/post"}],"author":[{"embeddable":true,"href":"https:\/\/www.acotv.org\/es\/wp-json\/wp\/v2\/users\/2"}],"replies":[{"embeddable":true,"href":"https:\/\/www.acotv.org\/es\/wp-json\/wp\/v2\/comments?post=13422"}],"version-history":[{"count":1,"href":"https:\/\/www.acotv.org\/es\/wp-json\/wp\/v2\/posts\/13422\/revisions"}],"predecessor-version":[{"id":13423,"href":"https:\/\/www.acotv.org\/es\/wp-json\/wp\/v2\/posts\/13422\/revisions\/13423"}],"wp:featuredmedia":[{"embeddable":true,"href":"https:\/\/www.acotv.org\/es\/wp-json\/wp\/v2\/media\/13329"}],"wp:attachment":[{"href":"https:\/\/www.acotv.org\/es\/wp-json\/wp\/v2\/media?parent=13422"}],"wp:term":[{"taxonomy":"category","embeddable":true,"href":"https:\/\/www.acotv.org\/es\/wp-json\/wp\/v2\/categories?post=13422"},{"taxonomy":"post_tag","embeddable":true,"href":"https:\/\/www.acotv.org\/es\/wp-json\/wp\/v2\/tags?post=13422"}],"curies":[{"name":"wp","href":"https:\/\/api.w.org\/{rel}","templated":true}]}}