{"id":13412,"date":"2025-10-07T16:45:27","date_gmt":"2025-10-07T14:45:27","guid":{"rendered":"https:\/\/www.acotv.org\/?p=13412"},"modified":"2025-10-07T17:35:58","modified_gmt":"2025-10-07T15:35:58","slug":"actualitzacions-de-larea-de-recerca","status":"publish","type":"post","link":"https:\/\/www.acotv.org\/es\/actualitzacions-de-larea-de-recerca\/","title":{"rendered":"Actualitzaciones del \u00c1rea de Investigaci\u00f3n"},"content":{"rendered":"\n<p class=\"wp-block-paragraph\">Durante este tercer trimestre, el grupo de trabajo del \u00c1rea de Investigaci\u00f3n de ACOTV ha dado un paso adelante en la definici\u00f3n de las l\u00edneas de trabajo estrat\u00e9gicas para dar impulso a nuevos proyectos.<\/p>\n\n\n\n<p class=\"wp-block-paragraph\">En el \u00e1mbito organizativo, se ha producido un relevo en la coordinaci\u00f3n del \u00c1rea: despu\u00e9s de la \u00faltima asamblea general,  la optometrista <strong>Silvia Edo<\/strong> ha asumido el cargo, cogiendo el testigo de <strong>Bernat Sunyer, <\/strong>que hasta ahora hab\u00eda liderado al equipo. Adem\u00e1s, se ha incorporado una nueva miembro, el optometrista <strong>Carla Pelaez,<\/strong> que se a\u00f1ade al grupo de trabajo manteniendo intacto al resto del equipo y reforzando as\u00ed su capacidad operativa.<\/p>\n\n\n\n<p class=\"wp-block-paragraph\">Durante los \u00faltimos meses, el grupo ha mantenido diversas reuniones para revisar y debatir diferentes aspectos de su l\u00ednea de trabajo. Estos encuentros han permitido dar nuevo impulso a las ideas y proyectos en curso, con el objetivo de seguir avanzando en el \u00e1mbito de la investigaci\u00f3n optom\u00e9trica.<\/p>\n\n\n\n<p class=\"wp-block-paragraph\">Uno de los puntos m\u00e1s relevantes de este per\u00edodo ha sido la definici\u00f3n del objetivo del \u00c1rea de Investigaci\u00f3n de ACOTV, que queda recogido de la siguiente manera:<\/p>\n\n\n\n<blockquote class=\"wp-block-quote is-layout-flow wp-block-quote-is-layout-flow\">\n<p class=\"wp-block-paragraph\">\u201cEl \u00c1rea de Investigaci\u00f3n de la ACOTV tiene como objetivo impulsar y consolidar una cultura cient\u00edfica dentro de la asociaci\u00f3n, generando, promoviendo y difundiendo conocimiento en el \u00e1mbito de la optometr\u00eda y la terapia visual.<\/p>\n\n\n\n<p class=\"wp-block-paragraph\">Esta \u00e1rea quiere dar prestigio cient\u00edfico a la profesi\u00f3n, fomentar el esp\u00edritu cr\u00edtico, el aprendizaje y la divulgaci\u00f3n entre los socios, a la vez que facilitar y acompa\u00f1ar a aquellos que quieran participar en proyectos de investigaci\u00f3n.<br>El impacto puede alcanzarse tanto a trav\u00e9s de investigaci\u00f3n propia \u2013idealmente mediante estudios multic\u00e9ntricos que refuercen la pr\u00e1ctica cl\u00ednica\u2013 como con acciones formativas y divulgativas, que acerquen la investigaci\u00f3n a todos los miembros.<\/p>\n\n\n\n<p class=\"wp-block-paragraph\">En definitiva, el objetivo es que la investigaci\u00f3n sea un recurso al servicio de los profesionales, que ayude a hacer avanzar la profesi\u00f3n, aporte evidencia a las \u00e1reas m\u00e1s necesitadas y refuerce el trabajo diario de los terapeutas visuales y \u00f3pticos optometristas.\u201d<\/p>\n<\/blockquote>\n\n\n\n<p class=\"wp-block-paragraph\">Con esta hoja de ruta, el <mark style=\"background-color:rgba(0, 0, 0, 0)\" class=\"has-inline-color has-vivid-cyan-blue-color\"><strong>\u00c1rea de Investigaci\u00f3n de la ACOTV <\/strong><\/mark>se consolida como un espacio de crecimiento, innovaci\u00f3n y conocimiento compartido al servicio de la profesi\u00f3n y de todos los socios.<\/p>\n\n\n\n<p class=\"wp-block-paragraph\">\ud83d\udc49<strong>Si tienes inter\u00e9s en participar en proyectos de investigaci\u00f3n o quieres aportar nuevas ideas, \u00a1ponte en contacto con la ACOTV y s\u00famate al \u00c1rea de Investigaci\u00f3n!<\/strong><\/p>\n\n\n\n<p class=\"wp-block-paragraph\"><\/p>\n","protected":false},"excerpt":{"rendered":"<p>Durante este tercer trimestre, el grupo de trabajo del \u00c1rea de Investigaci\u00f3n de ACOTV ha dado un paso adelante en la definici\u00f3n de las l\u00edneas de trabajo estrat\u00e9gicas para dar impulso a nuevos proyectos.<\/p>\n","protected":false},"author":2,"featured_media":13338,"comment_status":"open","ping_status":"open","sticky":false,"template":"","format":"standard","meta":{"ocean_front_end_style_editor":"no","ocean_post_layout":"","ocean_both_sidebars_style":"","ocean_both_sidebars_content_width":0,"ocean_both_sidebars_sidebars_width":0,"ocean_sidebar":"","ocean_second_sidebar":"","ocean_disable_margins":"enable","ocean_add_body_class":"","ocean_shortcode_before_top_bar":"","ocean_shortcode_after_top_bar":"","ocean_shortcode_before_header":"","ocean_shortcode_after_header":"","ocean_has_shortcode":"","ocean_shortcode_after_title":"","ocean_shortcode_before_footer_widgets":"","ocean_shortcode_after_footer_widgets":"","ocean_shortcode_before_footer_bottom":"","ocean_shortcode_after_footer_bottom":"","ocean_display_top_bar":"default","ocean_display_header":"default","ocean_header_style":"","ocean_center_header_left_menu":"","ocean_custom_header_template":"","ocean_custom_logo":0,"ocean_custom_retina_logo":0,"ocean_custom_logo_max_width":0,"ocean_custom_logo_tablet_max_width":0,"ocean_custom_logo_mobile_max_width":0,"ocean_custom_logo_max_height":0,"ocean_custom_logo_tablet_max_height":0,"ocean_custom_logo_mobile_max_height":0,"ocean_header_custom_menu":"","ocean_menu_typo_font_family":"","ocean_menu_typo_font_subset":"","ocean_menu_typo_font_size":0,"ocean_menu_typo_font_size_tablet":0,"ocean_menu_typo_font_size_mobile":0,"ocean_menu_typo_font_size_unit":"px","ocean_menu_typo_font_weight":"","ocean_menu_typo_font_weight_tablet":"","ocean_menu_typo_font_weight_mobile":"","ocean_menu_typo_transform":"","ocean_menu_typo_transform_tablet":"","ocean_menu_typo_transform_mobile":"","ocean_menu_typo_line_height":0,"ocean_menu_typo_line_height_tablet":0,"ocean_menu_typo_line_height_mobile":0,"ocean_menu_typo_line_height_unit":"","ocean_menu_typo_spacing":0,"ocean_menu_typo_spacing_tablet":0,"ocean_menu_typo_spacing_mobile":0,"ocean_menu_typo_spacing_unit":"","ocean_menu_link_color":"","ocean_menu_link_color_hover":"","ocean_menu_link_color_active":"","ocean_menu_link_background":"","ocean_menu_link_hover_background":"","ocean_menu_link_active_background":"","ocean_menu_social_links_bg":"","ocean_menu_social_hover_links_bg":"","ocean_menu_social_links_color":"","ocean_menu_social_hover_links_color":"","ocean_disable_title":"default","ocean_disable_heading":"default","ocean_post_title":"","ocean_post_subheading":"","ocean_post_title_style":"","ocean_post_title_background_color":"","ocean_post_title_background":0,"ocean_post_title_bg_image_position":"","ocean_post_title_bg_image_attachment":"","ocean_post_title_bg_image_repeat":"","ocean_post_title_bg_image_size":"","ocean_post_title_height":0,"ocean_post_title_bg_overlay":0.5,"ocean_post_title_bg_overlay_color":"","ocean_disable_breadcrumbs":"default","ocean_breadcrumbs_color":"","ocean_breadcrumbs_separator_color":"","ocean_breadcrumbs_links_color":"","ocean_breadcrumbs_links_hover_color":"","ocean_display_footer_widgets":"default","ocean_display_footer_bottom":"default","ocean_custom_footer_template":"","ocean_post_oembed":"","ocean_post_self_hosted_media":"","ocean_post_video_embed":"","ocean_link_format":"","ocean_link_format_target":"self","ocean_quote_format":"","ocean_quote_format_link":"post","ocean_gallery_link_images":"on","ocean_gallery_id":[],"footnotes":""},"categories":[8],"tags":[302,182,146,307],"class_list":["post-13412","post","type-post","status-publish","format-standard","has-post-thumbnail","hentry","category-noticias","tag-femacotv-3","tag-colaboraciones","tag-investigacion","tag-trabajoengrupo-2","entry","has-media"],"yoast_head":"<!-- This site is optimized with the Yoast SEO plugin v28.4 - https:\/\/yoast.com\/product\/yoast-seo-wordpress\/ -->\n<title>Actualitzaciones del \u00c1rea de Investigaci\u00f3n - Asociaci\u00f3n Catalana de Optometr\u00eda y Terapia Visual<\/title>\n<meta name=\"robots\" content=\"index, follow, max-snippet:-1, max-image-preview:large, max-video-preview:-1\" \/>\n<link rel=\"canonical\" href=\"https:\/\/www.acotv.org\/es\/actualitzacions-de-larea-de-recerca\/\" \/>\n<meta property=\"og:locale\" content=\"es_ES\" \/>\n<meta property=\"og:type\" content=\"article\" \/>\n<meta property=\"og:title\" content=\"Actualitzaciones del \u00c1rea de Investigaci\u00f3n - Asociaci\u00f3n Catalana de Optometr\u00eda y Terapia Visual\" \/>\n<meta property=\"og:description\" content=\"Durante este tercer trimestre, el grupo de trabajo del \u00c1rea de Investigaci\u00f3n de ACOTV ha dado un paso adelante en la definici\u00f3n de las l\u00edneas de trabajo estrat\u00e9gicas para dar impulso a nuevos proyectos.\" \/>\n<meta property=\"og:url\" content=\"https:\/\/www.acotv.org\/es\/actualitzacions-de-larea-de-recerca\/\" \/>\n<meta property=\"og:site_name\" content=\"Asociaci\u00f3n Catalana de Optometr\u00eda y Terapia Visual\" \/>\n<meta property=\"article:published_time\" content=\"2025-10-07T14:45:27+00:00\" \/>\n<meta property=\"article:modified_time\" content=\"2025-10-07T15:35:58+00:00\" \/>\n<meta property=\"og:image\" content=\"https:\/\/www.acotv.org\/wp-content\/uploads\/AR_3T.jpg\" \/>\n\t<meta property=\"og:image:width\" content=\"1080\" \/>\n\t<meta property=\"og:image:height\" content=\"1080\" \/>\n\t<meta property=\"og:image:type\" content=\"image\/jpeg\" \/>\n<meta name=\"author\" content=\"ACOTV\" \/>\n<meta name=\"twitter:card\" content=\"summary_large_image\" \/>\n<meta name=\"twitter:label1\" content=\"Escrito por\" \/>\n\t<meta name=\"twitter:data1\" content=\"ACOTV\" \/>\n\t<meta name=\"twitter:label2\" content=\"Tiempo de lectura\" \/>\n\t<meta name=\"twitter:data2\" content=\"2 minutos\" \/>\n<script type=\"application\/ld+json\" class=\"yoast-schema-graph\">{\"@context\":\"https:\\\/\\\/schema.org\",\"@graph\":[{\"@type\":\"Article\",\"@id\":\"https:\\\/\\\/www.acotv.org\\\/es\\\/actualitzacions-de-larea-de-recerca\\\/#article\",\"isPartOf\":{\"@id\":\"https:\\\/\\\/www.acotv.org\\\/es\\\/actualitzacions-de-larea-de-recerca\\\/\"},\"author\":{\"name\":\"ACOTV\",\"@id\":\"https:\\\/\\\/www.acotv.org\\\/ca\\\/#\\\/schema\\\/person\\\/0de470fec1dbf9785a7343042d765744\"},\"headline\":\"Actualitzaciones del \u00c1rea de Investigaci\u00f3n\",\"datePublished\":\"2025-10-07T14:45:27+00:00\",\"dateModified\":\"2025-10-07T15:35:58+00:00\",\"mainEntityOfPage\":{\"@id\":\"https:\\\/\\\/www.acotv.org\\\/es\\\/actualitzacions-de-larea-de-recerca\\\/\"},\"wordCount\":436,\"commentCount\":0,\"image\":{\"@id\":\"https:\\\/\\\/www.acotv.org\\\/es\\\/actualitzacions-de-larea-de-recerca\\\/#primaryimage\"},\"thumbnailUrl\":\"https:\\\/\\\/www.acotv.org\\\/wp-content\\\/uploads\\\/AR_3T.jpg\",\"keywords\":[\"#femAcotv\",\"Colaboraciones\",\"Investigaci\u00f3n\",\"trabajoengrupo\"],\"articleSection\":[\"Noticias\"],\"inLanguage\":\"es\",\"potentialAction\":[{\"@type\":\"CommentAction\",\"name\":\"Comment\",\"target\":[\"https:\\\/\\\/www.acotv.org\\\/es\\\/actualitzacions-de-larea-de-recerca\\\/#respond\"]}]},{\"@type\":\"WebPage\",\"@id\":\"https:\\\/\\\/www.acotv.org\\\/es\\\/actualitzacions-de-larea-de-recerca\\\/\",\"url\":\"https:\\\/\\\/www.acotv.org\\\/es\\\/actualitzacions-de-larea-de-recerca\\\/\",\"name\":\"Actualitzaciones del \u00c1rea de Investigaci\u00f3n - Asociaci\u00f3n Catalana de Optometr\u00eda y Terapia Visual\",\"isPartOf\":{\"@id\":\"https:\\\/\\\/www.acotv.org\\\/ca\\\/#website\"},\"primaryImageOfPage\":{\"@id\":\"https:\\\/\\\/www.acotv.org\\\/es\\\/actualitzacions-de-larea-de-recerca\\\/#primaryimage\"},\"image\":{\"@id\":\"https:\\\/\\\/www.acotv.org\\\/es\\\/actualitzacions-de-larea-de-recerca\\\/#primaryimage\"},\"thumbnailUrl\":\"https:\\\/\\\/www.acotv.org\\\/wp-content\\\/uploads\\\/AR_3T.jpg\",\"datePublished\":\"2025-10-07T14:45:27+00:00\",\"dateModified\":\"2025-10-07T15:35:58+00:00\",\"author\":{\"@id\":\"https:\\\/\\\/www.acotv.org\\\/ca\\\/#\\\/schema\\\/person\\\/0de470fec1dbf9785a7343042d765744\"},\"breadcrumb\":{\"@id\":\"https:\\\/\\\/www.acotv.org\\\/es\\\/actualitzacions-de-larea-de-recerca\\\/#breadcrumb\"},\"inLanguage\":\"es\",\"potentialAction\":[{\"@type\":\"ReadAction\",\"target\":[\"https:\\\/\\\/www.acotv.org\\\/es\\\/actualitzacions-de-larea-de-recerca\\\/\"]}]},{\"@type\":\"ImageObject\",\"inLanguage\":\"es\",\"@id\":\"https:\\\/\\\/www.acotv.org\\\/es\\\/actualitzacions-de-larea-de-recerca\\\/#primaryimage\",\"url\":\"https:\\\/\\\/www.acotv.org\\\/wp-content\\\/uploads\\\/AR_3T.jpg\",\"contentUrl\":\"https:\\\/\\\/www.acotv.org\\\/wp-content\\\/uploads\\\/AR_3T.jpg\",\"width\":1080,\"height\":1080},{\"@type\":\"BreadcrumbList\",\"@id\":\"https:\\\/\\\/www.acotv.org\\\/es\\\/actualitzacions-de-larea-de-recerca\\\/#breadcrumb\",\"itemListElement\":[{\"@type\":\"ListItem\",\"position\":1,\"name\":\"Portada\",\"item\":\"https:\\\/\\\/www.acotv.org\\\/es\\\/\"},{\"@type\":\"ListItem\",\"position\":2,\"name\":\"Actualitzaciones del \u00c1rea de Investigaci\u00f3n\"}]},{\"@type\":\"WebSite\",\"@id\":\"https:\\\/\\\/www.acotv.org\\\/ca\\\/#website\",\"url\":\"https:\\\/\\\/www.acotv.org\\\/ca\\\/\",\"name\":\"Asociaci\u00f3n Catalana de Optometr\u00eda y Terapia Visual\",\"description\":\"\",\"potentialAction\":[{\"@type\":\"SearchAction\",\"target\":{\"@type\":\"EntryPoint\",\"urlTemplate\":\"https:\\\/\\\/www.acotv.org\\\/ca\\\/?s={search_term_string}\"},\"query-input\":{\"@type\":\"PropertyValueSpecification\",\"valueRequired\":true,\"valueName\":\"search_term_string\"}}],\"inLanguage\":\"es\"},{\"@type\":\"Person\",\"@id\":\"https:\\\/\\\/www.acotv.org\\\/ca\\\/#\\\/schema\\\/person\\\/0de470fec1dbf9785a7343042d765744\",\"name\":\"ACOTV\",\"image\":{\"@type\":\"ImageObject\",\"inLanguage\":\"es\",\"@id\":\"https:\\\/\\\/www.acotv.org\\\/wp-content\\\/uploads\\\/Logo-petit-150x150.jpg\",\"url\":\"https:\\\/\\\/www.acotv.org\\\/wp-content\\\/uploads\\\/Logo-petit-150x150.jpg\",\"contentUrl\":\"https:\\\/\\\/www.acotv.org\\\/wp-content\\\/uploads\\\/Logo-petit-150x150.jpg\",\"caption\":\"ACOTV\"},\"url\":\"https:\\\/\\\/www.acotv.org\\\/es\\\/author\\\/acotv\\\/\"}]}<\/script>\n<!-- \/ Yoast SEO plugin. -->","yoast_head_json":{"title":"Actualitzaciones del \u00c1rea de Investigaci\u00f3n - Asociaci\u00f3n Catalana de Optometr\u00eda y Terapia Visual","robots":{"index":"index","follow":"follow","max-snippet":"max-snippet:-1","max-image-preview":"max-image-preview:large","max-video-preview":"max-video-preview:-1"},"canonical":"https:\/\/www.acotv.org\/es\/actualitzacions-de-larea-de-recerca\/","og_locale":"es_ES","og_type":"article","og_title":"Actualitzaciones del \u00c1rea de Investigaci\u00f3n - Asociaci\u00f3n Catalana de Optometr\u00eda y Terapia Visual","og_description":"Durante este tercer trimestre, el grupo de trabajo del \u00c1rea de Investigaci\u00f3n de ACOTV ha dado un paso adelante en la definici\u00f3n de las l\u00edneas de trabajo estrat\u00e9gicas para dar impulso a nuevos proyectos.","og_url":"https:\/\/www.acotv.org\/es\/actualitzacions-de-larea-de-recerca\/","og_site_name":"Asociaci\u00f3n Catalana de Optometr\u00eda y Terapia Visual","article_published_time":"2025-10-07T14:45:27+00:00","article_modified_time":"2025-10-07T15:35:58+00:00","og_image":[{"width":1080,"height":1080,"url":"https:\/\/www.acotv.org\/wp-content\/uploads\/AR_3T.jpg","type":"image\/jpeg"}],"author":"ACOTV","twitter_card":"summary_large_image","twitter_misc":{"Escrito por":"ACOTV","Tiempo de lectura":"2 minutos"},"schema":{"@context":"https:\/\/schema.org","@graph":[{"@type":"Article","@id":"https:\/\/www.acotv.org\/es\/actualitzacions-de-larea-de-recerca\/#article","isPartOf":{"@id":"https:\/\/www.acotv.org\/es\/actualitzacions-de-larea-de-recerca\/"},"author":{"name":"ACOTV","@id":"https:\/\/www.acotv.org\/ca\/#\/schema\/person\/0de470fec1dbf9785a7343042d765744"},"headline":"Actualitzaciones del \u00c1rea de Investigaci\u00f3n","datePublished":"2025-10-07T14:45:27+00:00","dateModified":"2025-10-07T15:35:58+00:00","mainEntityOfPage":{"@id":"https:\/\/www.acotv.org\/es\/actualitzacions-de-larea-de-recerca\/"},"wordCount":436,"commentCount":0,"image":{"@id":"https:\/\/www.acotv.org\/es\/actualitzacions-de-larea-de-recerca\/#primaryimage"},"thumbnailUrl":"https:\/\/www.acotv.org\/wp-content\/uploads\/AR_3T.jpg","keywords":["#femAcotv","Colaboraciones","Investigaci\u00f3n","trabajoengrupo"],"articleSection":["Noticias"],"inLanguage":"es","potentialAction":[{"@type":"CommentAction","name":"Comment","target":["https:\/\/www.acotv.org\/es\/actualitzacions-de-larea-de-recerca\/#respond"]}]},{"@type":"WebPage","@id":"https:\/\/www.acotv.org\/es\/actualitzacions-de-larea-de-recerca\/","url":"https:\/\/www.acotv.org\/es\/actualitzacions-de-larea-de-recerca\/","name":"Actualitzaciones del \u00c1rea de Investigaci\u00f3n - Asociaci\u00f3n Catalana de Optometr\u00eda y Terapia Visual","isPartOf":{"@id":"https:\/\/www.acotv.org\/ca\/#website"},"primaryImageOfPage":{"@id":"https:\/\/www.acotv.org\/es\/actualitzacions-de-larea-de-recerca\/#primaryimage"},"image":{"@id":"https:\/\/www.acotv.org\/es\/actualitzacions-de-larea-de-recerca\/#primaryimage"},"thumbnailUrl":"https:\/\/www.acotv.org\/wp-content\/uploads\/AR_3T.jpg","datePublished":"2025-10-07T14:45:27+00:00","dateModified":"2025-10-07T15:35:58+00:00","author":{"@id":"https:\/\/www.acotv.org\/ca\/#\/schema\/person\/0de470fec1dbf9785a7343042d765744"},"breadcrumb":{"@id":"https:\/\/www.acotv.org\/es\/actualitzacions-de-larea-de-recerca\/#breadcrumb"},"inLanguage":"es","potentialAction":[{"@type":"ReadAction","target":["https:\/\/www.acotv.org\/es\/actualitzacions-de-larea-de-recerca\/"]}]},{"@type":"ImageObject","inLanguage":"es","@id":"https:\/\/www.acotv.org\/es\/actualitzacions-de-larea-de-recerca\/#primaryimage","url":"https:\/\/www.acotv.org\/wp-content\/uploads\/AR_3T.jpg","contentUrl":"https:\/\/www.acotv.org\/wp-content\/uploads\/AR_3T.jpg","width":1080,"height":1080},{"@type":"BreadcrumbList","@id":"https:\/\/www.acotv.org\/es\/actualitzacions-de-larea-de-recerca\/#breadcrumb","itemListElement":[{"@type":"ListItem","position":1,"name":"Portada","item":"https:\/\/www.acotv.org\/es\/"},{"@type":"ListItem","position":2,"name":"Actualitzaciones del \u00c1rea de Investigaci\u00f3n"}]},{"@type":"WebSite","@id":"https:\/\/www.acotv.org\/ca\/#website","url":"https:\/\/www.acotv.org\/ca\/","name":"Asociaci\u00f3n Catalana de Optometr\u00eda y Terapia Visual","description":"","potentialAction":[{"@type":"SearchAction","target":{"@type":"EntryPoint","urlTemplate":"https:\/\/www.acotv.org\/ca\/?s={search_term_string}"},"query-input":{"@type":"PropertyValueSpecification","valueRequired":true,"valueName":"search_term_string"}}],"inLanguage":"es"},{"@type":"Person","@id":"https:\/\/www.acotv.org\/ca\/#\/schema\/person\/0de470fec1dbf9785a7343042d765744","name":"ACOTV","image":{"@type":"ImageObject","inLanguage":"es","@id":"https:\/\/www.acotv.org\/wp-content\/uploads\/Logo-petit-150x150.jpg","url":"https:\/\/www.acotv.org\/wp-content\/uploads\/Logo-petit-150x150.jpg","contentUrl":"https:\/\/www.acotv.org\/wp-content\/uploads\/Logo-petit-150x150.jpg","caption":"ACOTV"},"url":"https:\/\/www.acotv.org\/es\/author\/acotv\/"}]}},"_links":{"self":[{"href":"https:\/\/www.acotv.org\/es\/wp-json\/wp\/v2\/posts\/13412","targetHints":{"allow":["GET"]}}],"collection":[{"href":"https:\/\/www.acotv.org\/es\/wp-json\/wp\/v2\/posts"}],"about":[{"href":"https:\/\/www.acotv.org\/es\/wp-json\/wp\/v2\/types\/post"}],"author":[{"embeddable":true,"href":"https:\/\/www.acotv.org\/es\/wp-json\/wp\/v2\/users\/2"}],"replies":[{"embeddable":true,"href":"https:\/\/www.acotv.org\/es\/wp-json\/wp\/v2\/comments?post=13412"}],"version-history":[{"count":3,"href":"https:\/\/www.acotv.org\/es\/wp-json\/wp\/v2\/posts\/13412\/revisions"}],"predecessor-version":[{"id":13424,"href":"https:\/\/www.acotv.org\/es\/wp-json\/wp\/v2\/posts\/13412\/revisions\/13424"}],"wp:featuredmedia":[{"embeddable":true,"href":"https:\/\/www.acotv.org\/es\/wp-json\/wp\/v2\/media\/13338"}],"wp:attachment":[{"href":"https:\/\/www.acotv.org\/es\/wp-json\/wp\/v2\/media?parent=13412"}],"wp:term":[{"taxonomy":"category","embeddable":true,"href":"https:\/\/www.acotv.org\/es\/wp-json\/wp\/v2\/categories?post=13412"},{"taxonomy":"post_tag","embeddable":true,"href":"https:\/\/www.acotv.org\/es\/wp-json\/wp\/v2\/tags?post=13412"}],"curies":[{"name":"wp","href":"https:\/\/api.w.org\/{rel}","templated":true}]}}