{"id":13060,"date":"2025-07-02T11:18:25","date_gmt":"2025-07-02T09:18:25","guid":{"rendered":"https:\/\/www.acotv.org\/entrevista-a-manuel-roure-reconegut-optometrista-i-recentment-guardonat-amb-la-creu-de-sant-jordi\/"},"modified":"2025-07-03T12:22:28","modified_gmt":"2025-07-03T10:22:28","slug":"entrevista-a-manuel-roure-reconocido-optometrista-y-recientemente-gaolardonado-con-la-cruz-de-sant-jordi","status":"publish","type":"post","link":"https:\/\/www.acotv.org\/es\/entrevista-a-manuel-roure-reconocido-optometrista-y-recientemente-gaolardonado-con-la-cruz-de-sant-jordi\/","title":{"rendered":"Entrevista a Manuel Roure, reconocido optometrista y recientemente galardonado con la Cruz de Sant Jordi"},"content":{"rendered":"\n<p class=\"wp-block-paragraph\"><em><strong>Por N\u00faria Baldrich, optometrista  y miembro de la ACOTV<\/strong><\/em><\/p>\n\n\n\n<h2 class=\"wp-block-heading\"><strong>\u00bfC\u00f3mo recibi\u00f3 la noticia de la nominaci\u00f3n en la Creu de Sant Jordi?<\/strong><\/h2>\n\n\n\n<p class=\"wp-block-paragraph\">Me llam\u00f3 la consejera de Cultura para comunic\u00e1rmelo. Yo le dije que no sab\u00eda muy bien por qu\u00e9 me la conced\u00edan, y me respondi\u00f3 que hab\u00edan recibido m\u00e1s de 1.900 avales en mi candidatura. Esto significa que algo debo de haber hecho.<\/p>\n\n\n\n<h2 class=\"wp-block-heading\"><strong>\u00bfFue una sorpresa, pues?<\/strong><\/h2>\n\n\n\n<p class=\"wp-block-paragraph\">\u00a1Oh, por supuesto!\u00a0\u00a0\u00a0\u00a0\u00a0<\/p>\n\n\n\n<h2 class=\"wp-block-heading\"><strong>\u00bfQu\u00e9 significa para usted este reconocimiento?<\/strong><\/h2>\n\n\n\n<p class=\"wp-block-paragraph\">Que 1.900 personas hayan apoyado significa que tengo muchos amigos. Ya sab\u00eda que ten\u00eda, \u00a1pero ahora s\u00e9 que son al menos 1.900!<\/p>\n\n\n\n<figure class=\"wp-block-gallery aligncenter has-nested-images columns-default is-cropped wp-block-gallery-1 is-layout-flex wp-block-gallery-is-layout-flex\">\n<figure class=\"wp-block-image size-large is-style-default\"><img fetchpriority=\"high\" decoding=\"async\" width=\"1024\" height=\"768\" data-id=\"12963\" src=\"https:\/\/www.acotv.org\/wp-content\/uploads\/Imagen-de-WhatsApp-2025-05-15-a-las-23.38.57_cd033d8f-1024x768.jpg\" alt=\"\" class=\"wp-image-12963\" srcset=\"https:\/\/www.acotv.org\/wp-content\/uploads\/Imagen-de-WhatsApp-2025-05-15-a-las-23.38.57_cd033d8f-1024x768.jpg 1024w, https:\/\/www.acotv.org\/wp-content\/uploads\/Imagen-de-WhatsApp-2025-05-15-a-las-23.38.57_cd033d8f-300x225.jpg 300w, https:\/\/www.acotv.org\/wp-content\/uploads\/Imagen-de-WhatsApp-2025-05-15-a-las-23.38.57_cd033d8f-768x576.jpg 768w, https:\/\/www.acotv.org\/wp-content\/uploads\/Imagen-de-WhatsApp-2025-05-15-a-las-23.38.57_cd033d8f-1536x1152.jpg 1536w, https:\/\/www.acotv.org\/wp-content\/uploads\/Imagen-de-WhatsApp-2025-05-15-a-las-23.38.57_cd033d8f.jpg 1600w\" sizes=\"(max-width: 1024px) 100vw, 1024px\" \/><\/figure>\n<\/figure>\n\n\n\n<h2 class=\"wp-block-heading\"><strong>Este premio reconoce tambi\u00e9n su dimensi\u00f3n humana. \u00bfC\u00f3mo cree que su forma de entender la visi\u00f3n ha impactado la vida de las personas?<\/strong><\/h2>\n\n\n\n<p class=\"wp-block-paragraph\">A lo largo de este medio siglo de vida profesional, la visi\u00f3n no ha cambiado como concepto pero s\u00ed los medios para medirla y tratarla. Hemos pasado de leer un optotipo a descifrar informaci\u00f3n compleja gracias a los instrumentos que tenemos hoy.<\/p>\n\n\n\n<h2 class=\"wp-block-heading\"><strong>Y el enfoque integral, m\u00e1s all\u00e1 de graduarse\u2026<\/strong><\/h2>\n\n\n\n<p class=\"wp-block-paragraph\">S\u00ed, yo dir\u00eda que, m\u00e1s que una evoluci\u00f3n, ha sido una revoluci\u00f3n de la optometr\u00eda: entender el ojo como un simple instrumento \u00f3ptico a considerar la visi\u00f3n en relaci\u00f3n con la persona y su entorno.<\/p>\n\n\n\n<h2 class=\"wp-block-heading\"><strong>Desde su primera entrevista en ACOTV en 2016, \u00bfc\u00f3mo ha evolucionado su visi\u00f3n de la optometr\u00eda hol\u00edstica?<\/strong><\/h2>\n\n\n\n<p class=\"wp-block-paragraph\">Ya no mucho, porque hace tiempo que no visito. Ahora tengo una pr\u00e1ctica m\u00e1s bien pasiva. Pero el fundamento hol\u00edstico sigue siendo el mismo.<\/p>\n\n\n\n<h2 class=\"wp-block-heading\"><strong>\u00bfQu\u00e9 momentos clave recuerda como transformadores en su trayectoria?<\/strong><\/h2>\n\n\n\n<p class=\"wp-block-paragraph\">Al principio vi claro que en Mollerussa no me explicar\u00edan gran cosa y que deb\u00eda ir a buscar el conocimiento. franceses del Instituto de Visiolog\u00eda de France (IVF) a explicarnos otra forma de ver la optometr\u00eda. M\u00e1s adelante tambi\u00e9n estudi\u00e9 el m\u00e1ster de Optometr\u00eda Cl\u00ednica de la Pennsylvania College of Optometry en Philadephia e hice un m\u00e1ster en ciencias de la enfermer\u00eda en la Universidad de Lleida.<\/p>\n\n\n\n<h2 class=\"wp-block-heading\"><strong>Todo un viaje de b\u00fasqueda constante.<\/strong><\/h2>\n\n\n\n<p class=\"wp-block-paragraph\">Exacto, deb\u00eda ir a buscar la informaci\u00f3n all\u00e1 donde fuera viajando por Barcelona, \u200b\u200bMadrid, Par\u00eds\u2026, por toda Europa, \u00a1a la \u00e9poca en que coger un avi\u00f3n era toda una aventura!<\/p>\n\n\n\n<h2 class=\"wp-block-heading\"><strong>\u00bfC\u00f3mo valora hoy la importancia del trabajo multidisciplinar en el \u00e1mbito cl\u00ednico?<\/strong><\/h2>\n\n\n\n<p class=\"wp-block-paragraph\">Es b\u00e1sico. La visi\u00f3n est\u00e1 relacionada con todo el organismo. La optometr\u00eda no puede cubrirlo todo, son necesarios oftalm\u00f3logos, neur\u00f3logos, psic\u00f3logos\u2026 y muchos otros especialistas que de una manera u otra deben intervenir en interconsulta para conseguir que el resultado sea el mejor y ofrecer una atenci\u00f3n realmente completa.<\/p>\n\n\n\n<h2 class=\"wp-block-heading\"><strong>Ha formado generaciones de optometristas. \u00bfQu\u00e9 mensaje enviar\u00eda a una nueva promoci\u00f3n?<\/strong><\/h2>\n\n\n\n<p class=\"wp-block-paragraph\">Que<strong> estudien, estudien y estudien<\/strong>. Nunca sabr\u00e1n suficiente y siempre habr\u00e1 facetas nuevas a descubrir y mejorar.<\/p>\n\n\n\n<h2 class=\"wp-block-heading\"><strong>\u00bfQu\u00e9 retos ve para el futuro de la optometr\u00eda en Catalu\u00f1a y en todas partes?<\/strong><\/h2>\n\n\n\n<p class=\"wp-block-paragraph\">Hay mucho camino por correr. Hoy, la visi\u00f3n es imprescindible para hacer frente a los retos de la tecnolog\u00eda Antes la mayor\u00eda de gente trabajaba al aire libre; ahora pasamos horas ante pantallas.<\/p>\n\n\n\n<h2 class=\"wp-block-heading\"><strong>\u00bfC\u00f3mo ha mantenido vivo el inter\u00e9s por la investigaci\u00f3n y la formaci\u00f3n?<\/strong><\/h2>\n\n\n\n<p class=\"wp-block-paragraph\">Cada uno es como es. Cuando veo algo que no entiendo, busco la manera de entenderlo. Esa inquietud por saber m\u00e1s es lo que me ha movido siempre.<\/p>\n\n\n\n<h2 class=\"wp-block-heading\"><strong>Tambi\u00e9n ha participado activamente en la vida social y cultural de Mollerussa y el Pla d&#8217;Urgell.<\/strong><\/h2>\n\n\n\n<p class=\"wp-block-paragraph\">La satisfacci\u00f3n de hacer algo \u00fatil para la sociedad, la comarca y el pa\u00eds. He estado en la Comisi\u00f3n de Fiestas de Sant Isidori, en la Comisi\u00f3n \u201cQueremos plaza\u201d, en Acudam, en la Feria de San Jos\u00e9 y en los \u00faltimos a\u00f1os a los Amigos del Obispo Deig\u2026Me gusta mucho la cultura catalana.<\/p>\n\n\n\n<h2 class=\"wp-block-heading\"><strong>Despu\u00e9s de los libros Predominios Visuales y Optometr\u00eda Hol\u00edstica, \u00bftiene nuevos proyectos editoriales o formativos?<\/strong><\/h2>\n\n\n\n<p class=\"wp-block-paragraph\">En forma de libro no, pero s\u00ed hago y har\u00e9 art\u00edculos siempre que me lo pidan. Es la manera de mantener las neuronas activas y el inter\u00e9s vivo por explicar y aprender.<\/p>\n\n\n\n<h2 class=\"wp-block-heading\"><strong>\u00a1Muy bien! As\u00ed tambi\u00e9n ha escrito sobre otros temas, no s\u00f3lo optometr\u00eda, \u00bfverdad?<\/strong><\/h2>\n\n\n\n<p class=\"wp-block-paragraph\">\u00a1S\u00ed! Un art\u00edculo sobre San Isidorio en El Segre, un estudio sobre la estirpe del apellido Arnaldo en el pueblo de Golm\u00e9s, e hice lo mismo en la villa de Bellpuig\u2026 y ahora escribo la historia de la familia Roure desde 1912.<\/p>\n\n\n\n<p class=\"wp-block-paragraph\">Es que, en cierto modo, si la optometr\u00eda debemos verla de una manera hol\u00edstica o global todo lo que est\u00e1 en su entorno tambi\u00e9n forma parte de una u otra forma.<\/p>\n\n\n\n<h2 class=\"wp-block-heading\"><strong>En la entrevista anterior hablaba de la filosof\u00eda de prescripci\u00f3n de lentes positivas.<\/strong><\/h2>\n\n\n\n<p class=\"wp-block-paragraph\">Es la base. Las lentes positivas no hacen ning\u00fan da\u00f1o ya menudo hacen muy bien. En cambio, prescribir lentes negativas puede llevar a errores ya graduaciones excesivas.<\/p>\n\n\n\n<h2 class=\"wp-block-heading\"><strong>Mirando ya algo hacia el futuro. Con todo lo que ha compartido, \u00bfqu\u00e9 le gustar\u00eda que se preservara de su legado?<\/strong><\/h2>\n\n\n\n<p class=\"wp-block-paragraph\">Nunca me he parado a pensar qu\u00e9 querr\u00eda que quedara\u2026 pero seguramente los libros. Mientras haya memoria, alguien recordar\u00e1 que hubo una persona que los escribi\u00f3.<\/p>\n\n\n\n<h2 class=\"wp-block-heading\"><strong>\u00bfQu\u00e9 futuro desear\u00eda para la ACOTV y para el papel de los optometristas en el sistema sanitario?<\/strong><\/h2>\n\n\n\n<p class=\"wp-block-paragraph\">Que formamos parte decidida del sistema sanitario. El optometrista es un profesional sanitario clave, capaz de detectar importantes signos a trav\u00e9s de la observaci\u00f3n y mejorar el pron\u00f3stico de muchas enfermedades si se diagnostican a tiempo.<\/p>\n\n\n\n<h2 class=\"wp-block-heading\"><strong>Por \u00faltimo, \u00bfqu\u00e9 consejo dar\u00eda a quien quiera seguir sus pasos, no s\u00f3lo como optometrista, sino tambi\u00e9n como persona?<\/strong><\/h2>\n\n\n\n<p class=\"wp-block-paragraph\">Que miren lo que he hecho y que, si pueden, intenten mejorarlo un poco.<\/p>\n\n\n\n<h2 class=\"wp-block-heading\"><strong>Muchas gracias, Manuel, por dedicarnos su tiempo. Esperamos seguir disfrutando de su sabidur\u00eda por muchos a\u00f1os m\u00e1s.<\/strong><\/h2>\n\n\n\n<h2 class=\"wp-block-heading\"><mark style=\"background-color:rgba(0, 0, 0, 0)\" class=\"has-inline-color has-vivid-cyan-blue-color\"><strong>Acerca de Manuel Roure<\/strong><\/mark><\/h2>\n\n\n\n<p class=\"wp-block-paragraph\">Optometrista con m\u00e1s de 50 a\u00f1os de trayectoria. Excelente <em>Cum Laude <\/em>en la Universidad de Montreal, ha recibido varios premios de reconocimiento a su experiencia y trayectoria profesional. Referente en el enfoque hol\u00edstico de la visi\u00f3n, formador de generaciones de \u00f3pticos y autor de libros y art\u00edculos tanto cient\u00edficos como culturales. Director cl\u00ednico de Federoptics Roure, en Mollerusa, en 1971. Este a\u00f1o ha sido galardonado con la Cruz de Sant Jordi por su aportaci\u00f3n profesional y social.<\/p>\n\n\n\n<p class=\"wp-block-paragraph\">Pod\u00e9is recuperar la entrevista realizada en 2016 en este enlace: <a href=\"https:\/\/www.acotv.org\/es\/entrevista-al-optometrista-manuel-roure-arnaldo\/\" target=\"_blank\" rel=\"noreferrer noopener\">https:\/\/www.acotv.org\/ca\/entrevista-a-loptometrista-manuel-roure-arnaldo\/<\/a><\/p>\n\n\n\n<h2 class=\"wp-block-heading\"><strong>Otros art\u00edculos relacionados:<\/strong><\/h2>\n\n\n\n<p class=\"wp-block-paragraph\"><a href=\"https:\/\/www.segre.com\/es\/opinion\/cafe-dels-omesos\/250522\/m-roure-creu-de-sant-jordi_834688.html\" target=\"_blank\" rel=\"noreferrer noopener\">https:\/\/www.segre.com\/es\/opinion\/cafe-dels-omesos\/250522\/m-roure-creu-de-sant-jordi_834688.html<\/a><\/p>\n\n\n\n<p class=\"wp-block-paragraph\"><a href=\"https:\/\/www.elnacional.cat\/ca\/opinio\/hasta-la-vista-bea-talegon_1405609_102.html\" target=\"_blank\" rel=\"noreferrer noopener\">&#8216;\u00a1Hasta la vista!&#8217;<\/a><\/p>\n\n\n\n<p class=\"wp-block-paragraph\"><a href=\"https:\/\/www.segre.com\/es\/lectura\/reportatge\/220717\/una-familia-amb-molta-vista_265107.html\" target=\"_blank\" rel=\"noreferrer noopener\">https:\/\/www.segre.com\/es\/lectura\/reportatge\/220717\/una-familia-amb-molta-vista_265107.html<\/a><\/p>\n\n\n\n<p class=\"wp-block-paragraph\"><\/p>\n","protected":false},"excerpt":{"rendered":"<p>Nuestra compa\u00f1era N\u00faria Baldrich entrevista a Manuel Roure, una figura clave en la optometr\u00eda catalana, que recientemente ha sido distinguido con la Cruz de Sant Jordi por su trayectoria profesional y su compromiso social.<\/p>\n","protected":false},"author":2,"featured_media":12959,"comment_status":"open","ping_status":"open","sticky":false,"template":"","format":"standard","meta":{"ocean_front_end_style_editor":"no","ocean_post_layout":"","ocean_both_sidebars_style":"","ocean_both_sidebars_content_width":0,"ocean_both_sidebars_sidebars_width":0,"ocean_sidebar":"","ocean_second_sidebar":"","ocean_disable_margins":"enable","ocean_add_body_class":"","ocean_shortcode_before_top_bar":"","ocean_shortcode_after_top_bar":"","ocean_shortcode_before_header":"","ocean_shortcode_after_header":"","ocean_has_shortcode":"","ocean_shortcode_after_title":"","ocean_shortcode_before_footer_widgets":"","ocean_shortcode_after_footer_widgets":"","ocean_shortcode_before_footer_bottom":"","ocean_shortcode_after_footer_bottom":"","ocean_display_top_bar":"default","ocean_display_header":"default","ocean_header_style":"","ocean_center_header_left_menu":"","ocean_custom_header_template":"","ocean_custom_logo":0,"ocean_custom_retina_logo":0,"ocean_custom_logo_max_width":0,"ocean_custom_logo_tablet_max_width":0,"ocean_custom_logo_mobile_max_width":0,"ocean_custom_logo_max_height":0,"ocean_custom_logo_tablet_max_height":0,"ocean_custom_logo_mobile_max_height":0,"ocean_header_custom_menu":"","ocean_menu_typo_font_family":"","ocean_menu_typo_font_subset":"","ocean_menu_typo_font_size":0,"ocean_menu_typo_font_size_tablet":0,"ocean_menu_typo_font_size_mobile":0,"ocean_menu_typo_font_size_unit":"px","ocean_menu_typo_font_weight":"","ocean_menu_typo_font_weight_tablet":"","ocean_menu_typo_font_weight_mobile":"","ocean_menu_typo_transform":"","ocean_menu_typo_transform_tablet":"","ocean_menu_typo_transform_mobile":"","ocean_menu_typo_line_height":0,"ocean_menu_typo_line_height_tablet":0,"ocean_menu_typo_line_height_mobile":0,"ocean_menu_typo_line_height_unit":"","ocean_menu_typo_spacing":0,"ocean_menu_typo_spacing_tablet":0,"ocean_menu_typo_spacing_mobile":0,"ocean_menu_typo_spacing_unit":"","ocean_menu_link_color":"","ocean_menu_link_color_hover":"","ocean_menu_link_color_active":"","ocean_menu_link_background":"","ocean_menu_link_hover_background":"","ocean_menu_link_active_background":"","ocean_menu_social_links_bg":"","ocean_menu_social_hover_links_bg":"","ocean_menu_social_links_color":"","ocean_menu_social_hover_links_color":"","ocean_disable_title":"default","ocean_disable_heading":"default","ocean_post_title":"","ocean_post_subheading":"","ocean_post_title_style":"","ocean_post_title_background_color":"","ocean_post_title_background":0,"ocean_post_title_bg_image_position":"","ocean_post_title_bg_image_attachment":"","ocean_post_title_bg_image_repeat":"","ocean_post_title_bg_image_size":"","ocean_post_title_height":0,"ocean_post_title_bg_overlay":0.5,"ocean_post_title_bg_overlay_color":"","ocean_disable_breadcrumbs":"default","ocean_breadcrumbs_color":"","ocean_breadcrumbs_separator_color":"","ocean_breadcrumbs_links_color":"","ocean_breadcrumbs_links_hover_color":"","ocean_display_footer_widgets":"default","ocean_display_footer_bottom":"default","ocean_custom_footer_template":"","ocean_post_oembed":"","ocean_post_self_hosted_media":"","ocean_post_video_embed":"","ocean_link_format":"","ocean_link_format_target":"self","ocean_quote_format":"","ocean_quote_format_link":"post","ocean_gallery_link_images":"on","ocean_gallery_id":[],"footnotes":""},"categories":[9],"tags":[108,407,60],"class_list":["post-13060","post","type-post","status-publish","format-standard","has-post-thumbnail","hentry","category-blog","tag-femacotv-2","tag-creusantjordi-2","tag-optometria","entry","has-media"],"yoast_head":"<!-- This site is optimized with the Yoast SEO plugin v28.4 - https:\/\/yoast.com\/product\/yoast-seo-wordpress\/ -->\n<title>Entrevista a Manuel Roure, reconocido optometrista y recientemente galardonado con la Cruz de Sant Jordi - Asociaci\u00f3n Catalana de Optometr\u00eda y Terapia Visual<\/title>\n<meta name=\"robots\" content=\"index, follow, max-snippet:-1, max-image-preview:large, max-video-preview:-1\" \/>\n<link rel=\"canonical\" href=\"https:\/\/www.acotv.org\/es\/entrevista-a-manuel-roure-reconocido-optometrista-y-recientemente-gaolardonado-con-la-cruz-de-sant-jordi\/\" \/>\n<meta property=\"og:locale\" content=\"es_ES\" \/>\n<meta property=\"og:type\" content=\"article\" \/>\n<meta property=\"og:title\" content=\"Entrevista a Manuel Roure, reconocido optometrista y recientemente galardonado con la Cruz de Sant Jordi - Asociaci\u00f3n Catalana de Optometr\u00eda y Terapia Visual\" \/>\n<meta property=\"og:description\" content=\"Nuestra compa\u00f1era N\u00faria Baldrich entrevista a Manuel Roure, una figura clave en la optometr\u00eda catalana, que recientemente ha sido distinguido con la Cruz de Sant Jordi por su trayectoria profesional y su compromiso social.\" \/>\n<meta property=\"og:url\" content=\"https:\/\/www.acotv.org\/es\/entrevista-a-manuel-roure-reconocido-optometrista-y-recientemente-gaolardonado-con-la-cruz-de-sant-jordi\/\" \/>\n<meta property=\"og:site_name\" content=\"Asociaci\u00f3n Catalana de Optometr\u00eda y Terapia Visual\" \/>\n<meta property=\"article:published_time\" content=\"2025-07-02T09:18:25+00:00\" \/>\n<meta property=\"article:modified_time\" content=\"2025-07-03T10:22:28+00:00\" \/>\n<meta property=\"og:image\" content=\"https:\/\/www.acotv.org\/wp-content\/uploads\/Imagen-de-WhatsApp-2025-06-17-a-las-10.48.32_6b53f253.jpg\" \/>\n\t<meta property=\"og:image:width\" content=\"2048\" \/>\n\t<meta property=\"og:image:height\" content=\"1536\" \/>\n\t<meta property=\"og:image:type\" content=\"image\/jpeg\" \/>\n<meta name=\"author\" content=\"ACOTV\" \/>\n<meta name=\"twitter:card\" content=\"summary_large_image\" \/>\n<meta name=\"twitter:label1\" content=\"Escrito por\" \/>\n\t<meta name=\"twitter:data1\" content=\"ACOTV\" \/>\n\t<meta name=\"twitter:label2\" content=\"Tiempo de lectura\" \/>\n\t<meta name=\"twitter:data2\" content=\"6 minutos\" \/>\n<script type=\"application\/ld+json\" class=\"yoast-schema-graph\">{\"@context\":\"https:\\\/\\\/schema.org\",\"@graph\":[{\"@type\":\"Article\",\"@id\":\"https:\\\/\\\/www.acotv.org\\\/es\\\/entrevista-a-manuel-roure-reconocido-optometrista-y-recientemente-gaolardonado-con-la-cruz-de-sant-jordi\\\/#article\",\"isPartOf\":{\"@id\":\"https:\\\/\\\/www.acotv.org\\\/es\\\/entrevista-a-manuel-roure-reconocido-optometrista-y-recientemente-gaolardonado-con-la-cruz-de-sant-jordi\\\/\"},\"author\":{\"name\":\"ACOTV\",\"@id\":\"https:\\\/\\\/www.acotv.org\\\/ca\\\/#\\\/schema\\\/person\\\/0de470fec1dbf9785a7343042d765744\"},\"headline\":\"Entrevista a Manuel Roure, reconocido optometrista y recientemente galardonado con la Cruz de Sant Jordi\",\"datePublished\":\"2025-07-02T09:18:25+00:00\",\"dateModified\":\"2025-07-03T10:22:28+00:00\",\"mainEntityOfPage\":{\"@id\":\"https:\\\/\\\/www.acotv.org\\\/es\\\/entrevista-a-manuel-roure-reconocido-optometrista-y-recientemente-gaolardonado-con-la-cruz-de-sant-jordi\\\/\"},\"wordCount\":1175,\"commentCount\":0,\"image\":{\"@id\":\"https:\\\/\\\/www.acotv.org\\\/es\\\/entrevista-a-manuel-roure-reconocido-optometrista-y-recientemente-gaolardonado-con-la-cruz-de-sant-jordi\\\/#primaryimage\"},\"thumbnailUrl\":\"https:\\\/\\\/www.acotv.org\\\/wp-content\\\/uploads\\\/Imagen-de-WhatsApp-2025-06-17-a-las-10.48.32_6b53f253.jpg\",\"keywords\":[\"#femAcotv\",\"CreuSantJordi\",\"Optometria\"],\"articleSection\":[\"Blog\"],\"inLanguage\":\"es\",\"potentialAction\":[{\"@type\":\"CommentAction\",\"name\":\"Comment\",\"target\":[\"https:\\\/\\\/www.acotv.org\\\/es\\\/entrevista-a-manuel-roure-reconocido-optometrista-y-recientemente-gaolardonado-con-la-cruz-de-sant-jordi\\\/#respond\"]}]},{\"@type\":\"WebPage\",\"@id\":\"https:\\\/\\\/www.acotv.org\\\/es\\\/entrevista-a-manuel-roure-reconocido-optometrista-y-recientemente-gaolardonado-con-la-cruz-de-sant-jordi\\\/\",\"url\":\"https:\\\/\\\/www.acotv.org\\\/es\\\/entrevista-a-manuel-roure-reconocido-optometrista-y-recientemente-gaolardonado-con-la-cruz-de-sant-jordi\\\/\",\"name\":\"Entrevista a Manuel Roure, reconocido optometrista y recientemente galardonado con la Cruz de Sant Jordi - Asociaci\u00f3n Catalana de Optometr\u00eda y Terapia Visual\",\"isPartOf\":{\"@id\":\"https:\\\/\\\/www.acotv.org\\\/ca\\\/#website\"},\"primaryImageOfPage\":{\"@id\":\"https:\\\/\\\/www.acotv.org\\\/es\\\/entrevista-a-manuel-roure-reconocido-optometrista-y-recientemente-gaolardonado-con-la-cruz-de-sant-jordi\\\/#primaryimage\"},\"image\":{\"@id\":\"https:\\\/\\\/www.acotv.org\\\/es\\\/entrevista-a-manuel-roure-reconocido-optometrista-y-recientemente-gaolardonado-con-la-cruz-de-sant-jordi\\\/#primaryimage\"},\"thumbnailUrl\":\"https:\\\/\\\/www.acotv.org\\\/wp-content\\\/uploads\\\/Imagen-de-WhatsApp-2025-06-17-a-las-10.48.32_6b53f253.jpg\",\"datePublished\":\"2025-07-02T09:18:25+00:00\",\"dateModified\":\"2025-07-03T10:22:28+00:00\",\"author\":{\"@id\":\"https:\\\/\\\/www.acotv.org\\\/ca\\\/#\\\/schema\\\/person\\\/0de470fec1dbf9785a7343042d765744\"},\"breadcrumb\":{\"@id\":\"https:\\\/\\\/www.acotv.org\\\/es\\\/entrevista-a-manuel-roure-reconocido-optometrista-y-recientemente-gaolardonado-con-la-cruz-de-sant-jordi\\\/#breadcrumb\"},\"inLanguage\":\"es\",\"potentialAction\":[{\"@type\":\"ReadAction\",\"target\":[\"https:\\\/\\\/www.acotv.org\\\/es\\\/entrevista-a-manuel-roure-reconocido-optometrista-y-recientemente-gaolardonado-con-la-cruz-de-sant-jordi\\\/\"]}]},{\"@type\":\"ImageObject\",\"inLanguage\":\"es\",\"@id\":\"https:\\\/\\\/www.acotv.org\\\/es\\\/entrevista-a-manuel-roure-reconocido-optometrista-y-recientemente-gaolardonado-con-la-cruz-de-sant-jordi\\\/#primaryimage\",\"url\":\"https:\\\/\\\/www.acotv.org\\\/wp-content\\\/uploads\\\/Imagen-de-WhatsApp-2025-06-17-a-las-10.48.32_6b53f253.jpg\",\"contentUrl\":\"https:\\\/\\\/www.acotv.org\\\/wp-content\\\/uploads\\\/Imagen-de-WhatsApp-2025-06-17-a-las-10.48.32_6b53f253.jpg\",\"width\":2048,\"height\":1536},{\"@type\":\"BreadcrumbList\",\"@id\":\"https:\\\/\\\/www.acotv.org\\\/es\\\/entrevista-a-manuel-roure-reconocido-optometrista-y-recientemente-gaolardonado-con-la-cruz-de-sant-jordi\\\/#breadcrumb\",\"itemListElement\":[{\"@type\":\"ListItem\",\"position\":1,\"name\":\"Portada\",\"item\":\"https:\\\/\\\/www.acotv.org\\\/es\\\/\"},{\"@type\":\"ListItem\",\"position\":2,\"name\":\"Entrevista a Manuel Roure, reconocido optometrista y recientemente galardonado con la Cruz de Sant Jordi\"}]},{\"@type\":\"WebSite\",\"@id\":\"https:\\\/\\\/www.acotv.org\\\/ca\\\/#website\",\"url\":\"https:\\\/\\\/www.acotv.org\\\/ca\\\/\",\"name\":\"Asociaci\u00f3n Catalana de Optometr\u00eda y Terapia Visual\",\"description\":\"\",\"potentialAction\":[{\"@type\":\"SearchAction\",\"target\":{\"@type\":\"EntryPoint\",\"urlTemplate\":\"https:\\\/\\\/www.acotv.org\\\/ca\\\/?s={search_term_string}\"},\"query-input\":{\"@type\":\"PropertyValueSpecification\",\"valueRequired\":true,\"valueName\":\"search_term_string\"}}],\"inLanguage\":\"es\"},{\"@type\":\"Person\",\"@id\":\"https:\\\/\\\/www.acotv.org\\\/ca\\\/#\\\/schema\\\/person\\\/0de470fec1dbf9785a7343042d765744\",\"name\":\"ACOTV\",\"image\":{\"@type\":\"ImageObject\",\"inLanguage\":\"es\",\"@id\":\"https:\\\/\\\/www.acotv.org\\\/wp-content\\\/uploads\\\/Logo-petit-150x150.jpg\",\"url\":\"https:\\\/\\\/www.acotv.org\\\/wp-content\\\/uploads\\\/Logo-petit-150x150.jpg\",\"contentUrl\":\"https:\\\/\\\/www.acotv.org\\\/wp-content\\\/uploads\\\/Logo-petit-150x150.jpg\",\"caption\":\"ACOTV\"},\"url\":\"https:\\\/\\\/www.acotv.org\\\/es\\\/author\\\/acotv\\\/\"}]}<\/script>\n<!-- \/ Yoast SEO plugin. -->","yoast_head_json":{"title":"Entrevista a Manuel Roure, reconocido optometrista y recientemente galardonado con la Cruz de Sant Jordi - Asociaci\u00f3n Catalana de Optometr\u00eda y Terapia Visual","robots":{"index":"index","follow":"follow","max-snippet":"max-snippet:-1","max-image-preview":"max-image-preview:large","max-video-preview":"max-video-preview:-1"},"canonical":"https:\/\/www.acotv.org\/es\/entrevista-a-manuel-roure-reconocido-optometrista-y-recientemente-gaolardonado-con-la-cruz-de-sant-jordi\/","og_locale":"es_ES","og_type":"article","og_title":"Entrevista a Manuel Roure, reconocido optometrista y recientemente galardonado con la Cruz de Sant Jordi - Asociaci\u00f3n Catalana de Optometr\u00eda y Terapia Visual","og_description":"Nuestra compa\u00f1era N\u00faria Baldrich entrevista a Manuel Roure, una figura clave en la optometr\u00eda catalana, que recientemente ha sido distinguido con la Cruz de Sant Jordi por su trayectoria profesional y su compromiso social.","og_url":"https:\/\/www.acotv.org\/es\/entrevista-a-manuel-roure-reconocido-optometrista-y-recientemente-gaolardonado-con-la-cruz-de-sant-jordi\/","og_site_name":"Asociaci\u00f3n Catalana de Optometr\u00eda y Terapia Visual","article_published_time":"2025-07-02T09:18:25+00:00","article_modified_time":"2025-07-03T10:22:28+00:00","og_image":[{"width":2048,"height":1536,"url":"https:\/\/www.acotv.org\/wp-content\/uploads\/Imagen-de-WhatsApp-2025-06-17-a-las-10.48.32_6b53f253.jpg","type":"image\/jpeg"}],"author":"ACOTV","twitter_card":"summary_large_image","twitter_misc":{"Escrito por":"ACOTV","Tiempo de lectura":"6 minutos"},"schema":{"@context":"https:\/\/schema.org","@graph":[{"@type":"Article","@id":"https:\/\/www.acotv.org\/es\/entrevista-a-manuel-roure-reconocido-optometrista-y-recientemente-gaolardonado-con-la-cruz-de-sant-jordi\/#article","isPartOf":{"@id":"https:\/\/www.acotv.org\/es\/entrevista-a-manuel-roure-reconocido-optometrista-y-recientemente-gaolardonado-con-la-cruz-de-sant-jordi\/"},"author":{"name":"ACOTV","@id":"https:\/\/www.acotv.org\/ca\/#\/schema\/person\/0de470fec1dbf9785a7343042d765744"},"headline":"Entrevista a Manuel Roure, reconocido optometrista y recientemente galardonado con la Cruz de Sant Jordi","datePublished":"2025-07-02T09:18:25+00:00","dateModified":"2025-07-03T10:22:28+00:00","mainEntityOfPage":{"@id":"https:\/\/www.acotv.org\/es\/entrevista-a-manuel-roure-reconocido-optometrista-y-recientemente-gaolardonado-con-la-cruz-de-sant-jordi\/"},"wordCount":1175,"commentCount":0,"image":{"@id":"https:\/\/www.acotv.org\/es\/entrevista-a-manuel-roure-reconocido-optometrista-y-recientemente-gaolardonado-con-la-cruz-de-sant-jordi\/#primaryimage"},"thumbnailUrl":"https:\/\/www.acotv.org\/wp-content\/uploads\/Imagen-de-WhatsApp-2025-06-17-a-las-10.48.32_6b53f253.jpg","keywords":["#femAcotv","CreuSantJordi","Optometria"],"articleSection":["Blog"],"inLanguage":"es","potentialAction":[{"@type":"CommentAction","name":"Comment","target":["https:\/\/www.acotv.org\/es\/entrevista-a-manuel-roure-reconocido-optometrista-y-recientemente-gaolardonado-con-la-cruz-de-sant-jordi\/#respond"]}]},{"@type":"WebPage","@id":"https:\/\/www.acotv.org\/es\/entrevista-a-manuel-roure-reconocido-optometrista-y-recientemente-gaolardonado-con-la-cruz-de-sant-jordi\/","url":"https:\/\/www.acotv.org\/es\/entrevista-a-manuel-roure-reconocido-optometrista-y-recientemente-gaolardonado-con-la-cruz-de-sant-jordi\/","name":"Entrevista a Manuel Roure, reconocido optometrista y recientemente galardonado con la Cruz de Sant Jordi - Asociaci\u00f3n Catalana de Optometr\u00eda y Terapia Visual","isPartOf":{"@id":"https:\/\/www.acotv.org\/ca\/#website"},"primaryImageOfPage":{"@id":"https:\/\/www.acotv.org\/es\/entrevista-a-manuel-roure-reconocido-optometrista-y-recientemente-gaolardonado-con-la-cruz-de-sant-jordi\/#primaryimage"},"image":{"@id":"https:\/\/www.acotv.org\/es\/entrevista-a-manuel-roure-reconocido-optometrista-y-recientemente-gaolardonado-con-la-cruz-de-sant-jordi\/#primaryimage"},"thumbnailUrl":"https:\/\/www.acotv.org\/wp-content\/uploads\/Imagen-de-WhatsApp-2025-06-17-a-las-10.48.32_6b53f253.jpg","datePublished":"2025-07-02T09:18:25+00:00","dateModified":"2025-07-03T10:22:28+00:00","author":{"@id":"https:\/\/www.acotv.org\/ca\/#\/schema\/person\/0de470fec1dbf9785a7343042d765744"},"breadcrumb":{"@id":"https:\/\/www.acotv.org\/es\/entrevista-a-manuel-roure-reconocido-optometrista-y-recientemente-gaolardonado-con-la-cruz-de-sant-jordi\/#breadcrumb"},"inLanguage":"es","potentialAction":[{"@type":"ReadAction","target":["https:\/\/www.acotv.org\/es\/entrevista-a-manuel-roure-reconocido-optometrista-y-recientemente-gaolardonado-con-la-cruz-de-sant-jordi\/"]}]},{"@type":"ImageObject","inLanguage":"es","@id":"https:\/\/www.acotv.org\/es\/entrevista-a-manuel-roure-reconocido-optometrista-y-recientemente-gaolardonado-con-la-cruz-de-sant-jordi\/#primaryimage","url":"https:\/\/www.acotv.org\/wp-content\/uploads\/Imagen-de-WhatsApp-2025-06-17-a-las-10.48.32_6b53f253.jpg","contentUrl":"https:\/\/www.acotv.org\/wp-content\/uploads\/Imagen-de-WhatsApp-2025-06-17-a-las-10.48.32_6b53f253.jpg","width":2048,"height":1536},{"@type":"BreadcrumbList","@id":"https:\/\/www.acotv.org\/es\/entrevista-a-manuel-roure-reconocido-optometrista-y-recientemente-gaolardonado-con-la-cruz-de-sant-jordi\/#breadcrumb","itemListElement":[{"@type":"ListItem","position":1,"name":"Portada","item":"https:\/\/www.acotv.org\/es\/"},{"@type":"ListItem","position":2,"name":"Entrevista a Manuel Roure, reconocido optometrista y recientemente galardonado con la Cruz de Sant Jordi"}]},{"@type":"WebSite","@id":"https:\/\/www.acotv.org\/ca\/#website","url":"https:\/\/www.acotv.org\/ca\/","name":"Asociaci\u00f3n Catalana de Optometr\u00eda y Terapia Visual","description":"","potentialAction":[{"@type":"SearchAction","target":{"@type":"EntryPoint","urlTemplate":"https:\/\/www.acotv.org\/ca\/?s={search_term_string}"},"query-input":{"@type":"PropertyValueSpecification","valueRequired":true,"valueName":"search_term_string"}}],"inLanguage":"es"},{"@type":"Person","@id":"https:\/\/www.acotv.org\/ca\/#\/schema\/person\/0de470fec1dbf9785a7343042d765744","name":"ACOTV","image":{"@type":"ImageObject","inLanguage":"es","@id":"https:\/\/www.acotv.org\/wp-content\/uploads\/Logo-petit-150x150.jpg","url":"https:\/\/www.acotv.org\/wp-content\/uploads\/Logo-petit-150x150.jpg","contentUrl":"https:\/\/www.acotv.org\/wp-content\/uploads\/Logo-petit-150x150.jpg","caption":"ACOTV"},"url":"https:\/\/www.acotv.org\/es\/author\/acotv\/"}]}},"_links":{"self":[{"href":"https:\/\/www.acotv.org\/es\/wp-json\/wp\/v2\/posts\/13060","targetHints":{"allow":["GET"]}}],"collection":[{"href":"https:\/\/www.acotv.org\/es\/wp-json\/wp\/v2\/posts"}],"about":[{"href":"https:\/\/www.acotv.org\/es\/wp-json\/wp\/v2\/types\/post"}],"author":[{"embeddable":true,"href":"https:\/\/www.acotv.org\/es\/wp-json\/wp\/v2\/users\/2"}],"replies":[{"embeddable":true,"href":"https:\/\/www.acotv.org\/es\/wp-json\/wp\/v2\/comments?post=13060"}],"version-history":[{"count":3,"href":"https:\/\/www.acotv.org\/es\/wp-json\/wp\/v2\/posts\/13060\/revisions"}],"predecessor-version":[{"id":13064,"href":"https:\/\/www.acotv.org\/es\/wp-json\/wp\/v2\/posts\/13060\/revisions\/13064"}],"wp:featuredmedia":[{"embeddable":true,"href":"https:\/\/www.acotv.org\/es\/wp-json\/wp\/v2\/media\/12959"}],"wp:attachment":[{"href":"https:\/\/www.acotv.org\/es\/wp-json\/wp\/v2\/media?parent=13060"}],"wp:term":[{"taxonomy":"category","embeddable":true,"href":"https:\/\/www.acotv.org\/es\/wp-json\/wp\/v2\/categories?post=13060"},{"taxonomy":"post_tag","embeddable":true,"href":"https:\/\/www.acotv.org\/es\/wp-json\/wp\/v2\/tags?post=13060"}],"curies":[{"name":"wp","href":"https:\/\/api.w.org\/{rel}","templated":true}]}}