{"id":12586,"date":"2025-04-01T18:06:23","date_gmt":"2025-04-01T16:06:23","guid":{"rendered":"https:\/\/www.acotv.org\/projecte-de-salut-visual-al-senegal-una-passa-endavant-cap-a-laccessibilitat\/"},"modified":"2025-04-01T18:33:38","modified_gmt":"2025-04-01T16:33:38","slug":"projecte-de-salut-visual-al-senegal-una-passa-endavant-cap-a-laccessibilitat","status":"publish","type":"post","link":"https:\/\/www.acotv.org\/es\/projecte-de-salut-visual-al-senegal-una-passa-endavant-cap-a-laccessibilitat\/","title":{"rendered":"Proyecto de salud visual al Senegal: un paso adelante hacia la accesibilidad"},"content":{"rendered":"\n<p class=\"wp-block-paragraph\">La compa\u00f1era y miembro de ACOTV, <strong><mark style=\"background-color:rgba(0, 0, 0, 0)\" class=\"has-inline-color has-vivid-cyan-blue-color\">Sandra Busto<\/mark><\/strong>, que tambi\u00e9n colabora con el equipo de la <strong><mark style=\"background-color:rgba(0, 0, 0, 0)\" class=\"has-inline-color has-black-color\">ONG \u00d3pticos por el Mundo, <\/mark><\/strong>viaj\u00f3 este pasado enero a Senegal para realizar el seguimiento del proyecto de salud visual iniciado en 2022. Esta iniciativa tiene como objetivo principal la implementaci\u00f3n de una \u00f3ptica social en el hospital p\u00fablico de Makacolibantang.<\/p>\n\n\n\n<figure class=\"wp-block-image size-large\"><img fetchpriority=\"high\" decoding=\"async\" width=\"1024\" height=\"609\" src=\"https:\/\/www.acotv.org\/wp-content\/uploads\/IMG-20250206-WA0002-1024x609.jpg\" alt=\"\" class=\"wp-image-12569\" srcset=\"https:\/\/www.acotv.org\/wp-content\/uploads\/IMG-20250206-WA0002-1024x609.jpg 1024w, https:\/\/www.acotv.org\/wp-content\/uploads\/IMG-20250206-WA0002-300x178.jpg 300w, https:\/\/www.acotv.org\/wp-content\/uploads\/IMG-20250206-WA0002-768x457.jpg 768w, https:\/\/www.acotv.org\/wp-content\/uploads\/IMG-20250206-WA0002-1536x914.jpg 1536w, https:\/\/www.acotv.org\/wp-content\/uploads\/IMG-20250206-WA0002.jpg 2048w\" sizes=\"(max-width: 1024px) 100vw, 1024px\" \/><\/figure>\n\n\n\n<p class=\"wp-block-paragraph\">Durante esta estancia, se llev\u00f3 a cabo la formaci\u00f3n de t\u00e9cnicos locales para garantizar la autonom\u00eda del servicio y se establecieron acuerdos con el responsable de la salud visual del pa\u00eds para asegurar la incorporaci\u00f3n diaria de un t\u00e9cnico en salud ocular (TSO) en el hospital. El proyecto busca potenciar el derecho al acceso a la salud visual mediante un enfoque comunitario, sostenible y p\u00fablico, con el fin de prevenir enfermedades y evitar trastornos derivados de la mala visi\u00f3n. Esta acci\u00f3n se enmarca en el Objetivo O.O.1.4.1 del Plan Director Municipal de Cooperaci\u00f3n de Terrassa 2022-2030.<\/p>\n\n\n\n<figure class=\"wp-block-gallery has-nested-images columns-default is-cropped wp-block-gallery-1 is-layout-flex wp-block-gallery-is-layout-flex\">\n<figure class=\"wp-block-image size-large\"><img decoding=\"async\" width=\"1024\" height=\"1024\" data-id=\"12573\" src=\"https:\/\/www.acotv.org\/wp-content\/uploads\/Senegal2-1024x1024.jpg\" alt=\"\" class=\"wp-image-12573\" srcset=\"https:\/\/www.acotv.org\/wp-content\/uploads\/Senegal2-1024x1024.jpg 1024w, https:\/\/www.acotv.org\/wp-content\/uploads\/Senegal2-300x300.jpg 300w, https:\/\/www.acotv.org\/wp-content\/uploads\/Senegal2-150x150.jpg 150w, https:\/\/www.acotv.org\/wp-content\/uploads\/Senegal2-768x768.jpg 768w, https:\/\/www.acotv.org\/wp-content\/uploads\/Senegal2-600x600.jpg 600w, https:\/\/www.acotv.org\/wp-content\/uploads\/Senegal2.jpg 1080w\" sizes=\"(max-width: 1024px) 100vw, 1024px\" \/><\/figure>\n\n\n\n<figure class=\"wp-block-image size-large\"><img decoding=\"async\" width=\"1024\" height=\"1024\" data-id=\"12572\" src=\"https:\/\/www.acotv.org\/wp-content\/uploads\/Senegal3-1024x1024.jpg\" alt=\"\" class=\"wp-image-12572\" srcset=\"https:\/\/www.acotv.org\/wp-content\/uploads\/Senegal3-1024x1024.jpg 1024w, https:\/\/www.acotv.org\/wp-content\/uploads\/Senegal3-300x300.jpg 300w, https:\/\/www.acotv.org\/wp-content\/uploads\/Senegal3-150x150.jpg 150w, https:\/\/www.acotv.org\/wp-content\/uploads\/Senegal3-768x768.jpg 768w, https:\/\/www.acotv.org\/wp-content\/uploads\/Senegal3-600x600.jpg 600w, https:\/\/www.acotv.org\/wp-content\/uploads\/Senegal3.jpg 1080w\" sizes=\"(max-width: 1024px) 100vw, 1024px\" \/><\/figure>\n<\/figure>\n\n\n\n<p class=\"wp-block-paragraph\">La iniciativa no s\u00f3lo refuerza el sistema sanitario local, sino que tambi\u00e9n contribuye al empoderamiento de la comunidad y al desarrollo de la regi\u00f3n de Tambacounda. Felicitamos a <mark style=\"background-color:rgba(0, 0, 0, 0)\" class=\"has-inline-color has-vivid-cyan-blue-color\">Sandra Busto<\/mark> ya todo el equipo de \u00d3pticos por el Mundo por su gran labor en favor de la salud visual global.<\/p>\n\n\n\n<p class=\"wp-block-paragraph\"><strong><mark style=\"background-color:rgba(0, 0, 0, 0)\" class=\"has-inline-color has-black-color\">\u00a1Muchas gracias y viva esta maravillosa profesi\u00f3n!<\/mark><\/strong><\/p>\n\n\n\n<p class=\"wp-block-paragraph\"><\/p>\n","protected":false},"excerpt":{"rendered":"<p>La companya i membre de l&#8217;ACOTV, Sandra Busto, que tamb\u00e9 col\u00b7labora amb l\u2019equip de l\u2019ONG \u00d2ptics pel M\u00f3n, va viatjar aquest passat gener al Senegal per fer el seguiment del projecte de salut visual iniciat el 2022. <\/p>\n","protected":false},"author":2,"featured_media":12580,"comment_status":"open","ping_status":"open","sticky":false,"template":"","format":"standard","meta":{"ocean_front_end_style_editor":"no","ocean_post_layout":"","ocean_both_sidebars_style":"","ocean_both_sidebars_content_width":0,"ocean_both_sidebars_sidebars_width":0,"ocean_sidebar":"","ocean_second_sidebar":"","ocean_disable_margins":"enable","ocean_add_body_class":"","ocean_shortcode_before_top_bar":"","ocean_shortcode_after_top_bar":"","ocean_shortcode_before_header":"","ocean_shortcode_after_header":"","ocean_has_shortcode":"","ocean_shortcode_after_title":"","ocean_shortcode_before_footer_widgets":"","ocean_shortcode_after_footer_widgets":"","ocean_shortcode_before_footer_bottom":"","ocean_shortcode_after_footer_bottom":"","ocean_display_top_bar":"default","ocean_display_header":"default","ocean_header_style":"","ocean_center_header_left_menu":"","ocean_custom_header_template":"","ocean_custom_logo":0,"ocean_custom_retina_logo":0,"ocean_custom_logo_max_width":0,"ocean_custom_logo_tablet_max_width":0,"ocean_custom_logo_mobile_max_width":0,"ocean_custom_logo_max_height":0,"ocean_custom_logo_tablet_max_height":0,"ocean_custom_logo_mobile_max_height":0,"ocean_header_custom_menu":"","ocean_menu_typo_font_family":"","ocean_menu_typo_font_subset":"","ocean_menu_typo_font_size":0,"ocean_menu_typo_font_size_tablet":0,"ocean_menu_typo_font_size_mobile":0,"ocean_menu_typo_font_size_unit":"px","ocean_menu_typo_font_weight":"","ocean_menu_typo_font_weight_tablet":"","ocean_menu_typo_font_weight_mobile":"","ocean_menu_typo_transform":"","ocean_menu_typo_transform_tablet":"","ocean_menu_typo_transform_mobile":"","ocean_menu_typo_line_height":0,"ocean_menu_typo_line_height_tablet":0,"ocean_menu_typo_line_height_mobile":0,"ocean_menu_typo_line_height_unit":"","ocean_menu_typo_spacing":0,"ocean_menu_typo_spacing_tablet":0,"ocean_menu_typo_spacing_mobile":0,"ocean_menu_typo_spacing_unit":"","ocean_menu_link_color":"","ocean_menu_link_color_hover":"","ocean_menu_link_color_active":"","ocean_menu_link_background":"","ocean_menu_link_hover_background":"","ocean_menu_link_active_background":"","ocean_menu_social_links_bg":"","ocean_menu_social_hover_links_bg":"","ocean_menu_social_links_color":"","ocean_menu_social_hover_links_color":"","ocean_disable_title":"default","ocean_disable_heading":"default","ocean_post_title":"","ocean_post_subheading":"","ocean_post_title_style":"","ocean_post_title_background_color":"","ocean_post_title_background":0,"ocean_post_title_bg_image_position":"","ocean_post_title_bg_image_attachment":"","ocean_post_title_bg_image_repeat":"","ocean_post_title_bg_image_size":"","ocean_post_title_height":0,"ocean_post_title_bg_overlay":0.5,"ocean_post_title_bg_overlay_color":"","ocean_disable_breadcrumbs":"default","ocean_breadcrumbs_color":"","ocean_breadcrumbs_separator_color":"","ocean_breadcrumbs_links_color":"","ocean_breadcrumbs_links_hover_color":"","ocean_display_footer_widgets":"default","ocean_display_footer_bottom":"default","ocean_custom_footer_template":"","ocean_post_oembed":"","ocean_post_self_hosted_media":"","ocean_post_video_embed":"","ocean_link_format":"","ocean_link_format_target":"self","ocean_quote_format":"","ocean_quote_format_link":"post","ocean_gallery_link_images":"on","ocean_gallery_id":[],"footnotes":""},"categories":[8],"tags":[269,202],"class_list":["post-12586","post","type-post","status-publish","format-standard","has-post-thumbnail","hentry","category-noticias","tag-accio-social-es","tag-colaboracions-es","entry","has-media"],"yoast_head":"<!-- This site is optimized with the Yoast SEO plugin v28.4 - https:\/\/yoast.com\/product\/yoast-seo-wordpress\/ -->\n<title>Proyecto de salud visual al Senegal: un paso adelante hacia la accesibilidad - Asociaci\u00f3n Catalana de Optometr\u00eda y Terapia Visual<\/title>\n<meta name=\"robots\" content=\"index, follow, max-snippet:-1, max-image-preview:large, max-video-preview:-1\" \/>\n<link rel=\"canonical\" href=\"https:\/\/www.acotv.org\/es\/projecte-de-salut-visual-al-senegal-una-passa-endavant-cap-a-laccessibilitat\/\" \/>\n<meta property=\"og:locale\" content=\"es_ES\" \/>\n<meta property=\"og:type\" content=\"article\" \/>\n<meta property=\"og:title\" content=\"Proyecto de salud visual al Senegal: un paso adelante hacia la accesibilidad - Asociaci\u00f3n Catalana de Optometr\u00eda y Terapia Visual\" \/>\n<meta property=\"og:description\" content=\"La companya i membre de l&#039;ACOTV, Sandra Busto, que tamb\u00e9 col\u00b7labora amb l\u2019equip de l\u2019ONG \u00d2ptics pel M\u00f3n, va viatjar aquest passat gener al Senegal per fer el seguiment del projecte de salut visual iniciat el 2022.\" \/>\n<meta property=\"og:url\" content=\"https:\/\/www.acotv.org\/es\/projecte-de-salut-visual-al-senegal-una-passa-endavant-cap-a-laccessibilitat\/\" \/>\n<meta property=\"og:site_name\" content=\"Asociaci\u00f3n Catalana de Optometr\u00eda y Terapia Visual\" \/>\n<meta property=\"article:published_time\" content=\"2025-04-01T16:06:23+00:00\" \/>\n<meta property=\"article:modified_time\" content=\"2025-04-01T16:33:38+00:00\" \/>\n<meta property=\"og:image\" content=\"https:\/\/www.acotv.org\/wp-content\/uploads\/Disseny-ACOTV2025_3.jpg\" \/>\n\t<meta property=\"og:image:width\" content=\"1080\" \/>\n\t<meta property=\"og:image:height\" content=\"1080\" \/>\n\t<meta property=\"og:image:type\" content=\"image\/jpeg\" \/>\n<meta name=\"author\" content=\"ACOTV\" \/>\n<meta name=\"twitter:card\" content=\"summary_large_image\" \/>\n<meta name=\"twitter:label1\" content=\"Escrito por\" \/>\n\t<meta name=\"twitter:data1\" content=\"ACOTV\" \/>\n\t<meta name=\"twitter:label2\" content=\"Tiempo de lectura\" \/>\n\t<meta name=\"twitter:data2\" content=\"2 minutos\" \/>\n<script type=\"application\/ld+json\" class=\"yoast-schema-graph\">{\"@context\":\"https:\\\/\\\/schema.org\",\"@graph\":[{\"@type\":\"Article\",\"@id\":\"https:\\\/\\\/www.acotv.org\\\/es\\\/projecte-de-salut-visual-al-senegal-una-passa-endavant-cap-a-laccessibilitat\\\/#article\",\"isPartOf\":{\"@id\":\"https:\\\/\\\/www.acotv.org\\\/es\\\/projecte-de-salut-visual-al-senegal-una-passa-endavant-cap-a-laccessibilitat\\\/\"},\"author\":{\"name\":\"ACOTV\",\"@id\":\"https:\\\/\\\/www.acotv.org\\\/ca\\\/#\\\/schema\\\/person\\\/0de470fec1dbf9785a7343042d765744\"},\"headline\":\"Proyecto de salud visual al Senegal: un paso adelante hacia la accesibilidad\",\"datePublished\":\"2025-04-01T16:06:23+00:00\",\"dateModified\":\"2025-04-01T16:33:38+00:00\",\"mainEntityOfPage\":{\"@id\":\"https:\\\/\\\/www.acotv.org\\\/es\\\/projecte-de-salut-visual-al-senegal-una-passa-endavant-cap-a-laccessibilitat\\\/\"},\"wordCount\":240,\"commentCount\":0,\"image\":{\"@id\":\"https:\\\/\\\/www.acotv.org\\\/es\\\/projecte-de-salut-visual-al-senegal-una-passa-endavant-cap-a-laccessibilitat\\\/#primaryimage\"},\"thumbnailUrl\":\"https:\\\/\\\/www.acotv.org\\\/wp-content\\\/uploads\\\/Disseny-ACOTV2025_3.jpg\",\"keywords\":[\"Accio social\",\"colaboracions\"],\"articleSection\":[\"Noticias\"],\"inLanguage\":\"es\",\"potentialAction\":[{\"@type\":\"CommentAction\",\"name\":\"Comment\",\"target\":[\"https:\\\/\\\/www.acotv.org\\\/es\\\/projecte-de-salut-visual-al-senegal-una-passa-endavant-cap-a-laccessibilitat\\\/#respond\"]}]},{\"@type\":\"WebPage\",\"@id\":\"https:\\\/\\\/www.acotv.org\\\/es\\\/projecte-de-salut-visual-al-senegal-una-passa-endavant-cap-a-laccessibilitat\\\/\",\"url\":\"https:\\\/\\\/www.acotv.org\\\/es\\\/projecte-de-salut-visual-al-senegal-una-passa-endavant-cap-a-laccessibilitat\\\/\",\"name\":\"Proyecto de salud visual al Senegal: un paso adelante hacia la accesibilidad - Asociaci\u00f3n Catalana de Optometr\u00eda y Terapia Visual\",\"isPartOf\":{\"@id\":\"https:\\\/\\\/www.acotv.org\\\/ca\\\/#website\"},\"primaryImageOfPage\":{\"@id\":\"https:\\\/\\\/www.acotv.org\\\/es\\\/projecte-de-salut-visual-al-senegal-una-passa-endavant-cap-a-laccessibilitat\\\/#primaryimage\"},\"image\":{\"@id\":\"https:\\\/\\\/www.acotv.org\\\/es\\\/projecte-de-salut-visual-al-senegal-una-passa-endavant-cap-a-laccessibilitat\\\/#primaryimage\"},\"thumbnailUrl\":\"https:\\\/\\\/www.acotv.org\\\/wp-content\\\/uploads\\\/Disseny-ACOTV2025_3.jpg\",\"datePublished\":\"2025-04-01T16:06:23+00:00\",\"dateModified\":\"2025-04-01T16:33:38+00:00\",\"author\":{\"@id\":\"https:\\\/\\\/www.acotv.org\\\/ca\\\/#\\\/schema\\\/person\\\/0de470fec1dbf9785a7343042d765744\"},\"breadcrumb\":{\"@id\":\"https:\\\/\\\/www.acotv.org\\\/es\\\/projecte-de-salut-visual-al-senegal-una-passa-endavant-cap-a-laccessibilitat\\\/#breadcrumb\"},\"inLanguage\":\"es\",\"potentialAction\":[{\"@type\":\"ReadAction\",\"target\":[\"https:\\\/\\\/www.acotv.org\\\/es\\\/projecte-de-salut-visual-al-senegal-una-passa-endavant-cap-a-laccessibilitat\\\/\"]}]},{\"@type\":\"ImageObject\",\"inLanguage\":\"es\",\"@id\":\"https:\\\/\\\/www.acotv.org\\\/es\\\/projecte-de-salut-visual-al-senegal-una-passa-endavant-cap-a-laccessibilitat\\\/#primaryimage\",\"url\":\"https:\\\/\\\/www.acotv.org\\\/wp-content\\\/uploads\\\/Disseny-ACOTV2025_3.jpg\",\"contentUrl\":\"https:\\\/\\\/www.acotv.org\\\/wp-content\\\/uploads\\\/Disseny-ACOTV2025_3.jpg\",\"width\":1080,\"height\":1080},{\"@type\":\"BreadcrumbList\",\"@id\":\"https:\\\/\\\/www.acotv.org\\\/es\\\/projecte-de-salut-visual-al-senegal-una-passa-endavant-cap-a-laccessibilitat\\\/#breadcrumb\",\"itemListElement\":[{\"@type\":\"ListItem\",\"position\":1,\"name\":\"Portada\",\"item\":\"https:\\\/\\\/www.acotv.org\\\/es\\\/\"},{\"@type\":\"ListItem\",\"position\":2,\"name\":\"Proyecto de salud visual al Senegal: un paso adelante hacia la accesibilidad\"}]},{\"@type\":\"WebSite\",\"@id\":\"https:\\\/\\\/www.acotv.org\\\/ca\\\/#website\",\"url\":\"https:\\\/\\\/www.acotv.org\\\/ca\\\/\",\"name\":\"Asociaci\u00f3n Catalana de Optometr\u00eda y Terapia Visual\",\"description\":\"\",\"potentialAction\":[{\"@type\":\"SearchAction\",\"target\":{\"@type\":\"EntryPoint\",\"urlTemplate\":\"https:\\\/\\\/www.acotv.org\\\/ca\\\/?s={search_term_string}\"},\"query-input\":{\"@type\":\"PropertyValueSpecification\",\"valueRequired\":true,\"valueName\":\"search_term_string\"}}],\"inLanguage\":\"es\"},{\"@type\":\"Person\",\"@id\":\"https:\\\/\\\/www.acotv.org\\\/ca\\\/#\\\/schema\\\/person\\\/0de470fec1dbf9785a7343042d765744\",\"name\":\"ACOTV\",\"image\":{\"@type\":\"ImageObject\",\"inLanguage\":\"es\",\"@id\":\"https:\\\/\\\/www.acotv.org\\\/wp-content\\\/uploads\\\/Logo-petit-150x150.jpg\",\"url\":\"https:\\\/\\\/www.acotv.org\\\/wp-content\\\/uploads\\\/Logo-petit-150x150.jpg\",\"contentUrl\":\"https:\\\/\\\/www.acotv.org\\\/wp-content\\\/uploads\\\/Logo-petit-150x150.jpg\",\"caption\":\"ACOTV\"},\"url\":\"https:\\\/\\\/www.acotv.org\\\/es\\\/author\\\/acotv\\\/\"}]}<\/script>\n<!-- \/ Yoast SEO plugin. -->","yoast_head_json":{"title":"Proyecto de salud visual al Senegal: un paso adelante hacia la accesibilidad - Asociaci\u00f3n Catalana de Optometr\u00eda y Terapia Visual","robots":{"index":"index","follow":"follow","max-snippet":"max-snippet:-1","max-image-preview":"max-image-preview:large","max-video-preview":"max-video-preview:-1"},"canonical":"https:\/\/www.acotv.org\/es\/projecte-de-salut-visual-al-senegal-una-passa-endavant-cap-a-laccessibilitat\/","og_locale":"es_ES","og_type":"article","og_title":"Proyecto de salud visual al Senegal: un paso adelante hacia la accesibilidad - Asociaci\u00f3n Catalana de Optometr\u00eda y Terapia Visual","og_description":"La companya i membre de l'ACOTV, Sandra Busto, que tamb\u00e9 col\u00b7labora amb l\u2019equip de l\u2019ONG \u00d2ptics pel M\u00f3n, va viatjar aquest passat gener al Senegal per fer el seguiment del projecte de salut visual iniciat el 2022.","og_url":"https:\/\/www.acotv.org\/es\/projecte-de-salut-visual-al-senegal-una-passa-endavant-cap-a-laccessibilitat\/","og_site_name":"Asociaci\u00f3n Catalana de Optometr\u00eda y Terapia Visual","article_published_time":"2025-04-01T16:06:23+00:00","article_modified_time":"2025-04-01T16:33:38+00:00","og_image":[{"width":1080,"height":1080,"url":"https:\/\/www.acotv.org\/wp-content\/uploads\/Disseny-ACOTV2025_3.jpg","type":"image\/jpeg"}],"author":"ACOTV","twitter_card":"summary_large_image","twitter_misc":{"Escrito por":"ACOTV","Tiempo de lectura":"2 minutos"},"schema":{"@context":"https:\/\/schema.org","@graph":[{"@type":"Article","@id":"https:\/\/www.acotv.org\/es\/projecte-de-salut-visual-al-senegal-una-passa-endavant-cap-a-laccessibilitat\/#article","isPartOf":{"@id":"https:\/\/www.acotv.org\/es\/projecte-de-salut-visual-al-senegal-una-passa-endavant-cap-a-laccessibilitat\/"},"author":{"name":"ACOTV","@id":"https:\/\/www.acotv.org\/ca\/#\/schema\/person\/0de470fec1dbf9785a7343042d765744"},"headline":"Proyecto de salud visual al Senegal: un paso adelante hacia la accesibilidad","datePublished":"2025-04-01T16:06:23+00:00","dateModified":"2025-04-01T16:33:38+00:00","mainEntityOfPage":{"@id":"https:\/\/www.acotv.org\/es\/projecte-de-salut-visual-al-senegal-una-passa-endavant-cap-a-laccessibilitat\/"},"wordCount":240,"commentCount":0,"image":{"@id":"https:\/\/www.acotv.org\/es\/projecte-de-salut-visual-al-senegal-una-passa-endavant-cap-a-laccessibilitat\/#primaryimage"},"thumbnailUrl":"https:\/\/www.acotv.org\/wp-content\/uploads\/Disseny-ACOTV2025_3.jpg","keywords":["Accio social","colaboracions"],"articleSection":["Noticias"],"inLanguage":"es","potentialAction":[{"@type":"CommentAction","name":"Comment","target":["https:\/\/www.acotv.org\/es\/projecte-de-salut-visual-al-senegal-una-passa-endavant-cap-a-laccessibilitat\/#respond"]}]},{"@type":"WebPage","@id":"https:\/\/www.acotv.org\/es\/projecte-de-salut-visual-al-senegal-una-passa-endavant-cap-a-laccessibilitat\/","url":"https:\/\/www.acotv.org\/es\/projecte-de-salut-visual-al-senegal-una-passa-endavant-cap-a-laccessibilitat\/","name":"Proyecto de salud visual al Senegal: un paso adelante hacia la accesibilidad - Asociaci\u00f3n Catalana de Optometr\u00eda y Terapia Visual","isPartOf":{"@id":"https:\/\/www.acotv.org\/ca\/#website"},"primaryImageOfPage":{"@id":"https:\/\/www.acotv.org\/es\/projecte-de-salut-visual-al-senegal-una-passa-endavant-cap-a-laccessibilitat\/#primaryimage"},"image":{"@id":"https:\/\/www.acotv.org\/es\/projecte-de-salut-visual-al-senegal-una-passa-endavant-cap-a-laccessibilitat\/#primaryimage"},"thumbnailUrl":"https:\/\/www.acotv.org\/wp-content\/uploads\/Disseny-ACOTV2025_3.jpg","datePublished":"2025-04-01T16:06:23+00:00","dateModified":"2025-04-01T16:33:38+00:00","author":{"@id":"https:\/\/www.acotv.org\/ca\/#\/schema\/person\/0de470fec1dbf9785a7343042d765744"},"breadcrumb":{"@id":"https:\/\/www.acotv.org\/es\/projecte-de-salut-visual-al-senegal-una-passa-endavant-cap-a-laccessibilitat\/#breadcrumb"},"inLanguage":"es","potentialAction":[{"@type":"ReadAction","target":["https:\/\/www.acotv.org\/es\/projecte-de-salut-visual-al-senegal-una-passa-endavant-cap-a-laccessibilitat\/"]}]},{"@type":"ImageObject","inLanguage":"es","@id":"https:\/\/www.acotv.org\/es\/projecte-de-salut-visual-al-senegal-una-passa-endavant-cap-a-laccessibilitat\/#primaryimage","url":"https:\/\/www.acotv.org\/wp-content\/uploads\/Disseny-ACOTV2025_3.jpg","contentUrl":"https:\/\/www.acotv.org\/wp-content\/uploads\/Disseny-ACOTV2025_3.jpg","width":1080,"height":1080},{"@type":"BreadcrumbList","@id":"https:\/\/www.acotv.org\/es\/projecte-de-salut-visual-al-senegal-una-passa-endavant-cap-a-laccessibilitat\/#breadcrumb","itemListElement":[{"@type":"ListItem","position":1,"name":"Portada","item":"https:\/\/www.acotv.org\/es\/"},{"@type":"ListItem","position":2,"name":"Proyecto de salud visual al Senegal: un paso adelante hacia la accesibilidad"}]},{"@type":"WebSite","@id":"https:\/\/www.acotv.org\/ca\/#website","url":"https:\/\/www.acotv.org\/ca\/","name":"Asociaci\u00f3n Catalana de Optometr\u00eda y Terapia Visual","description":"","potentialAction":[{"@type":"SearchAction","target":{"@type":"EntryPoint","urlTemplate":"https:\/\/www.acotv.org\/ca\/?s={search_term_string}"},"query-input":{"@type":"PropertyValueSpecification","valueRequired":true,"valueName":"search_term_string"}}],"inLanguage":"es"},{"@type":"Person","@id":"https:\/\/www.acotv.org\/ca\/#\/schema\/person\/0de470fec1dbf9785a7343042d765744","name":"ACOTV","image":{"@type":"ImageObject","inLanguage":"es","@id":"https:\/\/www.acotv.org\/wp-content\/uploads\/Logo-petit-150x150.jpg","url":"https:\/\/www.acotv.org\/wp-content\/uploads\/Logo-petit-150x150.jpg","contentUrl":"https:\/\/www.acotv.org\/wp-content\/uploads\/Logo-petit-150x150.jpg","caption":"ACOTV"},"url":"https:\/\/www.acotv.org\/es\/author\/acotv\/"}]}},"_links":{"self":[{"href":"https:\/\/www.acotv.org\/es\/wp-json\/wp\/v2\/posts\/12586","targetHints":{"allow":["GET"]}}],"collection":[{"href":"https:\/\/www.acotv.org\/es\/wp-json\/wp\/v2\/posts"}],"about":[{"href":"https:\/\/www.acotv.org\/es\/wp-json\/wp\/v2\/types\/post"}],"author":[{"embeddable":true,"href":"https:\/\/www.acotv.org\/es\/wp-json\/wp\/v2\/users\/2"}],"replies":[{"embeddable":true,"href":"https:\/\/www.acotv.org\/es\/wp-json\/wp\/v2\/comments?post=12586"}],"version-history":[{"count":2,"href":"https:\/\/www.acotv.org\/es\/wp-json\/wp\/v2\/posts\/12586\/revisions"}],"predecessor-version":[{"id":12590,"href":"https:\/\/www.acotv.org\/es\/wp-json\/wp\/v2\/posts\/12586\/revisions\/12590"}],"wp:featuredmedia":[{"embeddable":true,"href":"https:\/\/www.acotv.org\/es\/wp-json\/wp\/v2\/media\/12580"}],"wp:attachment":[{"href":"https:\/\/www.acotv.org\/es\/wp-json\/wp\/v2\/media?parent=12586"}],"wp:term":[{"taxonomy":"category","embeddable":true,"href":"https:\/\/www.acotv.org\/es\/wp-json\/wp\/v2\/categories?post=12586"},{"taxonomy":"post_tag","embeddable":true,"href":"https:\/\/www.acotv.org\/es\/wp-json\/wp\/v2\/tags?post=12586"}],"curies":[{"name":"wp","href":"https:\/\/api.w.org\/{rel}","templated":true}]}}