{"id":12561,"date":"2025-04-01T17:33:55","date_gmt":"2025-04-01T15:33:55","guid":{"rendered":"https:\/\/www.acotv.org\/el-revision-continua-oferint-noves-oportunitats-a-laprenentatge-optometric\/"},"modified":"2025-04-02T14:05:08","modified_gmt":"2025-04-02T12:05:08","slug":"el-revision-continua-oferint-noves-oportunitats-a-laprenentatge-optometric","status":"publish","type":"post","link":"https:\/\/www.acotv.org\/es\/el-revision-continua-oferint-noves-oportunitats-a-laprenentatge-optometric\/","title":{"rendered":"El ReVisiOn continua ofreciendo nuevas oportunidades al aprendizaje optom\u00e9trico"},"content":{"rendered":"\n<p class=\"wp-block-paragraph\">Hemos dado el pistoletazo de salida en el primer trimestre de los seminarios <strong><mark style=\"background-color:rgba(0, 0, 0, 0)\" class=\"has-inline-color has-vivid-red-color\">Re<\/mark><mark style=\"background-color:rgba(0, 0, 0, 0)\" class=\"has-inline-color has-vivid-cyan-blue-color\">Vi<\/mark>si<mark style=\"background-color:rgba(0, 0, 0, 0)\" class=\"has-inline-color has-black-color\">ON<\/mark><\/strong><mark style=\"background-color:rgba(0, 0, 0, 0)\" class=\"has-inline-color has-black-color\"> <\/mark>con la participaci\u00f3n de dos nuevos miembros de ACOTV: los optometristas <mark style=\"background-color:rgba(0, 0, 0, 0)\" class=\"has-inline-color has-vivid-cyan-blue-color\"><strong>Merc\u00e8 Mir\u00f3 y Eduardo Romo.<\/strong><\/mark><\/p>\n\n\n\n<p class=\"wp-block-paragraph\"><mark style=\"background-color:rgba(0, 0, 0, 0)\" class=\"has-inline-color has-vivid-cyan-blue-color\"><strong>Merc\u00e8 Mir\u00f3<\/strong><\/mark> nos habl\u00f3 en febrero sobre la Optometr\u00eda en edad pedi\u00e1trica: \u00bfcu\u00e1ndo y qu\u00e9 debemos esperar? En su sesi\u00f3n, exploramos cu\u00e1ndo y c\u00f3mo debe realizarse la primera exploraci\u00f3n visual en ni\u00f1os y cu\u00e1les son los valores normales en cada etapa del desarrollo.<\/p>\n\n\n\n<p class=\"wp-block-paragraph\"><strong><mark style=\"background-color:rgba(0, 0, 0, 0)\" class=\"has-inline-color has-vivid-cyan-blue-color\">Eduardo Romo <\/mark><\/strong>nos ofreci\u00f3 una sesi\u00f3n sobre el impacto del peso de la cabeza en la visi\u00f3n y postura. Nos explic\u00f3 c\u00f3mo la posici\u00f3n de la cabeza influye en la visi\u00f3n y el equilibrio, y c\u00f3mo una disfunci\u00f3n en la zona cervical superior puede generar problemas posturales y de estabilidad. Tambi\u00e9n comparti\u00f3 estrategias para detectar y corregir estos desequilibrios para mejorar la salud visual y postural.<\/p>\n\n\n\n<h3 class=\"wp-block-heading\"><strong><mark style=\"background-color:rgba(0, 0, 0, 0)\" class=\"has-inline-color has-vivid-cyan-blue-color\">Pr\u00f3ximos seminarios <\/mark><mark style=\"background-color:rgba(0, 0, 0, 0)\" class=\"has-inline-color has-vivid-red-color\">Re<\/mark><mark style=\"background-color:rgba(0, 0, 0, 0)\" class=\"has-inline-color has-vivid-cyan-blue-color\">Vi<\/mark><mark style=\"background-color:rgba(0, 0, 0, 0)\" class=\"has-inline-color has-cyan-bluish-gray-color\">si<\/mark><mark style=\"background-color:rgba(0, 0, 0, 0)\" class=\"has-inline-color has-black-color\">ON<\/mark><\/strong><\/h3>\n\n\n\n<p class=\"wp-block-paragraph\">\u00a1Seguimos con m\u00e1s sesiones y nuevos expertos! No te pierdas los pr\u00f3ximos seminarios:<\/p>\n\n\n\n<p class=\"wp-block-paragraph\"><strong>29\/04\/2025 <\/strong>\u2013<mark style=\"background-color:rgba(0, 0, 0, 0)\" class=\"has-inline-color has-vivid-cyan-blue-color\"><strong> Vicky Fern\u00e1ndez y N\u00faria Dom\u00e8nech<\/strong><\/mark><br>Nuevas tecnolog\u00edas en Terapia Visual: c\u00f3mo la tecnolog\u00eda nos puede ayudar a detectar, diagnosticar y mejorar habilidades visuales en un mundo en constante evoluci\u00f3n.<\/p>\n\n\n\n<p class=\"wp-block-paragraph\"><strong>27\/05\/2025 \u2013<mark style=\"background-color:rgba(0, 0, 0, 0)\" class=\"has-inline-color has-vivid-cyan-blue-color\"> Sara Garcia<\/mark><\/strong><br>Propuestas de trabajo en casa para diferentes habilidades: exploraremos juegos y ejercicios que complementan la Terapia Visual y ayudan a los pacientes desde casa.<\/p>\n\n\n\n<p class=\"wp-block-paragraph\"><strong>17\/06\/2025 \u2013 <mark style=\"background-color:rgba(0, 0, 0, 0)\" class=\"has-inline-color has-vivid-cyan-blue-color\">Laura Ort\u00edz<\/mark><\/strong><br>El Juego del Detective y otros recursos para la Terapia Visual: descubriremos c\u00f3mo este m\u00e9todo l\u00fadico puede enriquecer las sesiones y potenciar el aprendizaje visual.<\/p>\n\n\n\n<h2 class=\"wp-block-heading\"><strong>\u00bfQuieres compartir tus conocimientos?<\/strong><\/h2>\n\n\n\n<p class=\"wp-block-paragraph\">El <strong><mark style=\"background-color:rgba(0, 0, 0, 0)\" class=\"has-inline-color has-vivid-red-color\">Re<\/mark><mark style=\"background-color:rgba(0, 0, 0, 0)\" class=\"has-inline-color has-vivid-cyan-blue-color\">Vi<\/mark>si<mark style=\"background-color:rgba(0, 0, 0, 0)\" class=\"has-inline-color has-black-color\">ON<\/mark><\/strong><mark style=\"background-color:rgba(0, 0, 0, 0)\" class=\"has-inline-color has-black-color\"> <\/mark>es un espacio de formaci\u00f3n y debate donde todos podemos aprender unos de otros. Si eres miembro de ACOTV y quieres participar, \u00a1nos encantar\u00eda contar con tu experiencia!<\/p>\n\n\n\n<p class=\"wp-block-paragraph\">Escr\u00edbenos a <mark style=\"background-color:rgba(0, 0, 0, 0)\" class=\"has-inline-color has-vivid-cyan-blue-color\"><strong>socis@acotv.org <\/strong><\/mark>y haznos llegar tu propuesta para sumarte al calendario del <strong><mark style=\"background-color:rgba(0, 0, 0, 0)\" class=\"has-inline-color has-vivid-red-color\">Re<\/mark><mark style=\"background-color:rgba(0, 0, 0, 0)\" class=\"has-inline-color has-vivid-cyan-blue-color\">Vi<\/mark>si<mark style=\"background-color:rgba(0, 0, 0, 0)\" class=\"has-inline-color has-black-color\">ON<\/mark><\/strong>.<\/p>\n\n\n\n<p class=\"wp-block-paragraph\"><\/p>\n","protected":false},"excerpt":{"rendered":"<p>Hem donat el tret de sortida al primer trimestre dels seminaris ReVisiON amb la participaci\u00f3 de dos nous membres de l\u2019ACOTV: els optometristes Merc\u00e8 Mir\u00f3 i Eduardo Romo.<\/p>\n","protected":false},"author":2,"featured_media":12636,"comment_status":"open","ping_status":"open","sticky":false,"template":"","format":"standard","meta":{"ocean_front_end_style_editor":"no","ocean_post_layout":"","ocean_both_sidebars_style":"","ocean_both_sidebars_content_width":0,"ocean_both_sidebars_sidebars_width":0,"ocean_sidebar":"","ocean_second_sidebar":"","ocean_disable_margins":"enable","ocean_add_body_class":"","ocean_shortcode_before_top_bar":"","ocean_shortcode_after_top_bar":"","ocean_shortcode_before_header":"","ocean_shortcode_after_header":"","ocean_has_shortcode":"","ocean_shortcode_after_title":"","ocean_shortcode_before_footer_widgets":"","ocean_shortcode_after_footer_widgets":"","ocean_shortcode_before_footer_bottom":"","ocean_shortcode_after_footer_bottom":"","ocean_display_top_bar":"default","ocean_display_header":"default","ocean_header_style":"","ocean_center_header_left_menu":"","ocean_custom_header_template":"","ocean_custom_logo":0,"ocean_custom_retina_logo":0,"ocean_custom_logo_max_width":0,"ocean_custom_logo_tablet_max_width":0,"ocean_custom_logo_mobile_max_width":0,"ocean_custom_logo_max_height":0,"ocean_custom_logo_tablet_max_height":0,"ocean_custom_logo_mobile_max_height":0,"ocean_header_custom_menu":"","ocean_menu_typo_font_family":"","ocean_menu_typo_font_subset":"","ocean_menu_typo_font_size":0,"ocean_menu_typo_font_size_tablet":0,"ocean_menu_typo_font_size_mobile":0,"ocean_menu_typo_font_size_unit":"px","ocean_menu_typo_font_weight":"","ocean_menu_typo_font_weight_tablet":"","ocean_menu_typo_font_weight_mobile":"","ocean_menu_typo_transform":"","ocean_menu_typo_transform_tablet":"","ocean_menu_typo_transform_mobile":"","ocean_menu_typo_line_height":0,"ocean_menu_typo_line_height_tablet":0,"ocean_menu_typo_line_height_mobile":0,"ocean_menu_typo_line_height_unit":"","ocean_menu_typo_spacing":0,"ocean_menu_typo_spacing_tablet":0,"ocean_menu_typo_spacing_mobile":0,"ocean_menu_typo_spacing_unit":"","ocean_menu_link_color":"","ocean_menu_link_color_hover":"","ocean_menu_link_color_active":"","ocean_menu_link_background":"","ocean_menu_link_hover_background":"","ocean_menu_link_active_background":"","ocean_menu_social_links_bg":"","ocean_menu_social_hover_links_bg":"","ocean_menu_social_links_color":"","ocean_menu_social_hover_links_color":"","ocean_disable_title":"default","ocean_disable_heading":"default","ocean_post_title":"","ocean_post_subheading":"","ocean_post_title_style":"","ocean_post_title_background_color":"","ocean_post_title_background":0,"ocean_post_title_bg_image_position":"","ocean_post_title_bg_image_attachment":"","ocean_post_title_bg_image_repeat":"","ocean_post_title_bg_image_size":"","ocean_post_title_height":0,"ocean_post_title_bg_overlay":0.5,"ocean_post_title_bg_overlay_color":"","ocean_disable_breadcrumbs":"default","ocean_breadcrumbs_color":"","ocean_breadcrumbs_separator_color":"","ocean_breadcrumbs_links_color":"","ocean_breadcrumbs_links_hover_color":"","ocean_display_footer_widgets":"default","ocean_display_footer_bottom":"default","ocean_custom_footer_template":"","ocean_post_oembed":"","ocean_post_self_hosted_media":"","ocean_post_video_embed":"","ocean_link_format":"","ocean_link_format_target":"self","ocean_quote_format":"","ocean_quote_format_link":"post","ocean_gallery_link_images":"on","ocean_gallery_id":[],"footnotes":""},"categories":[8],"tags":[51,379,181],"class_list":["post-12561","post","type-post","status-publish","format-standard","has-post-thumbnail","hentry","category-noticias","tag-seminarios","tag-deprofesionalesparaprofesionales","tag-revision-2-es","entry","has-media"],"yoast_head":"<!-- This site is optimized with the Yoast SEO plugin v28.4 - https:\/\/yoast.com\/product\/yoast-seo-wordpress\/ -->\n<title>El ReVisiOn continua ofreciendo nuevas oportunidades al aprendizaje optom\u00e9trico - Asociaci\u00f3n Catalana de Optometr\u00eda y Terapia Visual<\/title>\n<meta name=\"robots\" content=\"index, follow, max-snippet:-1, max-image-preview:large, max-video-preview:-1\" \/>\n<link rel=\"canonical\" href=\"https:\/\/www.acotv.org\/es\/el-revision-continua-oferint-noves-oportunitats-a-laprenentatge-optometric\/\" \/>\n<meta property=\"og:locale\" content=\"es_ES\" \/>\n<meta property=\"og:type\" content=\"article\" \/>\n<meta property=\"og:title\" content=\"El ReVisiOn continua ofreciendo nuevas oportunidades al aprendizaje optom\u00e9trico - Asociaci\u00f3n Catalana de Optometr\u00eda y Terapia Visual\" \/>\n<meta property=\"og:description\" content=\"Hem donat el tret de sortida al primer trimestre dels seminaris ReVisiON amb la participaci\u00f3 de dos nous membres de l\u2019ACOTV: els optometristes Merc\u00e8 Mir\u00f3 i Eduardo Romo.\" \/>\n<meta property=\"og:url\" content=\"https:\/\/www.acotv.org\/es\/el-revision-continua-oferint-noves-oportunitats-a-laprenentatge-optometric\/\" \/>\n<meta property=\"og:site_name\" content=\"Asociaci\u00f3n Catalana de Optometr\u00eda y Terapia Visual\" \/>\n<meta property=\"article:published_time\" content=\"2025-04-01T15:33:55+00:00\" \/>\n<meta property=\"article:modified_time\" content=\"2025-04-02T12:05:08+00:00\" \/>\n<meta property=\"og:image\" content=\"https:\/\/www.acotv.org\/wp-content\/uploads\/Postweb-1T2025_ReVisiOn_Cast.jpg\" \/>\n\t<meta property=\"og:image:width\" content=\"1080\" \/>\n\t<meta property=\"og:image:height\" content=\"1080\" \/>\n\t<meta property=\"og:image:type\" content=\"image\/jpeg\" \/>\n<meta name=\"author\" content=\"ACOTV\" \/>\n<meta name=\"twitter:card\" content=\"summary_large_image\" \/>\n<meta name=\"twitter:label1\" content=\"Escrito por\" \/>\n\t<meta name=\"twitter:data1\" content=\"ACOTV\" \/>\n\t<meta name=\"twitter:label2\" content=\"Tiempo de lectura\" \/>\n\t<meta name=\"twitter:data2\" content=\"2 minutos\" \/>\n<script type=\"application\/ld+json\" class=\"yoast-schema-graph\">{\"@context\":\"https:\\\/\\\/schema.org\",\"@graph\":[{\"@type\":\"Article\",\"@id\":\"https:\\\/\\\/www.acotv.org\\\/es\\\/el-revision-continua-oferint-noves-oportunitats-a-laprenentatge-optometric\\\/#article\",\"isPartOf\":{\"@id\":\"https:\\\/\\\/www.acotv.org\\\/es\\\/el-revision-continua-oferint-noves-oportunitats-a-laprenentatge-optometric\\\/\"},\"author\":{\"name\":\"ACOTV\",\"@id\":\"https:\\\/\\\/www.acotv.org\\\/ca\\\/#\\\/schema\\\/person\\\/0de470fec1dbf9785a7343042d765744\"},\"headline\":\"El ReVisiOn continua ofreciendo nuevas oportunidades al aprendizaje optom\u00e9trico\",\"datePublished\":\"2025-04-01T15:33:55+00:00\",\"dateModified\":\"2025-04-02T12:05:08+00:00\",\"mainEntityOfPage\":{\"@id\":\"https:\\\/\\\/www.acotv.org\\\/es\\\/el-revision-continua-oferint-noves-oportunitats-a-laprenentatge-optometric\\\/\"},\"wordCount\":338,\"commentCount\":0,\"image\":{\"@id\":\"https:\\\/\\\/www.acotv.org\\\/es\\\/el-revision-continua-oferint-noves-oportunitats-a-laprenentatge-optometric\\\/#primaryimage\"},\"thumbnailUrl\":\"https:\\\/\\\/www.acotv.org\\\/wp-content\\\/uploads\\\/Postweb-1T2025_ReVisiOn_Cast.jpg\",\"keywords\":[\"#Seminarios\",\"Deprofesionalesparaprofesionales\",\"ReVisiOn\"],\"articleSection\":[\"Noticias\"],\"inLanguage\":\"es\",\"potentialAction\":[{\"@type\":\"CommentAction\",\"name\":\"Comment\",\"target\":[\"https:\\\/\\\/www.acotv.org\\\/es\\\/el-revision-continua-oferint-noves-oportunitats-a-laprenentatge-optometric\\\/#respond\"]}]},{\"@type\":\"WebPage\",\"@id\":\"https:\\\/\\\/www.acotv.org\\\/es\\\/el-revision-continua-oferint-noves-oportunitats-a-laprenentatge-optometric\\\/\",\"url\":\"https:\\\/\\\/www.acotv.org\\\/es\\\/el-revision-continua-oferint-noves-oportunitats-a-laprenentatge-optometric\\\/\",\"name\":\"El ReVisiOn continua ofreciendo nuevas oportunidades al aprendizaje optom\u00e9trico - Asociaci\u00f3n Catalana de Optometr\u00eda y Terapia Visual\",\"isPartOf\":{\"@id\":\"https:\\\/\\\/www.acotv.org\\\/ca\\\/#website\"},\"primaryImageOfPage\":{\"@id\":\"https:\\\/\\\/www.acotv.org\\\/es\\\/el-revision-continua-oferint-noves-oportunitats-a-laprenentatge-optometric\\\/#primaryimage\"},\"image\":{\"@id\":\"https:\\\/\\\/www.acotv.org\\\/es\\\/el-revision-continua-oferint-noves-oportunitats-a-laprenentatge-optometric\\\/#primaryimage\"},\"thumbnailUrl\":\"https:\\\/\\\/www.acotv.org\\\/wp-content\\\/uploads\\\/Postweb-1T2025_ReVisiOn_Cast.jpg\",\"datePublished\":\"2025-04-01T15:33:55+00:00\",\"dateModified\":\"2025-04-02T12:05:08+00:00\",\"author\":{\"@id\":\"https:\\\/\\\/www.acotv.org\\\/ca\\\/#\\\/schema\\\/person\\\/0de470fec1dbf9785a7343042d765744\"},\"breadcrumb\":{\"@id\":\"https:\\\/\\\/www.acotv.org\\\/es\\\/el-revision-continua-oferint-noves-oportunitats-a-laprenentatge-optometric\\\/#breadcrumb\"},\"inLanguage\":\"es\",\"potentialAction\":[{\"@type\":\"ReadAction\",\"target\":[\"https:\\\/\\\/www.acotv.org\\\/es\\\/el-revision-continua-oferint-noves-oportunitats-a-laprenentatge-optometric\\\/\"]}]},{\"@type\":\"ImageObject\",\"inLanguage\":\"es\",\"@id\":\"https:\\\/\\\/www.acotv.org\\\/es\\\/el-revision-continua-oferint-noves-oportunitats-a-laprenentatge-optometric\\\/#primaryimage\",\"url\":\"https:\\\/\\\/www.acotv.org\\\/wp-content\\\/uploads\\\/Postweb-1T2025_ReVisiOn_Cast.jpg\",\"contentUrl\":\"https:\\\/\\\/www.acotv.org\\\/wp-content\\\/uploads\\\/Postweb-1T2025_ReVisiOn_Cast.jpg\",\"width\":1080,\"height\":1080},{\"@type\":\"BreadcrumbList\",\"@id\":\"https:\\\/\\\/www.acotv.org\\\/es\\\/el-revision-continua-oferint-noves-oportunitats-a-laprenentatge-optometric\\\/#breadcrumb\",\"itemListElement\":[{\"@type\":\"ListItem\",\"position\":1,\"name\":\"Portada\",\"item\":\"https:\\\/\\\/www.acotv.org\\\/es\\\/\"},{\"@type\":\"ListItem\",\"position\":2,\"name\":\"El ReVisiOn continua ofreciendo nuevas oportunidades al aprendizaje optom\u00e9trico\"}]},{\"@type\":\"WebSite\",\"@id\":\"https:\\\/\\\/www.acotv.org\\\/ca\\\/#website\",\"url\":\"https:\\\/\\\/www.acotv.org\\\/ca\\\/\",\"name\":\"Asociaci\u00f3n Catalana de Optometr\u00eda y Terapia Visual\",\"description\":\"\",\"potentialAction\":[{\"@type\":\"SearchAction\",\"target\":{\"@type\":\"EntryPoint\",\"urlTemplate\":\"https:\\\/\\\/www.acotv.org\\\/ca\\\/?s={search_term_string}\"},\"query-input\":{\"@type\":\"PropertyValueSpecification\",\"valueRequired\":true,\"valueName\":\"search_term_string\"}}],\"inLanguage\":\"es\"},{\"@type\":\"Person\",\"@id\":\"https:\\\/\\\/www.acotv.org\\\/ca\\\/#\\\/schema\\\/person\\\/0de470fec1dbf9785a7343042d765744\",\"name\":\"ACOTV\",\"image\":{\"@type\":\"ImageObject\",\"inLanguage\":\"es\",\"@id\":\"https:\\\/\\\/www.acotv.org\\\/wp-content\\\/uploads\\\/Logo-petit-150x150.jpg\",\"url\":\"https:\\\/\\\/www.acotv.org\\\/wp-content\\\/uploads\\\/Logo-petit-150x150.jpg\",\"contentUrl\":\"https:\\\/\\\/www.acotv.org\\\/wp-content\\\/uploads\\\/Logo-petit-150x150.jpg\",\"caption\":\"ACOTV\"},\"url\":\"https:\\\/\\\/www.acotv.org\\\/es\\\/author\\\/acotv\\\/\"}]}<\/script>\n<!-- \/ Yoast SEO plugin. -->","yoast_head_json":{"title":"El ReVisiOn continua ofreciendo nuevas oportunidades al aprendizaje optom\u00e9trico - Asociaci\u00f3n Catalana de Optometr\u00eda y Terapia Visual","robots":{"index":"index","follow":"follow","max-snippet":"max-snippet:-1","max-image-preview":"max-image-preview:large","max-video-preview":"max-video-preview:-1"},"canonical":"https:\/\/www.acotv.org\/es\/el-revision-continua-oferint-noves-oportunitats-a-laprenentatge-optometric\/","og_locale":"es_ES","og_type":"article","og_title":"El ReVisiOn continua ofreciendo nuevas oportunidades al aprendizaje optom\u00e9trico - Asociaci\u00f3n Catalana de Optometr\u00eda y Terapia Visual","og_description":"Hem donat el tret de sortida al primer trimestre dels seminaris ReVisiON amb la participaci\u00f3 de dos nous membres de l\u2019ACOTV: els optometristes Merc\u00e8 Mir\u00f3 i Eduardo Romo.","og_url":"https:\/\/www.acotv.org\/es\/el-revision-continua-oferint-noves-oportunitats-a-laprenentatge-optometric\/","og_site_name":"Asociaci\u00f3n Catalana de Optometr\u00eda y Terapia Visual","article_published_time":"2025-04-01T15:33:55+00:00","article_modified_time":"2025-04-02T12:05:08+00:00","og_image":[{"width":1080,"height":1080,"url":"https:\/\/www.acotv.org\/wp-content\/uploads\/Postweb-1T2025_ReVisiOn_Cast.jpg","type":"image\/jpeg"}],"author":"ACOTV","twitter_card":"summary_large_image","twitter_misc":{"Escrito por":"ACOTV","Tiempo de lectura":"2 minutos"},"schema":{"@context":"https:\/\/schema.org","@graph":[{"@type":"Article","@id":"https:\/\/www.acotv.org\/es\/el-revision-continua-oferint-noves-oportunitats-a-laprenentatge-optometric\/#article","isPartOf":{"@id":"https:\/\/www.acotv.org\/es\/el-revision-continua-oferint-noves-oportunitats-a-laprenentatge-optometric\/"},"author":{"name":"ACOTV","@id":"https:\/\/www.acotv.org\/ca\/#\/schema\/person\/0de470fec1dbf9785a7343042d765744"},"headline":"El ReVisiOn continua ofreciendo nuevas oportunidades al aprendizaje optom\u00e9trico","datePublished":"2025-04-01T15:33:55+00:00","dateModified":"2025-04-02T12:05:08+00:00","mainEntityOfPage":{"@id":"https:\/\/www.acotv.org\/es\/el-revision-continua-oferint-noves-oportunitats-a-laprenentatge-optometric\/"},"wordCount":338,"commentCount":0,"image":{"@id":"https:\/\/www.acotv.org\/es\/el-revision-continua-oferint-noves-oportunitats-a-laprenentatge-optometric\/#primaryimage"},"thumbnailUrl":"https:\/\/www.acotv.org\/wp-content\/uploads\/Postweb-1T2025_ReVisiOn_Cast.jpg","keywords":["#Seminarios","Deprofesionalesparaprofesionales","ReVisiOn"],"articleSection":["Noticias"],"inLanguage":"es","potentialAction":[{"@type":"CommentAction","name":"Comment","target":["https:\/\/www.acotv.org\/es\/el-revision-continua-oferint-noves-oportunitats-a-laprenentatge-optometric\/#respond"]}]},{"@type":"WebPage","@id":"https:\/\/www.acotv.org\/es\/el-revision-continua-oferint-noves-oportunitats-a-laprenentatge-optometric\/","url":"https:\/\/www.acotv.org\/es\/el-revision-continua-oferint-noves-oportunitats-a-laprenentatge-optometric\/","name":"El ReVisiOn continua ofreciendo nuevas oportunidades al aprendizaje optom\u00e9trico - Asociaci\u00f3n Catalana de Optometr\u00eda y Terapia Visual","isPartOf":{"@id":"https:\/\/www.acotv.org\/ca\/#website"},"primaryImageOfPage":{"@id":"https:\/\/www.acotv.org\/es\/el-revision-continua-oferint-noves-oportunitats-a-laprenentatge-optometric\/#primaryimage"},"image":{"@id":"https:\/\/www.acotv.org\/es\/el-revision-continua-oferint-noves-oportunitats-a-laprenentatge-optometric\/#primaryimage"},"thumbnailUrl":"https:\/\/www.acotv.org\/wp-content\/uploads\/Postweb-1T2025_ReVisiOn_Cast.jpg","datePublished":"2025-04-01T15:33:55+00:00","dateModified":"2025-04-02T12:05:08+00:00","author":{"@id":"https:\/\/www.acotv.org\/ca\/#\/schema\/person\/0de470fec1dbf9785a7343042d765744"},"breadcrumb":{"@id":"https:\/\/www.acotv.org\/es\/el-revision-continua-oferint-noves-oportunitats-a-laprenentatge-optometric\/#breadcrumb"},"inLanguage":"es","potentialAction":[{"@type":"ReadAction","target":["https:\/\/www.acotv.org\/es\/el-revision-continua-oferint-noves-oportunitats-a-laprenentatge-optometric\/"]}]},{"@type":"ImageObject","inLanguage":"es","@id":"https:\/\/www.acotv.org\/es\/el-revision-continua-oferint-noves-oportunitats-a-laprenentatge-optometric\/#primaryimage","url":"https:\/\/www.acotv.org\/wp-content\/uploads\/Postweb-1T2025_ReVisiOn_Cast.jpg","contentUrl":"https:\/\/www.acotv.org\/wp-content\/uploads\/Postweb-1T2025_ReVisiOn_Cast.jpg","width":1080,"height":1080},{"@type":"BreadcrumbList","@id":"https:\/\/www.acotv.org\/es\/el-revision-continua-oferint-noves-oportunitats-a-laprenentatge-optometric\/#breadcrumb","itemListElement":[{"@type":"ListItem","position":1,"name":"Portada","item":"https:\/\/www.acotv.org\/es\/"},{"@type":"ListItem","position":2,"name":"El ReVisiOn continua ofreciendo nuevas oportunidades al aprendizaje optom\u00e9trico"}]},{"@type":"WebSite","@id":"https:\/\/www.acotv.org\/ca\/#website","url":"https:\/\/www.acotv.org\/ca\/","name":"Asociaci\u00f3n Catalana de Optometr\u00eda y Terapia Visual","description":"","potentialAction":[{"@type":"SearchAction","target":{"@type":"EntryPoint","urlTemplate":"https:\/\/www.acotv.org\/ca\/?s={search_term_string}"},"query-input":{"@type":"PropertyValueSpecification","valueRequired":true,"valueName":"search_term_string"}}],"inLanguage":"es"},{"@type":"Person","@id":"https:\/\/www.acotv.org\/ca\/#\/schema\/person\/0de470fec1dbf9785a7343042d765744","name":"ACOTV","image":{"@type":"ImageObject","inLanguage":"es","@id":"https:\/\/www.acotv.org\/wp-content\/uploads\/Logo-petit-150x150.jpg","url":"https:\/\/www.acotv.org\/wp-content\/uploads\/Logo-petit-150x150.jpg","contentUrl":"https:\/\/www.acotv.org\/wp-content\/uploads\/Logo-petit-150x150.jpg","caption":"ACOTV"},"url":"https:\/\/www.acotv.org\/es\/author\/acotv\/"}]}},"_links":{"self":[{"href":"https:\/\/www.acotv.org\/es\/wp-json\/wp\/v2\/posts\/12561","targetHints":{"allow":["GET"]}}],"collection":[{"href":"https:\/\/www.acotv.org\/es\/wp-json\/wp\/v2\/posts"}],"about":[{"href":"https:\/\/www.acotv.org\/es\/wp-json\/wp\/v2\/types\/post"}],"author":[{"embeddable":true,"href":"https:\/\/www.acotv.org\/es\/wp-json\/wp\/v2\/users\/2"}],"replies":[{"embeddable":true,"href":"https:\/\/www.acotv.org\/es\/wp-json\/wp\/v2\/comments?post=12561"}],"version-history":[{"count":3,"href":"https:\/\/www.acotv.org\/es\/wp-json\/wp\/v2\/posts\/12561\/revisions"}],"predecessor-version":[{"id":12585,"href":"https:\/\/www.acotv.org\/es\/wp-json\/wp\/v2\/posts\/12561\/revisions\/12585"}],"wp:featuredmedia":[{"embeddable":true,"href":"https:\/\/www.acotv.org\/es\/wp-json\/wp\/v2\/media\/12636"}],"wp:attachment":[{"href":"https:\/\/www.acotv.org\/es\/wp-json\/wp\/v2\/media?parent=12561"}],"wp:term":[{"taxonomy":"category","embeddable":true,"href":"https:\/\/www.acotv.org\/es\/wp-json\/wp\/v2\/categories?post=12561"},{"taxonomy":"post_tag","embeddable":true,"href":"https:\/\/www.acotv.org\/es\/wp-json\/wp\/v2\/tags?post=12561"}],"curies":[{"name":"wp","href":"https:\/\/api.w.org\/{rel}","templated":true}]}}