{"id":12375,"date":"2025-02-11T12:40:18","date_gmt":"2025-02-11T11:40:18","guid":{"rendered":"https:\/\/www.acotv.org\/evaluacion-y-tratamiento-de-los-movimientos-sacadicos-oculares\/"},"modified":"2025-04-01T18:36:10","modified_gmt":"2025-04-01T16:36:10","slug":"evaluacion-y-tratamiento-de-los-movimientos-sacadicos-oculares","status":"publish","type":"post","link":"https:\/\/www.acotv.org\/es\/evaluacion-y-tratamiento-de-los-movimientos-sacadicos-oculares\/","title":{"rendered":"EVALUACI\u00d3N Y TRATAMIENTO DE LOS MOVIMIENTOS SAC\u00c1DICOS OCULARES"},"content":{"rendered":"\n<h2 class=\"wp-block-heading has-text-color\" style=\"color:#008ad0\"><strong>Evaluaci\u00f3n de los movimientos sac\u00e1dicos. Test DEM.<\/strong><\/h2>\n\n\n\n<p class=\"wp-block-paragraph\">Los movimientos sac\u00e1dicos son los movimientos r\u00e1pidos que sirven para llevar la informaci\u00f3n visual en la f\u00f3vea de los ojos. El test DEM (Developmental Eye Movement) es un test que valora la calidad de los movimientos sac\u00e1dicos de peque\u00f1a amplitud (los que se utilizan durante la lectura), adem\u00e1s de poder observar si hay dificultades en el procesamiento de decodificaci\u00f3n fonol\u00f3gica o procesamiento autom\u00e1tico (RAN). El test, de baja demanda cognitiva, permite valorar la motilidad ocular y \/ o el RAN en ni\u00f1os de 6 a 14 a\u00f1os, y utiliza n\u00fameros para su administraci\u00f3n a fin de que se puedan valorar los movimientos oculares y el RAN separadamente, ya que no intervienen procesos de decodificaci\u00f3n del lenguaje.<\/p>\n\n\n\n<p class=\"wp-block-paragraph\">El test valora la capacidad de los movimientos sac\u00e1dicos a trav\u00e9s de una lectura vertical de 80 n\u00fameros (separado por 2 partes) y una lectura horizontal de 80 n\u00fameros dispuestos en 16 filas. Las indicaciones, igual en la lectura vertical y horizontal, es que el ni\u00f1o \/ a lea lo m\u00e1s r\u00e1pido que pueda y en voz alta todos los n\u00fameros sin pausa, pero controlando y intentando no equivocarse (sin dejar que siga con el dedo ya que valoramos una habilidad puramente visual). Mientras tanto, el observador del test anota los tiempos empleados por cada apartado vertical, horizontal y los errores en una hoja. Posteriormente se realizan los c\u00e1lculos para adquirir los valores de normalidad seg\u00fan la edad.<\/p>\n\n\n\n<figure class=\"wp-block-image size-large\"><img fetchpriority=\"high\" decoding=\"async\" width=\"1024\" height=\"378\" src=\"https:\/\/www.acotv.org\/wp-content\/uploads\/imatge2-6-1024x378.png\" alt=\"\" class=\"wp-image-4324\" srcset=\"https:\/\/www.acotv.org\/wp-content\/uploads\/imatge2-6-1024x378.png 1024w, https:\/\/www.acotv.org\/wp-content\/uploads\/imatge2-6-300x111.png 300w, https:\/\/www.acotv.org\/wp-content\/uploads\/imatge2-6-768x283.png 768w, https:\/\/www.acotv.org\/wp-content\/uploads\/imatge2-6.png 1127w\" sizes=\"(max-width: 1024px) 100vw, 1024px\" \/><figcaption class=\"wp-element-caption\"><strong>Figura 1.&nbsp;<\/strong>A la izquierda del todo, se muestra la imagen de las lecturas verticales (Test A y B), en el centro la lectura horizontal (Test C) y a la derecha la hoja de anotaciones del observador (DEM ScoreSheet).<\/figcaption><\/figure>\n\n\n\n<p class=\"wp-block-paragraph\">Estudios han observado un v\u00ednculo entre el test DEM y una mala eficacia lectora sobre todo si se observa una mala ejecuci\u00f3n en el apartado de la lectura horizontal, indicando que el procesamiento cognitivo requerido para realizar la prueba est\u00e1 estrechamente ligado con el proceso lector.<\/p>\n\n\n\n<p class=\"wp-block-paragraph\">Ahora bien, ya que durante la lectura intervienen muchos procesos, es un error atribuir una mala puntuaci\u00f3n del DEM debido a una mala eficacia lectora. Debemos tener en cuenta que es un indicador de riesgo, no significa que una mala puntuaci\u00f3n del DEM en ni\u00f1os \/ as con dificultades lectoras sea causa de los movimientos oculares.<\/p>\n\n\n\n<p class=\"wp-block-paragraph\">En otras palabras, una mala ejecuci\u00f3n del test DEM indicar\u00eda un riesgo en el aprendizaje acad\u00e9mico en el que las habilidades oculomotoras y la atenci\u00f3n visual no son de calidad o son inmaduras por la edad.<\/p>\n\n\n\n<h2 class=\"wp-block-heading has-text-color\" style=\"color:#008ad0\"><strong>Neurolog\u00eda de los movimientos sac\u00e1dicos oculares<\/strong><\/h2>\n\n\n\n<p class=\"wp-block-paragraph\">Para realizar un movimiento sac\u00e1dico hay que tener en mente que hay que activar y relajar m\u00fasculos agonistas y antagonistas de forma coordinada y precisa para dirigir la mirada en la direcci\u00f3n y velocidad apropiada. Este esfuerzo de coordinaci\u00f3n se puede llevar a cabo gracias a varios grupos de neuronas que trabajan conjuntamente.<\/p>\n\n\n\n<p class=\"wp-block-paragraph\">En los movimientos sac\u00e1dicos horizontales, las neuronas de activaci\u00f3n r\u00e1pida de la formaci\u00f3n pontinaparamediana, dentro del bulbo raqu\u00eddeo, generan una orden premotora que se transmite a los n\u00facleos motores que activan el recto externo ipsilateral. Las interneuronas de este n\u00facleo permiten que haya comunicaci\u00f3n con el agonista del otro ojo, el recto interno, mediante el fasc\u00edculo longitudinal medial.<\/p>\n\n\n\n<p class=\"wp-block-paragraph\">La activaci\u00f3n de estos dos m\u00fasculos agonistas (ipsilateral y recto interno) a cada uno de los ojos, permite que ambos se muevan en la misma direcci\u00f3n. Pero, como hemos dicho, tambi\u00e9n es necesario que los m\u00fasculos antagonistas se relajen para facilitar el movimiento. Esta tarea recae en otras neuronas de activaci\u00f3n r\u00e1pida, activadas de forma t\u00f3nica y que permiten la relajaci\u00f3n de los agonistas justo antes del inicio del movimiento.<\/p>\n\n\n\n<p class=\"wp-block-paragraph\">La finalizaci\u00f3n del movimiento sac\u00e1dico horizontal requiere la activaci\u00f3n de los m\u00fasculos antagonistas, a trav\u00e9s del integrador neuronal, que transforma las se\u00f1ales f\u00e1sicas de entrada en t\u00f3nicas de salida. El integrador neuronal de este proceso se sit\u00faa en el complejo rostral del hipogloso.<\/p>\n\n\n\n<p class=\"wp-block-paragraph\">Los movimientos sac\u00e1dicos verticales tienen un control neurol\u00f3gico diferente que los movimientos horizontales. De esta manera, los movimientos verticales se originan en las neuronas premotoras del mesenc\u00e9falo. Las neuronas de activaci\u00f3n r\u00e1pida del n\u00facleo intersticial rostral los fasc\u00edculo longitudinal medial originan los movimientos sac\u00e1dicos verticales. Las neuronas de activaci\u00f3n r\u00e1pida m\u00e1s caudales activan la elevaci\u00f3n de forma bilateral, generando se\u00f1ales para el recto superior y el oblicuo inferior, mientras que las neuronas de activaci\u00f3n r\u00e1pida m\u00e1s rostrales activan el descenso generan se\u00f1ales para el recto inferior y el oblicuo superior.<\/p>\n\n\n\n<p class=\"wp-block-paragraph\">El integrador neuronal por este movimiento se encuentra en este caso en el n\u00facleo intersticial de Cajal. La comisura posterior es importante en la transmisi\u00f3n de informaci\u00f3n de un lado a otro, por lo que la lesi\u00f3n de esta \u00e1rea alterar\u00e1 todo los movimientos sac\u00e1dicos ascendentes.<\/p>\n\n\n\n<p class=\"wp-block-paragraph\">El control superior (nivel cortical) del movimiento sac\u00e1dico se lleva a cabo en:<\/p>\n\n\n\n<ul class=\"wp-block-list\">\n<li><strong>L\u00f3bulo frontal<\/strong>: Donde hay 3 \u00e1reas implicadas en el control del movimiento ocular:\n<ul class=\"wp-block-list\">\n<li><strong>Campo ocular frontal:<\/strong> Preparaci\u00f3n y generaci\u00f3n de los movimientos sac\u00e1dicos intencionales, ya sea hacia un objeto presente (movimiento intencional), objeto no presente (movimiento predictivo), objeto que ha desaparecido (movimiento por memoria) u objeto localizado en direcci\u00f3n opuesta (movimiento antisac\u00e1dico).<\/li>\n\n\n\n<li><strong>Campo ocular suplementario:<\/strong> Localizado en la parte medial del giro superior frontal, en la parte superior del surco paracentral. Est\u00e1 conectado a todas las \u00e1reas relacionadas con el movimiento ocular y al c\u00f3rtex parietal posterior. Est\u00e1 involucrado en movimientos en los que es necesario coordinar movimientos sac\u00e1dicos con movimientos del cuerpo.<\/li>\n\n\n\n<li><strong>C\u00f3rtex prefrontal dorsolateral:<\/strong> Participa en la inhibici\u00f3n de los movimientos sac\u00e1dicos, pero tambi\u00e9n en la memoria espacial a corto plazo y en procesos de decisi\u00f3n. Esto hace que este campo sea importante en el movimiento sac\u00e1dico guiado por memoria y en el movimiento sac\u00e1dico predictivo.<\/li>\n<\/ul>\n<\/li>\n\n\n\n<li><strong>L\u00f3bulo parietal:<\/strong> La parte posterior del l\u00f3bulo parietal est\u00e1 relacionada con el control de los movimientos sac\u00e1dicos y la atenci\u00f3n. Este hecho pone de manifiesto la importancia de la atenci\u00f3n en los movimientos sac\u00e1dicos. Este \u00e1rea realiza una actualizaci\u00f3n de la informaci\u00f3n espacial despu\u00e9s de un movimiento ocular.<\/li>\n\n\n\n<li><strong>Cortex cingulado:<\/strong> Dividido entre c\u00f3rtex cingulado anterior y posterior. La parte anterior participa en el control del movimiento sac\u00e1dico intencional, en conjunci\u00f3n con el campo ocular frontal. La parte trasera, en contraste con la anterior, participa en el control del movimiento sac\u00e1dico reflejo en vez del movimiento sac\u00e1dico intencional.<\/li>\n<\/ul>\n\n\n\n<figure class=\"wp-block-image size-full\"><img decoding=\"async\" width=\"472\" height=\"360\" src=\"https:\/\/www.acotv.org\/wp-content\/uploads\/imatge3-10.png\" alt=\"\" class=\"wp-image-4327\" srcset=\"https:\/\/www.acotv.org\/wp-content\/uploads\/imatge3-10.png 472w, https:\/\/www.acotv.org\/wp-content\/uploads\/imatge3-10-300x229.png 300w\" sizes=\"(max-width: 472px) 100vw, 472px\" \/><figcaption class=\"wp-element-caption\"><strong>Figura 3:&nbsp;<\/strong>\u00c1reas corticales que controlan, preparan y ejecutan los movimientos sac\u00e1dicos oculares. Adaptado de&nbsp;Pierrot-Deseilligny C, Milea D, M\u00fcri R. Eye movement control by the cerebral cortex.Current Opinion in Neurology (2014);17:17-25.<\/figcaption><\/figure>\n\n\n\n<h2 class=\"wp-block-heading has-text-color\" style=\"color:#008ad0\"><strong>Tratamiento de los movimientos oculares sac\u00e1dicos<\/strong><\/h2>\n\n\n\n<p class=\"wp-block-paragraph\">Como hemos visto el tratamiento no puede limitarse a entrenar muscularmente el movimiento ocular, sino que debe ir enfocado a la estimulaci\u00f3n de las rutas donde se controlan y programan los movimientos sac\u00e1dicos.<\/p>\n\n\n\n<p class=\"wp-block-paragraph\">Antes de entrenar los movimientos sac\u00e1dicos es importante evaluar las funciones del cerebelo (integraci\u00f3n, desarrollo, ritmo), control corporal (psicomotricidad, lateralidad, reflejos primitivos) y visi\u00f3n perif\u00e9rica ya que contribuyen al control del movimiento ocular sac\u00e1dico.<\/p>\n\n\n\n<p class=\"wp-block-paragraph\">Para estimular estas estructuras y mejorar los movimientos oculares la terapia visual debe hacer uso de varios ejercicios en el \u00e1mbito de desarrollo motor (reflejos primitivos, psicomotricidad) y conocimiento del sistema vestibular para mejorar el sistema oculomotor.<\/p>\n\n\n\n<p class=\"wp-block-paragraph\"><strong>Ejercicios<\/strong>&nbsp;para una correcta integraci\u00f3n y estimulaci\u00f3n de los movimientos sac\u00e1dicos oculares:<\/p>\n\n\n\n<ol class=\"wp-block-list\">\n<li>Terapia de Movimiento R\u00edtmico (TMR),equilibrio (ojos cerrados y abiertos).<\/li>\n\n\n\n<li>Ejercicios de conciencia corporal, psicomotricidad, integraci\u00f3n hemisf\u00e9rica (cuerpo calloso) y ejercicios de integraci\u00f3n bilateral.<\/li>\n\n\n\n<li>Ejercicios de visi\u00f3n perif\u00e9rica.<\/li>\n\n\n\n<li>Ejercicios de estimulaci\u00f3n del sistema vestibular: Rotaciones de cabeza + movimientos oculares, rotaciones corporales + movimientos oculares, visi\u00f3n din\u00e1mica etc&#8230;<\/li>\n\n\n\n<li>Entrenamiento de los sac\u00e1dicos oculares (con integraci\u00f3n de ritmo, equilibrio etc.)<\/li>\n<\/ol>\n\n\n\n<p class=\"wp-block-paragraph\">En la siguiente&nbsp;<strong>Figura 4<\/strong> se muestra un resumen de las \u00e1reas que estimulan cada ejercicio en el Sistema Nervioso Central.<\/p>\n\n\n<div class=\"wp-block-image\">\n<figure class=\"aligncenter size-full\"><img decoding=\"async\" width=\"453\" height=\"159\" src=\"https:\/\/www.acotv.org\/wp-content\/uploads\/imatge4-8.png\" alt=\"\" class=\"wp-image-4330\" srcset=\"https:\/\/www.acotv.org\/wp-content\/uploads\/imatge4-8.png 453w, https:\/\/www.acotv.org\/wp-content\/uploads\/imatge4-8-300x105.png 300w\" sizes=\"(max-width: 453px) 100vw, 453px\" \/><figcaption class=\"wp-element-caption\"><strong>Figura 4.&nbsp;<\/strong>\u00c0reas del Sistema Nervioso Central (SNC) que estimulan los ejercicios de 1.Terapia de Movimiento R\u00edtmico; 2.Integraci\u00f3n hemisf\u00e9rica; 3.Visi\u00f3n perif\u00e9rica; 4.Sistema vestibular.<\/figcaption><\/figure>\n<\/div>\n\n\n<h2 class=\"wp-block-heading has-text-color\" style=\"color:#008ad0\"><strong>Referencias<\/strong><\/h2>\n\n\n\n<p class=\"wp-block-paragraph\"><strong>Ayton LN, Abel LA, Fricke TR, McBrien NA<\/strong>. \u201cDevelopment Eye Movement Test: What is it really measuring?\u201d&nbsp;<em>Optometry and Vision Science,<\/em>&nbsp;(2009);86:722-730.<\/p>\n\n\n\n<p class=\"wp-block-paragraph\"><strong>Coubard, Olivier A<\/strong>. \u00abSaccade and vergence eye movements: a review of motor and premotor commands.\u00bb&nbsp;<em>European Journal of Neuroscience<\/em>&nbsp;(2013);38:3384-3397.<\/p>\n\n\n\n<p class=\"wp-block-paragraph\"><strong>Krauzlis, Richard J., Lee P<\/strong>.&nbsp;<strong>Lovejoy, and AlexandreZ\u00e9non.<\/strong>&nbsp;\u00abSuperior colliculus and visual spatial attention.\u00bb&nbsp;<em>Annual review of neuroscience<\/em>&nbsp;36 (2013).<\/p>\n\n\n\n<p class=\"wp-block-paragraph\"><strong>Leigh, R. John, and David S. Zee<\/strong>. \u201cThe neurology of eye movements\u201d.Oxford University Press, USA (2015).<\/p>\n\n\n\n<p class=\"wp-block-paragraph\"><strong>Leinenger, Mallorie, and Keith Rayner<\/strong>. \u00abEye movements and visual attention during Reading.\u00bb&nbsp;<em>The Handbook of Attention<\/em>&nbsp;(2015); 281.<\/p>\n\n\n\n<p class=\"wp-block-paragraph\"><strong>Medland C, Walter H<\/strong>,&nbsp;<strong>Woodhouse M<\/strong>. \u201cEye movements and poor reading:does the Developmental Eye Movement test measure cause or effect?\u201d&nbsp;<em>Ophthalmic and Physiological Optics<\/em>&nbsp;(2010); 30:740-747.<\/p>\n\n\n\n<p class=\"wp-block-paragraph\"><strong>Pierrot-Deseilligny C, Milea D, M\u00fcri R<\/strong>. Eye movement control by the cerebral cortex.&nbsp;<em>Current Opinion in Neurology&nbsp;<\/em>(2014);17:17-25.<\/p>\n\n\n\n<p class=\"wp-block-paragraph\"><strong>Powers M, Grisham D, Riles P<\/strong>. \u201cSaccadic tracking skills of poor readers in high school\u201d.&nbsp;<em>Optometry<\/em>&nbsp;(2008);79:228\u201334.<\/p>\n\n\n\n<p class=\"wp-block-paragraph\"><strong>Ptak, Radek, and Ren\u00e9 M<\/strong>. M\u00fcri. \u00abThe parietal cortex and saccade planning: lessons from human lesion studies.\u00bb&nbsp;<em>Frontiers in human neuroscience<\/em>&nbsp;(2013).<\/p>\n\n\n\n<p class=\"wp-block-paragraph\"><strong>Rayner, Keith.<\/strong>\u00abThe neural control of eye movements in acquired and developmental reading Disorders \u2018.\u00bb&nbsp;<em>Studies in Neurolinguistics<\/em>&nbsp;(2013);97.<\/p>\n\n\n\n<p class=\"wp-block-paragraph\"><strong>Schall, Jeffrey D<\/strong>. \u00abProduction, control, and visual guidance of saccadic eye movements.\u00bb&nbsp;<em>ISRN neurology<\/em>&nbsp;(2013).<\/p>\n\n\n\n<p class=\"wp-block-paragraph\"><strong>Schmitt, Lauren M., et al<\/strong>. \u00abSaccadic eye movement abnormalities in autism spectrum disorder indicate dysfunctions in cerebellum and brainstem.\u00bb<em>Molecular autism<\/em>&nbsp;(2014);15:1.<\/p>\n\n\n\n<p class=\"wp-block-paragraph\">Art\u00edculo elaborado por: <strong><mark style=\"background-color:rgba(0, 0, 0, 0)\" class=\"has-inline-color has-black-color\">Marc Argil\u00e9s Sans<\/mark><\/strong> Doctor en ingenier\u00eda \u00f3ptica por la Universidad Polit\u00e9cnica de Catalu\u00f1a (UPC). Profesor lector en el Departamento de \u00d3ptica y Optometr\u00eda (UPC). Miembro de la Asociaci\u00f3n Catalana de Optometr\u00eda y Terapia Visual (ACOTV) y fellow de la European Academy of Optometry and Optics<\/p>\n\n\n\n<p class=\"wp-block-paragraph\"><strong><mark style=\"background-color:rgba(0, 0, 0, 0)\" class=\"has-inline-color has-black-color\">Manel Garabito Montoya <\/mark><\/strong><em>Licenciado en Biologia<\/em> <em>M\u00e1ster en Medicina Traslacional<\/em><\/p>\n\n\n\n<p class=\"wp-block-paragraph\"><\/p>\n","protected":false},"excerpt":{"rendered":"<p>En este art\u00edculo exploramos la evaluaci\u00f3n y el tratamiento de los movimientos sac\u00e1dicos oculares desde una perspectiva neurol\u00f3gica. Una visi\u00f3n pr\u00e1ctica y fundamentada que puede enriquecer y fortalecer la intervenci\u00f3n cl\u00ednica en Terapia Visual.<\/p>\n","protected":false},"author":2,"featured_media":12379,"comment_status":"open","ping_status":"open","sticky":false,"template":"","format":"standard","meta":{"ocean_front_end_style_editor":"no","ocean_post_layout":"","ocean_both_sidebars_style":"","ocean_both_sidebars_content_width":0,"ocean_both_sidebars_sidebars_width":0,"ocean_sidebar":"0","ocean_second_sidebar":"0","ocean_disable_margins":"enable","ocean_add_body_class":"","ocean_shortcode_before_top_bar":"","ocean_shortcode_after_top_bar":"","ocean_shortcode_before_header":"","ocean_shortcode_after_header":"","ocean_has_shortcode":"","ocean_shortcode_after_title":"","ocean_shortcode_before_footer_widgets":"","ocean_shortcode_after_footer_widgets":"","ocean_shortcode_before_footer_bottom":"","ocean_shortcode_after_footer_bottom":"","ocean_display_top_bar":"default","ocean_display_header":"default","ocean_header_style":"","ocean_center_header_left_menu":"0","ocean_custom_header_template":"0","ocean_custom_logo":0,"ocean_custom_retina_logo":0,"ocean_custom_logo_max_width":0,"ocean_custom_logo_tablet_max_width":0,"ocean_custom_logo_mobile_max_width":0,"ocean_custom_logo_max_height":0,"ocean_custom_logo_tablet_max_height":0,"ocean_custom_logo_mobile_max_height":0,"ocean_header_custom_menu":"0","ocean_menu_typo_font_family":"0","ocean_menu_typo_font_subset":"","ocean_menu_typo_font_size":0,"ocean_menu_typo_font_size_tablet":0,"ocean_menu_typo_font_size_mobile":0,"ocean_menu_typo_font_size_unit":"px","ocean_menu_typo_font_weight":"","ocean_menu_typo_font_weight_tablet":"","ocean_menu_typo_font_weight_mobile":"","ocean_menu_typo_transform":"","ocean_menu_typo_transform_tablet":"","ocean_menu_typo_transform_mobile":"","ocean_menu_typo_line_height":0,"ocean_menu_typo_line_height_tablet":0,"ocean_menu_typo_line_height_mobile":0,"ocean_menu_typo_line_height_unit":"","ocean_menu_typo_spacing":0,"ocean_menu_typo_spacing_tablet":0,"ocean_menu_typo_spacing_mobile":0,"ocean_menu_typo_spacing_unit":"","ocean_menu_link_color":"","ocean_menu_link_color_hover":"","ocean_menu_link_color_active":"","ocean_menu_link_background":"","ocean_menu_link_hover_background":"","ocean_menu_link_active_background":"","ocean_menu_social_links_bg":"","ocean_menu_social_hover_links_bg":"","ocean_menu_social_links_color":"","ocean_menu_social_hover_links_color":"","ocean_disable_title":"default","ocean_disable_heading":"default","ocean_post_title":"","ocean_post_subheading":"","ocean_post_title_style":"","ocean_post_title_background_color":"","ocean_post_title_background":0,"ocean_post_title_bg_image_position":"","ocean_post_title_bg_image_attachment":"","ocean_post_title_bg_image_repeat":"","ocean_post_title_bg_image_size":"","ocean_post_title_height":0,"ocean_post_title_bg_overlay":0.5,"ocean_post_title_bg_overlay_color":"","ocean_disable_breadcrumbs":"default","ocean_breadcrumbs_color":"","ocean_breadcrumbs_separator_color":"","ocean_breadcrumbs_links_color":"","ocean_breadcrumbs_links_hover_color":"","ocean_display_footer_widgets":"default","ocean_display_footer_bottom":"default","ocean_custom_footer_template":"0","ocean_post_oembed":"","ocean_post_self_hosted_media":"","ocean_post_video_embed":"","ocean_link_format":"","ocean_link_format_target":"self","ocean_quote_format":"","ocean_quote_format_link":"post","ocean_gallery_link_images":"on","ocean_gallery_id":[],"footnotes":""},"categories":[9],"tags":[60,57,61],"class_list":["post-12375","post","type-post","status-publish","format-standard","has-post-thumbnail","hentry","category-blog","tag-optometria","tag-problemasdeaprendizaje","tag-terapiavisual","entry","has-media"],"yoast_head":"<!-- This site is optimized with the Yoast SEO plugin v28.4 - https:\/\/yoast.com\/product\/yoast-seo-wordpress\/ -->\n<title>EVALUACI\u00d3N Y TRATAMIENTO DE LOS MOVIMIENTOS SAC\u00c1DICOS OCULARES - Asociaci\u00f3n Catalana de Optometr\u00eda y Terapia Visual<\/title>\n<meta name=\"robots\" content=\"index, follow, max-snippet:-1, max-image-preview:large, max-video-preview:-1\" \/>\n<link rel=\"canonical\" href=\"https:\/\/www.acotv.org\/es\/evaluacion-y-tratamiento-de-los-movimientos-sacadicos-oculares\/\" \/>\n<meta property=\"og:locale\" content=\"es_ES\" \/>\n<meta property=\"og:type\" content=\"article\" \/>\n<meta property=\"og:title\" content=\"EVALUACI\u00d3N Y TRATAMIENTO DE LOS MOVIMIENTOS SAC\u00c1DICOS OCULARES - Asociaci\u00f3n Catalana de Optometr\u00eda y Terapia Visual\" \/>\n<meta property=\"og:description\" content=\"En este art\u00edculo exploramos la evaluaci\u00f3n y el tratamiento de los movimientos sac\u00e1dicos oculares desde una perspectiva neurol\u00f3gica. Una visi\u00f3n pr\u00e1ctica y fundamentada que puede enriquecer y fortalecer la intervenci\u00f3n cl\u00ednica en Terapia Visual.\" \/>\n<meta property=\"og:url\" content=\"https:\/\/www.acotv.org\/es\/evaluacion-y-tratamiento-de-los-movimientos-sacadicos-oculares\/\" \/>\n<meta property=\"og:site_name\" content=\"Asociaci\u00f3n Catalana de Optometr\u00eda y Terapia Visual\" \/>\n<meta property=\"article:published_time\" content=\"2025-02-11T11:40:18+00:00\" \/>\n<meta property=\"article:modified_time\" content=\"2025-04-01T16:36:10+00:00\" \/>\n<meta property=\"og:image\" content=\"https:\/\/www.acotv.org\/wp-content\/uploads\/Disseny-ACOTV2025_6_-e1739276040679.jpg\" \/>\n\t<meta property=\"og:image:width\" content=\"700\" \/>\n\t<meta property=\"og:image:height\" content=\"700\" \/>\n\t<meta property=\"og:image:type\" content=\"image\/jpeg\" \/>\n<meta name=\"author\" content=\"ACOTV\" \/>\n<meta name=\"twitter:card\" content=\"summary_large_image\" \/>\n<meta name=\"twitter:label1\" content=\"Escrito por\" \/>\n\t<meta name=\"twitter:data1\" content=\"ACOTV\" \/>\n\t<meta name=\"twitter:label2\" content=\"Tiempo de lectura\" \/>\n\t<meta name=\"twitter:data2\" content=\"9 minutos\" \/>\n<script type=\"application\/ld+json\" class=\"yoast-schema-graph\">{\"@context\":\"https:\\\/\\\/schema.org\",\"@graph\":[{\"@type\":\"Article\",\"@id\":\"https:\\\/\\\/www.acotv.org\\\/es\\\/evaluacion-y-tratamiento-de-los-movimientos-sacadicos-oculares\\\/#article\",\"isPartOf\":{\"@id\":\"https:\\\/\\\/www.acotv.org\\\/es\\\/evaluacion-y-tratamiento-de-los-movimientos-sacadicos-oculares\\\/\"},\"author\":{\"name\":\"ACOTV\",\"@id\":\"https:\\\/\\\/www.acotv.org\\\/ca\\\/#\\\/schema\\\/person\\\/0de470fec1dbf9785a7343042d765744\"},\"headline\":\"EVALUACI\u00d3N Y TRATAMIENTO DE LOS MOVIMIENTOS SAC\u00c1DICOS OCULARES\",\"datePublished\":\"2025-02-11T11:40:18+00:00\",\"dateModified\":\"2025-04-01T16:36:10+00:00\",\"mainEntityOfPage\":{\"@id\":\"https:\\\/\\\/www.acotv.org\\\/es\\\/evaluacion-y-tratamiento-de-los-movimientos-sacadicos-oculares\\\/\"},\"wordCount\":1770,\"commentCount\":0,\"image\":{\"@id\":\"https:\\\/\\\/www.acotv.org\\\/es\\\/evaluacion-y-tratamiento-de-los-movimientos-sacadicos-oculares\\\/#primaryimage\"},\"thumbnailUrl\":\"https:\\\/\\\/www.acotv.org\\\/wp-content\\\/uploads\\\/Disseny-ACOTV2025_6_-e1739276040679.jpg\",\"keywords\":[\"Optometria\",\"problemasdeaprendizaje\",\"TerapiaVisual\"],\"articleSection\":[\"Blog\"],\"inLanguage\":\"es\",\"potentialAction\":[{\"@type\":\"CommentAction\",\"name\":\"Comment\",\"target\":[\"https:\\\/\\\/www.acotv.org\\\/es\\\/evaluacion-y-tratamiento-de-los-movimientos-sacadicos-oculares\\\/#respond\"]}]},{\"@type\":\"WebPage\",\"@id\":\"https:\\\/\\\/www.acotv.org\\\/es\\\/evaluacion-y-tratamiento-de-los-movimientos-sacadicos-oculares\\\/\",\"url\":\"https:\\\/\\\/www.acotv.org\\\/es\\\/evaluacion-y-tratamiento-de-los-movimientos-sacadicos-oculares\\\/\",\"name\":\"EVALUACI\u00d3N Y TRATAMIENTO DE LOS MOVIMIENTOS SAC\u00c1DICOS OCULARES - Asociaci\u00f3n Catalana de Optometr\u00eda y Terapia Visual\",\"isPartOf\":{\"@id\":\"https:\\\/\\\/www.acotv.org\\\/ca\\\/#website\"},\"primaryImageOfPage\":{\"@id\":\"https:\\\/\\\/www.acotv.org\\\/es\\\/evaluacion-y-tratamiento-de-los-movimientos-sacadicos-oculares\\\/#primaryimage\"},\"image\":{\"@id\":\"https:\\\/\\\/www.acotv.org\\\/es\\\/evaluacion-y-tratamiento-de-los-movimientos-sacadicos-oculares\\\/#primaryimage\"},\"thumbnailUrl\":\"https:\\\/\\\/www.acotv.org\\\/wp-content\\\/uploads\\\/Disseny-ACOTV2025_6_-e1739276040679.jpg\",\"datePublished\":\"2025-02-11T11:40:18+00:00\",\"dateModified\":\"2025-04-01T16:36:10+00:00\",\"author\":{\"@id\":\"https:\\\/\\\/www.acotv.org\\\/ca\\\/#\\\/schema\\\/person\\\/0de470fec1dbf9785a7343042d765744\"},\"breadcrumb\":{\"@id\":\"https:\\\/\\\/www.acotv.org\\\/es\\\/evaluacion-y-tratamiento-de-los-movimientos-sacadicos-oculares\\\/#breadcrumb\"},\"inLanguage\":\"es\",\"potentialAction\":[{\"@type\":\"ReadAction\",\"target\":[\"https:\\\/\\\/www.acotv.org\\\/es\\\/evaluacion-y-tratamiento-de-los-movimientos-sacadicos-oculares\\\/\"]}]},{\"@type\":\"ImageObject\",\"inLanguage\":\"es\",\"@id\":\"https:\\\/\\\/www.acotv.org\\\/es\\\/evaluacion-y-tratamiento-de-los-movimientos-sacadicos-oculares\\\/#primaryimage\",\"url\":\"https:\\\/\\\/www.acotv.org\\\/wp-content\\\/uploads\\\/Disseny-ACOTV2025_6_-e1739276040679.jpg\",\"contentUrl\":\"https:\\\/\\\/www.acotv.org\\\/wp-content\\\/uploads\\\/Disseny-ACOTV2025_6_-e1739276040679.jpg\",\"width\":700,\"height\":700},{\"@type\":\"BreadcrumbList\",\"@id\":\"https:\\\/\\\/www.acotv.org\\\/es\\\/evaluacion-y-tratamiento-de-los-movimientos-sacadicos-oculares\\\/#breadcrumb\",\"itemListElement\":[{\"@type\":\"ListItem\",\"position\":1,\"name\":\"Portada\",\"item\":\"https:\\\/\\\/www.acotv.org\\\/es\\\/\"},{\"@type\":\"ListItem\",\"position\":2,\"name\":\"EVALUACI\u00d3N Y TRATAMIENTO DE LOS MOVIMIENTOS SAC\u00c1DICOS OCULARES\"}]},{\"@type\":\"WebSite\",\"@id\":\"https:\\\/\\\/www.acotv.org\\\/ca\\\/#website\",\"url\":\"https:\\\/\\\/www.acotv.org\\\/ca\\\/\",\"name\":\"Asociaci\u00f3n Catalana de Optometr\u00eda y Terapia Visual\",\"description\":\"\",\"potentialAction\":[{\"@type\":\"SearchAction\",\"target\":{\"@type\":\"EntryPoint\",\"urlTemplate\":\"https:\\\/\\\/www.acotv.org\\\/ca\\\/?s={search_term_string}\"},\"query-input\":{\"@type\":\"PropertyValueSpecification\",\"valueRequired\":true,\"valueName\":\"search_term_string\"}}],\"inLanguage\":\"es\"},{\"@type\":\"Person\",\"@id\":\"https:\\\/\\\/www.acotv.org\\\/ca\\\/#\\\/schema\\\/person\\\/0de470fec1dbf9785a7343042d765744\",\"name\":\"ACOTV\",\"image\":{\"@type\":\"ImageObject\",\"inLanguage\":\"es\",\"@id\":\"https:\\\/\\\/www.acotv.org\\\/wp-content\\\/uploads\\\/Logo-petit-150x150.jpg\",\"url\":\"https:\\\/\\\/www.acotv.org\\\/wp-content\\\/uploads\\\/Logo-petit-150x150.jpg\",\"contentUrl\":\"https:\\\/\\\/www.acotv.org\\\/wp-content\\\/uploads\\\/Logo-petit-150x150.jpg\",\"caption\":\"ACOTV\"},\"url\":\"https:\\\/\\\/www.acotv.org\\\/es\\\/author\\\/acotv\\\/\"}]}<\/script>\n<!-- \/ Yoast SEO plugin. -->","yoast_head_json":{"title":"EVALUACI\u00d3N Y TRATAMIENTO DE LOS MOVIMIENTOS SAC\u00c1DICOS OCULARES - Asociaci\u00f3n Catalana de Optometr\u00eda y Terapia Visual","robots":{"index":"index","follow":"follow","max-snippet":"max-snippet:-1","max-image-preview":"max-image-preview:large","max-video-preview":"max-video-preview:-1"},"canonical":"https:\/\/www.acotv.org\/es\/evaluacion-y-tratamiento-de-los-movimientos-sacadicos-oculares\/","og_locale":"es_ES","og_type":"article","og_title":"EVALUACI\u00d3N Y TRATAMIENTO DE LOS MOVIMIENTOS SAC\u00c1DICOS OCULARES - Asociaci\u00f3n Catalana de Optometr\u00eda y Terapia Visual","og_description":"En este art\u00edculo exploramos la evaluaci\u00f3n y el tratamiento de los movimientos sac\u00e1dicos oculares desde una perspectiva neurol\u00f3gica. Una visi\u00f3n pr\u00e1ctica y fundamentada que puede enriquecer y fortalecer la intervenci\u00f3n cl\u00ednica en Terapia Visual.","og_url":"https:\/\/www.acotv.org\/es\/evaluacion-y-tratamiento-de-los-movimientos-sacadicos-oculares\/","og_site_name":"Asociaci\u00f3n Catalana de Optometr\u00eda y Terapia Visual","article_published_time":"2025-02-11T11:40:18+00:00","article_modified_time":"2025-04-01T16:36:10+00:00","og_image":[{"width":700,"height":700,"url":"https:\/\/www.acotv.org\/wp-content\/uploads\/Disseny-ACOTV2025_6_-e1739276040679.jpg","type":"image\/jpeg"}],"author":"ACOTV","twitter_card":"summary_large_image","twitter_misc":{"Escrito por":"ACOTV","Tiempo de lectura":"9 minutos"},"schema":{"@context":"https:\/\/schema.org","@graph":[{"@type":"Article","@id":"https:\/\/www.acotv.org\/es\/evaluacion-y-tratamiento-de-los-movimientos-sacadicos-oculares\/#article","isPartOf":{"@id":"https:\/\/www.acotv.org\/es\/evaluacion-y-tratamiento-de-los-movimientos-sacadicos-oculares\/"},"author":{"name":"ACOTV","@id":"https:\/\/www.acotv.org\/ca\/#\/schema\/person\/0de470fec1dbf9785a7343042d765744"},"headline":"EVALUACI\u00d3N Y TRATAMIENTO DE LOS MOVIMIENTOS SAC\u00c1DICOS OCULARES","datePublished":"2025-02-11T11:40:18+00:00","dateModified":"2025-04-01T16:36:10+00:00","mainEntityOfPage":{"@id":"https:\/\/www.acotv.org\/es\/evaluacion-y-tratamiento-de-los-movimientos-sacadicos-oculares\/"},"wordCount":1770,"commentCount":0,"image":{"@id":"https:\/\/www.acotv.org\/es\/evaluacion-y-tratamiento-de-los-movimientos-sacadicos-oculares\/#primaryimage"},"thumbnailUrl":"https:\/\/www.acotv.org\/wp-content\/uploads\/Disseny-ACOTV2025_6_-e1739276040679.jpg","keywords":["Optometria","problemasdeaprendizaje","TerapiaVisual"],"articleSection":["Blog"],"inLanguage":"es","potentialAction":[{"@type":"CommentAction","name":"Comment","target":["https:\/\/www.acotv.org\/es\/evaluacion-y-tratamiento-de-los-movimientos-sacadicos-oculares\/#respond"]}]},{"@type":"WebPage","@id":"https:\/\/www.acotv.org\/es\/evaluacion-y-tratamiento-de-los-movimientos-sacadicos-oculares\/","url":"https:\/\/www.acotv.org\/es\/evaluacion-y-tratamiento-de-los-movimientos-sacadicos-oculares\/","name":"EVALUACI\u00d3N Y TRATAMIENTO DE LOS MOVIMIENTOS SAC\u00c1DICOS OCULARES - Asociaci\u00f3n Catalana de Optometr\u00eda y Terapia Visual","isPartOf":{"@id":"https:\/\/www.acotv.org\/ca\/#website"},"primaryImageOfPage":{"@id":"https:\/\/www.acotv.org\/es\/evaluacion-y-tratamiento-de-los-movimientos-sacadicos-oculares\/#primaryimage"},"image":{"@id":"https:\/\/www.acotv.org\/es\/evaluacion-y-tratamiento-de-los-movimientos-sacadicos-oculares\/#primaryimage"},"thumbnailUrl":"https:\/\/www.acotv.org\/wp-content\/uploads\/Disseny-ACOTV2025_6_-e1739276040679.jpg","datePublished":"2025-02-11T11:40:18+00:00","dateModified":"2025-04-01T16:36:10+00:00","author":{"@id":"https:\/\/www.acotv.org\/ca\/#\/schema\/person\/0de470fec1dbf9785a7343042d765744"},"breadcrumb":{"@id":"https:\/\/www.acotv.org\/es\/evaluacion-y-tratamiento-de-los-movimientos-sacadicos-oculares\/#breadcrumb"},"inLanguage":"es","potentialAction":[{"@type":"ReadAction","target":["https:\/\/www.acotv.org\/es\/evaluacion-y-tratamiento-de-los-movimientos-sacadicos-oculares\/"]}]},{"@type":"ImageObject","inLanguage":"es","@id":"https:\/\/www.acotv.org\/es\/evaluacion-y-tratamiento-de-los-movimientos-sacadicos-oculares\/#primaryimage","url":"https:\/\/www.acotv.org\/wp-content\/uploads\/Disseny-ACOTV2025_6_-e1739276040679.jpg","contentUrl":"https:\/\/www.acotv.org\/wp-content\/uploads\/Disseny-ACOTV2025_6_-e1739276040679.jpg","width":700,"height":700},{"@type":"BreadcrumbList","@id":"https:\/\/www.acotv.org\/es\/evaluacion-y-tratamiento-de-los-movimientos-sacadicos-oculares\/#breadcrumb","itemListElement":[{"@type":"ListItem","position":1,"name":"Portada","item":"https:\/\/www.acotv.org\/es\/"},{"@type":"ListItem","position":2,"name":"EVALUACI\u00d3N Y TRATAMIENTO DE LOS MOVIMIENTOS SAC\u00c1DICOS OCULARES"}]},{"@type":"WebSite","@id":"https:\/\/www.acotv.org\/ca\/#website","url":"https:\/\/www.acotv.org\/ca\/","name":"Asociaci\u00f3n Catalana de Optometr\u00eda y Terapia Visual","description":"","potentialAction":[{"@type":"SearchAction","target":{"@type":"EntryPoint","urlTemplate":"https:\/\/www.acotv.org\/ca\/?s={search_term_string}"},"query-input":{"@type":"PropertyValueSpecification","valueRequired":true,"valueName":"search_term_string"}}],"inLanguage":"es"},{"@type":"Person","@id":"https:\/\/www.acotv.org\/ca\/#\/schema\/person\/0de470fec1dbf9785a7343042d765744","name":"ACOTV","image":{"@type":"ImageObject","inLanguage":"es","@id":"https:\/\/www.acotv.org\/wp-content\/uploads\/Logo-petit-150x150.jpg","url":"https:\/\/www.acotv.org\/wp-content\/uploads\/Logo-petit-150x150.jpg","contentUrl":"https:\/\/www.acotv.org\/wp-content\/uploads\/Logo-petit-150x150.jpg","caption":"ACOTV"},"url":"https:\/\/www.acotv.org\/es\/author\/acotv\/"}]}},"_links":{"self":[{"href":"https:\/\/www.acotv.org\/es\/wp-json\/wp\/v2\/posts\/12375","targetHints":{"allow":["GET"]}}],"collection":[{"href":"https:\/\/www.acotv.org\/es\/wp-json\/wp\/v2\/posts"}],"about":[{"href":"https:\/\/www.acotv.org\/es\/wp-json\/wp\/v2\/types\/post"}],"author":[{"embeddable":true,"href":"https:\/\/www.acotv.org\/es\/wp-json\/wp\/v2\/users\/2"}],"replies":[{"embeddable":true,"href":"https:\/\/www.acotv.org\/es\/wp-json\/wp\/v2\/comments?post=12375"}],"version-history":[{"count":3,"href":"https:\/\/www.acotv.org\/es\/wp-json\/wp\/v2\/posts\/12375\/revisions"}],"predecessor-version":[{"id":12386,"href":"https:\/\/www.acotv.org\/es\/wp-json\/wp\/v2\/posts\/12375\/revisions\/12386"}],"wp:featuredmedia":[{"embeddable":true,"href":"https:\/\/www.acotv.org\/es\/wp-json\/wp\/v2\/media\/12379"}],"wp:attachment":[{"href":"https:\/\/www.acotv.org\/es\/wp-json\/wp\/v2\/media?parent=12375"}],"wp:term":[{"taxonomy":"category","embeddable":true,"href":"https:\/\/www.acotv.org\/es\/wp-json\/wp\/v2\/categories?post=12375"},{"taxonomy":"post_tag","embeddable":true,"href":"https:\/\/www.acotv.org\/es\/wp-json\/wp\/v2\/tags?post=12375"}],"curies":[{"name":"wp","href":"https:\/\/api.w.org\/{rel}","templated":true}]}}