{"id":11948,"date":"2024-10-04T16:43:00","date_gmt":"2024-10-04T14:43:00","guid":{"rendered":"https:\/\/www.acotv.org\/interaccio-amb-les-escoles-pilot-del-projecte-de-prevencio-en-salut-visual-de-lacotv\/"},"modified":"2024-10-09T12:46:02","modified_gmt":"2024-10-09T10:46:02","slug":"interaccio-amb-les-escoles-pilot-del-projecte-de-prevencio-en-salut-visual-de-lacotv","status":"publish","type":"post","link":"https:\/\/www.acotv.org\/es\/interaccio-amb-les-escoles-pilot-del-projecte-de-prevencio-en-salut-visual-de-lacotv\/","title":{"rendered":"Interacci\u00f3n con las escuelas piloto del proyecto de prevenci\u00f3n en salud visual de la ACOTV"},"content":{"rendered":"\n<p class=\"wp-block-paragraph\">Con la reanudaci\u00f3n del curso escolar, las optometristas colaboradoras del<strong> Proyecto de prevenci\u00f3n en salud visual en las escuelas<\/strong> han reactivado sus contactos con los centros educativos para continuar las sesiones informativas con los equipos directivos. Los encuentros presenciales son una pieza clave para mantener el seguimiento del proyecto, compartir los progresos y resolver las dudas del equipo docente de forma cercana e interactiva.<\/p>\n\n\n\n<p class=\"wp-block-paragraph\">Durante las sesiones, se presenta la evoluci\u00f3n del proyecto, se revisan los resultados obtenidos hasta ahora y se tratan posibles ajustes para mejorar la eficacia de la prevenci\u00f3n visual en el \u00e1mbito escolar. As\u00ed, se sigue construyendo un di\u00e1logo fluido con las escuelas, alineado con los objetivos iniciales del proyecto, reforzando la colaboraci\u00f3n entre el personal educativo y los profesionales de la salud visual.<\/p>\n\n\n\n<p class=\"wp-block-paragraph\">Las escuelas participantes est\u00e1n distribuidas por las cuatro provincias catalanas y representan una gran diversidad de perfiles: desde peque\u00f1os centros rurales hasta grandes escuelas concertadas, pasando por escuelas p\u00fablicas con distintas l\u00edneas educativas. Una variedad que permite al proyecto recoger y analizar una amplia gama de situaciones y necesidades, lo que enriquece los resultados finales y ofrece una visi\u00f3n m\u00e1s completa de la realidad escolar en lo que respecta a la salud visual.<\/p>\n\n\n\n<p class=\"wp-block-paragraph\">La diversidad de contextos educativos supone un valor a\u00f1adido, puesto que permite adaptar las estrategias preventivas a las particularidades de cada centro y ofrecer soluciones adecuadas a cada tipo de alumnado y equipo de trabajo. El proyecto, por tanto, no s\u00f3lo tiene como objetivo la detecci\u00f3n precoz de problemas visuales, sino tambi\u00e9n la creaci\u00f3n de un modelo de colaboraci\u00f3n efectiva entre el mundo educativo y la optometr\u00eda.<\/p>\n\n\n\n<p class=\"wp-block-paragraph\">La continuidad de estas sesiones de feedback con las escuelas es fundamental para garantizar que la salud visual se convierta en una prioridad dentro del entorno educativo y para asegurar que los alumnos dispongan de las mejores condiciones visuales para su aprendizaje y bienestar.<\/p>\n","protected":false},"excerpt":{"rendered":"<p>Con la reanudaci\u00f3n del curso escolar, las optometristas colaboradoras del Proyecto de prevenci\u00f3n en salud visual en las escuelas han reactivado sus contactos con los centros educativos para continuar las sesiones informativas con los equipos directivos.<\/p>\n","protected":false},"author":2,"featured_media":11817,"comment_status":"open","ping_status":"open","sticky":false,"template":"","format":"standard","meta":{"ocean_front_end_style_editor":"no","ocean_post_layout":"","ocean_both_sidebars_style":"","ocean_both_sidebars_content_width":0,"ocean_both_sidebars_sidebars_width":0,"ocean_sidebar":"","ocean_second_sidebar":"","ocean_disable_margins":"enable","ocean_add_body_class":"","ocean_shortcode_before_top_bar":"","ocean_shortcode_after_top_bar":"","ocean_shortcode_before_header":"","ocean_shortcode_after_header":"","ocean_has_shortcode":"","ocean_shortcode_after_title":"","ocean_shortcode_before_footer_widgets":"","ocean_shortcode_after_footer_widgets":"","ocean_shortcode_before_footer_bottom":"","ocean_shortcode_after_footer_bottom":"","ocean_display_top_bar":"default","ocean_display_header":"default","ocean_header_style":"","ocean_center_header_left_menu":"","ocean_custom_header_template":"","ocean_custom_logo":0,"ocean_custom_retina_logo":0,"ocean_custom_logo_max_width":0,"ocean_custom_logo_tablet_max_width":0,"ocean_custom_logo_mobile_max_width":0,"ocean_custom_logo_max_height":0,"ocean_custom_logo_tablet_max_height":0,"ocean_custom_logo_mobile_max_height":0,"ocean_header_custom_menu":"","ocean_menu_typo_font_family":"","ocean_menu_typo_font_subset":"","ocean_menu_typo_font_size":0,"ocean_menu_typo_font_size_tablet":0,"ocean_menu_typo_font_size_mobile":0,"ocean_menu_typo_font_size_unit":"px","ocean_menu_typo_font_weight":"","ocean_menu_typo_font_weight_tablet":"","ocean_menu_typo_font_weight_mobile":"","ocean_menu_typo_transform":"","ocean_menu_typo_transform_tablet":"","ocean_menu_typo_transform_mobile":"","ocean_menu_typo_line_height":0,"ocean_menu_typo_line_height_tablet":0,"ocean_menu_typo_line_height_mobile":0,"ocean_menu_typo_line_height_unit":"","ocean_menu_typo_spacing":0,"ocean_menu_typo_spacing_tablet":0,"ocean_menu_typo_spacing_mobile":0,"ocean_menu_typo_spacing_unit":"","ocean_menu_link_color":"","ocean_menu_link_color_hover":"","ocean_menu_link_color_active":"","ocean_menu_link_background":"","ocean_menu_link_hover_background":"","ocean_menu_link_active_background":"","ocean_menu_social_links_bg":"","ocean_menu_social_hover_links_bg":"","ocean_menu_social_links_color":"","ocean_menu_social_hover_links_color":"","ocean_disable_title":"default","ocean_disable_heading":"default","ocean_post_title":"","ocean_post_subheading":"","ocean_post_title_style":"","ocean_post_title_background_color":"","ocean_post_title_background":0,"ocean_post_title_bg_image_position":"","ocean_post_title_bg_image_attachment":"","ocean_post_title_bg_image_repeat":"","ocean_post_title_bg_image_size":"","ocean_post_title_height":0,"ocean_post_title_bg_overlay":0.5,"ocean_post_title_bg_overlay_color":"","ocean_disable_breadcrumbs":"default","ocean_breadcrumbs_color":"","ocean_breadcrumbs_separator_color":"","ocean_breadcrumbs_links_color":"","ocean_breadcrumbs_links_hover_color":"","ocean_display_footer_widgets":"default","ocean_display_footer_bottom":"default","ocean_custom_footer_template":"","ocean_post_oembed":"","ocean_post_self_hosted_media":"","ocean_post_video_embed":"","ocean_link_format":"","ocean_link_format_target":"self","ocean_quote_format":"","ocean_quote_format_link":"post","ocean_gallery_link_images":"on","ocean_gallery_id":[],"footnotes":""},"categories":[8],"tags":[53,301,182,210,56],"class_list":["post-11948","post","type-post","status-publish","format-standard","has-post-thumbnail","hentry","category-noticias","tag-saludvisual","tag-trabajoengrupo-problemasdeaprendizaje","tag-colaboraciones","tag-proyectos","tag-trabajoengrupo","entry","has-media"],"yoast_head":"<!-- This site is optimized with the Yoast SEO plugin v28.4 - https:\/\/yoast.com\/product\/yoast-seo-wordpress\/ -->\n<title>Interacci\u00f3n con las escuelas piloto del proyecto de prevenci\u00f3n en salud visual de la ACOTV - Asociaci\u00f3n Catalana de Optometr\u00eda y Terapia Visual<\/title>\n<meta name=\"robots\" content=\"index, follow, max-snippet:-1, max-image-preview:large, max-video-preview:-1\" \/>\n<link rel=\"canonical\" href=\"https:\/\/www.acotv.org\/es\/interaccio-amb-les-escoles-pilot-del-projecte-de-prevencio-en-salut-visual-de-lacotv\/\" \/>\n<meta property=\"og:locale\" content=\"es_ES\" \/>\n<meta property=\"og:type\" content=\"article\" \/>\n<meta property=\"og:title\" content=\"Interacci\u00f3n con las escuelas piloto del proyecto de prevenci\u00f3n en salud visual de la ACOTV - Asociaci\u00f3n Catalana de Optometr\u00eda y Terapia Visual\" \/>\n<meta property=\"og:description\" content=\"Con la reanudaci\u00f3n del curso escolar, las optometristas colaboradoras del Proyecto de prevenci\u00f3n en salud visual en las escuelas han reactivado sus contactos con los centros educativos para continuar las sesiones informativas con los equipos directivos.\" \/>\n<meta property=\"og:url\" content=\"https:\/\/www.acotv.org\/es\/interaccio-amb-les-escoles-pilot-del-projecte-de-prevencio-en-salut-visual-de-lacotv\/\" \/>\n<meta property=\"og:site_name\" content=\"Asociaci\u00f3n Catalana de Optometr\u00eda y Terapia Visual\" \/>\n<meta property=\"article:published_time\" content=\"2024-10-04T14:43:00+00:00\" \/>\n<meta property=\"article:modified_time\" content=\"2024-10-09T10:46:02+00:00\" \/>\n<meta property=\"og:image\" content=\"https:\/\/www.acotv.org\/wp-content\/uploads\/ProjecteEscoles3T.jpg\" \/>\n\t<meta property=\"og:image:width\" content=\"1080\" \/>\n\t<meta property=\"og:image:height\" content=\"1080\" \/>\n\t<meta property=\"og:image:type\" content=\"image\/jpeg\" \/>\n<meta name=\"author\" content=\"ACOTV\" \/>\n<meta name=\"twitter:card\" content=\"summary_large_image\" \/>\n<meta name=\"twitter:label1\" content=\"Escrito por\" \/>\n\t<meta name=\"twitter:data1\" content=\"ACOTV\" \/>\n\t<meta name=\"twitter:label2\" content=\"Tiempo de lectura\" \/>\n\t<meta name=\"twitter:data2\" content=\"2 minutos\" \/>\n<script type=\"application\/ld+json\" class=\"yoast-schema-graph\">{\"@context\":\"https:\\\/\\\/schema.org\",\"@graph\":[{\"@type\":\"Article\",\"@id\":\"https:\\\/\\\/www.acotv.org\\\/es\\\/interaccio-amb-les-escoles-pilot-del-projecte-de-prevencio-en-salut-visual-de-lacotv\\\/#article\",\"isPartOf\":{\"@id\":\"https:\\\/\\\/www.acotv.org\\\/es\\\/interaccio-amb-les-escoles-pilot-del-projecte-de-prevencio-en-salut-visual-de-lacotv\\\/\"},\"author\":{\"name\":\"ACOTV\",\"@id\":\"https:\\\/\\\/www.acotv.org\\\/ca\\\/#\\\/schema\\\/person\\\/0de470fec1dbf9785a7343042d765744\"},\"headline\":\"Interacci\u00f3n con las escuelas piloto del proyecto de prevenci\u00f3n en salud visual de la ACOTV\",\"datePublished\":\"2024-10-04T14:43:00+00:00\",\"dateModified\":\"2024-10-09T10:46:02+00:00\",\"mainEntityOfPage\":{\"@id\":\"https:\\\/\\\/www.acotv.org\\\/es\\\/interaccio-amb-les-escoles-pilot-del-projecte-de-prevencio-en-salut-visual-de-lacotv\\\/\"},\"wordCount\":348,\"commentCount\":0,\"image\":{\"@id\":\"https:\\\/\\\/www.acotv.org\\\/es\\\/interaccio-amb-les-escoles-pilot-del-projecte-de-prevencio-en-salut-visual-de-lacotv\\\/#primaryimage\"},\"thumbnailUrl\":\"https:\\\/\\\/www.acotv.org\\\/wp-content\\\/uploads\\\/ProjecteEscoles3T.jpg\",\"keywords\":[\"#saludvisual\",\"#trabajoengrupo #problemasdeaprendizaje\",\"Colaboraciones\",\"proyectos\",\"trabajoengrupo\"],\"articleSection\":[\"Noticias\"],\"inLanguage\":\"es\",\"potentialAction\":[{\"@type\":\"CommentAction\",\"name\":\"Comment\",\"target\":[\"https:\\\/\\\/www.acotv.org\\\/es\\\/interaccio-amb-les-escoles-pilot-del-projecte-de-prevencio-en-salut-visual-de-lacotv\\\/#respond\"]}]},{\"@type\":\"WebPage\",\"@id\":\"https:\\\/\\\/www.acotv.org\\\/es\\\/interaccio-amb-les-escoles-pilot-del-projecte-de-prevencio-en-salut-visual-de-lacotv\\\/\",\"url\":\"https:\\\/\\\/www.acotv.org\\\/es\\\/interaccio-amb-les-escoles-pilot-del-projecte-de-prevencio-en-salut-visual-de-lacotv\\\/\",\"name\":\"Interacci\u00f3n con las escuelas piloto del proyecto de prevenci\u00f3n en salud visual de la ACOTV - Asociaci\u00f3n Catalana de Optometr\u00eda y Terapia Visual\",\"isPartOf\":{\"@id\":\"https:\\\/\\\/www.acotv.org\\\/ca\\\/#website\"},\"primaryImageOfPage\":{\"@id\":\"https:\\\/\\\/www.acotv.org\\\/es\\\/interaccio-amb-les-escoles-pilot-del-projecte-de-prevencio-en-salut-visual-de-lacotv\\\/#primaryimage\"},\"image\":{\"@id\":\"https:\\\/\\\/www.acotv.org\\\/es\\\/interaccio-amb-les-escoles-pilot-del-projecte-de-prevencio-en-salut-visual-de-lacotv\\\/#primaryimage\"},\"thumbnailUrl\":\"https:\\\/\\\/www.acotv.org\\\/wp-content\\\/uploads\\\/ProjecteEscoles3T.jpg\",\"datePublished\":\"2024-10-04T14:43:00+00:00\",\"dateModified\":\"2024-10-09T10:46:02+00:00\",\"author\":{\"@id\":\"https:\\\/\\\/www.acotv.org\\\/ca\\\/#\\\/schema\\\/person\\\/0de470fec1dbf9785a7343042d765744\"},\"breadcrumb\":{\"@id\":\"https:\\\/\\\/www.acotv.org\\\/es\\\/interaccio-amb-les-escoles-pilot-del-projecte-de-prevencio-en-salut-visual-de-lacotv\\\/#breadcrumb\"},\"inLanguage\":\"es\",\"potentialAction\":[{\"@type\":\"ReadAction\",\"target\":[\"https:\\\/\\\/www.acotv.org\\\/es\\\/interaccio-amb-les-escoles-pilot-del-projecte-de-prevencio-en-salut-visual-de-lacotv\\\/\"]}]},{\"@type\":\"ImageObject\",\"inLanguage\":\"es\",\"@id\":\"https:\\\/\\\/www.acotv.org\\\/es\\\/interaccio-amb-les-escoles-pilot-del-projecte-de-prevencio-en-salut-visual-de-lacotv\\\/#primaryimage\",\"url\":\"https:\\\/\\\/www.acotv.org\\\/wp-content\\\/uploads\\\/ProjecteEscoles3T.jpg\",\"contentUrl\":\"https:\\\/\\\/www.acotv.org\\\/wp-content\\\/uploads\\\/ProjecteEscoles3T.jpg\",\"width\":1080,\"height\":1080},{\"@type\":\"BreadcrumbList\",\"@id\":\"https:\\\/\\\/www.acotv.org\\\/es\\\/interaccio-amb-les-escoles-pilot-del-projecte-de-prevencio-en-salut-visual-de-lacotv\\\/#breadcrumb\",\"itemListElement\":[{\"@type\":\"ListItem\",\"position\":1,\"name\":\"Portada\",\"item\":\"https:\\\/\\\/www.acotv.org\\\/es\\\/\"},{\"@type\":\"ListItem\",\"position\":2,\"name\":\"Interacci\u00f3n con las escuelas piloto del proyecto de prevenci\u00f3n en salud visual de la ACOTV\"}]},{\"@type\":\"WebSite\",\"@id\":\"https:\\\/\\\/www.acotv.org\\\/ca\\\/#website\",\"url\":\"https:\\\/\\\/www.acotv.org\\\/ca\\\/\",\"name\":\"Asociaci\u00f3n Catalana de Optometr\u00eda y Terapia Visual\",\"description\":\"\",\"potentialAction\":[{\"@type\":\"SearchAction\",\"target\":{\"@type\":\"EntryPoint\",\"urlTemplate\":\"https:\\\/\\\/www.acotv.org\\\/ca\\\/?s={search_term_string}\"},\"query-input\":{\"@type\":\"PropertyValueSpecification\",\"valueRequired\":true,\"valueName\":\"search_term_string\"}}],\"inLanguage\":\"es\"},{\"@type\":\"Person\",\"@id\":\"https:\\\/\\\/www.acotv.org\\\/ca\\\/#\\\/schema\\\/person\\\/0de470fec1dbf9785a7343042d765744\",\"name\":\"ACOTV\",\"image\":{\"@type\":\"ImageObject\",\"inLanguage\":\"es\",\"@id\":\"https:\\\/\\\/www.acotv.org\\\/wp-content\\\/uploads\\\/Logo-petit-150x150.jpg\",\"url\":\"https:\\\/\\\/www.acotv.org\\\/wp-content\\\/uploads\\\/Logo-petit-150x150.jpg\",\"contentUrl\":\"https:\\\/\\\/www.acotv.org\\\/wp-content\\\/uploads\\\/Logo-petit-150x150.jpg\",\"caption\":\"ACOTV\"},\"url\":\"https:\\\/\\\/www.acotv.org\\\/es\\\/author\\\/acotv\\\/\"}]}<\/script>\n<!-- \/ Yoast SEO plugin. -->","yoast_head_json":{"title":"Interacci\u00f3n con las escuelas piloto del proyecto de prevenci\u00f3n en salud visual de la ACOTV - Asociaci\u00f3n Catalana de Optometr\u00eda y Terapia Visual","robots":{"index":"index","follow":"follow","max-snippet":"max-snippet:-1","max-image-preview":"max-image-preview:large","max-video-preview":"max-video-preview:-1"},"canonical":"https:\/\/www.acotv.org\/es\/interaccio-amb-les-escoles-pilot-del-projecte-de-prevencio-en-salut-visual-de-lacotv\/","og_locale":"es_ES","og_type":"article","og_title":"Interacci\u00f3n con las escuelas piloto del proyecto de prevenci\u00f3n en salud visual de la ACOTV - Asociaci\u00f3n Catalana de Optometr\u00eda y Terapia Visual","og_description":"Con la reanudaci\u00f3n del curso escolar, las optometristas colaboradoras del Proyecto de prevenci\u00f3n en salud visual en las escuelas han reactivado sus contactos con los centros educativos para continuar las sesiones informativas con los equipos directivos.","og_url":"https:\/\/www.acotv.org\/es\/interaccio-amb-les-escoles-pilot-del-projecte-de-prevencio-en-salut-visual-de-lacotv\/","og_site_name":"Asociaci\u00f3n Catalana de Optometr\u00eda y Terapia Visual","article_published_time":"2024-10-04T14:43:00+00:00","article_modified_time":"2024-10-09T10:46:02+00:00","og_image":[{"width":1080,"height":1080,"url":"https:\/\/www.acotv.org\/wp-content\/uploads\/ProjecteEscoles3T.jpg","type":"image\/jpeg"}],"author":"ACOTV","twitter_card":"summary_large_image","twitter_misc":{"Escrito por":"ACOTV","Tiempo de lectura":"2 minutos"},"schema":{"@context":"https:\/\/schema.org","@graph":[{"@type":"Article","@id":"https:\/\/www.acotv.org\/es\/interaccio-amb-les-escoles-pilot-del-projecte-de-prevencio-en-salut-visual-de-lacotv\/#article","isPartOf":{"@id":"https:\/\/www.acotv.org\/es\/interaccio-amb-les-escoles-pilot-del-projecte-de-prevencio-en-salut-visual-de-lacotv\/"},"author":{"name":"ACOTV","@id":"https:\/\/www.acotv.org\/ca\/#\/schema\/person\/0de470fec1dbf9785a7343042d765744"},"headline":"Interacci\u00f3n con las escuelas piloto del proyecto de prevenci\u00f3n en salud visual de la ACOTV","datePublished":"2024-10-04T14:43:00+00:00","dateModified":"2024-10-09T10:46:02+00:00","mainEntityOfPage":{"@id":"https:\/\/www.acotv.org\/es\/interaccio-amb-les-escoles-pilot-del-projecte-de-prevencio-en-salut-visual-de-lacotv\/"},"wordCount":348,"commentCount":0,"image":{"@id":"https:\/\/www.acotv.org\/es\/interaccio-amb-les-escoles-pilot-del-projecte-de-prevencio-en-salut-visual-de-lacotv\/#primaryimage"},"thumbnailUrl":"https:\/\/www.acotv.org\/wp-content\/uploads\/ProjecteEscoles3T.jpg","keywords":["#saludvisual","#trabajoengrupo #problemasdeaprendizaje","Colaboraciones","proyectos","trabajoengrupo"],"articleSection":["Noticias"],"inLanguage":"es","potentialAction":[{"@type":"CommentAction","name":"Comment","target":["https:\/\/www.acotv.org\/es\/interaccio-amb-les-escoles-pilot-del-projecte-de-prevencio-en-salut-visual-de-lacotv\/#respond"]}]},{"@type":"WebPage","@id":"https:\/\/www.acotv.org\/es\/interaccio-amb-les-escoles-pilot-del-projecte-de-prevencio-en-salut-visual-de-lacotv\/","url":"https:\/\/www.acotv.org\/es\/interaccio-amb-les-escoles-pilot-del-projecte-de-prevencio-en-salut-visual-de-lacotv\/","name":"Interacci\u00f3n con las escuelas piloto del proyecto de prevenci\u00f3n en salud visual de la ACOTV - Asociaci\u00f3n Catalana de Optometr\u00eda y Terapia Visual","isPartOf":{"@id":"https:\/\/www.acotv.org\/ca\/#website"},"primaryImageOfPage":{"@id":"https:\/\/www.acotv.org\/es\/interaccio-amb-les-escoles-pilot-del-projecte-de-prevencio-en-salut-visual-de-lacotv\/#primaryimage"},"image":{"@id":"https:\/\/www.acotv.org\/es\/interaccio-amb-les-escoles-pilot-del-projecte-de-prevencio-en-salut-visual-de-lacotv\/#primaryimage"},"thumbnailUrl":"https:\/\/www.acotv.org\/wp-content\/uploads\/ProjecteEscoles3T.jpg","datePublished":"2024-10-04T14:43:00+00:00","dateModified":"2024-10-09T10:46:02+00:00","author":{"@id":"https:\/\/www.acotv.org\/ca\/#\/schema\/person\/0de470fec1dbf9785a7343042d765744"},"breadcrumb":{"@id":"https:\/\/www.acotv.org\/es\/interaccio-amb-les-escoles-pilot-del-projecte-de-prevencio-en-salut-visual-de-lacotv\/#breadcrumb"},"inLanguage":"es","potentialAction":[{"@type":"ReadAction","target":["https:\/\/www.acotv.org\/es\/interaccio-amb-les-escoles-pilot-del-projecte-de-prevencio-en-salut-visual-de-lacotv\/"]}]},{"@type":"ImageObject","inLanguage":"es","@id":"https:\/\/www.acotv.org\/es\/interaccio-amb-les-escoles-pilot-del-projecte-de-prevencio-en-salut-visual-de-lacotv\/#primaryimage","url":"https:\/\/www.acotv.org\/wp-content\/uploads\/ProjecteEscoles3T.jpg","contentUrl":"https:\/\/www.acotv.org\/wp-content\/uploads\/ProjecteEscoles3T.jpg","width":1080,"height":1080},{"@type":"BreadcrumbList","@id":"https:\/\/www.acotv.org\/es\/interaccio-amb-les-escoles-pilot-del-projecte-de-prevencio-en-salut-visual-de-lacotv\/#breadcrumb","itemListElement":[{"@type":"ListItem","position":1,"name":"Portada","item":"https:\/\/www.acotv.org\/es\/"},{"@type":"ListItem","position":2,"name":"Interacci\u00f3n con las escuelas piloto del proyecto de prevenci\u00f3n en salud visual de la ACOTV"}]},{"@type":"WebSite","@id":"https:\/\/www.acotv.org\/ca\/#website","url":"https:\/\/www.acotv.org\/ca\/","name":"Asociaci\u00f3n Catalana de Optometr\u00eda y Terapia Visual","description":"","potentialAction":[{"@type":"SearchAction","target":{"@type":"EntryPoint","urlTemplate":"https:\/\/www.acotv.org\/ca\/?s={search_term_string}"},"query-input":{"@type":"PropertyValueSpecification","valueRequired":true,"valueName":"search_term_string"}}],"inLanguage":"es"},{"@type":"Person","@id":"https:\/\/www.acotv.org\/ca\/#\/schema\/person\/0de470fec1dbf9785a7343042d765744","name":"ACOTV","image":{"@type":"ImageObject","inLanguage":"es","@id":"https:\/\/www.acotv.org\/wp-content\/uploads\/Logo-petit-150x150.jpg","url":"https:\/\/www.acotv.org\/wp-content\/uploads\/Logo-petit-150x150.jpg","contentUrl":"https:\/\/www.acotv.org\/wp-content\/uploads\/Logo-petit-150x150.jpg","caption":"ACOTV"},"url":"https:\/\/www.acotv.org\/es\/author\/acotv\/"}]}},"_links":{"self":[{"href":"https:\/\/www.acotv.org\/es\/wp-json\/wp\/v2\/posts\/11948","targetHints":{"allow":["GET"]}}],"collection":[{"href":"https:\/\/www.acotv.org\/es\/wp-json\/wp\/v2\/posts"}],"about":[{"href":"https:\/\/www.acotv.org\/es\/wp-json\/wp\/v2\/types\/post"}],"author":[{"embeddable":true,"href":"https:\/\/www.acotv.org\/es\/wp-json\/wp\/v2\/users\/2"}],"replies":[{"embeddable":true,"href":"https:\/\/www.acotv.org\/es\/wp-json\/wp\/v2\/comments?post=11948"}],"version-history":[{"count":2,"href":"https:\/\/www.acotv.org\/es\/wp-json\/wp\/v2\/posts\/11948\/revisions"}],"predecessor-version":[{"id":11986,"href":"https:\/\/www.acotv.org\/es\/wp-json\/wp\/v2\/posts\/11948\/revisions\/11986"}],"wp:featuredmedia":[{"embeddable":true,"href":"https:\/\/www.acotv.org\/es\/wp-json\/wp\/v2\/media\/11817"}],"wp:attachment":[{"href":"https:\/\/www.acotv.org\/es\/wp-json\/wp\/v2\/media?parent=11948"}],"wp:term":[{"taxonomy":"category","embeddable":true,"href":"https:\/\/www.acotv.org\/es\/wp-json\/wp\/v2\/categories?post=11948"},{"taxonomy":"post_tag","embeddable":true,"href":"https:\/\/www.acotv.org\/es\/wp-json\/wp\/v2\/tags?post=11948"}],"curies":[{"name":"wp","href":"https:\/\/api.w.org\/{rel}","templated":true}]}}