{"id":10941,"date":"2024-07-01T06:30:00","date_gmt":"2024-07-01T04:30:00","guid":{"rendered":"https:\/\/www.acotv.org\/curs-del-segon-trimestre-sobre-neurodesenvolupament-infantil\/"},"modified":"2024-07-02T18:06:09","modified_gmt":"2024-07-02T16:06:09","slug":"curs-del-segon-trimestre-sobre-neurodesenvolupament-infantil","status":"publish","type":"post","link":"https:\/\/www.acotv.org\/es\/curs-del-segon-trimestre-sobre-neurodesenvolupament-infantil\/","title":{"rendered":"Curso del segundo trimestre sobre Neurodesarrollo Infantil"},"content":{"rendered":"\n<h2 class=\"wp-block-heading\"><mark style=\"background-color:rgba(0, 0, 0, 0)\" class=\"has-inline-color has-vivid-cyan-blue-color\"><strong>Un Aprovechamiento \u00d3ptimo, con Lucila To<\/strong><\/mark><\/h2>\n\n\n\n<p class=\"wp-block-paragraph\">Compartir unas horas de formaci\u00f3n con la excelente comunicadora<mark style=\"background-color:rgba(0, 0, 0, 0)\" class=\"has-inline-color has-vivid-cyan-blue-color\"> Lucila To<\/mark> ha sido un verdadero placer, que nos ha permitido seguir aprendiendo sobre el apasionante mundo del neurodesarrollo infantil.<\/p>\n\n\n\n<p class=\"wp-block-paragraph\">\u00a0El pasado 3 de junio, a trav\u00e9s del curso <strong><mark style=\"background-color:rgba(0, 0, 0, 0)\" class=\"has-inline-color has-vivid-cyan-blue-color\">Desarrollo Visual \u00d3ptimo: Seguimiento y Apoyo para las Etapas Iniciales de la Visi\u00f3n en el Beb\u00e9,<\/mark><\/strong> impartido por el optometrista <mark style=\"background-color:rgba(0, 0, 0, 0)\" class=\"has-inline-color has-vivid-cyan-blue-color\">Lucila To<\/mark>, los participantes adquirieron las herramientas y los conocimientos necesarios para fomentar \u00f3ptimo desarrollo visual, la detecci\u00f3n precoz y el abordaje terap\u00e9utico de los trastornos visuales. El objetivo es reducir la prevalencia de estas afecciones y favorecer el desarrollo visual en los ni\u00f1os.<\/p>\n\n\n\n<p class=\"wp-block-paragraph\">Esta actividad ten\u00eda como objetivos principales revisar los datos de la funcionalidad del sistema visual, obtenidos en el balance optom\u00e9trico de cada etapa durante el primer a\u00f1o de vida. Tambi\u00e9n se buscaba enriquecer la perspectiva cl\u00ednica de los profesionales para promover la \u00f3ptima prevenci\u00f3n y desarrollo visual desde el inicio de la vida, as\u00ed como fomentar la reflexi\u00f3n cr\u00edtica y la integraci\u00f3n del conocimiento te\u00f3rico con la pr\u00e1ctica cl\u00ednica mediante el an\u00e1lisis de casos y la participaci\u00f3n activa de los asistentes.<\/p>\n\n\n\n<p class=\"wp-block-paragraph\">La participaci\u00f3n activa del grupo durante todo el curso fue posible gracias a la excelente capacidad de dinamizaci\u00f3n de Lucila To, quien una vez m\u00e1s demostr\u00f3 su gran labor divulgadora en salud visual. Su habilidad para comunicar y motivar favoreci\u00f3 el desarrollo de la comunicaci\u00f3n como herramienta personal de mejora profesional, enriqueciendo la experiencia educativa de los participantes y reforzando su compromiso con la salud visual infantil.<\/p>\n\n\n\n<p class=\"wp-block-paragraph\"><\/p>\n","protected":false},"excerpt":{"rendered":"<p>Compartir unas horas de formaci\u00f3n con la excelente comunicadora Lucila To ha sido un verdadero placer, que nos ha permitido seguir aprendiendo sobre el apasionante mundo del neurodesarrollo infantil.<\/p>\n","protected":false},"author":2,"featured_media":10886,"comment_status":"open","ping_status":"open","sticky":false,"template":"","format":"standard","meta":{"ocean_front_end_style_editor":"no","ocean_post_layout":"","ocean_both_sidebars_style":"","ocean_both_sidebars_content_width":0,"ocean_both_sidebars_sidebars_width":0,"ocean_sidebar":"","ocean_second_sidebar":"","ocean_disable_margins":"enable","ocean_add_body_class":"","ocean_shortcode_before_top_bar":"","ocean_shortcode_after_top_bar":"","ocean_shortcode_before_header":"","ocean_shortcode_after_header":"","ocean_has_shortcode":"","ocean_shortcode_after_title":"","ocean_shortcode_before_footer_widgets":"","ocean_shortcode_after_footer_widgets":"","ocean_shortcode_before_footer_bottom":"","ocean_shortcode_after_footer_bottom":"","ocean_display_top_bar":"default","ocean_display_header":"default","ocean_header_style":"","ocean_center_header_left_menu":"","ocean_custom_header_template":"","ocean_custom_logo":0,"ocean_custom_retina_logo":0,"ocean_custom_logo_max_width":0,"ocean_custom_logo_tablet_max_width":0,"ocean_custom_logo_mobile_max_width":0,"ocean_custom_logo_max_height":0,"ocean_custom_logo_tablet_max_height":0,"ocean_custom_logo_mobile_max_height":0,"ocean_header_custom_menu":"","ocean_menu_typo_font_family":"","ocean_menu_typo_font_subset":"","ocean_menu_typo_font_size":0,"ocean_menu_typo_font_size_tablet":0,"ocean_menu_typo_font_size_mobile":0,"ocean_menu_typo_font_size_unit":"px","ocean_menu_typo_font_weight":"","ocean_menu_typo_font_weight_tablet":"","ocean_menu_typo_font_weight_mobile":"","ocean_menu_typo_transform":"","ocean_menu_typo_transform_tablet":"","ocean_menu_typo_transform_mobile":"","ocean_menu_typo_line_height":0,"ocean_menu_typo_line_height_tablet":0,"ocean_menu_typo_line_height_mobile":0,"ocean_menu_typo_line_height_unit":"","ocean_menu_typo_spacing":0,"ocean_menu_typo_spacing_tablet":0,"ocean_menu_typo_spacing_mobile":0,"ocean_menu_typo_spacing_unit":"","ocean_menu_link_color":"","ocean_menu_link_color_hover":"","ocean_menu_link_color_active":"","ocean_menu_link_background":"","ocean_menu_link_hover_background":"","ocean_menu_link_active_background":"","ocean_menu_social_links_bg":"","ocean_menu_social_hover_links_bg":"","ocean_menu_social_links_color":"","ocean_menu_social_hover_links_color":"","ocean_disable_title":"default","ocean_disable_heading":"default","ocean_post_title":"","ocean_post_subheading":"","ocean_post_title_style":"","ocean_post_title_background_color":"","ocean_post_title_background":0,"ocean_post_title_bg_image_position":"","ocean_post_title_bg_image_attachment":"","ocean_post_title_bg_image_repeat":"","ocean_post_title_bg_image_size":"","ocean_post_title_height":0,"ocean_post_title_bg_overlay":0.5,"ocean_post_title_bg_overlay_color":"","ocean_disable_breadcrumbs":"default","ocean_breadcrumbs_color":"","ocean_breadcrumbs_separator_color":"","ocean_breadcrumbs_links_color":"","ocean_breadcrumbs_links_hover_color":"","ocean_display_footer_widgets":"default","ocean_display_footer_bottom":"default","ocean_custom_footer_template":"","ocean_post_oembed":"","ocean_post_self_hosted_media":"","ocean_post_video_embed":"","ocean_link_format":"","ocean_link_format_target":"self","ocean_quote_format":"","ocean_quote_format_link":"post","ocean_gallery_link_images":"on","ocean_gallery_id":[],"footnotes":""},"categories":[25],"tags":[121,380,60],"class_list":["post-10941","post","type-post","status-publish","format-standard","has-post-thumbnail","hentry","category-noticies","tag-cursos","tag-formacion-2","tag-optometria","entry","has-media"],"yoast_head":"<!-- This site is optimized with the Yoast SEO plugin v28.4 - https:\/\/yoast.com\/product\/yoast-seo-wordpress\/ -->\n<title>Curso del segundo trimestre sobre Neurodesarrollo Infantil - Asociaci\u00f3n Catalana de Optometr\u00eda y Terapia Visual<\/title>\n<meta name=\"robots\" content=\"index, follow, max-snippet:-1, max-image-preview:large, max-video-preview:-1\" \/>\n<link rel=\"canonical\" href=\"https:\/\/www.acotv.org\/es\/curs-del-segon-trimestre-sobre-neurodesenvolupament-infantil\/\" \/>\n<meta property=\"og:locale\" content=\"es_ES\" \/>\n<meta property=\"og:type\" content=\"article\" \/>\n<meta property=\"og:title\" content=\"Curso del segundo trimestre sobre Neurodesarrollo Infantil - Asociaci\u00f3n Catalana de Optometr\u00eda y Terapia Visual\" \/>\n<meta property=\"og:description\" content=\"Compartir unas horas de formaci\u00f3n con la excelente comunicadora Lucila To ha sido un verdadero placer, que nos ha permitido seguir aprendiendo sobre el apasionante mundo del neurodesarrollo infantil.\" \/>\n<meta property=\"og:url\" content=\"https:\/\/www.acotv.org\/es\/curs-del-segon-trimestre-sobre-neurodesenvolupament-infantil\/\" \/>\n<meta property=\"og:site_name\" content=\"Asociaci\u00f3n Catalana de Optometr\u00eda y Terapia Visual\" \/>\n<meta property=\"article:published_time\" content=\"2024-07-01T04:30:00+00:00\" \/>\n<meta property=\"article:modified_time\" content=\"2024-07-02T16:06:09+00:00\" \/>\n<meta property=\"og:image\" content=\"https:\/\/www.acotv.org\/wp-content\/uploads\/Disseny-ACOTV2024.jpg\" \/>\n\t<meta property=\"og:image:width\" content=\"1080\" \/>\n\t<meta property=\"og:image:height\" content=\"1080\" \/>\n\t<meta property=\"og:image:type\" content=\"image\/jpeg\" \/>\n<meta name=\"author\" content=\"ACOTV\" \/>\n<meta name=\"twitter:card\" content=\"summary_large_image\" \/>\n<meta name=\"twitter:label1\" content=\"Escrito por\" \/>\n\t<meta name=\"twitter:data1\" content=\"ACOTV\" \/>\n\t<meta name=\"twitter:label2\" content=\"Tiempo de lectura\" \/>\n\t<meta name=\"twitter:data2\" content=\"2 minutos\" \/>\n<script type=\"application\/ld+json\" class=\"yoast-schema-graph\">{\"@context\":\"https:\\\/\\\/schema.org\",\"@graph\":[{\"@type\":\"Article\",\"@id\":\"https:\\\/\\\/www.acotv.org\\\/es\\\/curs-del-segon-trimestre-sobre-neurodesenvolupament-infantil\\\/#article\",\"isPartOf\":{\"@id\":\"https:\\\/\\\/www.acotv.org\\\/es\\\/curs-del-segon-trimestre-sobre-neurodesenvolupament-infantil\\\/\"},\"author\":{\"name\":\"ACOTV\",\"@id\":\"https:\\\/\\\/www.acotv.org\\\/ca\\\/#\\\/schema\\\/person\\\/0de470fec1dbf9785a7343042d765744\"},\"headline\":\"Curso del segundo trimestre sobre Neurodesarrollo Infantil\",\"datePublished\":\"2024-07-01T04:30:00+00:00\",\"dateModified\":\"2024-07-02T16:06:09+00:00\",\"mainEntityOfPage\":{\"@id\":\"https:\\\/\\\/www.acotv.org\\\/es\\\/curs-del-segon-trimestre-sobre-neurodesenvolupament-infantil\\\/\"},\"wordCount\":286,\"commentCount\":0,\"image\":{\"@id\":\"https:\\\/\\\/www.acotv.org\\\/es\\\/curs-del-segon-trimestre-sobre-neurodesenvolupament-infantil\\\/#primaryimage\"},\"thumbnailUrl\":\"https:\\\/\\\/www.acotv.org\\\/wp-content\\\/uploads\\\/Disseny-ACOTV2024.jpg\",\"keywords\":[\"#Cursos\",\"formacion\",\"Optometria\"],\"articleSection\":[\"Not\u00edcies\"],\"inLanguage\":\"es\",\"potentialAction\":[{\"@type\":\"CommentAction\",\"name\":\"Comment\",\"target\":[\"https:\\\/\\\/www.acotv.org\\\/es\\\/curs-del-segon-trimestre-sobre-neurodesenvolupament-infantil\\\/#respond\"]}]},{\"@type\":\"WebPage\",\"@id\":\"https:\\\/\\\/www.acotv.org\\\/es\\\/curs-del-segon-trimestre-sobre-neurodesenvolupament-infantil\\\/\",\"url\":\"https:\\\/\\\/www.acotv.org\\\/es\\\/curs-del-segon-trimestre-sobre-neurodesenvolupament-infantil\\\/\",\"name\":\"Curso del segundo trimestre sobre Neurodesarrollo Infantil - Asociaci\u00f3n Catalana de Optometr\u00eda y Terapia Visual\",\"isPartOf\":{\"@id\":\"https:\\\/\\\/www.acotv.org\\\/ca\\\/#website\"},\"primaryImageOfPage\":{\"@id\":\"https:\\\/\\\/www.acotv.org\\\/es\\\/curs-del-segon-trimestre-sobre-neurodesenvolupament-infantil\\\/#primaryimage\"},\"image\":{\"@id\":\"https:\\\/\\\/www.acotv.org\\\/es\\\/curs-del-segon-trimestre-sobre-neurodesenvolupament-infantil\\\/#primaryimage\"},\"thumbnailUrl\":\"https:\\\/\\\/www.acotv.org\\\/wp-content\\\/uploads\\\/Disseny-ACOTV2024.jpg\",\"datePublished\":\"2024-07-01T04:30:00+00:00\",\"dateModified\":\"2024-07-02T16:06:09+00:00\",\"author\":{\"@id\":\"https:\\\/\\\/www.acotv.org\\\/ca\\\/#\\\/schema\\\/person\\\/0de470fec1dbf9785a7343042d765744\"},\"breadcrumb\":{\"@id\":\"https:\\\/\\\/www.acotv.org\\\/es\\\/curs-del-segon-trimestre-sobre-neurodesenvolupament-infantil\\\/#breadcrumb\"},\"inLanguage\":\"es\",\"potentialAction\":[{\"@type\":\"ReadAction\",\"target\":[\"https:\\\/\\\/www.acotv.org\\\/es\\\/curs-del-segon-trimestre-sobre-neurodesenvolupament-infantil\\\/\"]}]},{\"@type\":\"ImageObject\",\"inLanguage\":\"es\",\"@id\":\"https:\\\/\\\/www.acotv.org\\\/es\\\/curs-del-segon-trimestre-sobre-neurodesenvolupament-infantil\\\/#primaryimage\",\"url\":\"https:\\\/\\\/www.acotv.org\\\/wp-content\\\/uploads\\\/Disseny-ACOTV2024.jpg\",\"contentUrl\":\"https:\\\/\\\/www.acotv.org\\\/wp-content\\\/uploads\\\/Disseny-ACOTV2024.jpg\",\"width\":1080,\"height\":1080},{\"@type\":\"BreadcrumbList\",\"@id\":\"https:\\\/\\\/www.acotv.org\\\/es\\\/curs-del-segon-trimestre-sobre-neurodesenvolupament-infantil\\\/#breadcrumb\",\"itemListElement\":[{\"@type\":\"ListItem\",\"position\":1,\"name\":\"Portada\",\"item\":\"https:\\\/\\\/www.acotv.org\\\/es\\\/\"},{\"@type\":\"ListItem\",\"position\":2,\"name\":\"Curso del segundo trimestre sobre Neurodesarrollo Infantil\"}]},{\"@type\":\"WebSite\",\"@id\":\"https:\\\/\\\/www.acotv.org\\\/ca\\\/#website\",\"url\":\"https:\\\/\\\/www.acotv.org\\\/ca\\\/\",\"name\":\"Asociaci\u00f3n Catalana de Optometr\u00eda y Terapia Visual\",\"description\":\"\",\"potentialAction\":[{\"@type\":\"SearchAction\",\"target\":{\"@type\":\"EntryPoint\",\"urlTemplate\":\"https:\\\/\\\/www.acotv.org\\\/ca\\\/?s={search_term_string}\"},\"query-input\":{\"@type\":\"PropertyValueSpecification\",\"valueRequired\":true,\"valueName\":\"search_term_string\"}}],\"inLanguage\":\"es\"},{\"@type\":\"Person\",\"@id\":\"https:\\\/\\\/www.acotv.org\\\/ca\\\/#\\\/schema\\\/person\\\/0de470fec1dbf9785a7343042d765744\",\"name\":\"ACOTV\",\"image\":{\"@type\":\"ImageObject\",\"inLanguage\":\"es\",\"@id\":\"https:\\\/\\\/www.acotv.org\\\/wp-content\\\/uploads\\\/Logo-petit-150x150.jpg\",\"url\":\"https:\\\/\\\/www.acotv.org\\\/wp-content\\\/uploads\\\/Logo-petit-150x150.jpg\",\"contentUrl\":\"https:\\\/\\\/www.acotv.org\\\/wp-content\\\/uploads\\\/Logo-petit-150x150.jpg\",\"caption\":\"ACOTV\"},\"url\":\"https:\\\/\\\/www.acotv.org\\\/es\\\/author\\\/acotv\\\/\"}]}<\/script>\n<!-- \/ Yoast SEO plugin. -->","yoast_head_json":{"title":"Curso del segundo trimestre sobre Neurodesarrollo Infantil - Asociaci\u00f3n Catalana de Optometr\u00eda y Terapia Visual","robots":{"index":"index","follow":"follow","max-snippet":"max-snippet:-1","max-image-preview":"max-image-preview:large","max-video-preview":"max-video-preview:-1"},"canonical":"https:\/\/www.acotv.org\/es\/curs-del-segon-trimestre-sobre-neurodesenvolupament-infantil\/","og_locale":"es_ES","og_type":"article","og_title":"Curso del segundo trimestre sobre Neurodesarrollo Infantil - Asociaci\u00f3n Catalana de Optometr\u00eda y Terapia Visual","og_description":"Compartir unas horas de formaci\u00f3n con la excelente comunicadora Lucila To ha sido un verdadero placer, que nos ha permitido seguir aprendiendo sobre el apasionante mundo del neurodesarrollo infantil.","og_url":"https:\/\/www.acotv.org\/es\/curs-del-segon-trimestre-sobre-neurodesenvolupament-infantil\/","og_site_name":"Asociaci\u00f3n Catalana de Optometr\u00eda y Terapia Visual","article_published_time":"2024-07-01T04:30:00+00:00","article_modified_time":"2024-07-02T16:06:09+00:00","og_image":[{"width":1080,"height":1080,"url":"https:\/\/www.acotv.org\/wp-content\/uploads\/Disseny-ACOTV2024.jpg","type":"image\/jpeg"}],"author":"ACOTV","twitter_card":"summary_large_image","twitter_misc":{"Escrito por":"ACOTV","Tiempo de lectura":"2 minutos"},"schema":{"@context":"https:\/\/schema.org","@graph":[{"@type":"Article","@id":"https:\/\/www.acotv.org\/es\/curs-del-segon-trimestre-sobre-neurodesenvolupament-infantil\/#article","isPartOf":{"@id":"https:\/\/www.acotv.org\/es\/curs-del-segon-trimestre-sobre-neurodesenvolupament-infantil\/"},"author":{"name":"ACOTV","@id":"https:\/\/www.acotv.org\/ca\/#\/schema\/person\/0de470fec1dbf9785a7343042d765744"},"headline":"Curso del segundo trimestre sobre Neurodesarrollo Infantil","datePublished":"2024-07-01T04:30:00+00:00","dateModified":"2024-07-02T16:06:09+00:00","mainEntityOfPage":{"@id":"https:\/\/www.acotv.org\/es\/curs-del-segon-trimestre-sobre-neurodesenvolupament-infantil\/"},"wordCount":286,"commentCount":0,"image":{"@id":"https:\/\/www.acotv.org\/es\/curs-del-segon-trimestre-sobre-neurodesenvolupament-infantil\/#primaryimage"},"thumbnailUrl":"https:\/\/www.acotv.org\/wp-content\/uploads\/Disseny-ACOTV2024.jpg","keywords":["#Cursos","formacion","Optometria"],"articleSection":["Not\u00edcies"],"inLanguage":"es","potentialAction":[{"@type":"CommentAction","name":"Comment","target":["https:\/\/www.acotv.org\/es\/curs-del-segon-trimestre-sobre-neurodesenvolupament-infantil\/#respond"]}]},{"@type":"WebPage","@id":"https:\/\/www.acotv.org\/es\/curs-del-segon-trimestre-sobre-neurodesenvolupament-infantil\/","url":"https:\/\/www.acotv.org\/es\/curs-del-segon-trimestre-sobre-neurodesenvolupament-infantil\/","name":"Curso del segundo trimestre sobre Neurodesarrollo Infantil - Asociaci\u00f3n Catalana de Optometr\u00eda y Terapia Visual","isPartOf":{"@id":"https:\/\/www.acotv.org\/ca\/#website"},"primaryImageOfPage":{"@id":"https:\/\/www.acotv.org\/es\/curs-del-segon-trimestre-sobre-neurodesenvolupament-infantil\/#primaryimage"},"image":{"@id":"https:\/\/www.acotv.org\/es\/curs-del-segon-trimestre-sobre-neurodesenvolupament-infantil\/#primaryimage"},"thumbnailUrl":"https:\/\/www.acotv.org\/wp-content\/uploads\/Disseny-ACOTV2024.jpg","datePublished":"2024-07-01T04:30:00+00:00","dateModified":"2024-07-02T16:06:09+00:00","author":{"@id":"https:\/\/www.acotv.org\/ca\/#\/schema\/person\/0de470fec1dbf9785a7343042d765744"},"breadcrumb":{"@id":"https:\/\/www.acotv.org\/es\/curs-del-segon-trimestre-sobre-neurodesenvolupament-infantil\/#breadcrumb"},"inLanguage":"es","potentialAction":[{"@type":"ReadAction","target":["https:\/\/www.acotv.org\/es\/curs-del-segon-trimestre-sobre-neurodesenvolupament-infantil\/"]}]},{"@type":"ImageObject","inLanguage":"es","@id":"https:\/\/www.acotv.org\/es\/curs-del-segon-trimestre-sobre-neurodesenvolupament-infantil\/#primaryimage","url":"https:\/\/www.acotv.org\/wp-content\/uploads\/Disseny-ACOTV2024.jpg","contentUrl":"https:\/\/www.acotv.org\/wp-content\/uploads\/Disseny-ACOTV2024.jpg","width":1080,"height":1080},{"@type":"BreadcrumbList","@id":"https:\/\/www.acotv.org\/es\/curs-del-segon-trimestre-sobre-neurodesenvolupament-infantil\/#breadcrumb","itemListElement":[{"@type":"ListItem","position":1,"name":"Portada","item":"https:\/\/www.acotv.org\/es\/"},{"@type":"ListItem","position":2,"name":"Curso del segundo trimestre sobre Neurodesarrollo Infantil"}]},{"@type":"WebSite","@id":"https:\/\/www.acotv.org\/ca\/#website","url":"https:\/\/www.acotv.org\/ca\/","name":"Asociaci\u00f3n Catalana de Optometr\u00eda y Terapia Visual","description":"","potentialAction":[{"@type":"SearchAction","target":{"@type":"EntryPoint","urlTemplate":"https:\/\/www.acotv.org\/ca\/?s={search_term_string}"},"query-input":{"@type":"PropertyValueSpecification","valueRequired":true,"valueName":"search_term_string"}}],"inLanguage":"es"},{"@type":"Person","@id":"https:\/\/www.acotv.org\/ca\/#\/schema\/person\/0de470fec1dbf9785a7343042d765744","name":"ACOTV","image":{"@type":"ImageObject","inLanguage":"es","@id":"https:\/\/www.acotv.org\/wp-content\/uploads\/Logo-petit-150x150.jpg","url":"https:\/\/www.acotv.org\/wp-content\/uploads\/Logo-petit-150x150.jpg","contentUrl":"https:\/\/www.acotv.org\/wp-content\/uploads\/Logo-petit-150x150.jpg","caption":"ACOTV"},"url":"https:\/\/www.acotv.org\/es\/author\/acotv\/"}]}},"_links":{"self":[{"href":"https:\/\/www.acotv.org\/es\/wp-json\/wp\/v2\/posts\/10941","targetHints":{"allow":["GET"]}}],"collection":[{"href":"https:\/\/www.acotv.org\/es\/wp-json\/wp\/v2\/posts"}],"about":[{"href":"https:\/\/www.acotv.org\/es\/wp-json\/wp\/v2\/types\/post"}],"author":[{"embeddable":true,"href":"https:\/\/www.acotv.org\/es\/wp-json\/wp\/v2\/users\/2"}],"replies":[{"embeddable":true,"href":"https:\/\/www.acotv.org\/es\/wp-json\/wp\/v2\/comments?post=10941"}],"version-history":[{"count":2,"href":"https:\/\/www.acotv.org\/es\/wp-json\/wp\/v2\/posts\/10941\/revisions"}],"predecessor-version":[{"id":10953,"href":"https:\/\/www.acotv.org\/es\/wp-json\/wp\/v2\/posts\/10941\/revisions\/10953"}],"wp:featuredmedia":[{"embeddable":true,"href":"https:\/\/www.acotv.org\/es\/wp-json\/wp\/v2\/media\/10886"}],"wp:attachment":[{"href":"https:\/\/www.acotv.org\/es\/wp-json\/wp\/v2\/media?parent=10941"}],"wp:term":[{"taxonomy":"category","embeddable":true,"href":"https:\/\/www.acotv.org\/es\/wp-json\/wp\/v2\/categories?post=10941"},{"taxonomy":"post_tag","embeddable":true,"href":"https:\/\/www.acotv.org\/es\/wp-json\/wp\/v2\/tags?post=10941"}],"curies":[{"name":"wp","href":"https:\/\/api.w.org\/{rel}","templated":true}]}}