{"id":10939,"date":"2024-07-01T10:33:00","date_gmt":"2024-07-01T08:33:00","guid":{"rendered":"https:\/\/www.acotv.org\/revision-resum-del-segon-trimestre\/"},"modified":"2024-07-02T18:01:16","modified_gmt":"2024-07-02T16:01:16","slug":"revision-resum-del-segon-trimestre","status":"publish","type":"post","link":"https:\/\/www.acotv.org\/es\/revision-resum-del-segon-trimestre\/","title":{"rendered":"ReVisiOn: resumen del segundo trimestre"},"content":{"rendered":"\n<p class=\"wp-block-paragraph\">Este segundo trimestre, el programa <strong><mark style=\"background-color:rgba(0, 0, 0, 0)\" class=\"has-inline-color has-vivid-red-color\">Re<\/mark><mark style=\"background-color:rgba(0, 0, 0, 0)\" class=\"has-inline-color has-vivid-cyan-blue-color\">Vi<\/mark><\/strong>si<strong><mark style=\"background-color:rgba(0, 0, 0, 0)\" class=\"has-inline-color has-black-color\">On<\/mark><\/strong> ha continuado ofreciendo seminarios mensuales gracias a la generosidad de nuestros asociados, que nos han proporcionado espacios para compartir peque\u00f1as dosis de conocimientos de forma cercana y amena.<\/p>\n\n\n\n<p class=\"wp-block-paragraph\">En abril, el optometrista<mark style=\"background-color:rgba(0, 0, 0, 0)\" class=\"has-inline-color has-vivid-cyan-blue-color\"> Enric Bach<\/mark> nos habl\u00f3 sobre<strong><mark style=\"background-color:rgba(0, 0, 0, 0)\" class=\"has-inline-color has-vivid-cyan-blue-color\"> la interacci\u00f3n entre el desarrollo motor y el visual,<\/mark> <\/strong>destacando la importancia de evaluar el estado motor de cada paciente en relaci\u00f3n con su visi\u00f3n. Tambi\u00e9n coment\u00f3 c\u00f3mo el desarrollo temprano puede influir en el rendimiento escolar y general a lo largo del tiempo.<\/p>\n\n\n\n<p class=\"wp-block-paragraph\">En mayo, la optometrista y especialista en el desarrollo visual de los beb\u00e9s, <mark style=\"background-color:rgba(0, 0, 0, 0)\" class=\"has-inline-color has-vivid-cyan-blue-color\">Lucila To<\/mark>, nos ofreci\u00f3 unas<strong> <mark style=\"background-color:rgba(0, 0, 0, 0)\" class=\"has-inline-color has-vivid-cyan-blue-color\">pautas para estimulaci\u00f3n visual para familias <\/mark><\/strong>con la que llev\u00f3 a cabo una aproximaci\u00f3n a la estimulaci\u00f3n visual en beb\u00e9s, un fascinante \u00e1mbito optom\u00e9trico que se pudo complementar con un curso m\u00e1s completo en junio.<\/p>\n\n\n\n<p class=\"wp-block-paragraph\">En junio, la optometrista<mark style=\"background-color:rgba(0, 0, 0, 0)\" class=\"has-inline-color has-vivid-cyan-blue-color\"> N\u00faria Baldrich<\/mark> nos hizo una amena sesi\u00f3n con el divertido t\u00edtulo de<strong><mark style=\"background-color:rgba(0, 0, 0, 0)\" class=\"has-inline-color has-vivid-cyan-blue-color\"> \u00ab\u00a1T\u00fa si que Flippers!\u00bb<\/mark><\/strong>, en el que repas\u00f3 el uso de los flippers. Normalmente asociamos esta herramienta optom\u00e9trica con el diagn\u00f3stico de la flexibilidad acomodativa o el entrenamiento durante la terapia visual, pero, como nos mostr\u00f3 N\u00faria, los flippers tambi\u00e9n se pueden utilizar durante la evaluaci\u00f3n optom\u00e9trica para realizar un diagn\u00f3stico m\u00e1s r\u00e1pido y c\u00f3modo tanto para el optometrista como para el paciente.<\/p>\n\n\n\n<p class=\"wp-block-paragraph\">Con estos tres nuevos seminarios, el cat\u00e1logo del <strong><mark style=\"background-color:rgba(0, 0, 0, 0)\" class=\"has-inline-color has-vivid-red-color\">Re<\/mark><mark style=\"background-color:rgba(0, 0, 0, 0)\" class=\"has-inline-color has-vivid-cyan-blue-color\">Vi<\/mark><\/strong>si<strong><mark style=\"background-color:rgba(0, 0, 0, 0)\" class=\"has-inline-color has-black-color\">On<\/mark><\/strong>  sigue sumando episodios. Los asociados pueden recuperarlos en el sitio web de la ACOTV, donde tambi\u00e9n encontrar\u00e1n los seminarios anteriores que no hayan podido visualizar. \u00a1En pocos d\u00edas, tendr\u00e1n disponibles <strong>los seis primeros seminarios de este 2024 <\/strong>para no tener que esperar para conocer las novedades!<\/p>\n\n\n\n<p class=\"wp-block-paragraph\">Recuerda que si te sumas a la comunidad ACOTV podr\u00e1s disfrutar de estos recursos y mucho m\u00e1s #deprofessionalsperaprofessionals. <strong><mark style=\"background-color:rgba(0, 0, 0, 0)\" class=\"has-inline-color has-black-color\">\u00a1Aprovecha los recursos que la Asociaci\u00f3n te ofrece!<\/mark><\/strong><\/p>\n\n\n\n<p class=\"wp-block-paragraph\"><\/p>\n","protected":false},"excerpt":{"rendered":"<p>Este segundo trimestre, el programa ReVisiOn ha continuado ofreciendo seminarios mensuales gracias a la generosidad de nuestros asociados, que nos han proporcionado espacios para compartir peque\u00f1as dosis de conocimientos de forma cercana y amena.<\/p>\n","protected":false},"author":2,"featured_media":10948,"comment_status":"open","ping_status":"open","sticky":false,"template":"","format":"standard","meta":{"ocean_front_end_style_editor":"no","ocean_post_layout":"","ocean_both_sidebars_style":"","ocean_both_sidebars_content_width":0,"ocean_both_sidebars_sidebars_width":0,"ocean_sidebar":"","ocean_second_sidebar":"","ocean_disable_margins":"enable","ocean_add_body_class":"","ocean_shortcode_before_top_bar":"","ocean_shortcode_after_top_bar":"","ocean_shortcode_before_header":"","ocean_shortcode_after_header":"","ocean_has_shortcode":"","ocean_shortcode_after_title":"","ocean_shortcode_before_footer_widgets":"","ocean_shortcode_after_footer_widgets":"","ocean_shortcode_before_footer_bottom":"","ocean_shortcode_after_footer_bottom":"","ocean_display_top_bar":"default","ocean_display_header":"default","ocean_header_style":"","ocean_center_header_left_menu":"","ocean_custom_header_template":"","ocean_custom_logo":0,"ocean_custom_retina_logo":0,"ocean_custom_logo_max_width":0,"ocean_custom_logo_tablet_max_width":0,"ocean_custom_logo_mobile_max_width":0,"ocean_custom_logo_max_height":0,"ocean_custom_logo_tablet_max_height":0,"ocean_custom_logo_mobile_max_height":0,"ocean_header_custom_menu":"","ocean_menu_typo_font_family":"","ocean_menu_typo_font_subset":"","ocean_menu_typo_font_size":0,"ocean_menu_typo_font_size_tablet":0,"ocean_menu_typo_font_size_mobile":0,"ocean_menu_typo_font_size_unit":"px","ocean_menu_typo_font_weight":"","ocean_menu_typo_font_weight_tablet":"","ocean_menu_typo_font_weight_mobile":"","ocean_menu_typo_transform":"","ocean_menu_typo_transform_tablet":"","ocean_menu_typo_transform_mobile":"","ocean_menu_typo_line_height":0,"ocean_menu_typo_line_height_tablet":0,"ocean_menu_typo_line_height_mobile":0,"ocean_menu_typo_line_height_unit":"","ocean_menu_typo_spacing":0,"ocean_menu_typo_spacing_tablet":0,"ocean_menu_typo_spacing_mobile":0,"ocean_menu_typo_spacing_unit":"","ocean_menu_link_color":"","ocean_menu_link_color_hover":"","ocean_menu_link_color_active":"","ocean_menu_link_background":"","ocean_menu_link_hover_background":"","ocean_menu_link_active_background":"","ocean_menu_social_links_bg":"","ocean_menu_social_hover_links_bg":"","ocean_menu_social_links_color":"","ocean_menu_social_hover_links_color":"","ocean_disable_title":"default","ocean_disable_heading":"default","ocean_post_title":"","ocean_post_subheading":"","ocean_post_title_style":"","ocean_post_title_background_color":"","ocean_post_title_background":0,"ocean_post_title_bg_image_position":"","ocean_post_title_bg_image_attachment":"","ocean_post_title_bg_image_repeat":"","ocean_post_title_bg_image_size":"","ocean_post_title_height":0,"ocean_post_title_bg_overlay":0.5,"ocean_post_title_bg_overlay_color":"","ocean_disable_breadcrumbs":"default","ocean_breadcrumbs_color":"","ocean_breadcrumbs_separator_color":"","ocean_breadcrumbs_links_color":"","ocean_breadcrumbs_links_hover_color":"","ocean_display_footer_widgets":"default","ocean_display_footer_bottom":"default","ocean_custom_footer_template":"","ocean_post_oembed":"","ocean_post_self_hosted_media":"","ocean_post_video_embed":"","ocean_link_format":"","ocean_link_format_target":"self","ocean_quote_format":"","ocean_quote_format_link":"post","ocean_gallery_link_images":"on","ocean_gallery_id":[],"footnotes":""},"categories":[25],"tags":[113,182,60,181,61],"class_list":["post-10939","post","type-post","status-publish","format-standard","has-post-thumbnail","hentry","category-noticies","tag-asociacion","tag-colaboraciones","tag-optometria","tag-revision-2-es","tag-terapiavisual","entry","has-media"],"yoast_head":"<!-- This site is optimized with the Yoast SEO plugin v28.4 - https:\/\/yoast.com\/product\/yoast-seo-wordpress\/ -->\n<title>ReVisiOn: resumen del segundo trimestre - Asociaci\u00f3n Catalana de Optometr\u00eda y Terapia Visual<\/title>\n<meta name=\"robots\" content=\"index, follow, max-snippet:-1, max-image-preview:large, max-video-preview:-1\" \/>\n<link rel=\"canonical\" href=\"https:\/\/www.acotv.org\/es\/revision-resum-del-segon-trimestre\/\" \/>\n<meta property=\"og:locale\" content=\"es_ES\" \/>\n<meta property=\"og:type\" content=\"article\" \/>\n<meta property=\"og:title\" content=\"ReVisiOn: resumen del segundo trimestre - Asociaci\u00f3n Catalana de Optometr\u00eda y Terapia Visual\" \/>\n<meta property=\"og:description\" content=\"Este segundo trimestre, el programa ReVisiOn ha continuado ofreciendo seminarios mensuales gracias a la generosidad de nuestros asociados, que nos han proporcionado espacios para compartir peque\u00f1as dosis de conocimientos de forma cercana y amena.\" \/>\n<meta property=\"og:url\" content=\"https:\/\/www.acotv.org\/es\/revision-resum-del-segon-trimestre\/\" \/>\n<meta property=\"og:site_name\" content=\"Asociaci\u00f3n Catalana de Optometr\u00eda y Terapia Visual\" \/>\n<meta property=\"article:published_time\" content=\"2024-07-01T08:33:00+00:00\" \/>\n<meta property=\"article:modified_time\" content=\"2024-07-02T16:01:16+00:00\" \/>\n<meta property=\"og:image\" content=\"https:\/\/www.acotv.org\/wp-content\/uploads\/Postweb-2Trimestral_ReVisiOn_Cast.jpg\" \/>\n\t<meta property=\"og:image:width\" content=\"1080\" \/>\n\t<meta property=\"og:image:height\" content=\"1080\" \/>\n\t<meta property=\"og:image:type\" content=\"image\/jpeg\" \/>\n<meta name=\"author\" content=\"ACOTV\" \/>\n<meta name=\"twitter:card\" content=\"summary_large_image\" \/>\n<meta name=\"twitter:label1\" content=\"Escrito por\" \/>\n\t<meta name=\"twitter:data1\" content=\"ACOTV\" \/>\n\t<meta name=\"twitter:label2\" content=\"Tiempo de lectura\" \/>\n\t<meta name=\"twitter:data2\" content=\"2 minutos\" \/>\n<script type=\"application\/ld+json\" class=\"yoast-schema-graph\">{\"@context\":\"https:\\\/\\\/schema.org\",\"@graph\":[{\"@type\":\"Article\",\"@id\":\"https:\\\/\\\/www.acotv.org\\\/es\\\/revision-resum-del-segon-trimestre\\\/#article\",\"isPartOf\":{\"@id\":\"https:\\\/\\\/www.acotv.org\\\/es\\\/revision-resum-del-segon-trimestre\\\/\"},\"author\":{\"name\":\"ACOTV\",\"@id\":\"https:\\\/\\\/www.acotv.org\\\/ca\\\/#\\\/schema\\\/person\\\/0de470fec1dbf9785a7343042d765744\"},\"headline\":\"ReVisiOn: resumen del segundo trimestre\",\"datePublished\":\"2024-07-01T08:33:00+00:00\",\"dateModified\":\"2024-07-02T16:01:16+00:00\",\"mainEntityOfPage\":{\"@id\":\"https:\\\/\\\/www.acotv.org\\\/es\\\/revision-resum-del-segon-trimestre\\\/\"},\"wordCount\":344,\"commentCount\":0,\"image\":{\"@id\":\"https:\\\/\\\/www.acotv.org\\\/es\\\/revision-resum-del-segon-trimestre\\\/#primaryimage\"},\"thumbnailUrl\":\"https:\\\/\\\/www.acotv.org\\\/wp-content\\\/uploads\\\/Postweb-2Trimestral_ReVisiOn_Cast.jpg\",\"keywords\":[\"#Asociaci\u00f3n\",\"Colaboraciones\",\"Optometria\",\"ReVisiOn\",\"TerapiaVisual\"],\"articleSection\":[\"Not\u00edcies\"],\"inLanguage\":\"es\",\"potentialAction\":[{\"@type\":\"CommentAction\",\"name\":\"Comment\",\"target\":[\"https:\\\/\\\/www.acotv.org\\\/es\\\/revision-resum-del-segon-trimestre\\\/#respond\"]}]},{\"@type\":\"WebPage\",\"@id\":\"https:\\\/\\\/www.acotv.org\\\/es\\\/revision-resum-del-segon-trimestre\\\/\",\"url\":\"https:\\\/\\\/www.acotv.org\\\/es\\\/revision-resum-del-segon-trimestre\\\/\",\"name\":\"ReVisiOn: resumen del segundo trimestre - Asociaci\u00f3n Catalana de Optometr\u00eda y Terapia Visual\",\"isPartOf\":{\"@id\":\"https:\\\/\\\/www.acotv.org\\\/ca\\\/#website\"},\"primaryImageOfPage\":{\"@id\":\"https:\\\/\\\/www.acotv.org\\\/es\\\/revision-resum-del-segon-trimestre\\\/#primaryimage\"},\"image\":{\"@id\":\"https:\\\/\\\/www.acotv.org\\\/es\\\/revision-resum-del-segon-trimestre\\\/#primaryimage\"},\"thumbnailUrl\":\"https:\\\/\\\/www.acotv.org\\\/wp-content\\\/uploads\\\/Postweb-2Trimestral_ReVisiOn_Cast.jpg\",\"datePublished\":\"2024-07-01T08:33:00+00:00\",\"dateModified\":\"2024-07-02T16:01:16+00:00\",\"author\":{\"@id\":\"https:\\\/\\\/www.acotv.org\\\/ca\\\/#\\\/schema\\\/person\\\/0de470fec1dbf9785a7343042d765744\"},\"breadcrumb\":{\"@id\":\"https:\\\/\\\/www.acotv.org\\\/es\\\/revision-resum-del-segon-trimestre\\\/#breadcrumb\"},\"inLanguage\":\"es\",\"potentialAction\":[{\"@type\":\"ReadAction\",\"target\":[\"https:\\\/\\\/www.acotv.org\\\/es\\\/revision-resum-del-segon-trimestre\\\/\"]}]},{\"@type\":\"ImageObject\",\"inLanguage\":\"es\",\"@id\":\"https:\\\/\\\/www.acotv.org\\\/es\\\/revision-resum-del-segon-trimestre\\\/#primaryimage\",\"url\":\"https:\\\/\\\/www.acotv.org\\\/wp-content\\\/uploads\\\/Postweb-2Trimestral_ReVisiOn_Cast.jpg\",\"contentUrl\":\"https:\\\/\\\/www.acotv.org\\\/wp-content\\\/uploads\\\/Postweb-2Trimestral_ReVisiOn_Cast.jpg\",\"width\":1080,\"height\":1080},{\"@type\":\"BreadcrumbList\",\"@id\":\"https:\\\/\\\/www.acotv.org\\\/es\\\/revision-resum-del-segon-trimestre\\\/#breadcrumb\",\"itemListElement\":[{\"@type\":\"ListItem\",\"position\":1,\"name\":\"Portada\",\"item\":\"https:\\\/\\\/www.acotv.org\\\/es\\\/\"},{\"@type\":\"ListItem\",\"position\":2,\"name\":\"ReVisiOn: resumen del segundo trimestre\"}]},{\"@type\":\"WebSite\",\"@id\":\"https:\\\/\\\/www.acotv.org\\\/ca\\\/#website\",\"url\":\"https:\\\/\\\/www.acotv.org\\\/ca\\\/\",\"name\":\"Asociaci\u00f3n Catalana de Optometr\u00eda y Terapia Visual\",\"description\":\"\",\"potentialAction\":[{\"@type\":\"SearchAction\",\"target\":{\"@type\":\"EntryPoint\",\"urlTemplate\":\"https:\\\/\\\/www.acotv.org\\\/ca\\\/?s={search_term_string}\"},\"query-input\":{\"@type\":\"PropertyValueSpecification\",\"valueRequired\":true,\"valueName\":\"search_term_string\"}}],\"inLanguage\":\"es\"},{\"@type\":\"Person\",\"@id\":\"https:\\\/\\\/www.acotv.org\\\/ca\\\/#\\\/schema\\\/person\\\/0de470fec1dbf9785a7343042d765744\",\"name\":\"ACOTV\",\"image\":{\"@type\":\"ImageObject\",\"inLanguage\":\"es\",\"@id\":\"https:\\\/\\\/www.acotv.org\\\/wp-content\\\/uploads\\\/Logo-petit-150x150.jpg\",\"url\":\"https:\\\/\\\/www.acotv.org\\\/wp-content\\\/uploads\\\/Logo-petit-150x150.jpg\",\"contentUrl\":\"https:\\\/\\\/www.acotv.org\\\/wp-content\\\/uploads\\\/Logo-petit-150x150.jpg\",\"caption\":\"ACOTV\"},\"url\":\"https:\\\/\\\/www.acotv.org\\\/es\\\/author\\\/acotv\\\/\"}]}<\/script>\n<!-- \/ Yoast SEO plugin. -->","yoast_head_json":{"title":"ReVisiOn: resumen del segundo trimestre - Asociaci\u00f3n Catalana de Optometr\u00eda y Terapia Visual","robots":{"index":"index","follow":"follow","max-snippet":"max-snippet:-1","max-image-preview":"max-image-preview:large","max-video-preview":"max-video-preview:-1"},"canonical":"https:\/\/www.acotv.org\/es\/revision-resum-del-segon-trimestre\/","og_locale":"es_ES","og_type":"article","og_title":"ReVisiOn: resumen del segundo trimestre - Asociaci\u00f3n Catalana de Optometr\u00eda y Terapia Visual","og_description":"Este segundo trimestre, el programa ReVisiOn ha continuado ofreciendo seminarios mensuales gracias a la generosidad de nuestros asociados, que nos han proporcionado espacios para compartir peque\u00f1as dosis de conocimientos de forma cercana y amena.","og_url":"https:\/\/www.acotv.org\/es\/revision-resum-del-segon-trimestre\/","og_site_name":"Asociaci\u00f3n Catalana de Optometr\u00eda y Terapia Visual","article_published_time":"2024-07-01T08:33:00+00:00","article_modified_time":"2024-07-02T16:01:16+00:00","og_image":[{"width":1080,"height":1080,"url":"https:\/\/www.acotv.org\/wp-content\/uploads\/Postweb-2Trimestral_ReVisiOn_Cast.jpg","type":"image\/jpeg"}],"author":"ACOTV","twitter_card":"summary_large_image","twitter_misc":{"Escrito por":"ACOTV","Tiempo de lectura":"2 minutos"},"schema":{"@context":"https:\/\/schema.org","@graph":[{"@type":"Article","@id":"https:\/\/www.acotv.org\/es\/revision-resum-del-segon-trimestre\/#article","isPartOf":{"@id":"https:\/\/www.acotv.org\/es\/revision-resum-del-segon-trimestre\/"},"author":{"name":"ACOTV","@id":"https:\/\/www.acotv.org\/ca\/#\/schema\/person\/0de470fec1dbf9785a7343042d765744"},"headline":"ReVisiOn: resumen del segundo trimestre","datePublished":"2024-07-01T08:33:00+00:00","dateModified":"2024-07-02T16:01:16+00:00","mainEntityOfPage":{"@id":"https:\/\/www.acotv.org\/es\/revision-resum-del-segon-trimestre\/"},"wordCount":344,"commentCount":0,"image":{"@id":"https:\/\/www.acotv.org\/es\/revision-resum-del-segon-trimestre\/#primaryimage"},"thumbnailUrl":"https:\/\/www.acotv.org\/wp-content\/uploads\/Postweb-2Trimestral_ReVisiOn_Cast.jpg","keywords":["#Asociaci\u00f3n","Colaboraciones","Optometria","ReVisiOn","TerapiaVisual"],"articleSection":["Not\u00edcies"],"inLanguage":"es","potentialAction":[{"@type":"CommentAction","name":"Comment","target":["https:\/\/www.acotv.org\/es\/revision-resum-del-segon-trimestre\/#respond"]}]},{"@type":"WebPage","@id":"https:\/\/www.acotv.org\/es\/revision-resum-del-segon-trimestre\/","url":"https:\/\/www.acotv.org\/es\/revision-resum-del-segon-trimestre\/","name":"ReVisiOn: resumen del segundo trimestre - Asociaci\u00f3n Catalana de Optometr\u00eda y Terapia Visual","isPartOf":{"@id":"https:\/\/www.acotv.org\/ca\/#website"},"primaryImageOfPage":{"@id":"https:\/\/www.acotv.org\/es\/revision-resum-del-segon-trimestre\/#primaryimage"},"image":{"@id":"https:\/\/www.acotv.org\/es\/revision-resum-del-segon-trimestre\/#primaryimage"},"thumbnailUrl":"https:\/\/www.acotv.org\/wp-content\/uploads\/Postweb-2Trimestral_ReVisiOn_Cast.jpg","datePublished":"2024-07-01T08:33:00+00:00","dateModified":"2024-07-02T16:01:16+00:00","author":{"@id":"https:\/\/www.acotv.org\/ca\/#\/schema\/person\/0de470fec1dbf9785a7343042d765744"},"breadcrumb":{"@id":"https:\/\/www.acotv.org\/es\/revision-resum-del-segon-trimestre\/#breadcrumb"},"inLanguage":"es","potentialAction":[{"@type":"ReadAction","target":["https:\/\/www.acotv.org\/es\/revision-resum-del-segon-trimestre\/"]}]},{"@type":"ImageObject","inLanguage":"es","@id":"https:\/\/www.acotv.org\/es\/revision-resum-del-segon-trimestre\/#primaryimage","url":"https:\/\/www.acotv.org\/wp-content\/uploads\/Postweb-2Trimestral_ReVisiOn_Cast.jpg","contentUrl":"https:\/\/www.acotv.org\/wp-content\/uploads\/Postweb-2Trimestral_ReVisiOn_Cast.jpg","width":1080,"height":1080},{"@type":"BreadcrumbList","@id":"https:\/\/www.acotv.org\/es\/revision-resum-del-segon-trimestre\/#breadcrumb","itemListElement":[{"@type":"ListItem","position":1,"name":"Portada","item":"https:\/\/www.acotv.org\/es\/"},{"@type":"ListItem","position":2,"name":"ReVisiOn: resumen del segundo trimestre"}]},{"@type":"WebSite","@id":"https:\/\/www.acotv.org\/ca\/#website","url":"https:\/\/www.acotv.org\/ca\/","name":"Asociaci\u00f3n Catalana de Optometr\u00eda y Terapia Visual","description":"","potentialAction":[{"@type":"SearchAction","target":{"@type":"EntryPoint","urlTemplate":"https:\/\/www.acotv.org\/ca\/?s={search_term_string}"},"query-input":{"@type":"PropertyValueSpecification","valueRequired":true,"valueName":"search_term_string"}}],"inLanguage":"es"},{"@type":"Person","@id":"https:\/\/www.acotv.org\/ca\/#\/schema\/person\/0de470fec1dbf9785a7343042d765744","name":"ACOTV","image":{"@type":"ImageObject","inLanguage":"es","@id":"https:\/\/www.acotv.org\/wp-content\/uploads\/Logo-petit-150x150.jpg","url":"https:\/\/www.acotv.org\/wp-content\/uploads\/Logo-petit-150x150.jpg","contentUrl":"https:\/\/www.acotv.org\/wp-content\/uploads\/Logo-petit-150x150.jpg","caption":"ACOTV"},"url":"https:\/\/www.acotv.org\/es\/author\/acotv\/"}]}},"_links":{"self":[{"href":"https:\/\/www.acotv.org\/es\/wp-json\/wp\/v2\/posts\/10939","targetHints":{"allow":["GET"]}}],"collection":[{"href":"https:\/\/www.acotv.org\/es\/wp-json\/wp\/v2\/posts"}],"about":[{"href":"https:\/\/www.acotv.org\/es\/wp-json\/wp\/v2\/types\/post"}],"author":[{"embeddable":true,"href":"https:\/\/www.acotv.org\/es\/wp-json\/wp\/v2\/users\/2"}],"replies":[{"embeddable":true,"href":"https:\/\/www.acotv.org\/es\/wp-json\/wp\/v2\/comments?post=10939"}],"version-history":[{"count":2,"href":"https:\/\/www.acotv.org\/es\/wp-json\/wp\/v2\/posts\/10939\/revisions"}],"predecessor-version":[{"id":10951,"href":"https:\/\/www.acotv.org\/es\/wp-json\/wp\/v2\/posts\/10939\/revisions\/10951"}],"wp:featuredmedia":[{"embeddable":true,"href":"https:\/\/www.acotv.org\/es\/wp-json\/wp\/v2\/media\/10948"}],"wp:attachment":[{"href":"https:\/\/www.acotv.org\/es\/wp-json\/wp\/v2\/media?parent=10939"}],"wp:term":[{"taxonomy":"category","embeddable":true,"href":"https:\/\/www.acotv.org\/es\/wp-json\/wp\/v2\/categories?post=10939"},{"taxonomy":"post_tag","embeddable":true,"href":"https:\/\/www.acotv.org\/es\/wp-json\/wp\/v2\/tags?post=10939"}],"curies":[{"name":"wp","href":"https:\/\/api.w.org\/{rel}","templated":true}]}}