{"id":10931,"date":"2024-07-01T18:44:21","date_gmt":"2024-07-01T16:44:21","guid":{"rendered":"https:\/\/www.acotv.org\/evolucio-del-projecte-de-prevencio-visual-a-les-escoles\/"},"modified":"2024-07-02T17:39:25","modified_gmt":"2024-07-02T15:39:25","slug":"evolucio-del-projecte-de-prevencio-visual-a-les-escoles","status":"publish","type":"post","link":"https:\/\/www.acotv.org\/es\/evolucio-del-projecte-de-prevencio-visual-a-les-escoles\/","title":{"rendered":"Evoluci\u00f3n del Projecto de Prevenci\u00f3n Visual en las Escuelas"},"content":{"rendered":"\n<p class=\"wp-block-paragraph\">Durante las \u00faltimas semanas, el grupo de trabajo del proyecto de prevenci\u00f3n visual en las escuelas ha estado cerrando la segunda fase, que empez\u00f3 con las evaluaciones visuales en los centros.<\/p>\n\n\n\n<p class=\"wp-block-paragraph\">La mejor forma de identificar un problema visual es examinando la visi\u00f3n de cada ni\u00f1o mediante una bater\u00eda de pruebas en condiciones controladas (iluminaci\u00f3n, distancias, correcci\u00f3n habitual, etc.). Sin embargo, este m\u00e9todo es inviable debido a su elevado coste. Por eso, los cribados visuales se han convertido en una alternativa eficaz, ya que permiten una observaci\u00f3n m\u00e1s superficial para detectar la presencia o ausencia de problemas visuales generales.<\/p>\n\n\n\n<p class=\"wp-block-paragraph\">Los programas preventivos en las escuelas durante el per\u00edodo acad\u00e9mico obligatorio tienen la ventaja de cubrir casi toda la poblaci\u00f3n escolar a un coste econ\u00f3mico sostenible.<\/p>\n\n\n\n<p class=\"wp-block-paragraph\">Tras finalizar estas evaluaciones, el primer paso fue el traspaso de datos para enviar los informes de resultados a las familias. Esta tarea ha requerido tiempo y dedicaci\u00f3n por parte de otro grupo de voluntarias que han desarrollado este met\u00f3dico proceso.<\/p>\n\n\n\n<p class=\"wp-block-paragraph\">Una vez terminada la fase de estructuraci\u00f3n y traspaso de los datos, entraremos en una tercera fase del proyecto, centrada en el an\u00e1lisis e interpretaci\u00f3n de la informaci\u00f3n recogida. Tambi\u00e9n se transmitir\u00e1 a los equipos educativos c\u00f3mo se han obtenido los resultados y c\u00f3mo se ha recogido la informaci\u00f3n para mantener abierta la retroalimentaci\u00f3n con esta prueba piloto.<\/p>\n\n\n\n<p class=\"wp-block-paragraph\">Por ello, el grupo ha organizado una serie de nuevas sesiones informativas con los equipos educativos de sus respectivos centros. En estas sesiones, nuestras compa\u00f1eras podr\u00e1n explicar presencialmente el progreso del proyecto y resolver las posibles dudas de los maestros sobre los resultados obtenidos en las evaluaciones. Esto permitir\u00e1 poner en com\u00fan todo aquello que pueda enriquecer el proyecto con las aportaciones de los equipos educativos y su perspectiva profesional como observadores en el aula.<\/p>\n\n\n\n<p class=\"wp-block-paragraph\">Estas sesiones se ir\u00e1n programando durante las pr\u00f3ximas semanas y despu\u00e9s del verano seg\u00fan el calendario de cada escuela, y nos ayudar\u00e1n a cerrar la fase m\u00e1s activa del proyecto para dar paso a una fase m\u00e1s anal\u00edtica y de estudio.<\/p>\n\n\n\n<p class=\"wp-block-paragraph\"><\/p>\n","protected":false},"excerpt":{"rendered":"<p>Durante las \u00faltimas semanas, el grupo de trabajo del proyecto de prevenci\u00f3n visual en las escuelas ha estado cerrando la segunda fase, que empez\u00f3 con las evaluaciones visuales en los centros.<\/p>\n","protected":false},"author":2,"featured_media":10897,"comment_status":"open","ping_status":"open","sticky":false,"template":"","format":"standard","meta":{"ocean_front_end_style_editor":"no","ocean_post_layout":"","ocean_both_sidebars_style":"","ocean_both_sidebars_content_width":0,"ocean_both_sidebars_sidebars_width":0,"ocean_sidebar":"","ocean_second_sidebar":"","ocean_disable_margins":"enable","ocean_add_body_class":"","ocean_shortcode_before_top_bar":"","ocean_shortcode_after_top_bar":"","ocean_shortcode_before_header":"","ocean_shortcode_after_header":"","ocean_has_shortcode":"","ocean_shortcode_after_title":"","ocean_shortcode_before_footer_widgets":"","ocean_shortcode_after_footer_widgets":"","ocean_shortcode_before_footer_bottom":"","ocean_shortcode_after_footer_bottom":"","ocean_display_top_bar":"default","ocean_display_header":"default","ocean_header_style":"","ocean_center_header_left_menu":"","ocean_custom_header_template":"","ocean_custom_logo":0,"ocean_custom_retina_logo":0,"ocean_custom_logo_max_width":0,"ocean_custom_logo_tablet_max_width":0,"ocean_custom_logo_mobile_max_width":0,"ocean_custom_logo_max_height":0,"ocean_custom_logo_tablet_max_height":0,"ocean_custom_logo_mobile_max_height":0,"ocean_header_custom_menu":"","ocean_menu_typo_font_family":"","ocean_menu_typo_font_subset":"","ocean_menu_typo_font_size":0,"ocean_menu_typo_font_size_tablet":0,"ocean_menu_typo_font_size_mobile":0,"ocean_menu_typo_font_size_unit":"px","ocean_menu_typo_font_weight":"","ocean_menu_typo_font_weight_tablet":"","ocean_menu_typo_font_weight_mobile":"","ocean_menu_typo_transform":"","ocean_menu_typo_transform_tablet":"","ocean_menu_typo_transform_mobile":"","ocean_menu_typo_line_height":0,"ocean_menu_typo_line_height_tablet":0,"ocean_menu_typo_line_height_mobile":0,"ocean_menu_typo_line_height_unit":"","ocean_menu_typo_spacing":0,"ocean_menu_typo_spacing_tablet":0,"ocean_menu_typo_spacing_mobile":0,"ocean_menu_typo_spacing_unit":"","ocean_menu_link_color":"","ocean_menu_link_color_hover":"","ocean_menu_link_color_active":"","ocean_menu_link_background":"","ocean_menu_link_hover_background":"","ocean_menu_link_active_background":"","ocean_menu_social_links_bg":"","ocean_menu_social_hover_links_bg":"","ocean_menu_social_links_color":"","ocean_menu_social_hover_links_color":"","ocean_disable_title":"default","ocean_disable_heading":"default","ocean_post_title":"","ocean_post_subheading":"","ocean_post_title_style":"","ocean_post_title_background_color":"","ocean_post_title_background":0,"ocean_post_title_bg_image_position":"","ocean_post_title_bg_image_attachment":"","ocean_post_title_bg_image_repeat":"","ocean_post_title_bg_image_size":"","ocean_post_title_height":0,"ocean_post_title_bg_overlay":0.5,"ocean_post_title_bg_overlay_color":"","ocean_disable_breadcrumbs":"default","ocean_breadcrumbs_color":"","ocean_breadcrumbs_separator_color":"","ocean_breadcrumbs_links_color":"","ocean_breadcrumbs_links_hover_color":"","ocean_display_footer_widgets":"default","ocean_display_footer_bottom":"default","ocean_custom_footer_template":"","ocean_post_oembed":"","ocean_post_self_hosted_media":"","ocean_post_video_embed":"","ocean_link_format":"","ocean_link_format_target":"self","ocean_quote_format":"","ocean_quote_format_link":"post","ocean_gallery_link_images":"on","ocean_gallery_id":[],"footnotes":""},"categories":[25],"tags":[113,305,72,210,307],"class_list":["post-10931","post","type-post","status-publish","format-standard","has-post-thumbnail","hentry","category-noticies","tag-asociacion","tag-problemasdeaprendizaje-2","tag-problemesdaprenentatge","tag-proyectos","tag-trabajoengrupo-2","entry","has-media"],"yoast_head":"<!-- This site is optimized with the Yoast SEO plugin v28.4 - https:\/\/yoast.com\/product\/yoast-seo-wordpress\/ -->\n<title>Evoluci\u00f3n del Projecto de Prevenci\u00f3n Visual en las Escuelas - Asociaci\u00f3n Catalana de Optometr\u00eda y Terapia Visual<\/title>\n<meta name=\"robots\" content=\"index, follow, max-snippet:-1, max-image-preview:large, max-video-preview:-1\" \/>\n<link rel=\"canonical\" href=\"https:\/\/www.acotv.org\/es\/evolucio-del-projecte-de-prevencio-visual-a-les-escoles\/\" \/>\n<meta property=\"og:locale\" content=\"es_ES\" \/>\n<meta property=\"og:type\" content=\"article\" \/>\n<meta property=\"og:title\" content=\"Evoluci\u00f3n del Projecto de Prevenci\u00f3n Visual en las Escuelas - Asociaci\u00f3n Catalana de Optometr\u00eda y Terapia Visual\" \/>\n<meta property=\"og:description\" content=\"Durante las \u00faltimas semanas, el grupo de trabajo del proyecto de prevenci\u00f3n visual en las escuelas ha estado cerrando la segunda fase, que empez\u00f3 con las evaluaciones visuales en los centros.\" \/>\n<meta property=\"og:url\" content=\"https:\/\/www.acotv.org\/es\/evolucio-del-projecte-de-prevencio-visual-a-les-escoles\/\" \/>\n<meta property=\"og:site_name\" content=\"Asociaci\u00f3n Catalana de Optometr\u00eda y Terapia Visual\" \/>\n<meta property=\"article:published_time\" content=\"2024-07-01T16:44:21+00:00\" \/>\n<meta property=\"article:modified_time\" content=\"2024-07-02T15:39:25+00:00\" \/>\n<meta property=\"og:image\" content=\"https:\/\/www.acotv.org\/wp-content\/uploads\/Imagen-de-WhatsApp-2024-06-26-a-las-11.45.35_358c4f88.jpg\" \/>\n\t<meta property=\"og:image:width\" content=\"2048\" \/>\n\t<meta property=\"og:image:height\" content=\"1152\" \/>\n\t<meta property=\"og:image:type\" content=\"image\/jpeg\" \/>\n<meta name=\"author\" content=\"ACOTV\" \/>\n<meta name=\"twitter:card\" content=\"summary_large_image\" \/>\n<meta name=\"twitter:label1\" content=\"Escrito por\" \/>\n\t<meta name=\"twitter:data1\" content=\"ACOTV\" \/>\n\t<meta name=\"twitter:label2\" content=\"Tiempo de lectura\" \/>\n\t<meta name=\"twitter:data2\" content=\"2 minutos\" \/>\n<script type=\"application\/ld+json\" class=\"yoast-schema-graph\">{\"@context\":\"https:\\\/\\\/schema.org\",\"@graph\":[{\"@type\":\"Article\",\"@id\":\"https:\\\/\\\/www.acotv.org\\\/es\\\/evolucio-del-projecte-de-prevencio-visual-a-les-escoles\\\/#article\",\"isPartOf\":{\"@id\":\"https:\\\/\\\/www.acotv.org\\\/es\\\/evolucio-del-projecte-de-prevencio-visual-a-les-escoles\\\/\"},\"author\":{\"name\":\"ACOTV\",\"@id\":\"https:\\\/\\\/www.acotv.org\\\/ca\\\/#\\\/schema\\\/person\\\/0de470fec1dbf9785a7343042d765744\"},\"headline\":\"Evoluci\u00f3n del Projecto de Prevenci\u00f3n Visual en las Escuelas\",\"datePublished\":\"2024-07-01T16:44:21+00:00\",\"dateModified\":\"2024-07-02T15:39:25+00:00\",\"mainEntityOfPage\":{\"@id\":\"https:\\\/\\\/www.acotv.org\\\/es\\\/evolucio-del-projecte-de-prevencio-visual-a-les-escoles\\\/\"},\"wordCount\":386,\"commentCount\":0,\"image\":{\"@id\":\"https:\\\/\\\/www.acotv.org\\\/es\\\/evolucio-del-projecte-de-prevencio-visual-a-les-escoles\\\/#primaryimage\"},\"thumbnailUrl\":\"https:\\\/\\\/www.acotv.org\\\/wp-content\\\/uploads\\\/Imagen-de-WhatsApp-2024-06-26-a-las-11.45.35_358c4f88.jpg\",\"keywords\":[\"#Asociaci\u00f3n\",\"problemasdeaprendizaje\",\"problemesdaprenentatge\",\"proyectos\",\"trabajoengrupo\"],\"articleSection\":[\"Not\u00edcies\"],\"inLanguage\":\"es\",\"potentialAction\":[{\"@type\":\"CommentAction\",\"name\":\"Comment\",\"target\":[\"https:\\\/\\\/www.acotv.org\\\/es\\\/evolucio-del-projecte-de-prevencio-visual-a-les-escoles\\\/#respond\"]}]},{\"@type\":\"WebPage\",\"@id\":\"https:\\\/\\\/www.acotv.org\\\/es\\\/evolucio-del-projecte-de-prevencio-visual-a-les-escoles\\\/\",\"url\":\"https:\\\/\\\/www.acotv.org\\\/es\\\/evolucio-del-projecte-de-prevencio-visual-a-les-escoles\\\/\",\"name\":\"Evoluci\u00f3n del Projecto de Prevenci\u00f3n Visual en las Escuelas - Asociaci\u00f3n Catalana de Optometr\u00eda y Terapia Visual\",\"isPartOf\":{\"@id\":\"https:\\\/\\\/www.acotv.org\\\/ca\\\/#website\"},\"primaryImageOfPage\":{\"@id\":\"https:\\\/\\\/www.acotv.org\\\/es\\\/evolucio-del-projecte-de-prevencio-visual-a-les-escoles\\\/#primaryimage\"},\"image\":{\"@id\":\"https:\\\/\\\/www.acotv.org\\\/es\\\/evolucio-del-projecte-de-prevencio-visual-a-les-escoles\\\/#primaryimage\"},\"thumbnailUrl\":\"https:\\\/\\\/www.acotv.org\\\/wp-content\\\/uploads\\\/Imagen-de-WhatsApp-2024-06-26-a-las-11.45.35_358c4f88.jpg\",\"datePublished\":\"2024-07-01T16:44:21+00:00\",\"dateModified\":\"2024-07-02T15:39:25+00:00\",\"author\":{\"@id\":\"https:\\\/\\\/www.acotv.org\\\/ca\\\/#\\\/schema\\\/person\\\/0de470fec1dbf9785a7343042d765744\"},\"breadcrumb\":{\"@id\":\"https:\\\/\\\/www.acotv.org\\\/es\\\/evolucio-del-projecte-de-prevencio-visual-a-les-escoles\\\/#breadcrumb\"},\"inLanguage\":\"es\",\"potentialAction\":[{\"@type\":\"ReadAction\",\"target\":[\"https:\\\/\\\/www.acotv.org\\\/es\\\/evolucio-del-projecte-de-prevencio-visual-a-les-escoles\\\/\"]}]},{\"@type\":\"ImageObject\",\"inLanguage\":\"es\",\"@id\":\"https:\\\/\\\/www.acotv.org\\\/es\\\/evolucio-del-projecte-de-prevencio-visual-a-les-escoles\\\/#primaryimage\",\"url\":\"https:\\\/\\\/www.acotv.org\\\/wp-content\\\/uploads\\\/Imagen-de-WhatsApp-2024-06-26-a-las-11.45.35_358c4f88.jpg\",\"contentUrl\":\"https:\\\/\\\/www.acotv.org\\\/wp-content\\\/uploads\\\/Imagen-de-WhatsApp-2024-06-26-a-las-11.45.35_358c4f88.jpg\",\"width\":2048,\"height\":1152},{\"@type\":\"BreadcrumbList\",\"@id\":\"https:\\\/\\\/www.acotv.org\\\/es\\\/evolucio-del-projecte-de-prevencio-visual-a-les-escoles\\\/#breadcrumb\",\"itemListElement\":[{\"@type\":\"ListItem\",\"position\":1,\"name\":\"Portada\",\"item\":\"https:\\\/\\\/www.acotv.org\\\/es\\\/\"},{\"@type\":\"ListItem\",\"position\":2,\"name\":\"Evoluci\u00f3n del Projecto de Prevenci\u00f3n Visual en las Escuelas\"}]},{\"@type\":\"WebSite\",\"@id\":\"https:\\\/\\\/www.acotv.org\\\/ca\\\/#website\",\"url\":\"https:\\\/\\\/www.acotv.org\\\/ca\\\/\",\"name\":\"Asociaci\u00f3n Catalana de Optometr\u00eda y Terapia Visual\",\"description\":\"\",\"potentialAction\":[{\"@type\":\"SearchAction\",\"target\":{\"@type\":\"EntryPoint\",\"urlTemplate\":\"https:\\\/\\\/www.acotv.org\\\/ca\\\/?s={search_term_string}\"},\"query-input\":{\"@type\":\"PropertyValueSpecification\",\"valueRequired\":true,\"valueName\":\"search_term_string\"}}],\"inLanguage\":\"es\"},{\"@type\":\"Person\",\"@id\":\"https:\\\/\\\/www.acotv.org\\\/ca\\\/#\\\/schema\\\/person\\\/0de470fec1dbf9785a7343042d765744\",\"name\":\"ACOTV\",\"image\":{\"@type\":\"ImageObject\",\"inLanguage\":\"es\",\"@id\":\"https:\\\/\\\/www.acotv.org\\\/wp-content\\\/uploads\\\/Logo-petit-150x150.jpg\",\"url\":\"https:\\\/\\\/www.acotv.org\\\/wp-content\\\/uploads\\\/Logo-petit-150x150.jpg\",\"contentUrl\":\"https:\\\/\\\/www.acotv.org\\\/wp-content\\\/uploads\\\/Logo-petit-150x150.jpg\",\"caption\":\"ACOTV\"},\"url\":\"https:\\\/\\\/www.acotv.org\\\/es\\\/author\\\/acotv\\\/\"}]}<\/script>\n<!-- \/ Yoast SEO plugin. -->","yoast_head_json":{"title":"Evoluci\u00f3n del Projecto de Prevenci\u00f3n Visual en las Escuelas - Asociaci\u00f3n Catalana de Optometr\u00eda y Terapia Visual","robots":{"index":"index","follow":"follow","max-snippet":"max-snippet:-1","max-image-preview":"max-image-preview:large","max-video-preview":"max-video-preview:-1"},"canonical":"https:\/\/www.acotv.org\/es\/evolucio-del-projecte-de-prevencio-visual-a-les-escoles\/","og_locale":"es_ES","og_type":"article","og_title":"Evoluci\u00f3n del Projecto de Prevenci\u00f3n Visual en las Escuelas - Asociaci\u00f3n Catalana de Optometr\u00eda y Terapia Visual","og_description":"Durante las \u00faltimas semanas, el grupo de trabajo del proyecto de prevenci\u00f3n visual en las escuelas ha estado cerrando la segunda fase, que empez\u00f3 con las evaluaciones visuales en los centros.","og_url":"https:\/\/www.acotv.org\/es\/evolucio-del-projecte-de-prevencio-visual-a-les-escoles\/","og_site_name":"Asociaci\u00f3n Catalana de Optometr\u00eda y Terapia Visual","article_published_time":"2024-07-01T16:44:21+00:00","article_modified_time":"2024-07-02T15:39:25+00:00","og_image":[{"width":2048,"height":1152,"url":"https:\/\/www.acotv.org\/wp-content\/uploads\/Imagen-de-WhatsApp-2024-06-26-a-las-11.45.35_358c4f88.jpg","type":"image\/jpeg"}],"author":"ACOTV","twitter_card":"summary_large_image","twitter_misc":{"Escrito por":"ACOTV","Tiempo de lectura":"2 minutos"},"schema":{"@context":"https:\/\/schema.org","@graph":[{"@type":"Article","@id":"https:\/\/www.acotv.org\/es\/evolucio-del-projecte-de-prevencio-visual-a-les-escoles\/#article","isPartOf":{"@id":"https:\/\/www.acotv.org\/es\/evolucio-del-projecte-de-prevencio-visual-a-les-escoles\/"},"author":{"name":"ACOTV","@id":"https:\/\/www.acotv.org\/ca\/#\/schema\/person\/0de470fec1dbf9785a7343042d765744"},"headline":"Evoluci\u00f3n del Projecto de Prevenci\u00f3n Visual en las Escuelas","datePublished":"2024-07-01T16:44:21+00:00","dateModified":"2024-07-02T15:39:25+00:00","mainEntityOfPage":{"@id":"https:\/\/www.acotv.org\/es\/evolucio-del-projecte-de-prevencio-visual-a-les-escoles\/"},"wordCount":386,"commentCount":0,"image":{"@id":"https:\/\/www.acotv.org\/es\/evolucio-del-projecte-de-prevencio-visual-a-les-escoles\/#primaryimage"},"thumbnailUrl":"https:\/\/www.acotv.org\/wp-content\/uploads\/Imagen-de-WhatsApp-2024-06-26-a-las-11.45.35_358c4f88.jpg","keywords":["#Asociaci\u00f3n","problemasdeaprendizaje","problemesdaprenentatge","proyectos","trabajoengrupo"],"articleSection":["Not\u00edcies"],"inLanguage":"es","potentialAction":[{"@type":"CommentAction","name":"Comment","target":["https:\/\/www.acotv.org\/es\/evolucio-del-projecte-de-prevencio-visual-a-les-escoles\/#respond"]}]},{"@type":"WebPage","@id":"https:\/\/www.acotv.org\/es\/evolucio-del-projecte-de-prevencio-visual-a-les-escoles\/","url":"https:\/\/www.acotv.org\/es\/evolucio-del-projecte-de-prevencio-visual-a-les-escoles\/","name":"Evoluci\u00f3n del Projecto de Prevenci\u00f3n Visual en las Escuelas - Asociaci\u00f3n Catalana de Optometr\u00eda y Terapia Visual","isPartOf":{"@id":"https:\/\/www.acotv.org\/ca\/#website"},"primaryImageOfPage":{"@id":"https:\/\/www.acotv.org\/es\/evolucio-del-projecte-de-prevencio-visual-a-les-escoles\/#primaryimage"},"image":{"@id":"https:\/\/www.acotv.org\/es\/evolucio-del-projecte-de-prevencio-visual-a-les-escoles\/#primaryimage"},"thumbnailUrl":"https:\/\/www.acotv.org\/wp-content\/uploads\/Imagen-de-WhatsApp-2024-06-26-a-las-11.45.35_358c4f88.jpg","datePublished":"2024-07-01T16:44:21+00:00","dateModified":"2024-07-02T15:39:25+00:00","author":{"@id":"https:\/\/www.acotv.org\/ca\/#\/schema\/person\/0de470fec1dbf9785a7343042d765744"},"breadcrumb":{"@id":"https:\/\/www.acotv.org\/es\/evolucio-del-projecte-de-prevencio-visual-a-les-escoles\/#breadcrumb"},"inLanguage":"es","potentialAction":[{"@type":"ReadAction","target":["https:\/\/www.acotv.org\/es\/evolucio-del-projecte-de-prevencio-visual-a-les-escoles\/"]}]},{"@type":"ImageObject","inLanguage":"es","@id":"https:\/\/www.acotv.org\/es\/evolucio-del-projecte-de-prevencio-visual-a-les-escoles\/#primaryimage","url":"https:\/\/www.acotv.org\/wp-content\/uploads\/Imagen-de-WhatsApp-2024-06-26-a-las-11.45.35_358c4f88.jpg","contentUrl":"https:\/\/www.acotv.org\/wp-content\/uploads\/Imagen-de-WhatsApp-2024-06-26-a-las-11.45.35_358c4f88.jpg","width":2048,"height":1152},{"@type":"BreadcrumbList","@id":"https:\/\/www.acotv.org\/es\/evolucio-del-projecte-de-prevencio-visual-a-les-escoles\/#breadcrumb","itemListElement":[{"@type":"ListItem","position":1,"name":"Portada","item":"https:\/\/www.acotv.org\/es\/"},{"@type":"ListItem","position":2,"name":"Evoluci\u00f3n del Projecto de Prevenci\u00f3n Visual en las Escuelas"}]},{"@type":"WebSite","@id":"https:\/\/www.acotv.org\/ca\/#website","url":"https:\/\/www.acotv.org\/ca\/","name":"Asociaci\u00f3n Catalana de Optometr\u00eda y Terapia Visual","description":"","potentialAction":[{"@type":"SearchAction","target":{"@type":"EntryPoint","urlTemplate":"https:\/\/www.acotv.org\/ca\/?s={search_term_string}"},"query-input":{"@type":"PropertyValueSpecification","valueRequired":true,"valueName":"search_term_string"}}],"inLanguage":"es"},{"@type":"Person","@id":"https:\/\/www.acotv.org\/ca\/#\/schema\/person\/0de470fec1dbf9785a7343042d765744","name":"ACOTV","image":{"@type":"ImageObject","inLanguage":"es","@id":"https:\/\/www.acotv.org\/wp-content\/uploads\/Logo-petit-150x150.jpg","url":"https:\/\/www.acotv.org\/wp-content\/uploads\/Logo-petit-150x150.jpg","contentUrl":"https:\/\/www.acotv.org\/wp-content\/uploads\/Logo-petit-150x150.jpg","caption":"ACOTV"},"url":"https:\/\/www.acotv.org\/es\/author\/acotv\/"}]}},"_links":{"self":[{"href":"https:\/\/www.acotv.org\/es\/wp-json\/wp\/v2\/posts\/10931","targetHints":{"allow":["GET"]}}],"collection":[{"href":"https:\/\/www.acotv.org\/es\/wp-json\/wp\/v2\/posts"}],"about":[{"href":"https:\/\/www.acotv.org\/es\/wp-json\/wp\/v2\/types\/post"}],"author":[{"embeddable":true,"href":"https:\/\/www.acotv.org\/es\/wp-json\/wp\/v2\/users\/2"}],"replies":[{"embeddable":true,"href":"https:\/\/www.acotv.org\/es\/wp-json\/wp\/v2\/comments?post=10931"}],"version-history":[{"count":2,"href":"https:\/\/www.acotv.org\/es\/wp-json\/wp\/v2\/posts\/10931\/revisions"}],"predecessor-version":[{"id":10934,"href":"https:\/\/www.acotv.org\/es\/wp-json\/wp\/v2\/posts\/10931\/revisions\/10934"}],"wp:featuredmedia":[{"embeddable":true,"href":"https:\/\/www.acotv.org\/es\/wp-json\/wp\/v2\/media\/10897"}],"wp:attachment":[{"href":"https:\/\/www.acotv.org\/es\/wp-json\/wp\/v2\/media?parent=10931"}],"wp:term":[{"taxonomy":"category","embeddable":true,"href":"https:\/\/www.acotv.org\/es\/wp-json\/wp\/v2\/categories?post=10931"},{"taxonomy":"post_tag","embeddable":true,"href":"https:\/\/www.acotv.org\/es\/wp-json\/wp\/v2\/tags?post=10931"}],"curies":[{"name":"wp","href":"https:\/\/api.w.org\/{rel}","templated":true}]}}