{"id":10542,"date":"2024-04-01T17:42:00","date_gmt":"2024-04-01T15:42:00","guid":{"rendered":"https:\/\/www.acotv.org\/inspirant-el-canvi-dones-emprenedores-de-la-upc-2\/"},"modified":"2024-04-05T18:22:38","modified_gmt":"2024-04-05T16:22:38","slug":"inspirando-el-cambio","status":"publish","type":"post","link":"https:\/\/www.acotv.org\/es\/inspirando-el-cambio\/","title":{"rendered":"Inspirando el cambio: mujeres emprendedoras de la UPC"},"content":{"rendered":"\n<p class=\"wp-block-paragraph\">Nuestra presidenta, Yolanda Vierb\u00fccher, en esta ocasi\u00f3n representando a la FOOT como optometrista, particip\u00f3 el pasado 7 de marzo en el acto central para conmemorar el #8M organizado por la UPC.<\/p>\n\n\n\n<p class=\"wp-block-paragraph\">Con el lema <strong>\u00abInspirando el Cambio: Mujeres emprendedoras de la UPC\u00bb, <\/strong>se celebr\u00f3 una mesa redonda muy interesante en la que participaron cuatro exalumnas emprendedoras de la UPC formadas en las diferentes facultades. Fue muy enriquecedor o\u00edr a los testimonios de cuatro mujeres brillantes que comparten sus experiencias y retos como profesionales en un mundo a menudo dominado por hombres.<\/p>\n\n\n\n<p class=\"wp-block-paragraph\">A diferencia de otros \u00e1mbitos, las mujeres optometristas tienen un papel relevante tanto en las aulas como en el sector profesional. Pero todav\u00eda hay obst\u00e1culos por superar. En muchos cargos de responsabilidad, los hombres siguen inamovibles. Es por eso que actos como \u00e9ste son tan importantes para recordarnos que el camino hacia la igualdad a\u00fan no ha terminado.<\/p>\n\n\n\n<blockquote class=\"wp-block-quote is-layout-flow wp-block-quote-is-layout-flow\">\n<p class=\"wp-block-paragraph\">\u00abLa mujer es imprescindible en todos los \u00e1mbitos de la vida, especialmente en un mundo cada vez m\u00e1s tecnol\u00f3gico\u00bb, destacaban en el acto las emprendedoras de la UPC.<\/p>\n<cite>Tabla redonda 7 marzo 2024 UPC<\/cite><\/blockquote>\n","protected":false},"excerpt":{"rendered":"<p>Nuestra presidenta, Yolanda Vierb\u00fccher, en esta ocasi\u00f3n representando a la FOOT como optometrista, particip\u00f3 el pasado 7 de marzo en el acto central para conmemorar el #8M organizado por la UPC.<\/p>\n","protected":false},"author":2,"featured_media":10446,"comment_status":"open","ping_status":"open","sticky":false,"template":"","format":"standard","meta":{"ocean_front_end_style_editor":"no","ocean_post_layout":"","ocean_both_sidebars_style":"","ocean_both_sidebars_content_width":0,"ocean_both_sidebars_sidebars_width":0,"ocean_sidebar":"","ocean_second_sidebar":"","ocean_disable_margins":"enable","ocean_add_body_class":"","ocean_shortcode_before_top_bar":"","ocean_shortcode_after_top_bar":"","ocean_shortcode_before_header":"","ocean_shortcode_after_header":"","ocean_has_shortcode":"","ocean_shortcode_after_title":"","ocean_shortcode_before_footer_widgets":"","ocean_shortcode_after_footer_widgets":"","ocean_shortcode_before_footer_bottom":"","ocean_shortcode_after_footer_bottom":"","ocean_display_top_bar":"default","ocean_display_header":"default","ocean_header_style":"","ocean_center_header_left_menu":"","ocean_custom_header_template":"","ocean_custom_logo":0,"ocean_custom_retina_logo":0,"ocean_custom_logo_max_width":0,"ocean_custom_logo_tablet_max_width":0,"ocean_custom_logo_mobile_max_width":0,"ocean_custom_logo_max_height":0,"ocean_custom_logo_tablet_max_height":0,"ocean_custom_logo_mobile_max_height":0,"ocean_header_custom_menu":"","ocean_menu_typo_font_family":"","ocean_menu_typo_font_subset":"","ocean_menu_typo_font_size":0,"ocean_menu_typo_font_size_tablet":0,"ocean_menu_typo_font_size_mobile":0,"ocean_menu_typo_font_size_unit":"px","ocean_menu_typo_font_weight":"","ocean_menu_typo_font_weight_tablet":"","ocean_menu_typo_font_weight_mobile":"","ocean_menu_typo_transform":"","ocean_menu_typo_transform_tablet":"","ocean_menu_typo_transform_mobile":"","ocean_menu_typo_line_height":0,"ocean_menu_typo_line_height_tablet":0,"ocean_menu_typo_line_height_mobile":0,"ocean_menu_typo_line_height_unit":"","ocean_menu_typo_spacing":0,"ocean_menu_typo_spacing_tablet":0,"ocean_menu_typo_spacing_mobile":0,"ocean_menu_typo_spacing_unit":"","ocean_menu_link_color":"","ocean_menu_link_color_hover":"","ocean_menu_link_color_active":"","ocean_menu_link_background":"","ocean_menu_link_hover_background":"","ocean_menu_link_active_background":"","ocean_menu_social_links_bg":"","ocean_menu_social_hover_links_bg":"","ocean_menu_social_links_color":"","ocean_menu_social_hover_links_color":"","ocean_disable_title":"default","ocean_disable_heading":"default","ocean_post_title":"","ocean_post_subheading":"","ocean_post_title_style":"","ocean_post_title_background_color":"","ocean_post_title_background":0,"ocean_post_title_bg_image_position":"","ocean_post_title_bg_image_attachment":"","ocean_post_title_bg_image_repeat":"","ocean_post_title_bg_image_size":"","ocean_post_title_height":0,"ocean_post_title_bg_overlay":0.5,"ocean_post_title_bg_overlay_color":"","ocean_disable_breadcrumbs":"default","ocean_breadcrumbs_color":"","ocean_breadcrumbs_separator_color":"","ocean_breadcrumbs_links_color":"","ocean_breadcrumbs_links_hover_color":"","ocean_display_footer_widgets":"default","ocean_display_footer_bottom":"default","ocean_custom_footer_template":"","ocean_post_oembed":"","ocean_post_self_hosted_media":"","ocean_post_video_embed":"","ocean_link_format":"","ocean_link_format_target":"self","ocean_quote_format":"","ocean_quote_format_link":"post","ocean_gallery_link_images":"on","ocean_gallery_id":[],"footnotes":""},"categories":[25],"tags":[373,374,375],"class_list":["post-10542","post","type-post","status-publish","format-standard","has-post-thumbnail","hentry","category-noticies","tag-8m","tag-dones","tag-emprenedores","entry","has-media"],"yoast_head":"<!-- This site is optimized with the Yoast SEO plugin v28.4 - https:\/\/yoast.com\/product\/yoast-seo-wordpress\/ -->\n<title>Inspirando el cambio: mujeres emprendedoras de la UPC - Asociaci\u00f3n Catalana de Optometr\u00eda y Terapia Visual<\/title>\n<meta name=\"robots\" content=\"index, follow, max-snippet:-1, max-image-preview:large, max-video-preview:-1\" \/>\n<link rel=\"canonical\" href=\"https:\/\/www.acotv.org\/es\/inspirando-el-cambio\/\" \/>\n<meta property=\"og:locale\" content=\"es_ES\" \/>\n<meta property=\"og:type\" content=\"article\" \/>\n<meta property=\"og:title\" content=\"Inspirando el cambio: mujeres emprendedoras de la UPC - Asociaci\u00f3n Catalana de Optometr\u00eda y Terapia Visual\" \/>\n<meta property=\"og:description\" content=\"Nuestra presidenta, Yolanda Vierb\u00fccher, en esta ocasi\u00f3n representando a la FOOT como optometrista, particip\u00f3 el pasado 7 de marzo en el acto central para conmemorar el #8M organizado por la UPC.\" \/>\n<meta property=\"og:url\" content=\"https:\/\/www.acotv.org\/es\/inspirando-el-cambio\/\" \/>\n<meta property=\"og:site_name\" content=\"Asociaci\u00f3n Catalana de Optometr\u00eda y Terapia Visual\" \/>\n<meta property=\"article:published_time\" content=\"2024-04-01T15:42:00+00:00\" \/>\n<meta property=\"article:modified_time\" content=\"2024-04-05T16:22:38+00:00\" \/>\n<meta property=\"og:image\" content=\"https:\/\/www.acotv.org\/wp-content\/uploads\/Imagen-de-WhatsApp-2024-03-26-a-las-12.45.35_83b0d98b.jpg\" \/>\n\t<meta property=\"og:image:width\" content=\"736\" \/>\n\t<meta property=\"og:image:height\" content=\"663\" \/>\n\t<meta property=\"og:image:type\" content=\"image\/jpeg\" \/>\n<meta name=\"author\" content=\"ACOTV\" \/>\n<meta name=\"twitter:card\" content=\"summary_large_image\" \/>\n<meta name=\"twitter:label1\" content=\"Escrito por\" \/>\n\t<meta name=\"twitter:data1\" content=\"ACOTV\" \/>\n\t<meta name=\"twitter:label2\" content=\"Tiempo de lectura\" \/>\n\t<meta name=\"twitter:data2\" content=\"1 minuto\" \/>\n<script type=\"application\/ld+json\" class=\"yoast-schema-graph\">{\"@context\":\"https:\\\/\\\/schema.org\",\"@graph\":[{\"@type\":\"Article\",\"@id\":\"https:\\\/\\\/www.acotv.org\\\/es\\\/inspirando-el-cambio\\\/#article\",\"isPartOf\":{\"@id\":\"https:\\\/\\\/www.acotv.org\\\/es\\\/inspirando-el-cambio\\\/\"},\"author\":{\"name\":\"ACOTV\",\"@id\":\"https:\\\/\\\/www.acotv.org\\\/ca\\\/#\\\/schema\\\/person\\\/0de470fec1dbf9785a7343042d765744\"},\"headline\":\"Inspirando el cambio: mujeres emprendedoras de la UPC\",\"datePublished\":\"2024-04-01T15:42:00+00:00\",\"dateModified\":\"2024-04-05T16:22:38+00:00\",\"mainEntityOfPage\":{\"@id\":\"https:\\\/\\\/www.acotv.org\\\/es\\\/inspirando-el-cambio\\\/\"},\"wordCount\":196,\"commentCount\":0,\"image\":{\"@id\":\"https:\\\/\\\/www.acotv.org\\\/es\\\/inspirando-el-cambio\\\/#primaryimage\"},\"thumbnailUrl\":\"https:\\\/\\\/www.acotv.org\\\/wp-content\\\/uploads\\\/Imagen-de-WhatsApp-2024-03-26-a-las-12.45.35_83b0d98b.jpg\",\"keywords\":[\"#8M\",\"dones\",\"emprenedores\"],\"articleSection\":[\"Not\u00edcies\"],\"inLanguage\":\"es\",\"potentialAction\":[{\"@type\":\"CommentAction\",\"name\":\"Comment\",\"target\":[\"https:\\\/\\\/www.acotv.org\\\/es\\\/inspirando-el-cambio\\\/#respond\"]}]},{\"@type\":\"WebPage\",\"@id\":\"https:\\\/\\\/www.acotv.org\\\/es\\\/inspirando-el-cambio\\\/\",\"url\":\"https:\\\/\\\/www.acotv.org\\\/es\\\/inspirando-el-cambio\\\/\",\"name\":\"Inspirando el cambio: mujeres emprendedoras de la UPC - Asociaci\u00f3n Catalana de Optometr\u00eda y Terapia Visual\",\"isPartOf\":{\"@id\":\"https:\\\/\\\/www.acotv.org\\\/ca\\\/#website\"},\"primaryImageOfPage\":{\"@id\":\"https:\\\/\\\/www.acotv.org\\\/es\\\/inspirando-el-cambio\\\/#primaryimage\"},\"image\":{\"@id\":\"https:\\\/\\\/www.acotv.org\\\/es\\\/inspirando-el-cambio\\\/#primaryimage\"},\"thumbnailUrl\":\"https:\\\/\\\/www.acotv.org\\\/wp-content\\\/uploads\\\/Imagen-de-WhatsApp-2024-03-26-a-las-12.45.35_83b0d98b.jpg\",\"datePublished\":\"2024-04-01T15:42:00+00:00\",\"dateModified\":\"2024-04-05T16:22:38+00:00\",\"author\":{\"@id\":\"https:\\\/\\\/www.acotv.org\\\/ca\\\/#\\\/schema\\\/person\\\/0de470fec1dbf9785a7343042d765744\"},\"breadcrumb\":{\"@id\":\"https:\\\/\\\/www.acotv.org\\\/es\\\/inspirando-el-cambio\\\/#breadcrumb\"},\"inLanguage\":\"es\",\"potentialAction\":[{\"@type\":\"ReadAction\",\"target\":[\"https:\\\/\\\/www.acotv.org\\\/es\\\/inspirando-el-cambio\\\/\"]}]},{\"@type\":\"ImageObject\",\"inLanguage\":\"es\",\"@id\":\"https:\\\/\\\/www.acotv.org\\\/es\\\/inspirando-el-cambio\\\/#primaryimage\",\"url\":\"https:\\\/\\\/www.acotv.org\\\/wp-content\\\/uploads\\\/Imagen-de-WhatsApp-2024-03-26-a-las-12.45.35_83b0d98b.jpg\",\"contentUrl\":\"https:\\\/\\\/www.acotv.org\\\/wp-content\\\/uploads\\\/Imagen-de-WhatsApp-2024-03-26-a-las-12.45.35_83b0d98b.jpg\",\"width\":736,\"height\":663},{\"@type\":\"BreadcrumbList\",\"@id\":\"https:\\\/\\\/www.acotv.org\\\/es\\\/inspirando-el-cambio\\\/#breadcrumb\",\"itemListElement\":[{\"@type\":\"ListItem\",\"position\":1,\"name\":\"Portada\",\"item\":\"https:\\\/\\\/www.acotv.org\\\/es\\\/\"},{\"@type\":\"ListItem\",\"position\":2,\"name\":\"Inspirando el cambio: mujeres emprendedoras de la UPC\"}]},{\"@type\":\"WebSite\",\"@id\":\"https:\\\/\\\/www.acotv.org\\\/ca\\\/#website\",\"url\":\"https:\\\/\\\/www.acotv.org\\\/ca\\\/\",\"name\":\"Asociaci\u00f3n Catalana de Optometr\u00eda y Terapia Visual\",\"description\":\"\",\"potentialAction\":[{\"@type\":\"SearchAction\",\"target\":{\"@type\":\"EntryPoint\",\"urlTemplate\":\"https:\\\/\\\/www.acotv.org\\\/ca\\\/?s={search_term_string}\"},\"query-input\":{\"@type\":\"PropertyValueSpecification\",\"valueRequired\":true,\"valueName\":\"search_term_string\"}}],\"inLanguage\":\"es\"},{\"@type\":\"Person\",\"@id\":\"https:\\\/\\\/www.acotv.org\\\/ca\\\/#\\\/schema\\\/person\\\/0de470fec1dbf9785a7343042d765744\",\"name\":\"ACOTV\",\"image\":{\"@type\":\"ImageObject\",\"inLanguage\":\"es\",\"@id\":\"https:\\\/\\\/www.acotv.org\\\/wp-content\\\/uploads\\\/Logo-petit-150x150.jpg\",\"url\":\"https:\\\/\\\/www.acotv.org\\\/wp-content\\\/uploads\\\/Logo-petit-150x150.jpg\",\"contentUrl\":\"https:\\\/\\\/www.acotv.org\\\/wp-content\\\/uploads\\\/Logo-petit-150x150.jpg\",\"caption\":\"ACOTV\"},\"url\":\"https:\\\/\\\/www.acotv.org\\\/es\\\/author\\\/acotv\\\/\"}]}<\/script>\n<!-- \/ Yoast SEO plugin. -->","yoast_head_json":{"title":"Inspirando el cambio: mujeres emprendedoras de la UPC - Asociaci\u00f3n Catalana de Optometr\u00eda y Terapia Visual","robots":{"index":"index","follow":"follow","max-snippet":"max-snippet:-1","max-image-preview":"max-image-preview:large","max-video-preview":"max-video-preview:-1"},"canonical":"https:\/\/www.acotv.org\/es\/inspirando-el-cambio\/","og_locale":"es_ES","og_type":"article","og_title":"Inspirando el cambio: mujeres emprendedoras de la UPC - Asociaci\u00f3n Catalana de Optometr\u00eda y Terapia Visual","og_description":"Nuestra presidenta, Yolanda Vierb\u00fccher, en esta ocasi\u00f3n representando a la FOOT como optometrista, particip\u00f3 el pasado 7 de marzo en el acto central para conmemorar el #8M organizado por la UPC.","og_url":"https:\/\/www.acotv.org\/es\/inspirando-el-cambio\/","og_site_name":"Asociaci\u00f3n Catalana de Optometr\u00eda y Terapia Visual","article_published_time":"2024-04-01T15:42:00+00:00","article_modified_time":"2024-04-05T16:22:38+00:00","og_image":[{"width":736,"height":663,"url":"https:\/\/www.acotv.org\/wp-content\/uploads\/Imagen-de-WhatsApp-2024-03-26-a-las-12.45.35_83b0d98b.jpg","type":"image\/jpeg"}],"author":"ACOTV","twitter_card":"summary_large_image","twitter_misc":{"Escrito por":"ACOTV","Tiempo de lectura":"1 minuto"},"schema":{"@context":"https:\/\/schema.org","@graph":[{"@type":"Article","@id":"https:\/\/www.acotv.org\/es\/inspirando-el-cambio\/#article","isPartOf":{"@id":"https:\/\/www.acotv.org\/es\/inspirando-el-cambio\/"},"author":{"name":"ACOTV","@id":"https:\/\/www.acotv.org\/ca\/#\/schema\/person\/0de470fec1dbf9785a7343042d765744"},"headline":"Inspirando el cambio: mujeres emprendedoras de la UPC","datePublished":"2024-04-01T15:42:00+00:00","dateModified":"2024-04-05T16:22:38+00:00","mainEntityOfPage":{"@id":"https:\/\/www.acotv.org\/es\/inspirando-el-cambio\/"},"wordCount":196,"commentCount":0,"image":{"@id":"https:\/\/www.acotv.org\/es\/inspirando-el-cambio\/#primaryimage"},"thumbnailUrl":"https:\/\/www.acotv.org\/wp-content\/uploads\/Imagen-de-WhatsApp-2024-03-26-a-las-12.45.35_83b0d98b.jpg","keywords":["#8M","dones","emprenedores"],"articleSection":["Not\u00edcies"],"inLanguage":"es","potentialAction":[{"@type":"CommentAction","name":"Comment","target":["https:\/\/www.acotv.org\/es\/inspirando-el-cambio\/#respond"]}]},{"@type":"WebPage","@id":"https:\/\/www.acotv.org\/es\/inspirando-el-cambio\/","url":"https:\/\/www.acotv.org\/es\/inspirando-el-cambio\/","name":"Inspirando el cambio: mujeres emprendedoras de la UPC - Asociaci\u00f3n Catalana de Optometr\u00eda y Terapia Visual","isPartOf":{"@id":"https:\/\/www.acotv.org\/ca\/#website"},"primaryImageOfPage":{"@id":"https:\/\/www.acotv.org\/es\/inspirando-el-cambio\/#primaryimage"},"image":{"@id":"https:\/\/www.acotv.org\/es\/inspirando-el-cambio\/#primaryimage"},"thumbnailUrl":"https:\/\/www.acotv.org\/wp-content\/uploads\/Imagen-de-WhatsApp-2024-03-26-a-las-12.45.35_83b0d98b.jpg","datePublished":"2024-04-01T15:42:00+00:00","dateModified":"2024-04-05T16:22:38+00:00","author":{"@id":"https:\/\/www.acotv.org\/ca\/#\/schema\/person\/0de470fec1dbf9785a7343042d765744"},"breadcrumb":{"@id":"https:\/\/www.acotv.org\/es\/inspirando-el-cambio\/#breadcrumb"},"inLanguage":"es","potentialAction":[{"@type":"ReadAction","target":["https:\/\/www.acotv.org\/es\/inspirando-el-cambio\/"]}]},{"@type":"ImageObject","inLanguage":"es","@id":"https:\/\/www.acotv.org\/es\/inspirando-el-cambio\/#primaryimage","url":"https:\/\/www.acotv.org\/wp-content\/uploads\/Imagen-de-WhatsApp-2024-03-26-a-las-12.45.35_83b0d98b.jpg","contentUrl":"https:\/\/www.acotv.org\/wp-content\/uploads\/Imagen-de-WhatsApp-2024-03-26-a-las-12.45.35_83b0d98b.jpg","width":736,"height":663},{"@type":"BreadcrumbList","@id":"https:\/\/www.acotv.org\/es\/inspirando-el-cambio\/#breadcrumb","itemListElement":[{"@type":"ListItem","position":1,"name":"Portada","item":"https:\/\/www.acotv.org\/es\/"},{"@type":"ListItem","position":2,"name":"Inspirando el cambio: mujeres emprendedoras de la UPC"}]},{"@type":"WebSite","@id":"https:\/\/www.acotv.org\/ca\/#website","url":"https:\/\/www.acotv.org\/ca\/","name":"Asociaci\u00f3n Catalana de Optometr\u00eda y Terapia Visual","description":"","potentialAction":[{"@type":"SearchAction","target":{"@type":"EntryPoint","urlTemplate":"https:\/\/www.acotv.org\/ca\/?s={search_term_string}"},"query-input":{"@type":"PropertyValueSpecification","valueRequired":true,"valueName":"search_term_string"}}],"inLanguage":"es"},{"@type":"Person","@id":"https:\/\/www.acotv.org\/ca\/#\/schema\/person\/0de470fec1dbf9785a7343042d765744","name":"ACOTV","image":{"@type":"ImageObject","inLanguage":"es","@id":"https:\/\/www.acotv.org\/wp-content\/uploads\/Logo-petit-150x150.jpg","url":"https:\/\/www.acotv.org\/wp-content\/uploads\/Logo-petit-150x150.jpg","contentUrl":"https:\/\/www.acotv.org\/wp-content\/uploads\/Logo-petit-150x150.jpg","caption":"ACOTV"},"url":"https:\/\/www.acotv.org\/es\/author\/acotv\/"}]}},"_links":{"self":[{"href":"https:\/\/www.acotv.org\/es\/wp-json\/wp\/v2\/posts\/10542","targetHints":{"allow":["GET"]}}],"collection":[{"href":"https:\/\/www.acotv.org\/es\/wp-json\/wp\/v2\/posts"}],"about":[{"href":"https:\/\/www.acotv.org\/es\/wp-json\/wp\/v2\/types\/post"}],"author":[{"embeddable":true,"href":"https:\/\/www.acotv.org\/es\/wp-json\/wp\/v2\/users\/2"}],"replies":[{"embeddable":true,"href":"https:\/\/www.acotv.org\/es\/wp-json\/wp\/v2\/comments?post=10542"}],"version-history":[{"count":1,"href":"https:\/\/www.acotv.org\/es\/wp-json\/wp\/v2\/posts\/10542\/revisions"}],"predecessor-version":[{"id":10552,"href":"https:\/\/www.acotv.org\/es\/wp-json\/wp\/v2\/posts\/10542\/revisions\/10552"}],"wp:featuredmedia":[{"embeddable":true,"href":"https:\/\/www.acotv.org\/es\/wp-json\/wp\/v2\/media\/10446"}],"wp:attachment":[{"href":"https:\/\/www.acotv.org\/es\/wp-json\/wp\/v2\/media?parent=10542"}],"wp:term":[{"taxonomy":"category","embeddable":true,"href":"https:\/\/www.acotv.org\/es\/wp-json\/wp\/v2\/categories?post=10542"},{"taxonomy":"post_tag","embeddable":true,"href":"https:\/\/www.acotv.org\/es\/wp-json\/wp\/v2\/tags?post=10542"}],"curies":[{"name":"wp","href":"https:\/\/api.w.org\/{rel}","templated":true}]}}