{"id":10538,"date":"2024-04-04T13:11:06","date_gmt":"2024-04-04T11:11:06","guid":{"rendered":"https:\/\/www.acotv.org\/avencos-en-el-projecte-de-prevencio-visual-de-lacotv\/"},"modified":"2024-04-08T19:28:15","modified_gmt":"2024-04-08T17:28:15","slug":"avances-en-el-proyecto-de-prevencion-visual-de-lacotv","status":"publish","type":"post","link":"https:\/\/www.acotv.org\/es\/avances-en-el-proyecto-de-prevencion-visual-de-lacotv\/","title":{"rendered":"Avanza en el Projecto de prevenci\u00f3n visual de la ACOTV"},"content":{"rendered":"\n<p class=\"wp-block-paragraph\">Desde el inicio de este a\u00f1o, el grupo de trabajo de voluntarias de ACOTV que colabora en el proyecto de prevenci\u00f3n en salud visual en las escuelas ha centrado sus esfuerzos en el desarrollo de la segunda fase de esta iniciativa crucial para la salud de nuestros estudiantes.<\/p>\n\n\n\n<p class=\"wp-block-paragraph\">La segunda fase de este proyecto tiene como principal objetivo proporcionar una evaluaci\u00f3n visual objetiva y sistem\u00e1tica para detectar y catalogar posibles disfunciones visuales en los estudiantes. Nuestras voluntarias, profesionales&nbsp; dotadas de una pasi\u00f3n por la salud visual de los m\u00e1s j\u00f3venes, se han desplegado en grupos por los diferentes centros escolares colaboradores para realizar exploraciones visuales en ni\u00f1os de diferentes etapas educativas, desde la etapa infantil hasta tercero de primaria.<\/p>\n\n\n\n<p class=\"wp-block-paragraph\">Gracias a nuestros cribados visuales, realizados cuidadosamente y profesionalidad, hemos podido identificar r\u00e1pidamente casos que podr\u00edan necesitar una exploraci\u00f3n m\u00e1s detallada. Adem\u00e1s, hemos evaluado a m\u00e1s de 600 estudiantes en diversos centros escolares de Catalu\u00f1a, lo que nos ha permitido obtener una visi\u00f3n global de la situaci\u00f3n de la salud visual en el territorio.<\/p>\n\n\n\n<figure class=\"wp-block-gallery has-nested-images columns-default is-cropped wp-block-gallery-1 is-layout-flex wp-block-gallery-is-layout-flex\">\n<figure class=\"wp-block-image size-large\"><img fetchpriority=\"high\" decoding=\"async\" width=\"1024\" height=\"768\" data-id=\"10408\" src=\"https:\/\/www.acotv.org\/wp-content\/uploads\/IMG-20240119-WA0013.jpg\" alt=\"\" class=\"wp-image-10408\" srcset=\"https:\/\/www.acotv.org\/wp-content\/uploads\/IMG-20240119-WA0013.jpg 1024w, https:\/\/www.acotv.org\/wp-content\/uploads\/IMG-20240119-WA0013-300x225.jpg 300w, https:\/\/www.acotv.org\/wp-content\/uploads\/IMG-20240119-WA0013-768x576.jpg 768w\" sizes=\"(max-width: 1024px) 100vw, 1024px\" \/><\/figure>\n\n\n\n<figure class=\"wp-block-image size-large\"><img decoding=\"async\" width=\"768\" height=\"1024\" data-id=\"10426\" src=\"https:\/\/www.acotv.org\/wp-content\/uploads\/IMG-20240117-WA0013-768x1024.jpg\" alt=\"\" class=\"wp-image-10426\" srcset=\"https:\/\/www.acotv.org\/wp-content\/uploads\/IMG-20240117-WA0013-768x1024.jpg 768w, https:\/\/www.acotv.org\/wp-content\/uploads\/IMG-20240117-WA0013-225x300.jpg 225w, https:\/\/www.acotv.org\/wp-content\/uploads\/IMG-20240117-WA0013-1152x1536.jpg 1152w, https:\/\/www.acotv.org\/wp-content\/uploads\/IMG-20240117-WA0013.jpg 1536w\" sizes=\"(max-width: 768px) 100vw, 768px\" \/><\/figure>\n\n\n\n<figure class=\"wp-block-image size-large\"><img decoding=\"async\" width=\"768\" height=\"1024\" data-id=\"10420\" src=\"https:\/\/www.acotv.org\/wp-content\/uploads\/CribatgesGirona_2-768x1024.jpg\" alt=\"\" class=\"wp-image-10420\" srcset=\"https:\/\/www.acotv.org\/wp-content\/uploads\/CribatgesGirona_2-768x1024.jpg 768w, https:\/\/www.acotv.org\/wp-content\/uploads\/CribatgesGirona_2-225x300.jpg 225w, https:\/\/www.acotv.org\/wp-content\/uploads\/CribatgesGirona_2-1152x1536.jpg 1152w, https:\/\/www.acotv.org\/wp-content\/uploads\/CribatgesGirona_2.jpg 1536w\" sizes=\"(max-width: 768px) 100vw, 768px\" \/><\/figure>\n\n\n\n<figure class=\"wp-block-image size-large\"><img loading=\"lazy\" decoding=\"async\" width=\"827\" height=\"1024\" data-id=\"10423\" src=\"https:\/\/www.acotv.org\/wp-content\/uploads\/CribatgesVilanova_5-827x1024.jpg\" alt=\"\" class=\"wp-image-10423\" srcset=\"https:\/\/www.acotv.org\/wp-content\/uploads\/CribatgesVilanova_5-827x1024.jpg 827w, https:\/\/www.acotv.org\/wp-content\/uploads\/CribatgesVilanova_5-242x300.jpg 242w, https:\/\/www.acotv.org\/wp-content\/uploads\/CribatgesVilanova_5-768x951.jpg 768w, https:\/\/www.acotv.org\/wp-content\/uploads\/CribatgesVilanova_5.jpg 1152w\" sizes=\"(max-width: 827px) 100vw, 827px\" \/><\/figure>\n\n\n\n<figure class=\"wp-block-image size-large\"><img loading=\"lazy\" decoding=\"async\" width=\"768\" height=\"1024\" data-id=\"10414\" src=\"https:\/\/www.acotv.org\/wp-content\/uploads\/Imagen-de-WhatsApp-2024-01-16-a-las-16.05.59_806a84de.jpg\" alt=\"\" class=\"wp-image-10414\" srcset=\"https:\/\/www.acotv.org\/wp-content\/uploads\/Imagen-de-WhatsApp-2024-01-16-a-las-16.05.59_806a84de.jpg 768w, https:\/\/www.acotv.org\/wp-content\/uploads\/Imagen-de-WhatsApp-2024-01-16-a-las-16.05.59_806a84de-225x300.jpg 225w\" sizes=\"(max-width: 768px) 100vw, 768px\" \/><\/figure>\n\n\n\n<figure class=\"wp-block-image size-large\"><img loading=\"lazy\" decoding=\"async\" width=\"768\" height=\"1024\" data-id=\"10411\" src=\"https:\/\/www.acotv.org\/wp-content\/uploads\/Imagen-de-WhatsApp-2024-01-16-a-las-16.05.59_c188a2c5.jpg\" alt=\"\" class=\"wp-image-10411\" srcset=\"https:\/\/www.acotv.org\/wp-content\/uploads\/Imagen-de-WhatsApp-2024-01-16-a-las-16.05.59_c188a2c5.jpg 768w, https:\/\/www.acotv.org\/wp-content\/uploads\/Imagen-de-WhatsApp-2024-01-16-a-las-16.05.59_c188a2c5-225x300.jpg 225w\" sizes=\"(max-width: 768px) 100vw, 768px\" \/><\/figure>\n<\/figure>\n\n\n\n<p class=\"wp-block-paragraph\">Es importante destacar que esta iniciativa no s\u00f3lo responde a una preocupaci\u00f3n actual, sino que aborda tambi\u00e9n una tendencia preocupante: el incremento de los trastornos visuales entre los j\u00f3venes, en gran parte atribuido al uso excesivo de pantallas desde edades muy tempranas. A trav\u00e9s de nuestro trabajo proactivo, aspiramos a mitigar esta tendencia y proporcionar a los estudiantes las herramientas necesarias para una salud visual \u00f3ptima.<\/p>\n\n\n\n<p class=\"wp-block-paragraph\">Como optometristas comprometidos, no s\u00f3lo abordamos esta problem\u00e1tica de forma individual, sino que tambi\u00e9n colaboramos estrechamente con los organismos e instituciones responsables de promover la salud. Creemos firmemente que la salud visual es un aspecto fundamental del proceso de aprendizaje de nuestros j\u00f3venes y estamos dedicados a garantizar que esta iniciativa tenga un impacto sustancial en sus vidas.<\/p>\n\n\n\n<p class=\"wp-block-paragraph\">En resumen, el proyecto de prevenci\u00f3n visual en las escuelas de ACOTV est\u00e1 en marcha y avanza con determinaci\u00f3n. Continuaremos trabajando incansablemente para asegurarnos de que cada estudiante tenga la oportunidad de una salud visual \u00f3ptima y un futuro brillante.<\/p>\n","protected":false},"excerpt":{"rendered":"<p>Desde el inicio de este a\u00f1o, el grupo de trabajo de voluntarias de ACOTV que colabora en el proyecto de prevenci\u00f3n en salud visual en las escuelas ha centrado sus esfuerzos en el desarrollo de la segunda fase.<\/p>\n","protected":false},"author":2,"featured_media":10407,"comment_status":"open","ping_status":"open","sticky":false,"template":"","format":"standard","meta":{"ocean_front_end_style_editor":"no","ocean_post_layout":"","ocean_both_sidebars_style":"","ocean_both_sidebars_content_width":0,"ocean_both_sidebars_sidebars_width":0,"ocean_sidebar":"","ocean_second_sidebar":"","ocean_disable_margins":"enable","ocean_add_body_class":"","ocean_shortcode_before_top_bar":"","ocean_shortcode_after_top_bar":"","ocean_shortcode_before_header":"","ocean_shortcode_after_header":"","ocean_has_shortcode":"","ocean_shortcode_after_title":"","ocean_shortcode_before_footer_widgets":"","ocean_shortcode_after_footer_widgets":"","ocean_shortcode_before_footer_bottom":"","ocean_shortcode_after_footer_bottom":"","ocean_display_top_bar":"default","ocean_display_header":"default","ocean_header_style":"","ocean_center_header_left_menu":"","ocean_custom_header_template":"","ocean_custom_logo":0,"ocean_custom_retina_logo":0,"ocean_custom_logo_max_width":0,"ocean_custom_logo_tablet_max_width":0,"ocean_custom_logo_mobile_max_width":0,"ocean_custom_logo_max_height":0,"ocean_custom_logo_tablet_max_height":0,"ocean_custom_logo_mobile_max_height":0,"ocean_header_custom_menu":"","ocean_menu_typo_font_family":"","ocean_menu_typo_font_subset":"","ocean_menu_typo_font_size":0,"ocean_menu_typo_font_size_tablet":0,"ocean_menu_typo_font_size_mobile":0,"ocean_menu_typo_font_size_unit":"px","ocean_menu_typo_font_weight":"","ocean_menu_typo_font_weight_tablet":"","ocean_menu_typo_font_weight_mobile":"","ocean_menu_typo_transform":"","ocean_menu_typo_transform_tablet":"","ocean_menu_typo_transform_mobile":"","ocean_menu_typo_line_height":0,"ocean_menu_typo_line_height_tablet":0,"ocean_menu_typo_line_height_mobile":0,"ocean_menu_typo_line_height_unit":"","ocean_menu_typo_spacing":0,"ocean_menu_typo_spacing_tablet":0,"ocean_menu_typo_spacing_mobile":0,"ocean_menu_typo_spacing_unit":"","ocean_menu_link_color":"","ocean_menu_link_color_hover":"","ocean_menu_link_color_active":"","ocean_menu_link_background":"","ocean_menu_link_hover_background":"","ocean_menu_link_active_background":"","ocean_menu_social_links_bg":"","ocean_menu_social_hover_links_bg":"","ocean_menu_social_links_color":"","ocean_menu_social_hover_links_color":"","ocean_disable_title":"default","ocean_disable_heading":"default","ocean_post_title":"","ocean_post_subheading":"","ocean_post_title_style":"","ocean_post_title_background_color":"","ocean_post_title_background":0,"ocean_post_title_bg_image_position":"","ocean_post_title_bg_image_attachment":"","ocean_post_title_bg_image_repeat":"","ocean_post_title_bg_image_size":"","ocean_post_title_height":0,"ocean_post_title_bg_overlay":0.5,"ocean_post_title_bg_overlay_color":"","ocean_disable_breadcrumbs":"default","ocean_breadcrumbs_color":"","ocean_breadcrumbs_separator_color":"","ocean_breadcrumbs_links_color":"","ocean_breadcrumbs_links_hover_color":"","ocean_display_footer_widgets":"default","ocean_display_footer_bottom":"default","ocean_custom_footer_template":"","ocean_post_oembed":"","ocean_post_self_hosted_media":"","ocean_post_video_embed":"","ocean_link_format":"","ocean_link_format_target":"self","ocean_quote_format":"","ocean_quote_format_link":"post","ocean_gallery_link_images":"on","ocean_gallery_id":[],"footnotes":""},"categories":[25,1],"tags":[258,60,70,206,210,73,68,299,307,71,300],"class_list":["post-10538","post","type-post","status-publish","format-standard","has-post-thumbnail","hentry","category-noticies","category-sin-categorizar","tag-accioescoles","tag-optometria","tag-prevencio","tag-projectes","tag-proyectos","tag-saludvisual-2","tag-salutvisual","tag-salutvisual-2","tag-trabajoengrupo-2","tag-treballdegrup","tag-treballdegrup-3","entry","has-media"],"yoast_head":"<!-- This site is optimized with the Yoast SEO plugin v28.4 - https:\/\/yoast.com\/product\/yoast-seo-wordpress\/ -->\n<title>Avanza en el Projecto de prevenci\u00f3n visual de la ACOTV - Asociaci\u00f3n Catalana de Optometr\u00eda y Terapia Visual<\/title>\n<meta name=\"robots\" content=\"index, follow, max-snippet:-1, max-image-preview:large, max-video-preview:-1\" \/>\n<link rel=\"canonical\" href=\"https:\/\/www.acotv.org\/es\/avances-en-el-proyecto-de-prevencion-visual-de-lacotv\/\" \/>\n<meta property=\"og:locale\" content=\"es_ES\" \/>\n<meta property=\"og:type\" content=\"article\" \/>\n<meta property=\"og:title\" content=\"Avanza en el Projecto de prevenci\u00f3n visual de la ACOTV - Asociaci\u00f3n Catalana de Optometr\u00eda y Terapia Visual\" \/>\n<meta property=\"og:description\" content=\"Desde el inicio de este a\u00f1o, el grupo de trabajo de voluntarias de ACOTV que colabora en el proyecto de prevenci\u00f3n en salud visual en las escuelas ha centrado sus esfuerzos en el desarrollo de la segunda fase.\" \/>\n<meta property=\"og:url\" content=\"https:\/\/www.acotv.org\/es\/avances-en-el-proyecto-de-prevencion-visual-de-lacotv\/\" \/>\n<meta property=\"og:site_name\" content=\"Asociaci\u00f3n Catalana de Optometr\u00eda y Terapia Visual\" \/>\n<meta property=\"article:published_time\" content=\"2024-04-04T11:11:06+00:00\" \/>\n<meta property=\"article:modified_time\" content=\"2024-04-08T17:28:15+00:00\" \/>\n<meta property=\"og:image\" content=\"https:\/\/www.acotv.org\/wp-content\/uploads\/ProjectesEscoles_290213.jpg\" \/>\n\t<meta property=\"og:image:width\" content=\"1080\" \/>\n\t<meta property=\"og:image:height\" content=\"1080\" \/>\n\t<meta property=\"og:image:type\" content=\"image\/jpeg\" \/>\n<meta name=\"author\" content=\"ACOTV\" \/>\n<meta name=\"twitter:card\" content=\"summary_large_image\" \/>\n<meta name=\"twitter:label1\" content=\"Escrito por\" \/>\n\t<meta name=\"twitter:data1\" content=\"ACOTV\" \/>\n\t<meta name=\"twitter:label2\" content=\"Tiempo de lectura\" \/>\n\t<meta name=\"twitter:data2\" content=\"3 minutos\" \/>\n<script type=\"application\/ld+json\" class=\"yoast-schema-graph\">{\"@context\":\"https:\\\/\\\/schema.org\",\"@graph\":[{\"@type\":\"Article\",\"@id\":\"https:\\\/\\\/www.acotv.org\\\/es\\\/avances-en-el-proyecto-de-prevencion-visual-de-lacotv\\\/#article\",\"isPartOf\":{\"@id\":\"https:\\\/\\\/www.acotv.org\\\/es\\\/avances-en-el-proyecto-de-prevencion-visual-de-lacotv\\\/\"},\"author\":{\"name\":\"ACOTV\",\"@id\":\"https:\\\/\\\/www.acotv.org\\\/ca\\\/#\\\/schema\\\/person\\\/0de470fec1dbf9785a7343042d765744\"},\"headline\":\"Avanza en el Projecto de prevenci\u00f3n visual de la ACOTV\",\"datePublished\":\"2024-04-04T11:11:06+00:00\",\"dateModified\":\"2024-04-08T17:28:15+00:00\",\"mainEntityOfPage\":{\"@id\":\"https:\\\/\\\/www.acotv.org\\\/es\\\/avances-en-el-proyecto-de-prevencion-visual-de-lacotv\\\/\"},\"wordCount\":376,\"commentCount\":0,\"image\":{\"@id\":\"https:\\\/\\\/www.acotv.org\\\/es\\\/avances-en-el-proyecto-de-prevencion-visual-de-lacotv\\\/#primaryimage\"},\"thumbnailUrl\":\"https:\\\/\\\/www.acotv.org\\\/wp-content\\\/uploads\\\/ProjectesEscoles_290213.jpg\",\"keywords\":[\"Acci\u00f3Escoles\",\"Optometria\",\"prevenci\u00f3\",\"Projectes\",\"proyectos\",\"saludvisual\",\"salutvisual\",\"salutvisual\",\"trabajoengrupo\",\"treballdegrup\",\"treballdegrup\"],\"articleSection\":[\"Not\u00edcies\",\"Sin categorizar\"],\"inLanguage\":\"es\",\"potentialAction\":[{\"@type\":\"CommentAction\",\"name\":\"Comment\",\"target\":[\"https:\\\/\\\/www.acotv.org\\\/es\\\/avances-en-el-proyecto-de-prevencion-visual-de-lacotv\\\/#respond\"]}]},{\"@type\":\"WebPage\",\"@id\":\"https:\\\/\\\/www.acotv.org\\\/es\\\/avances-en-el-proyecto-de-prevencion-visual-de-lacotv\\\/\",\"url\":\"https:\\\/\\\/www.acotv.org\\\/es\\\/avances-en-el-proyecto-de-prevencion-visual-de-lacotv\\\/\",\"name\":\"Avanza en el Projecto de prevenci\u00f3n visual de la ACOTV - Asociaci\u00f3n Catalana de Optometr\u00eda y Terapia Visual\",\"isPartOf\":{\"@id\":\"https:\\\/\\\/www.acotv.org\\\/ca\\\/#website\"},\"primaryImageOfPage\":{\"@id\":\"https:\\\/\\\/www.acotv.org\\\/es\\\/avances-en-el-proyecto-de-prevencion-visual-de-lacotv\\\/#primaryimage\"},\"image\":{\"@id\":\"https:\\\/\\\/www.acotv.org\\\/es\\\/avances-en-el-proyecto-de-prevencion-visual-de-lacotv\\\/#primaryimage\"},\"thumbnailUrl\":\"https:\\\/\\\/www.acotv.org\\\/wp-content\\\/uploads\\\/ProjectesEscoles_290213.jpg\",\"datePublished\":\"2024-04-04T11:11:06+00:00\",\"dateModified\":\"2024-04-08T17:28:15+00:00\",\"author\":{\"@id\":\"https:\\\/\\\/www.acotv.org\\\/ca\\\/#\\\/schema\\\/person\\\/0de470fec1dbf9785a7343042d765744\"},\"breadcrumb\":{\"@id\":\"https:\\\/\\\/www.acotv.org\\\/es\\\/avances-en-el-proyecto-de-prevencion-visual-de-lacotv\\\/#breadcrumb\"},\"inLanguage\":\"es\",\"potentialAction\":[{\"@type\":\"ReadAction\",\"target\":[\"https:\\\/\\\/www.acotv.org\\\/es\\\/avances-en-el-proyecto-de-prevencion-visual-de-lacotv\\\/\"]}]},{\"@type\":\"ImageObject\",\"inLanguage\":\"es\",\"@id\":\"https:\\\/\\\/www.acotv.org\\\/es\\\/avances-en-el-proyecto-de-prevencion-visual-de-lacotv\\\/#primaryimage\",\"url\":\"https:\\\/\\\/www.acotv.org\\\/wp-content\\\/uploads\\\/ProjectesEscoles_290213.jpg\",\"contentUrl\":\"https:\\\/\\\/www.acotv.org\\\/wp-content\\\/uploads\\\/ProjectesEscoles_290213.jpg\",\"width\":1080,\"height\":1080},{\"@type\":\"BreadcrumbList\",\"@id\":\"https:\\\/\\\/www.acotv.org\\\/es\\\/avances-en-el-proyecto-de-prevencion-visual-de-lacotv\\\/#breadcrumb\",\"itemListElement\":[{\"@type\":\"ListItem\",\"position\":1,\"name\":\"Portada\",\"item\":\"https:\\\/\\\/www.acotv.org\\\/es\\\/\"},{\"@type\":\"ListItem\",\"position\":2,\"name\":\"Avanza en el Projecto de prevenci\u00f3n visual de la ACOTV\"}]},{\"@type\":\"WebSite\",\"@id\":\"https:\\\/\\\/www.acotv.org\\\/ca\\\/#website\",\"url\":\"https:\\\/\\\/www.acotv.org\\\/ca\\\/\",\"name\":\"Asociaci\u00f3n Catalana de Optometr\u00eda y Terapia Visual\",\"description\":\"\",\"potentialAction\":[{\"@type\":\"SearchAction\",\"target\":{\"@type\":\"EntryPoint\",\"urlTemplate\":\"https:\\\/\\\/www.acotv.org\\\/ca\\\/?s={search_term_string}\"},\"query-input\":{\"@type\":\"PropertyValueSpecification\",\"valueRequired\":true,\"valueName\":\"search_term_string\"}}],\"inLanguage\":\"es\"},{\"@type\":\"Person\",\"@id\":\"https:\\\/\\\/www.acotv.org\\\/ca\\\/#\\\/schema\\\/person\\\/0de470fec1dbf9785a7343042d765744\",\"name\":\"ACOTV\",\"image\":{\"@type\":\"ImageObject\",\"inLanguage\":\"es\",\"@id\":\"https:\\\/\\\/www.acotv.org\\\/wp-content\\\/uploads\\\/Logo-petit-150x150.jpg\",\"url\":\"https:\\\/\\\/www.acotv.org\\\/wp-content\\\/uploads\\\/Logo-petit-150x150.jpg\",\"contentUrl\":\"https:\\\/\\\/www.acotv.org\\\/wp-content\\\/uploads\\\/Logo-petit-150x150.jpg\",\"caption\":\"ACOTV\"},\"url\":\"https:\\\/\\\/www.acotv.org\\\/es\\\/author\\\/acotv\\\/\"}]}<\/script>\n<!-- \/ Yoast SEO plugin. -->","yoast_head_json":{"title":"Avanza en el Projecto de prevenci\u00f3n visual de la ACOTV - Asociaci\u00f3n Catalana de Optometr\u00eda y Terapia Visual","robots":{"index":"index","follow":"follow","max-snippet":"max-snippet:-1","max-image-preview":"max-image-preview:large","max-video-preview":"max-video-preview:-1"},"canonical":"https:\/\/www.acotv.org\/es\/avances-en-el-proyecto-de-prevencion-visual-de-lacotv\/","og_locale":"es_ES","og_type":"article","og_title":"Avanza en el Projecto de prevenci\u00f3n visual de la ACOTV - Asociaci\u00f3n Catalana de Optometr\u00eda y Terapia Visual","og_description":"Desde el inicio de este a\u00f1o, el grupo de trabajo de voluntarias de ACOTV que colabora en el proyecto de prevenci\u00f3n en salud visual en las escuelas ha centrado sus esfuerzos en el desarrollo de la segunda fase.","og_url":"https:\/\/www.acotv.org\/es\/avances-en-el-proyecto-de-prevencion-visual-de-lacotv\/","og_site_name":"Asociaci\u00f3n Catalana de Optometr\u00eda y Terapia Visual","article_published_time":"2024-04-04T11:11:06+00:00","article_modified_time":"2024-04-08T17:28:15+00:00","og_image":[{"width":1080,"height":1080,"url":"https:\/\/www.acotv.org\/wp-content\/uploads\/ProjectesEscoles_290213.jpg","type":"image\/jpeg"}],"author":"ACOTV","twitter_card":"summary_large_image","twitter_misc":{"Escrito por":"ACOTV","Tiempo de lectura":"3 minutos"},"schema":{"@context":"https:\/\/schema.org","@graph":[{"@type":"Article","@id":"https:\/\/www.acotv.org\/es\/avances-en-el-proyecto-de-prevencion-visual-de-lacotv\/#article","isPartOf":{"@id":"https:\/\/www.acotv.org\/es\/avances-en-el-proyecto-de-prevencion-visual-de-lacotv\/"},"author":{"name":"ACOTV","@id":"https:\/\/www.acotv.org\/ca\/#\/schema\/person\/0de470fec1dbf9785a7343042d765744"},"headline":"Avanza en el Projecto de prevenci\u00f3n visual de la ACOTV","datePublished":"2024-04-04T11:11:06+00:00","dateModified":"2024-04-08T17:28:15+00:00","mainEntityOfPage":{"@id":"https:\/\/www.acotv.org\/es\/avances-en-el-proyecto-de-prevencion-visual-de-lacotv\/"},"wordCount":376,"commentCount":0,"image":{"@id":"https:\/\/www.acotv.org\/es\/avances-en-el-proyecto-de-prevencion-visual-de-lacotv\/#primaryimage"},"thumbnailUrl":"https:\/\/www.acotv.org\/wp-content\/uploads\/ProjectesEscoles_290213.jpg","keywords":["Acci\u00f3Escoles","Optometria","prevenci\u00f3","Projectes","proyectos","saludvisual","salutvisual","salutvisual","trabajoengrupo","treballdegrup","treballdegrup"],"articleSection":["Not\u00edcies","Sin categorizar"],"inLanguage":"es","potentialAction":[{"@type":"CommentAction","name":"Comment","target":["https:\/\/www.acotv.org\/es\/avances-en-el-proyecto-de-prevencion-visual-de-lacotv\/#respond"]}]},{"@type":"WebPage","@id":"https:\/\/www.acotv.org\/es\/avances-en-el-proyecto-de-prevencion-visual-de-lacotv\/","url":"https:\/\/www.acotv.org\/es\/avances-en-el-proyecto-de-prevencion-visual-de-lacotv\/","name":"Avanza en el Projecto de prevenci\u00f3n visual de la ACOTV - Asociaci\u00f3n Catalana de Optometr\u00eda y Terapia Visual","isPartOf":{"@id":"https:\/\/www.acotv.org\/ca\/#website"},"primaryImageOfPage":{"@id":"https:\/\/www.acotv.org\/es\/avances-en-el-proyecto-de-prevencion-visual-de-lacotv\/#primaryimage"},"image":{"@id":"https:\/\/www.acotv.org\/es\/avances-en-el-proyecto-de-prevencion-visual-de-lacotv\/#primaryimage"},"thumbnailUrl":"https:\/\/www.acotv.org\/wp-content\/uploads\/ProjectesEscoles_290213.jpg","datePublished":"2024-04-04T11:11:06+00:00","dateModified":"2024-04-08T17:28:15+00:00","author":{"@id":"https:\/\/www.acotv.org\/ca\/#\/schema\/person\/0de470fec1dbf9785a7343042d765744"},"breadcrumb":{"@id":"https:\/\/www.acotv.org\/es\/avances-en-el-proyecto-de-prevencion-visual-de-lacotv\/#breadcrumb"},"inLanguage":"es","potentialAction":[{"@type":"ReadAction","target":["https:\/\/www.acotv.org\/es\/avances-en-el-proyecto-de-prevencion-visual-de-lacotv\/"]}]},{"@type":"ImageObject","inLanguage":"es","@id":"https:\/\/www.acotv.org\/es\/avances-en-el-proyecto-de-prevencion-visual-de-lacotv\/#primaryimage","url":"https:\/\/www.acotv.org\/wp-content\/uploads\/ProjectesEscoles_290213.jpg","contentUrl":"https:\/\/www.acotv.org\/wp-content\/uploads\/ProjectesEscoles_290213.jpg","width":1080,"height":1080},{"@type":"BreadcrumbList","@id":"https:\/\/www.acotv.org\/es\/avances-en-el-proyecto-de-prevencion-visual-de-lacotv\/#breadcrumb","itemListElement":[{"@type":"ListItem","position":1,"name":"Portada","item":"https:\/\/www.acotv.org\/es\/"},{"@type":"ListItem","position":2,"name":"Avanza en el Projecto de prevenci\u00f3n visual de la ACOTV"}]},{"@type":"WebSite","@id":"https:\/\/www.acotv.org\/ca\/#website","url":"https:\/\/www.acotv.org\/ca\/","name":"Asociaci\u00f3n Catalana de Optometr\u00eda y Terapia Visual","description":"","potentialAction":[{"@type":"SearchAction","target":{"@type":"EntryPoint","urlTemplate":"https:\/\/www.acotv.org\/ca\/?s={search_term_string}"},"query-input":{"@type":"PropertyValueSpecification","valueRequired":true,"valueName":"search_term_string"}}],"inLanguage":"es"},{"@type":"Person","@id":"https:\/\/www.acotv.org\/ca\/#\/schema\/person\/0de470fec1dbf9785a7343042d765744","name":"ACOTV","image":{"@type":"ImageObject","inLanguage":"es","@id":"https:\/\/www.acotv.org\/wp-content\/uploads\/Logo-petit-150x150.jpg","url":"https:\/\/www.acotv.org\/wp-content\/uploads\/Logo-petit-150x150.jpg","contentUrl":"https:\/\/www.acotv.org\/wp-content\/uploads\/Logo-petit-150x150.jpg","caption":"ACOTV"},"url":"https:\/\/www.acotv.org\/es\/author\/acotv\/"}]}},"_links":{"self":[{"href":"https:\/\/www.acotv.org\/es\/wp-json\/wp\/v2\/posts\/10538","targetHints":{"allow":["GET"]}}],"collection":[{"href":"https:\/\/www.acotv.org\/es\/wp-json\/wp\/v2\/posts"}],"about":[{"href":"https:\/\/www.acotv.org\/es\/wp-json\/wp\/v2\/types\/post"}],"author":[{"embeddable":true,"href":"https:\/\/www.acotv.org\/es\/wp-json\/wp\/v2\/users\/2"}],"replies":[{"embeddable":true,"href":"https:\/\/www.acotv.org\/es\/wp-json\/wp\/v2\/comments?post=10538"}],"version-history":[{"count":3,"href":"https:\/\/www.acotv.org\/es\/wp-json\/wp\/v2\/posts\/10538\/revisions"}],"predecessor-version":[{"id":10568,"href":"https:\/\/www.acotv.org\/es\/wp-json\/wp\/v2\/posts\/10538\/revisions\/10568"}],"wp:featuredmedia":[{"embeddable":true,"href":"https:\/\/www.acotv.org\/es\/wp-json\/wp\/v2\/media\/10407"}],"wp:attachment":[{"href":"https:\/\/www.acotv.org\/es\/wp-json\/wp\/v2\/media?parent=10538"}],"wp:term":[{"taxonomy":"category","embeddable":true,"href":"https:\/\/www.acotv.org\/es\/wp-json\/wp\/v2\/categories?post=10538"},{"taxonomy":"post_tag","embeddable":true,"href":"https:\/\/www.acotv.org\/es\/wp-json\/wp\/v2\/tags?post=10538"}],"curies":[{"name":"wp","href":"https:\/\/api.w.org\/{rel}","templated":true}]}}