{"id":10537,"date":"2024-04-04T13:17:28","date_gmt":"2024-04-04T11:17:28","guid":{"rendered":"https:\/\/www.acotv.org\/siodec-celebra-el-seu-viii-congres-a-madrid\/"},"modified":"2024-04-05T18:11:46","modified_gmt":"2024-04-05T16:11:46","slug":"siodec-celebra-su-viii-congreso-a-madrid","status":"publish","type":"post","link":"https:\/\/www.acotv.org\/es\/siodec-celebra-su-viii-congreso-a-madrid\/","title":{"rendered":"SIODEC celebra su VIII Congreso a Madrid"},"content":{"rendered":"\n<p class=\"wp-block-paragraph\"><mark style=\"background-color:rgba(0, 0, 0, 0)\" class=\"has-inline-color has-vivid-cyan-blue-color\"><strong>Un encuentro para profesionales de la Terapia Visual<\/strong><\/mark><\/p>\n\n\n\n<p class=\"wp-block-paragraph\">Recientemente ha tenido lugar en Madrid el VIII Congreso de la Sociedad Internacional de Optometr\u00eda del Desarrollo y el Comportamiento (SIODEC), que ha congregado a miembros de la Junta Directiva de ACOTV y otros asociados para participar en un evento destinado a fomentar aprendizaje y el intercambio de experiencias entre optometristas.<\/p>\n\n\n\n<p class=\"wp-block-paragraph\">Cada dos a\u00f1os, este congreso sirve como punto de encuentro para optometristas que comparten una pasi\u00f3n por avanzar en el conocimiento en el campo de la terapia visual. Proporciona una plataforma para que los profesionales se conecten, compartan ideas y participen en una serie de conferencias enriquecedoras destinadas a actualizar su experiencia.<\/p>\n\n\n\n<p class=\"wp-block-paragraph\">Los optometristas especializados en terapia visual son conocidos por su constante dedicaci\u00f3n a la formaci\u00f3n continua en diversos \u00e1mbitos. Forman una comunidad din\u00e1mica que dedica tiempo significativo a participar en cursos y conferencias destinadas a ampliar el campo de la optometr\u00eda.<\/p>\n\n\n\n<p class=\"wp-block-paragraph\">Queremos expresar nuestras sinceras felicitaciones a los organizadores del VIII Congreso SIODEC por su dedicaci\u00f3n y compromiso en la organizaci\u00f3n de un evento tan enriquecedor para nuestra comunidad profesional.<\/p>\n\n\n\n<p class=\"wp-block-paragraph\">Adem\u00e1s damos una cordial bienvenida a la nueva Junta de SIODEC, presentada durante la Asamblea General celebrada conjuntamente con el congreso. Deseamos todo lo mejor en esta nueva etapa al nuevo equipo, con la confianza de que continuar\u00e1n haciendo contribuciones significativas en el campo de la terapia visual.<\/p>\n","protected":false},"excerpt":{"rendered":"<p>Recientemente ha tenido lugar en Madrid el VIII Congreso de la Sociedad Internacional de Optometr\u00eda del Desarrollo y el Comportamiento (SIODEC), que ha congregado a miembros de la Junta Directiva de ACOTV y otros asociados.<\/p>\n","protected":false},"author":2,"featured_media":10433,"comment_status":"open","ping_status":"open","sticky":false,"template":"","format":"standard","meta":{"ocean_front_end_style_editor":"no","ocean_post_layout":"","ocean_both_sidebars_style":"","ocean_both_sidebars_content_width":0,"ocean_both_sidebars_sidebars_width":0,"ocean_sidebar":"","ocean_second_sidebar":"","ocean_disable_margins":"enable","ocean_add_body_class":"","ocean_shortcode_before_top_bar":"","ocean_shortcode_after_top_bar":"","ocean_shortcode_before_header":"","ocean_shortcode_after_header":"","ocean_has_shortcode":"","ocean_shortcode_after_title":"","ocean_shortcode_before_footer_widgets":"","ocean_shortcode_after_footer_widgets":"","ocean_shortcode_before_footer_bottom":"","ocean_shortcode_after_footer_bottom":"","ocean_display_top_bar":"default","ocean_display_header":"default","ocean_header_style":"","ocean_center_header_left_menu":"","ocean_custom_header_template":"","ocean_custom_logo":0,"ocean_custom_retina_logo":0,"ocean_custom_logo_max_width":0,"ocean_custom_logo_tablet_max_width":0,"ocean_custom_logo_mobile_max_width":0,"ocean_custom_logo_max_height":0,"ocean_custom_logo_tablet_max_height":0,"ocean_custom_logo_mobile_max_height":0,"ocean_header_custom_menu":"","ocean_menu_typo_font_family":"","ocean_menu_typo_font_subset":"","ocean_menu_typo_font_size":0,"ocean_menu_typo_font_size_tablet":0,"ocean_menu_typo_font_size_mobile":0,"ocean_menu_typo_font_size_unit":"px","ocean_menu_typo_font_weight":"","ocean_menu_typo_font_weight_tablet":"","ocean_menu_typo_font_weight_mobile":"","ocean_menu_typo_transform":"","ocean_menu_typo_transform_tablet":"","ocean_menu_typo_transform_mobile":"","ocean_menu_typo_line_height":0,"ocean_menu_typo_line_height_tablet":0,"ocean_menu_typo_line_height_mobile":0,"ocean_menu_typo_line_height_unit":"","ocean_menu_typo_spacing":0,"ocean_menu_typo_spacing_tablet":0,"ocean_menu_typo_spacing_mobile":0,"ocean_menu_typo_spacing_unit":"","ocean_menu_link_color":"","ocean_menu_link_color_hover":"","ocean_menu_link_color_active":"","ocean_menu_link_background":"","ocean_menu_link_hover_background":"","ocean_menu_link_active_background":"","ocean_menu_social_links_bg":"","ocean_menu_social_hover_links_bg":"","ocean_menu_social_links_color":"","ocean_menu_social_hover_links_color":"","ocean_disable_title":"default","ocean_disable_heading":"default","ocean_post_title":"","ocean_post_subheading":"","ocean_post_title_style":"","ocean_post_title_background_color":"","ocean_post_title_background":0,"ocean_post_title_bg_image_position":"","ocean_post_title_bg_image_attachment":"","ocean_post_title_bg_image_repeat":"","ocean_post_title_bg_image_size":"","ocean_post_title_height":0,"ocean_post_title_bg_overlay":0.5,"ocean_post_title_bg_overlay_color":"","ocean_disable_breadcrumbs":"default","ocean_breadcrumbs_color":"","ocean_breadcrumbs_separator_color":"","ocean_breadcrumbs_links_color":"","ocean_breadcrumbs_links_hover_color":"","ocean_display_footer_widgets":"default","ocean_display_footer_bottom":"default","ocean_custom_footer_template":"","ocean_post_oembed":"","ocean_post_self_hosted_media":"","ocean_post_video_embed":"","ocean_link_format":"","ocean_link_format_target":"self","ocean_quote_format":"","ocean_quote_format_link":"post","ocean_gallery_link_images":"on","ocean_gallery_id":[],"footnotes":""},"categories":[25],"tags":[149,387,182,201,66,67],"class_list":["post-10537","post","type-post","status-publish","format-standard","has-post-thumbnail","hentry","category-noticies","tag-associacio-3","tag-associacion","tag-colaboraciones","tag-colaboracions","tag-optometria-ca","tag-terapiavisual-ca","entry","has-media"],"yoast_head":"<!-- This site is optimized with the Yoast SEO plugin v28.4 - https:\/\/yoast.com\/product\/yoast-seo-wordpress\/ -->\n<title>SIODEC celebra su VIII Congreso a Madrid - Asociaci\u00f3n Catalana de Optometr\u00eda y Terapia Visual<\/title>\n<meta name=\"robots\" content=\"index, follow, max-snippet:-1, max-image-preview:large, max-video-preview:-1\" \/>\n<link rel=\"canonical\" href=\"https:\/\/www.acotv.org\/es\/siodec-celebra-su-viii-congreso-a-madrid\/\" \/>\n<meta property=\"og:locale\" content=\"es_ES\" \/>\n<meta property=\"og:type\" content=\"article\" \/>\n<meta property=\"og:title\" content=\"SIODEC celebra su VIII Congreso a Madrid - Asociaci\u00f3n Catalana de Optometr\u00eda y Terapia Visual\" \/>\n<meta property=\"og:description\" content=\"Recientemente ha tenido lugar en Madrid el VIII Congreso de la Sociedad Internacional de Optometr\u00eda del Desarrollo y el Comportamiento (SIODEC), que ha congregado a miembros de la Junta Directiva de ACOTV y otros asociados.\" \/>\n<meta property=\"og:url\" content=\"https:\/\/www.acotv.org\/es\/siodec-celebra-su-viii-congreso-a-madrid\/\" \/>\n<meta property=\"og:site_name\" content=\"Asociaci\u00f3n Catalana de Optometr\u00eda y Terapia Visual\" \/>\n<meta property=\"article:published_time\" content=\"2024-04-04T11:17:28+00:00\" \/>\n<meta property=\"article:modified_time\" content=\"2024-04-05T16:11:46+00:00\" \/>\n<meta property=\"og:image\" content=\"https:\/\/www.acotv.org\/wp-content\/uploads\/CongresSIODEC_24.png\" \/>\n\t<meta property=\"og:image:width\" content=\"1080\" \/>\n\t<meta property=\"og:image:height\" content=\"1080\" \/>\n\t<meta property=\"og:image:type\" content=\"image\/png\" \/>\n<meta name=\"author\" content=\"ACOTV\" \/>\n<meta name=\"twitter:card\" content=\"summary_large_image\" \/>\n<meta name=\"twitter:label1\" content=\"Escrito por\" \/>\n\t<meta name=\"twitter:data1\" content=\"ACOTV\" \/>\n\t<meta name=\"twitter:label2\" content=\"Tiempo de lectura\" \/>\n\t<meta name=\"twitter:data2\" content=\"2 minutos\" \/>\n<script type=\"application\/ld+json\" class=\"yoast-schema-graph\">{\"@context\":\"https:\\\/\\\/schema.org\",\"@graph\":[{\"@type\":\"Article\",\"@id\":\"https:\\\/\\\/www.acotv.org\\\/es\\\/siodec-celebra-su-viii-congreso-a-madrid\\\/#article\",\"isPartOf\":{\"@id\":\"https:\\\/\\\/www.acotv.org\\\/es\\\/siodec-celebra-su-viii-congreso-a-madrid\\\/\"},\"author\":{\"name\":\"ACOTV\",\"@id\":\"https:\\\/\\\/www.acotv.org\\\/ca\\\/#\\\/schema\\\/person\\\/0de470fec1dbf9785a7343042d765744\"},\"headline\":\"SIODEC celebra su VIII Congreso a Madrid\",\"datePublished\":\"2024-04-04T11:17:28+00:00\",\"dateModified\":\"2024-04-05T16:11:46+00:00\",\"mainEntityOfPage\":{\"@id\":\"https:\\\/\\\/www.acotv.org\\\/es\\\/siodec-celebra-su-viii-congreso-a-madrid\\\/\"},\"wordCount\":247,\"commentCount\":0,\"image\":{\"@id\":\"https:\\\/\\\/www.acotv.org\\\/es\\\/siodec-celebra-su-viii-congreso-a-madrid\\\/#primaryimage\"},\"thumbnailUrl\":\"https:\\\/\\\/www.acotv.org\\\/wp-content\\\/uploads\\\/CongresSIODEC_24.png\",\"keywords\":[\"associaci\u00f3\",\"associaci\u00f3n\",\"Colaboraciones\",\"colaboracions\",\"Optometria\",\"TerapiaVisual\"],\"articleSection\":[\"Not\u00edcies\"],\"inLanguage\":\"es\",\"potentialAction\":[{\"@type\":\"CommentAction\",\"name\":\"Comment\",\"target\":[\"https:\\\/\\\/www.acotv.org\\\/es\\\/siodec-celebra-su-viii-congreso-a-madrid\\\/#respond\"]}]},{\"@type\":\"WebPage\",\"@id\":\"https:\\\/\\\/www.acotv.org\\\/es\\\/siodec-celebra-su-viii-congreso-a-madrid\\\/\",\"url\":\"https:\\\/\\\/www.acotv.org\\\/es\\\/siodec-celebra-su-viii-congreso-a-madrid\\\/\",\"name\":\"SIODEC celebra su VIII Congreso a Madrid - Asociaci\u00f3n Catalana de Optometr\u00eda y Terapia Visual\",\"isPartOf\":{\"@id\":\"https:\\\/\\\/www.acotv.org\\\/ca\\\/#website\"},\"primaryImageOfPage\":{\"@id\":\"https:\\\/\\\/www.acotv.org\\\/es\\\/siodec-celebra-su-viii-congreso-a-madrid\\\/#primaryimage\"},\"image\":{\"@id\":\"https:\\\/\\\/www.acotv.org\\\/es\\\/siodec-celebra-su-viii-congreso-a-madrid\\\/#primaryimage\"},\"thumbnailUrl\":\"https:\\\/\\\/www.acotv.org\\\/wp-content\\\/uploads\\\/CongresSIODEC_24.png\",\"datePublished\":\"2024-04-04T11:17:28+00:00\",\"dateModified\":\"2024-04-05T16:11:46+00:00\",\"author\":{\"@id\":\"https:\\\/\\\/www.acotv.org\\\/ca\\\/#\\\/schema\\\/person\\\/0de470fec1dbf9785a7343042d765744\"},\"breadcrumb\":{\"@id\":\"https:\\\/\\\/www.acotv.org\\\/es\\\/siodec-celebra-su-viii-congreso-a-madrid\\\/#breadcrumb\"},\"inLanguage\":\"es\",\"potentialAction\":[{\"@type\":\"ReadAction\",\"target\":[\"https:\\\/\\\/www.acotv.org\\\/es\\\/siodec-celebra-su-viii-congreso-a-madrid\\\/\"]}]},{\"@type\":\"ImageObject\",\"inLanguage\":\"es\",\"@id\":\"https:\\\/\\\/www.acotv.org\\\/es\\\/siodec-celebra-su-viii-congreso-a-madrid\\\/#primaryimage\",\"url\":\"https:\\\/\\\/www.acotv.org\\\/wp-content\\\/uploads\\\/CongresSIODEC_24.png\",\"contentUrl\":\"https:\\\/\\\/www.acotv.org\\\/wp-content\\\/uploads\\\/CongresSIODEC_24.png\",\"width\":1080,\"height\":1080},{\"@type\":\"BreadcrumbList\",\"@id\":\"https:\\\/\\\/www.acotv.org\\\/es\\\/siodec-celebra-su-viii-congreso-a-madrid\\\/#breadcrumb\",\"itemListElement\":[{\"@type\":\"ListItem\",\"position\":1,\"name\":\"Portada\",\"item\":\"https:\\\/\\\/www.acotv.org\\\/es\\\/\"},{\"@type\":\"ListItem\",\"position\":2,\"name\":\"SIODEC celebra su VIII Congreso a Madrid\"}]},{\"@type\":\"WebSite\",\"@id\":\"https:\\\/\\\/www.acotv.org\\\/ca\\\/#website\",\"url\":\"https:\\\/\\\/www.acotv.org\\\/ca\\\/\",\"name\":\"Asociaci\u00f3n Catalana de Optometr\u00eda y Terapia Visual\",\"description\":\"\",\"potentialAction\":[{\"@type\":\"SearchAction\",\"target\":{\"@type\":\"EntryPoint\",\"urlTemplate\":\"https:\\\/\\\/www.acotv.org\\\/ca\\\/?s={search_term_string}\"},\"query-input\":{\"@type\":\"PropertyValueSpecification\",\"valueRequired\":true,\"valueName\":\"search_term_string\"}}],\"inLanguage\":\"es\"},{\"@type\":\"Person\",\"@id\":\"https:\\\/\\\/www.acotv.org\\\/ca\\\/#\\\/schema\\\/person\\\/0de470fec1dbf9785a7343042d765744\",\"name\":\"ACOTV\",\"image\":{\"@type\":\"ImageObject\",\"inLanguage\":\"es\",\"@id\":\"https:\\\/\\\/www.acotv.org\\\/wp-content\\\/uploads\\\/Logo-petit-150x150.jpg\",\"url\":\"https:\\\/\\\/www.acotv.org\\\/wp-content\\\/uploads\\\/Logo-petit-150x150.jpg\",\"contentUrl\":\"https:\\\/\\\/www.acotv.org\\\/wp-content\\\/uploads\\\/Logo-petit-150x150.jpg\",\"caption\":\"ACOTV\"},\"url\":\"https:\\\/\\\/www.acotv.org\\\/es\\\/author\\\/acotv\\\/\"}]}<\/script>\n<!-- \/ Yoast SEO plugin. -->","yoast_head_json":{"title":"SIODEC celebra su VIII Congreso a Madrid - Asociaci\u00f3n Catalana de Optometr\u00eda y Terapia Visual","robots":{"index":"index","follow":"follow","max-snippet":"max-snippet:-1","max-image-preview":"max-image-preview:large","max-video-preview":"max-video-preview:-1"},"canonical":"https:\/\/www.acotv.org\/es\/siodec-celebra-su-viii-congreso-a-madrid\/","og_locale":"es_ES","og_type":"article","og_title":"SIODEC celebra su VIII Congreso a Madrid - Asociaci\u00f3n Catalana de Optometr\u00eda y Terapia Visual","og_description":"Recientemente ha tenido lugar en Madrid el VIII Congreso de la Sociedad Internacional de Optometr\u00eda del Desarrollo y el Comportamiento (SIODEC), que ha congregado a miembros de la Junta Directiva de ACOTV y otros asociados.","og_url":"https:\/\/www.acotv.org\/es\/siodec-celebra-su-viii-congreso-a-madrid\/","og_site_name":"Asociaci\u00f3n Catalana de Optometr\u00eda y Terapia Visual","article_published_time":"2024-04-04T11:17:28+00:00","article_modified_time":"2024-04-05T16:11:46+00:00","og_image":[{"width":1080,"height":1080,"url":"https:\/\/www.acotv.org\/wp-content\/uploads\/CongresSIODEC_24.png","type":"image\/png"}],"author":"ACOTV","twitter_card":"summary_large_image","twitter_misc":{"Escrito por":"ACOTV","Tiempo de lectura":"2 minutos"},"schema":{"@context":"https:\/\/schema.org","@graph":[{"@type":"Article","@id":"https:\/\/www.acotv.org\/es\/siodec-celebra-su-viii-congreso-a-madrid\/#article","isPartOf":{"@id":"https:\/\/www.acotv.org\/es\/siodec-celebra-su-viii-congreso-a-madrid\/"},"author":{"name":"ACOTV","@id":"https:\/\/www.acotv.org\/ca\/#\/schema\/person\/0de470fec1dbf9785a7343042d765744"},"headline":"SIODEC celebra su VIII Congreso a Madrid","datePublished":"2024-04-04T11:17:28+00:00","dateModified":"2024-04-05T16:11:46+00:00","mainEntityOfPage":{"@id":"https:\/\/www.acotv.org\/es\/siodec-celebra-su-viii-congreso-a-madrid\/"},"wordCount":247,"commentCount":0,"image":{"@id":"https:\/\/www.acotv.org\/es\/siodec-celebra-su-viii-congreso-a-madrid\/#primaryimage"},"thumbnailUrl":"https:\/\/www.acotv.org\/wp-content\/uploads\/CongresSIODEC_24.png","keywords":["associaci\u00f3","associaci\u00f3n","Colaboraciones","colaboracions","Optometria","TerapiaVisual"],"articleSection":["Not\u00edcies"],"inLanguage":"es","potentialAction":[{"@type":"CommentAction","name":"Comment","target":["https:\/\/www.acotv.org\/es\/siodec-celebra-su-viii-congreso-a-madrid\/#respond"]}]},{"@type":"WebPage","@id":"https:\/\/www.acotv.org\/es\/siodec-celebra-su-viii-congreso-a-madrid\/","url":"https:\/\/www.acotv.org\/es\/siodec-celebra-su-viii-congreso-a-madrid\/","name":"SIODEC celebra su VIII Congreso a Madrid - Asociaci\u00f3n Catalana de Optometr\u00eda y Terapia Visual","isPartOf":{"@id":"https:\/\/www.acotv.org\/ca\/#website"},"primaryImageOfPage":{"@id":"https:\/\/www.acotv.org\/es\/siodec-celebra-su-viii-congreso-a-madrid\/#primaryimage"},"image":{"@id":"https:\/\/www.acotv.org\/es\/siodec-celebra-su-viii-congreso-a-madrid\/#primaryimage"},"thumbnailUrl":"https:\/\/www.acotv.org\/wp-content\/uploads\/CongresSIODEC_24.png","datePublished":"2024-04-04T11:17:28+00:00","dateModified":"2024-04-05T16:11:46+00:00","author":{"@id":"https:\/\/www.acotv.org\/ca\/#\/schema\/person\/0de470fec1dbf9785a7343042d765744"},"breadcrumb":{"@id":"https:\/\/www.acotv.org\/es\/siodec-celebra-su-viii-congreso-a-madrid\/#breadcrumb"},"inLanguage":"es","potentialAction":[{"@type":"ReadAction","target":["https:\/\/www.acotv.org\/es\/siodec-celebra-su-viii-congreso-a-madrid\/"]}]},{"@type":"ImageObject","inLanguage":"es","@id":"https:\/\/www.acotv.org\/es\/siodec-celebra-su-viii-congreso-a-madrid\/#primaryimage","url":"https:\/\/www.acotv.org\/wp-content\/uploads\/CongresSIODEC_24.png","contentUrl":"https:\/\/www.acotv.org\/wp-content\/uploads\/CongresSIODEC_24.png","width":1080,"height":1080},{"@type":"BreadcrumbList","@id":"https:\/\/www.acotv.org\/es\/siodec-celebra-su-viii-congreso-a-madrid\/#breadcrumb","itemListElement":[{"@type":"ListItem","position":1,"name":"Portada","item":"https:\/\/www.acotv.org\/es\/"},{"@type":"ListItem","position":2,"name":"SIODEC celebra su VIII Congreso a Madrid"}]},{"@type":"WebSite","@id":"https:\/\/www.acotv.org\/ca\/#website","url":"https:\/\/www.acotv.org\/ca\/","name":"Asociaci\u00f3n Catalana de Optometr\u00eda y Terapia Visual","description":"","potentialAction":[{"@type":"SearchAction","target":{"@type":"EntryPoint","urlTemplate":"https:\/\/www.acotv.org\/ca\/?s={search_term_string}"},"query-input":{"@type":"PropertyValueSpecification","valueRequired":true,"valueName":"search_term_string"}}],"inLanguage":"es"},{"@type":"Person","@id":"https:\/\/www.acotv.org\/ca\/#\/schema\/person\/0de470fec1dbf9785a7343042d765744","name":"ACOTV","image":{"@type":"ImageObject","inLanguage":"es","@id":"https:\/\/www.acotv.org\/wp-content\/uploads\/Logo-petit-150x150.jpg","url":"https:\/\/www.acotv.org\/wp-content\/uploads\/Logo-petit-150x150.jpg","contentUrl":"https:\/\/www.acotv.org\/wp-content\/uploads\/Logo-petit-150x150.jpg","caption":"ACOTV"},"url":"https:\/\/www.acotv.org\/es\/author\/acotv\/"}]}},"_links":{"self":[{"href":"https:\/\/www.acotv.org\/es\/wp-json\/wp\/v2\/posts\/10537","targetHints":{"allow":["GET"]}}],"collection":[{"href":"https:\/\/www.acotv.org\/es\/wp-json\/wp\/v2\/posts"}],"about":[{"href":"https:\/\/www.acotv.org\/es\/wp-json\/wp\/v2\/types\/post"}],"author":[{"embeddable":true,"href":"https:\/\/www.acotv.org\/es\/wp-json\/wp\/v2\/users\/2"}],"replies":[{"embeddable":true,"href":"https:\/\/www.acotv.org\/es\/wp-json\/wp\/v2\/comments?post=10537"}],"version-history":[{"count":1,"href":"https:\/\/www.acotv.org\/es\/wp-json\/wp\/v2\/posts\/10537\/revisions"}],"predecessor-version":[{"id":10545,"href":"https:\/\/www.acotv.org\/es\/wp-json\/wp\/v2\/posts\/10537\/revisions\/10545"}],"wp:featuredmedia":[{"embeddable":true,"href":"https:\/\/www.acotv.org\/es\/wp-json\/wp\/v2\/media\/10433"}],"wp:attachment":[{"href":"https:\/\/www.acotv.org\/es\/wp-json\/wp\/v2\/media?parent=10537"}],"wp:term":[{"taxonomy":"category","embeddable":true,"href":"https:\/\/www.acotv.org\/es\/wp-json\/wp\/v2\/categories?post=10537"},{"taxonomy":"post_tag","embeddable":true,"href":"https:\/\/www.acotv.org\/es\/wp-json\/wp\/v2\/tags?post=10537"}],"curies":[{"name":"wp","href":"https:\/\/api.w.org\/{rel}","templated":true}]}}