{"id":10074,"date":"2023-12-13T16:58:06","date_gmt":"2023-12-13T15:58:06","guid":{"rendered":"https:\/\/www.acotv.org\/la-formacio-continuada-com-a-motor-de-desenvolupament-professional-a-lacotv\/"},"modified":"2024-01-03T13:17:31","modified_gmt":"2024-01-03T12:17:31","slug":"la-formacion-continuada-como-motor-de-desarrollo-profesional","status":"publish","type":"post","link":"https:\/\/www.acotv.org\/es\/la-formacion-continuada-como-motor-de-desarrollo-profesional\/","title":{"rendered":"La Formaci\u00f3n continuada como motor de desarrollo profesional a la ACOTV"},"content":{"rendered":"\n<p class=\"wp-block-paragraph\">La ACOTV destaca no s\u00f3lo como punto de encuentro para los profesionales del \u00e1mbito, sino tambi\u00e9n como asociaci\u00f3n comprometida con el desarrollo continuo de sus capacidades. A trav\u00e9s de la formaci\u00f3n continuada, ACOTV busca no s\u00f3lo mantener actualizados a sus miembros sino tambi\u00e9n contribuir al desarrollo de sus objetivos profesionales.<\/p>\n\n\n\n<h2 class=\"wp-block-heading\"><mark style=\"background-color:rgba(0, 0, 0, 0)\" class=\"has-inline-color has-vivid-cyan-blue-color\"><strong>Cursos espec\u00edficos de Terapia Visual:<\/strong><\/mark><\/h2>\n\n\n\n<p class=\"wp-block-paragraph\">Un ejemplo concreto de este compromiso es la oferta de cursos espec\u00edficos de Terapia Visual como el recientemente enfocado en <mark style=\"background-color:rgba(0, 0, 0, 0)\" class=\"has-inline-color has-vivid-cyan-blue-color\"><strong>Diagn\u00f3stico y Tratamiento de las Alteraciones del Procesamiento Visual.<\/strong><\/mark> Esta actividad formativa, que tuvo lugar desde el 16 de octubre al 20 de noviembre, proporcion\u00f3 a los optometristas la oportunidad de mantenerse al d\u00eda sobre las \u00faltimas tendencias y pr\u00e1cticas relevantes en el \u00e1mbito de la Terapia Visual.<\/p>\n\n\n<div class=\"wp-block-image\">\n<figure class=\"alignleft size-medium\"><img decoding=\"async\" width=\"300\" height=\"136\" src=\"https:\/\/www.acotv.org\/wp-content\/uploads\/Captura-de-pantalla-2023-11-14-150304-300x136.png\" alt=\"\" class=\"wp-image-10011\" srcset=\"https:\/\/www.acotv.org\/wp-content\/uploads\/Captura-de-pantalla-2023-11-14-150304-300x136.png 300w, https:\/\/www.acotv.org\/wp-content\/uploads\/Captura-de-pantalla-2023-11-14-150304-1024x464.png 1024w, https:\/\/www.acotv.org\/wp-content\/uploads\/Captura-de-pantalla-2023-11-14-150304-768x348.png 768w, https:\/\/www.acotv.org\/wp-content\/uploads\/Captura-de-pantalla-2023-11-14-150304-1536x695.png 1536w, https:\/\/www.acotv.org\/wp-content\/uploads\/Captura-de-pantalla-2023-11-14-150304.png 1763w\" sizes=\"(max-width: 300px) 100vw, 300px\" \/><\/figure>\n<\/div>\n\n\n<p class=\"wp-block-paragraph\">A trav\u00e9s del Campus Formativo de la ACOTV, los participantes tuvieron acceso a una variedad de recursos, desde materiales did\u00e1cticos hasta sesiones pr\u00e1cticas en v\u00eddeo. La combinaci\u00f3n de partes te\u00f3ricas, pr\u00e1cticas y sesiones de resoluci\u00f3n de casos cl\u00ednicos en tiempo real ofreci\u00f3 una completa experiencia de aprendizaje. Destaca su interacci\u00f3n activa con el profesor <strong><mark style=\"background-color:rgba(0, 0, 0, 0)\" class=\"has-inline-color has-black-color\">Marcel Bartumeus <\/mark><\/strong>mediante videoconferencia, proporcionando una oportunidad \u00fanica para la resoluci\u00f3n inmediata de dudas.<\/p>\n\n\n<div class=\"wp-block-image\">\n<figure class=\"alignright size-medium\"><img fetchpriority=\"high\" decoding=\"async\" width=\"300\" height=\"208\" src=\"https:\/\/www.acotv.org\/wp-content\/uploads\/Captura-de-pantalla-2023-12-28-104928-300x208.png\" alt=\"\" class=\"wp-image-10014\" srcset=\"https:\/\/www.acotv.org\/wp-content\/uploads\/Captura-de-pantalla-2023-12-28-104928-300x208.png 300w, https:\/\/www.acotv.org\/wp-content\/uploads\/Captura-de-pantalla-2023-12-28-104928-1024x711.png 1024w, https:\/\/www.acotv.org\/wp-content\/uploads\/Captura-de-pantalla-2023-12-28-104928-768x533.png 768w, https:\/\/www.acotv.org\/wp-content\/uploads\/Captura-de-pantalla-2023-12-28-104928.png 1057w\" sizes=\"(max-width: 300px) 100vw, 300px\" \/><\/figure>\n<\/div>\n\n\n<h2 class=\"wp-block-heading\"><mark style=\"background-color:rgba(0, 0, 0, 0)\" class=\"has-inline-color has-vivid-cyan-blue-color\"><strong>Cursos Interdisciplinarios:<\/strong><\/mark><\/h2>\n\n\n\n<p class=\"wp-block-paragraph\">Para ampliar a\u00fan m\u00e1s el abanico de conocimientos de sus miembros, la ACOTV tambi\u00e9n ofrece puntualmente cursos interdisciplinarios. Un ejemplo reciente es el curso sobre <mark style=\"background-color:rgba(0, 0, 0, 0)\" class=\"has-inline-color has-vivid-cyan-blue-color\"><strong>\u201cEl Papel de la Terapia Visual en la Rehabilitaci\u00f3n del Paciente Neurol\u00f3gico Adulto\u201d<\/strong><\/mark>, impartido por la fisioterapeuta <mark style=\"background-color:rgba(0, 0, 0, 0)\" class=\"has-inline-color has-black-color\"><strong>Marta Fern\u00e1ndez.<\/strong><\/mark> Este tipo de formaci\u00f3n no s\u00f3lo proporciona nuevos conocimientos, sino que tambi\u00e9n mejora las habilidades pr\u00e1cticas de los profesionales, contribuyendo a su progresi\u00f3n y competitividad.<\/p>\n\n\n\n<p class=\"wp-block-paragraph\">La ACOTV destaca no s\u00f3lo como entidad formativa sino como comunidad en la que los miembros pueden crecer profesionalmente. La formaci\u00f3n continua no s\u00f3lo es un medio para actualizar conocimientos, sino tambi\u00e9n una oportunidad para la creaci\u00f3n de una comunidad m\u00e1s informada y bien preparada. Esta comunidad puede generar sinergias e intercambios de conocimientos, fomentando la colaboraci\u00f3n y creando oportunidades que beneficien a todos sus miembros.<\/p>\n\n\n\n<p class=\"wp-block-paragraph\">La formaci\u00f3n continuada en la ACOTV no s\u00f3lo es una respuesta a las exigencias en evoluci\u00f3n del \u00e1mbito de la optometr\u00eda y la terapia visual, sino tambi\u00e9n un motor esencial para el desarrollo profesional de sus miembros. La asociaci\u00f3n, a trav\u00e9s de este compromiso, contribuye no s\u00f3lo al crecimiento individual de los optometristas, sino tambi\u00e9n al aumento general del conocimiento dentro de la comunidad, fomentando as\u00ed la colaboraci\u00f3n y prosperidad conjunta.<\/p>\n","protected":false},"excerpt":{"rendered":"<p>L&#8217;ACOTV destaca no nom\u00e9s com a punt de trobada per als professionals de l&#8217;\u00e0mbit, sin\u00f3 tamb\u00e9 com a associaci\u00f3 compromesa amb el desenvolupament continu de les seves capacitats. <\/p>\n","protected":false},"author":2,"featured_media":10019,"comment_status":"open","ping_status":"open","sticky":false,"template":"","format":"standard","meta":{"ocean_front_end_style_editor":"no","ocean_post_layout":"","ocean_both_sidebars_style":"","ocean_both_sidebars_content_width":0,"ocean_both_sidebars_sidebars_width":0,"ocean_sidebar":"","ocean_second_sidebar":"","ocean_disable_margins":"enable","ocean_add_body_class":"","ocean_shortcode_before_top_bar":"","ocean_shortcode_after_top_bar":"","ocean_shortcode_before_header":"","ocean_shortcode_after_header":"","ocean_has_shortcode":"","ocean_shortcode_after_title":"","ocean_shortcode_before_footer_widgets":"","ocean_shortcode_after_footer_widgets":"","ocean_shortcode_before_footer_bottom":"","ocean_shortcode_after_footer_bottom":"","ocean_display_top_bar":"default","ocean_display_header":"default","ocean_header_style":"","ocean_center_header_left_menu":"","ocean_custom_header_template":"","ocean_custom_logo":0,"ocean_custom_retina_logo":0,"ocean_custom_logo_max_width":0,"ocean_custom_logo_tablet_max_width":0,"ocean_custom_logo_mobile_max_width":0,"ocean_custom_logo_max_height":0,"ocean_custom_logo_tablet_max_height":0,"ocean_custom_logo_mobile_max_height":0,"ocean_header_custom_menu":"","ocean_menu_typo_font_family":"","ocean_menu_typo_font_subset":"","ocean_menu_typo_font_size":0,"ocean_menu_typo_font_size_tablet":0,"ocean_menu_typo_font_size_mobile":0,"ocean_menu_typo_font_size_unit":"px","ocean_menu_typo_font_weight":"","ocean_menu_typo_font_weight_tablet":"","ocean_menu_typo_font_weight_mobile":"","ocean_menu_typo_transform":"","ocean_menu_typo_transform_tablet":"","ocean_menu_typo_transform_mobile":"","ocean_menu_typo_line_height":0,"ocean_menu_typo_line_height_tablet":0,"ocean_menu_typo_line_height_mobile":0,"ocean_menu_typo_line_height_unit":"","ocean_menu_typo_spacing":0,"ocean_menu_typo_spacing_tablet":0,"ocean_menu_typo_spacing_mobile":0,"ocean_menu_typo_spacing_unit":"","ocean_menu_link_color":"","ocean_menu_link_color_hover":"","ocean_menu_link_color_active":"","ocean_menu_link_background":"","ocean_menu_link_hover_background":"","ocean_menu_link_active_background":"","ocean_menu_social_links_bg":"","ocean_menu_social_hover_links_bg":"","ocean_menu_social_links_color":"","ocean_menu_social_hover_links_color":"","ocean_disable_title":"default","ocean_disable_heading":"default","ocean_post_title":"","ocean_post_subheading":"","ocean_post_title_style":"","ocean_post_title_background_color":"","ocean_post_title_background":0,"ocean_post_title_bg_image_position":"","ocean_post_title_bg_image_attachment":"","ocean_post_title_bg_image_repeat":"","ocean_post_title_bg_image_size":"","ocean_post_title_height":0,"ocean_post_title_bg_overlay":0.5,"ocean_post_title_bg_overlay_color":"","ocean_disable_breadcrumbs":"default","ocean_breadcrumbs_color":"","ocean_breadcrumbs_separator_color":"","ocean_breadcrumbs_links_color":"","ocean_breadcrumbs_links_hover_color":"","ocean_display_footer_widgets":"default","ocean_display_footer_bottom":"default","ocean_custom_footer_template":"","ocean_post_oembed":"","ocean_post_self_hosted_media":"","ocean_post_video_embed":"","ocean_link_format":"","ocean_link_format_target":"self","ocean_quote_format":"","ocean_quote_format_link":"post","ocean_gallery_link_images":"on","ocean_gallery_id":[],"footnotes":""},"categories":[25],"tags":[120,198,60,61],"class_list":["post-10074","post","type-post","status-publish","format-standard","has-post-thumbnail","hentry","category-noticies","tag-formacion","tag-cursos-2-es","tag-optometria","tag-terapiavisual","entry","has-media"],"yoast_head":"<!-- This site is optimized with the Yoast SEO plugin v28.4 - https:\/\/yoast.com\/product\/yoast-seo-wordpress\/ -->\n<title>La Formaci\u00f3n continuada como motor de desarrollo profesional a la ACOTV - Asociaci\u00f3n Catalana de Optometr\u00eda y Terapia Visual<\/title>\n<meta name=\"robots\" content=\"index, follow, max-snippet:-1, max-image-preview:large, max-video-preview:-1\" \/>\n<link rel=\"canonical\" href=\"https:\/\/www.acotv.org\/es\/la-formacion-continuada-como-motor-de-desarrollo-profesional\/\" \/>\n<meta property=\"og:locale\" content=\"es_ES\" \/>\n<meta property=\"og:type\" content=\"article\" \/>\n<meta property=\"og:title\" content=\"La Formaci\u00f3n continuada como motor de desarrollo profesional a la ACOTV - Asociaci\u00f3n Catalana de Optometr\u00eda y Terapia Visual\" \/>\n<meta property=\"og:description\" content=\"L&#039;ACOTV destaca no nom\u00e9s com a punt de trobada per als professionals de l&#039;\u00e0mbit, sin\u00f3 tamb\u00e9 com a associaci\u00f3 compromesa amb el desenvolupament continu de les seves capacitats.\" \/>\n<meta property=\"og:url\" content=\"https:\/\/www.acotv.org\/es\/la-formacion-continuada-como-motor-de-desarrollo-profesional\/\" \/>\n<meta property=\"og:site_name\" content=\"Asociaci\u00f3n Catalana de Optometr\u00eda y Terapia Visual\" \/>\n<meta property=\"article:published_time\" content=\"2023-12-13T15:58:06+00:00\" \/>\n<meta property=\"article:modified_time\" content=\"2024-01-03T12:17:31+00:00\" \/>\n<meta property=\"og:image\" content=\"https:\/\/www.acotv.org\/wp-content\/uploads\/Trat.Opt_2_7.jpg\" \/>\n\t<meta property=\"og:image:width\" content=\"692\" \/>\n\t<meta property=\"og:image:height\" content=\"278\" \/>\n\t<meta property=\"og:image:type\" content=\"image\/jpeg\" \/>\n<meta name=\"author\" content=\"ACOTV\" \/>\n<meta name=\"twitter:card\" content=\"summary_large_image\" \/>\n<meta name=\"twitter:label1\" content=\"Escrito por\" \/>\n\t<meta name=\"twitter:data1\" content=\"ACOTV\" \/>\n\t<meta name=\"twitter:label2\" content=\"Tiempo de lectura\" \/>\n\t<meta name=\"twitter:data2\" content=\"3 minutos\" \/>\n<script type=\"application\/ld+json\" class=\"yoast-schema-graph\">{\"@context\":\"https:\\\/\\\/schema.org\",\"@graph\":[{\"@type\":\"Article\",\"@id\":\"https:\\\/\\\/www.acotv.org\\\/es\\\/la-formacion-continuada-como-motor-de-desarrollo-profesional\\\/#article\",\"isPartOf\":{\"@id\":\"https:\\\/\\\/www.acotv.org\\\/es\\\/la-formacion-continuada-como-motor-de-desarrollo-profesional\\\/\"},\"author\":{\"name\":\"ACOTV\",\"@id\":\"https:\\\/\\\/www.acotv.org\\\/ca\\\/#\\\/schema\\\/person\\\/0de470fec1dbf9785a7343042d765744\"},\"headline\":\"La Formaci\u00f3n continuada como motor de desarrollo profesional a la ACOTV\",\"datePublished\":\"2023-12-13T15:58:06+00:00\",\"dateModified\":\"2024-01-03T12:17:31+00:00\",\"mainEntityOfPage\":{\"@id\":\"https:\\\/\\\/www.acotv.org\\\/es\\\/la-formacion-continuada-como-motor-de-desarrollo-profesional\\\/\"},\"wordCount\":460,\"commentCount\":0,\"image\":{\"@id\":\"https:\\\/\\\/www.acotv.org\\\/es\\\/la-formacion-continuada-como-motor-de-desarrollo-profesional\\\/#primaryimage\"},\"thumbnailUrl\":\"https:\\\/\\\/www.acotv.org\\\/wp-content\\\/uploads\\\/Trat.Opt_2_7.jpg\",\"keywords\":[\"#Formaci\u00f3n\",\"cursos\",\"Optometria\",\"TerapiaVisual\"],\"articleSection\":[\"Not\u00edcies\"],\"inLanguage\":\"es\",\"potentialAction\":[{\"@type\":\"CommentAction\",\"name\":\"Comment\",\"target\":[\"https:\\\/\\\/www.acotv.org\\\/es\\\/la-formacion-continuada-como-motor-de-desarrollo-profesional\\\/#respond\"]}]},{\"@type\":\"WebPage\",\"@id\":\"https:\\\/\\\/www.acotv.org\\\/es\\\/la-formacion-continuada-como-motor-de-desarrollo-profesional\\\/\",\"url\":\"https:\\\/\\\/www.acotv.org\\\/es\\\/la-formacion-continuada-como-motor-de-desarrollo-profesional\\\/\",\"name\":\"La Formaci\u00f3n continuada como motor de desarrollo profesional a la ACOTV - Asociaci\u00f3n Catalana de Optometr\u00eda y Terapia Visual\",\"isPartOf\":{\"@id\":\"https:\\\/\\\/www.acotv.org\\\/ca\\\/#website\"},\"primaryImageOfPage\":{\"@id\":\"https:\\\/\\\/www.acotv.org\\\/es\\\/la-formacion-continuada-como-motor-de-desarrollo-profesional\\\/#primaryimage\"},\"image\":{\"@id\":\"https:\\\/\\\/www.acotv.org\\\/es\\\/la-formacion-continuada-como-motor-de-desarrollo-profesional\\\/#primaryimage\"},\"thumbnailUrl\":\"https:\\\/\\\/www.acotv.org\\\/wp-content\\\/uploads\\\/Trat.Opt_2_7.jpg\",\"datePublished\":\"2023-12-13T15:58:06+00:00\",\"dateModified\":\"2024-01-03T12:17:31+00:00\",\"author\":{\"@id\":\"https:\\\/\\\/www.acotv.org\\\/ca\\\/#\\\/schema\\\/person\\\/0de470fec1dbf9785a7343042d765744\"},\"breadcrumb\":{\"@id\":\"https:\\\/\\\/www.acotv.org\\\/es\\\/la-formacion-continuada-como-motor-de-desarrollo-profesional\\\/#breadcrumb\"},\"inLanguage\":\"es\",\"potentialAction\":[{\"@type\":\"ReadAction\",\"target\":[\"https:\\\/\\\/www.acotv.org\\\/es\\\/la-formacion-continuada-como-motor-de-desarrollo-profesional\\\/\"]}]},{\"@type\":\"ImageObject\",\"inLanguage\":\"es\",\"@id\":\"https:\\\/\\\/www.acotv.org\\\/es\\\/la-formacion-continuada-como-motor-de-desarrollo-profesional\\\/#primaryimage\",\"url\":\"https:\\\/\\\/www.acotv.org\\\/wp-content\\\/uploads\\\/Trat.Opt_2_7.jpg\",\"contentUrl\":\"https:\\\/\\\/www.acotv.org\\\/wp-content\\\/uploads\\\/Trat.Opt_2_7.jpg\",\"width\":692,\"height\":278},{\"@type\":\"BreadcrumbList\",\"@id\":\"https:\\\/\\\/www.acotv.org\\\/es\\\/la-formacion-continuada-como-motor-de-desarrollo-profesional\\\/#breadcrumb\",\"itemListElement\":[{\"@type\":\"ListItem\",\"position\":1,\"name\":\"Portada\",\"item\":\"https:\\\/\\\/www.acotv.org\\\/es\\\/\"},{\"@type\":\"ListItem\",\"position\":2,\"name\":\"La Formaci\u00f3n continuada como motor de desarrollo profesional a la ACOTV\"}]},{\"@type\":\"WebSite\",\"@id\":\"https:\\\/\\\/www.acotv.org\\\/ca\\\/#website\",\"url\":\"https:\\\/\\\/www.acotv.org\\\/ca\\\/\",\"name\":\"Asociaci\u00f3n Catalana de Optometr\u00eda y Terapia Visual\",\"description\":\"\",\"potentialAction\":[{\"@type\":\"SearchAction\",\"target\":{\"@type\":\"EntryPoint\",\"urlTemplate\":\"https:\\\/\\\/www.acotv.org\\\/ca\\\/?s={search_term_string}\"},\"query-input\":{\"@type\":\"PropertyValueSpecification\",\"valueRequired\":true,\"valueName\":\"search_term_string\"}}],\"inLanguage\":\"es\"},{\"@type\":\"Person\",\"@id\":\"https:\\\/\\\/www.acotv.org\\\/ca\\\/#\\\/schema\\\/person\\\/0de470fec1dbf9785a7343042d765744\",\"name\":\"ACOTV\",\"image\":{\"@type\":\"ImageObject\",\"inLanguage\":\"es\",\"@id\":\"https:\\\/\\\/www.acotv.org\\\/wp-content\\\/uploads\\\/Logo-petit-150x150.jpg\",\"url\":\"https:\\\/\\\/www.acotv.org\\\/wp-content\\\/uploads\\\/Logo-petit-150x150.jpg\",\"contentUrl\":\"https:\\\/\\\/www.acotv.org\\\/wp-content\\\/uploads\\\/Logo-petit-150x150.jpg\",\"caption\":\"ACOTV\"},\"url\":\"https:\\\/\\\/www.acotv.org\\\/es\\\/author\\\/acotv\\\/\"}]}<\/script>\n<!-- \/ Yoast SEO plugin. -->","yoast_head_json":{"title":"La Formaci\u00f3n continuada como motor de desarrollo profesional a la ACOTV - Asociaci\u00f3n Catalana de Optometr\u00eda y Terapia Visual","robots":{"index":"index","follow":"follow","max-snippet":"max-snippet:-1","max-image-preview":"max-image-preview:large","max-video-preview":"max-video-preview:-1"},"canonical":"https:\/\/www.acotv.org\/es\/la-formacion-continuada-como-motor-de-desarrollo-profesional\/","og_locale":"es_ES","og_type":"article","og_title":"La Formaci\u00f3n continuada como motor de desarrollo profesional a la ACOTV - Asociaci\u00f3n Catalana de Optometr\u00eda y Terapia Visual","og_description":"L'ACOTV destaca no nom\u00e9s com a punt de trobada per als professionals de l'\u00e0mbit, sin\u00f3 tamb\u00e9 com a associaci\u00f3 compromesa amb el desenvolupament continu de les seves capacitats.","og_url":"https:\/\/www.acotv.org\/es\/la-formacion-continuada-como-motor-de-desarrollo-profesional\/","og_site_name":"Asociaci\u00f3n Catalana de Optometr\u00eda y Terapia Visual","article_published_time":"2023-12-13T15:58:06+00:00","article_modified_time":"2024-01-03T12:17:31+00:00","og_image":[{"width":692,"height":278,"url":"https:\/\/www.acotv.org\/wp-content\/uploads\/Trat.Opt_2_7.jpg","type":"image\/jpeg"}],"author":"ACOTV","twitter_card":"summary_large_image","twitter_misc":{"Escrito por":"ACOTV","Tiempo de lectura":"3 minutos"},"schema":{"@context":"https:\/\/schema.org","@graph":[{"@type":"Article","@id":"https:\/\/www.acotv.org\/es\/la-formacion-continuada-como-motor-de-desarrollo-profesional\/#article","isPartOf":{"@id":"https:\/\/www.acotv.org\/es\/la-formacion-continuada-como-motor-de-desarrollo-profesional\/"},"author":{"name":"ACOTV","@id":"https:\/\/www.acotv.org\/ca\/#\/schema\/person\/0de470fec1dbf9785a7343042d765744"},"headline":"La Formaci\u00f3n continuada como motor de desarrollo profesional a la ACOTV","datePublished":"2023-12-13T15:58:06+00:00","dateModified":"2024-01-03T12:17:31+00:00","mainEntityOfPage":{"@id":"https:\/\/www.acotv.org\/es\/la-formacion-continuada-como-motor-de-desarrollo-profesional\/"},"wordCount":460,"commentCount":0,"image":{"@id":"https:\/\/www.acotv.org\/es\/la-formacion-continuada-como-motor-de-desarrollo-profesional\/#primaryimage"},"thumbnailUrl":"https:\/\/www.acotv.org\/wp-content\/uploads\/Trat.Opt_2_7.jpg","keywords":["#Formaci\u00f3n","cursos","Optometria","TerapiaVisual"],"articleSection":["Not\u00edcies"],"inLanguage":"es","potentialAction":[{"@type":"CommentAction","name":"Comment","target":["https:\/\/www.acotv.org\/es\/la-formacion-continuada-como-motor-de-desarrollo-profesional\/#respond"]}]},{"@type":"WebPage","@id":"https:\/\/www.acotv.org\/es\/la-formacion-continuada-como-motor-de-desarrollo-profesional\/","url":"https:\/\/www.acotv.org\/es\/la-formacion-continuada-como-motor-de-desarrollo-profesional\/","name":"La Formaci\u00f3n continuada como motor de desarrollo profesional a la ACOTV - Asociaci\u00f3n Catalana de Optometr\u00eda y Terapia Visual","isPartOf":{"@id":"https:\/\/www.acotv.org\/ca\/#website"},"primaryImageOfPage":{"@id":"https:\/\/www.acotv.org\/es\/la-formacion-continuada-como-motor-de-desarrollo-profesional\/#primaryimage"},"image":{"@id":"https:\/\/www.acotv.org\/es\/la-formacion-continuada-como-motor-de-desarrollo-profesional\/#primaryimage"},"thumbnailUrl":"https:\/\/www.acotv.org\/wp-content\/uploads\/Trat.Opt_2_7.jpg","datePublished":"2023-12-13T15:58:06+00:00","dateModified":"2024-01-03T12:17:31+00:00","author":{"@id":"https:\/\/www.acotv.org\/ca\/#\/schema\/person\/0de470fec1dbf9785a7343042d765744"},"breadcrumb":{"@id":"https:\/\/www.acotv.org\/es\/la-formacion-continuada-como-motor-de-desarrollo-profesional\/#breadcrumb"},"inLanguage":"es","potentialAction":[{"@type":"ReadAction","target":["https:\/\/www.acotv.org\/es\/la-formacion-continuada-como-motor-de-desarrollo-profesional\/"]}]},{"@type":"ImageObject","inLanguage":"es","@id":"https:\/\/www.acotv.org\/es\/la-formacion-continuada-como-motor-de-desarrollo-profesional\/#primaryimage","url":"https:\/\/www.acotv.org\/wp-content\/uploads\/Trat.Opt_2_7.jpg","contentUrl":"https:\/\/www.acotv.org\/wp-content\/uploads\/Trat.Opt_2_7.jpg","width":692,"height":278},{"@type":"BreadcrumbList","@id":"https:\/\/www.acotv.org\/es\/la-formacion-continuada-como-motor-de-desarrollo-profesional\/#breadcrumb","itemListElement":[{"@type":"ListItem","position":1,"name":"Portada","item":"https:\/\/www.acotv.org\/es\/"},{"@type":"ListItem","position":2,"name":"La Formaci\u00f3n continuada como motor de desarrollo profesional a la ACOTV"}]},{"@type":"WebSite","@id":"https:\/\/www.acotv.org\/ca\/#website","url":"https:\/\/www.acotv.org\/ca\/","name":"Asociaci\u00f3n Catalana de Optometr\u00eda y Terapia Visual","description":"","potentialAction":[{"@type":"SearchAction","target":{"@type":"EntryPoint","urlTemplate":"https:\/\/www.acotv.org\/ca\/?s={search_term_string}"},"query-input":{"@type":"PropertyValueSpecification","valueRequired":true,"valueName":"search_term_string"}}],"inLanguage":"es"},{"@type":"Person","@id":"https:\/\/www.acotv.org\/ca\/#\/schema\/person\/0de470fec1dbf9785a7343042d765744","name":"ACOTV","image":{"@type":"ImageObject","inLanguage":"es","@id":"https:\/\/www.acotv.org\/wp-content\/uploads\/Logo-petit-150x150.jpg","url":"https:\/\/www.acotv.org\/wp-content\/uploads\/Logo-petit-150x150.jpg","contentUrl":"https:\/\/www.acotv.org\/wp-content\/uploads\/Logo-petit-150x150.jpg","caption":"ACOTV"},"url":"https:\/\/www.acotv.org\/es\/author\/acotv\/"}]}},"_links":{"self":[{"href":"https:\/\/www.acotv.org\/es\/wp-json\/wp\/v2\/posts\/10074","targetHints":{"allow":["GET"]}}],"collection":[{"href":"https:\/\/www.acotv.org\/es\/wp-json\/wp\/v2\/posts"}],"about":[{"href":"https:\/\/www.acotv.org\/es\/wp-json\/wp\/v2\/types\/post"}],"author":[{"embeddable":true,"href":"https:\/\/www.acotv.org\/es\/wp-json\/wp\/v2\/users\/2"}],"replies":[{"embeddable":true,"href":"https:\/\/www.acotv.org\/es\/wp-json\/wp\/v2\/comments?post=10074"}],"version-history":[{"count":2,"href":"https:\/\/www.acotv.org\/es\/wp-json\/wp\/v2\/posts\/10074\/revisions"}],"predecessor-version":[{"id":10077,"href":"https:\/\/www.acotv.org\/es\/wp-json\/wp\/v2\/posts\/10074\/revisions\/10077"}],"wp:featuredmedia":[{"embeddable":true,"href":"https:\/\/www.acotv.org\/es\/wp-json\/wp\/v2\/media\/10019"}],"wp:attachment":[{"href":"https:\/\/www.acotv.org\/es\/wp-json\/wp\/v2\/media?parent=10074"}],"wp:term":[{"taxonomy":"category","embeddable":true,"href":"https:\/\/www.acotv.org\/es\/wp-json\/wp\/v2\/categories?post=10074"},{"taxonomy":"post_tag","embeddable":true,"href":"https:\/\/www.acotv.org\/es\/wp-json\/wp\/v2\/tags?post=10074"}],"curies":[{"name":"wp","href":"https:\/\/api.w.org\/{rel}","templated":true}]}}