{"id":10072,"date":"2023-12-14T15:37:46","date_gmt":"2023-12-14T14:37:46","guid":{"rendered":"https:\/\/www.acotv.org\/lacotv-consolida-els-seus-seminaris-mensuals-amb-un-nou-cicle-de-coneixements-unics\/"},"modified":"2024-01-03T17:00:57","modified_gmt":"2024-01-03T16:00:57","slug":"lacotv-consolida-los-seminarios-mensuales","status":"publish","type":"post","link":"https:\/\/www.acotv.org\/es\/lacotv-consolida-los-seminarios-mensuales\/","title":{"rendered":"La ACOTV consolida los seminarios mensuales con un nuevo ciclo de conocimientos \u00fanicos"},"content":{"rendered":"\n<p class=\"wp-block-paragraph\">La Asociaci\u00f3n Catalana de Optometr\u00eda y Terapia Visual (ACOTV) celebra con satisfacci\u00f3n su tercer ciclo de seminarios mensuales, consolidando as\u00ed la actividad exclusiva \u00abReVisiOn\u00bb como una forma din\u00e1mica para compartir conocimientos y fomentar la comunidad profesional.<\/p>\n\n\n\n<p class=\"wp-block-paragraph\">Desde 2020, los miembros de la ACOTV han tenido la oportunidad de conectar con sus colegas y otros profesionales relacionados estrechamente con el \u00e1mbito a trav\u00e9s de estos seminarios mensuales. Esta iniciativa ofrece una hora de conexi\u00f3n en directo, permitiendo a los socios aprender nuevas pr\u00e1cticas y refrescar sus conocimientos existentes.<\/p>\n\n\n\n<p class=\"wp-block-paragraph\">Durante este \u00faltimo ciclo de 2023, los participantes han compartido generosamente desde procedimientos \u00f3pticos convencionales hasta nuevas t\u00e9cnicas, modos de hacer y enfoques optom\u00e9tricos innovadores.<br>Varios temas abr\u00edan el a\u00f1o, como <mark style=\"background-color:rgba(0, 0, 0, 0)\" class=\"has-inline-color has-vivid-cyan-blue-color\"><strong>las curiosidades de amplitud de acomodaci\u00f3n explicadas<\/strong><\/mark><strong> <\/strong>por <strong><mark style=\"background-color:rgba(0, 0, 0, 0)\" class=\"has-inline-color has-black-color\">Sandra Boniquet, <\/mark><\/strong><mark style=\"background-color:rgba(0, 0, 0, 0)\" class=\"has-inline-color has-vivid-cyan-blue-color\"><strong>las causas del estrabismo y c\u00f3mo pueden afectar al \u00e9xito del tratamiento<\/strong><\/mark> que nos compart\u00eda <strong><mark style=\"background-color:rgba(0, 0, 0, 0)\" class=\"has-inline-color has-black-color\">Bernat Sunyer<\/mark><\/strong> o la explicaci\u00f3n de l<strong><mark style=\"background-color:rgba(0, 0, 0, 0)\" class=\"has-inline-color has-vivid-cyan-blue-color\">os resultados obtenidos estudio de fotoestimulaci\u00f3n <\/mark><\/strong>que fueron explicados de forma detallada por miembros del \u00e1rea de investigaci\u00f3n de la ACOTV y<strong><mark style=\"background-color:rgba(0, 0, 0, 0)\" class=\"has-inline-color has-black-color\"> Marc Argil\u00e9s.<\/mark><\/strong><\/p>\n\n\n\n<figure class=\"wp-block-gallery has-nested-images columns-default is-cropped wp-block-gallery-1 is-layout-flex wp-block-gallery-is-layout-flex\">\n<figure class=\"wp-block-image size-large\"><img fetchpriority=\"high\" decoding=\"async\" width=\"1024\" height=\"1024\" data-id=\"9944\" src=\"https:\/\/www.acotv.org\/wp-content\/uploads\/ReVisiOn_Seminari21_S.Boniquet_Cast.--1024x1024.jpg\" alt=\"\" class=\"wp-image-9944\" srcset=\"https:\/\/www.acotv.org\/wp-content\/uploads\/ReVisiOn_Seminari21_S.Boniquet_Cast.--1024x1024.jpg 1024w, https:\/\/www.acotv.org\/wp-content\/uploads\/ReVisiOn_Seminari21_S.Boniquet_Cast.--300x300.jpg 300w, https:\/\/www.acotv.org\/wp-content\/uploads\/ReVisiOn_Seminari21_S.Boniquet_Cast.--150x150.jpg 150w, https:\/\/www.acotv.org\/wp-content\/uploads\/ReVisiOn_Seminari21_S.Boniquet_Cast.--768x768.jpg 768w, https:\/\/www.acotv.org\/wp-content\/uploads\/ReVisiOn_Seminari21_S.Boniquet_Cast.--600x600.jpg 600w, https:\/\/www.acotv.org\/wp-content\/uploads\/ReVisiOn_Seminari21_S.Boniquet_Cast.-.jpg 1080w\" sizes=\"(max-width: 1024px) 100vw, 1024px\" \/><\/figure>\n\n\n\n<figure class=\"wp-block-image size-large\"><img decoding=\"async\" width=\"1024\" height=\"1024\" data-id=\"9950\" src=\"https:\/\/www.acotv.org\/wp-content\/uploads\/ReVisiOn_Seminari22_B.Sunyer_Cast-1024x1024.jpg\" alt=\"\" class=\"wp-image-9950\" srcset=\"https:\/\/www.acotv.org\/wp-content\/uploads\/ReVisiOn_Seminari22_B.Sunyer_Cast-1024x1024.jpg 1024w, https:\/\/www.acotv.org\/wp-content\/uploads\/ReVisiOn_Seminari22_B.Sunyer_Cast-300x300.jpg 300w, https:\/\/www.acotv.org\/wp-content\/uploads\/ReVisiOn_Seminari22_B.Sunyer_Cast-150x150.jpg 150w, https:\/\/www.acotv.org\/wp-content\/uploads\/ReVisiOn_Seminari22_B.Sunyer_Cast-768x768.jpg 768w, https:\/\/www.acotv.org\/wp-content\/uploads\/ReVisiOn_Seminari22_B.Sunyer_Cast-600x600.jpg 600w, https:\/\/www.acotv.org\/wp-content\/uploads\/ReVisiOn_Seminari22_B.Sunyer_Cast.jpg 1080w\" sizes=\"(max-width: 1024px) 100vw, 1024px\" \/><\/figure>\n\n\n\n<figure class=\"wp-block-image size-large\"><img decoding=\"async\" width=\"1024\" height=\"1024\" data-id=\"9956\" src=\"https:\/\/www.acotv.org\/wp-content\/uploads\/ReVisiOn_Seminari23_A.Recerca_Cast-1024x1024.jpg\" alt=\"\" class=\"wp-image-9956\" srcset=\"https:\/\/www.acotv.org\/wp-content\/uploads\/ReVisiOn_Seminari23_A.Recerca_Cast-1024x1024.jpg 1024w, https:\/\/www.acotv.org\/wp-content\/uploads\/ReVisiOn_Seminari23_A.Recerca_Cast-300x300.jpg 300w, https:\/\/www.acotv.org\/wp-content\/uploads\/ReVisiOn_Seminari23_A.Recerca_Cast-150x150.jpg 150w, https:\/\/www.acotv.org\/wp-content\/uploads\/ReVisiOn_Seminari23_A.Recerca_Cast-768x768.jpg 768w, https:\/\/www.acotv.org\/wp-content\/uploads\/ReVisiOn_Seminari23_A.Recerca_Cast-600x600.jpg 600w, https:\/\/www.acotv.org\/wp-content\/uploads\/ReVisiOn_Seminari23_A.Recerca_Cast.jpg 1080w\" sizes=\"(max-width: 1024px) 100vw, 1024px\" \/><\/figure>\n<\/figure>\n\n\n\n<p class=\"wp-block-paragraph\">El semestre tambi\u00e9n incluy\u00f3 sesiones sobre<mark style=\"background-color:rgba(0, 0, 0, 0)\" class=\"has-inline-color has-vivid-cyan-blue-color\"><strong> el sistema vest\u00edbulo-ocular, auditivo y la terapia visual <\/strong><\/mark>tema del que nos hablaba <strong><mark style=\"background-color:rgba(0, 0, 0, 0)\" class=\"has-inline-color has-black-color\">Rosa Payan <\/mark><\/strong>, <strong><mark style=\"background-color:rgba(0, 0, 0, 0)\" class=\"has-inline-color has-vivid-cyan-blue-color\">c\u00f3mo la bioqu\u00edmica del cuerpo humano modula el funcionamiento de la visi\u00f3n ya la inversa,<\/mark><\/strong> interesante sesi\u00f3n que nos ofrec\u00eda<strong> <mark style=\"background-color:rgba(0, 0, 0, 0)\" class=\"has-inline-color has-black-color\">Anna Guilany\u00e0,<\/mark><\/strong> y <mark style=\"background-color:rgba(0, 0, 0, 0)\" class=\"has-inline-color has-vivid-cyan-blue-color\"><strong>los estrabismos en adultos que a prop\u00f3sito de dos casos<\/strong><\/mark> nos expon\u00eda a <mark style=\"background-color:rgba(0, 0, 0, 0)\" class=\"has-inline-color has-black-color\"><strong>Coral Ruiz.<\/strong><\/mark><br>Tras la pausa veraniega, el ciclo continu\u00f3 en septiembre con <mark style=\"background-color:rgba(0, 0, 0, 0)\" class=\"has-inline-color has-vivid-cyan-blue-color\"><strong>la presentaci\u00f3n de un estudio cient\u00edfico <\/strong><\/mark>sobre la relaci\u00f3n entre la estabilidad de la fijaci\u00f3n y los par\u00e1metros estructurales de la retina con ni\u00f1os con ambliop\u00eda anisometr\u00f3pica estr\u00e1bica y mixta por parte de <mark style=\"background-color:rgba(0, 0, 0, 0)\" class=\"has-inline-color has-black-color\"><strong>Raquel Mompart .<\/strong><\/mark><\/p>\n\n\n\n<figure class=\"wp-block-gallery has-nested-images columns-default is-cropped wp-block-gallery-2 is-layout-flex wp-block-gallery-is-layout-flex\">\n<figure class=\"wp-block-image size-large\"><img loading=\"lazy\" decoding=\"async\" width=\"1024\" height=\"1024\" data-id=\"9962\" src=\"https:\/\/www.acotv.org\/wp-content\/uploads\/ReVisiOn_Seminari23_R.Payan_.Cast_-1024x1024.jpg\" alt=\"\" class=\"wp-image-9962\" srcset=\"https:\/\/www.acotv.org\/wp-content\/uploads\/ReVisiOn_Seminari23_R.Payan_.Cast_-1024x1024.jpg 1024w, https:\/\/www.acotv.org\/wp-content\/uploads\/ReVisiOn_Seminari23_R.Payan_.Cast_-300x300.jpg 300w, https:\/\/www.acotv.org\/wp-content\/uploads\/ReVisiOn_Seminari23_R.Payan_.Cast_-150x150.jpg 150w, https:\/\/www.acotv.org\/wp-content\/uploads\/ReVisiOn_Seminari23_R.Payan_.Cast_-768x768.jpg 768w, https:\/\/www.acotv.org\/wp-content\/uploads\/ReVisiOn_Seminari23_R.Payan_.Cast_-600x600.jpg 600w, https:\/\/www.acotv.org\/wp-content\/uploads\/ReVisiOn_Seminari23_R.Payan_.Cast_.jpg 1080w\" sizes=\"(max-width: 1024px) 100vw, 1024px\" \/><\/figure>\n\n\n\n<figure class=\"wp-block-image size-large\"><img loading=\"lazy\" decoding=\"async\" width=\"1024\" height=\"1024\" data-id=\"9968\" src=\"https:\/\/www.acotv.org\/wp-content\/uploads\/ReVisiOn_Seminari22_B.Sunyer_Cast-1-1024x1024.jpg\" alt=\"\" class=\"wp-image-9968\" srcset=\"https:\/\/www.acotv.org\/wp-content\/uploads\/ReVisiOn_Seminari22_B.Sunyer_Cast-1-1024x1024.jpg 1024w, https:\/\/www.acotv.org\/wp-content\/uploads\/ReVisiOn_Seminari22_B.Sunyer_Cast-1-300x300.jpg 300w, https:\/\/www.acotv.org\/wp-content\/uploads\/ReVisiOn_Seminari22_B.Sunyer_Cast-1-150x150.jpg 150w, https:\/\/www.acotv.org\/wp-content\/uploads\/ReVisiOn_Seminari22_B.Sunyer_Cast-1-768x768.jpg 768w, https:\/\/www.acotv.org\/wp-content\/uploads\/ReVisiOn_Seminari22_B.Sunyer_Cast-1-600x600.jpg 600w, https:\/\/www.acotv.org\/wp-content\/uploads\/ReVisiOn_Seminari22_B.Sunyer_Cast-1.jpg 1080w\" sizes=\"(max-width: 1024px) 100vw, 1024px\" \/><\/figure>\n\n\n\n<figure class=\"wp-block-image size-large\"><img loading=\"lazy\" decoding=\"async\" width=\"1024\" height=\"1024\" data-id=\"9974\" src=\"https:\/\/www.acotv.org\/wp-content\/uploads\/ReVisiOn_Seminari26_C.Ruiz_Cast-1024x1024.jpg\" alt=\"\" class=\"wp-image-9974\" srcset=\"https:\/\/www.acotv.org\/wp-content\/uploads\/ReVisiOn_Seminari26_C.Ruiz_Cast-1024x1024.jpg 1024w, https:\/\/www.acotv.org\/wp-content\/uploads\/ReVisiOn_Seminari26_C.Ruiz_Cast-300x300.jpg 300w, https:\/\/www.acotv.org\/wp-content\/uploads\/ReVisiOn_Seminari26_C.Ruiz_Cast-150x150.jpg 150w, https:\/\/www.acotv.org\/wp-content\/uploads\/ReVisiOn_Seminari26_C.Ruiz_Cast-768x768.jpg 768w, https:\/\/www.acotv.org\/wp-content\/uploads\/ReVisiOn_Seminari26_C.Ruiz_Cast-600x600.jpg 600w, https:\/\/www.acotv.org\/wp-content\/uploads\/ReVisiOn_Seminari26_C.Ruiz_Cast.jpg 1080w\" sizes=\"(max-width: 1024px) 100vw, 1024px\" \/><\/figure>\n<\/figure>\n\n\n\n<p class=\"wp-block-paragraph\">Octubre fue especialmente enriquecedor con sesiones centradas en el entorno escolar, ofreciendo insights de la maestra de educaci\u00f3n especial <strong><mark style=\"background-color:rgba(0, 0, 0, 0)\" class=\"has-inline-color has-black-color\">Mary Llurba <\/mark><\/strong>y la optometrista <strong><mark style=\"background-color:rgba(0, 0, 0, 0)\" class=\"has-inline-color has-black-color\">Cristina Salazar <\/mark><\/strong>que nos explicaron <strong><mark style=\"background-color:rgba(0, 0, 0, 0)\" class=\"has-inline-color has-vivid-cyan-blue-color\">c\u00f3mo se trabaja con el alumnado con dislexia.<\/mark><\/strong> La neurociencia fue el tema abordado por<strong><mark style=\"background-color:rgba(0, 0, 0, 0)\" class=\"has-inline-color has-black-color\"> Isabel Prieto<\/mark><\/strong> explicando<mark style=\"background-color:rgba(0, 0, 0, 0)\" class=\"has-inline-color has-vivid-cyan-blue-color\"><strong> c\u00f3mo aprender a leer desde el punto de vista neurocient\u00edfico.<\/strong><\/mark> <strong><mark style=\"background-color:rgba(0, 0, 0, 0)\" class=\"has-inline-color has-black-color\">Marta Fransoy <\/mark><\/strong>cerr\u00f3 el ciclo con una interesante primera parte de la sesi\u00f3n sobre <strong><mark style=\"background-color:rgba(0, 0, 0, 0)\" class=\"has-inline-color has-vivid-cyan-blue-color\">postura, escucha y lectura.<\/mark><\/strong><\/p>\n\n\n\n<figure class=\"wp-block-gallery has-nested-images columns-default is-cropped wp-block-gallery-3 is-layout-flex wp-block-gallery-is-layout-flex\">\n<figure class=\"wp-block-image size-large\"><img loading=\"lazy\" decoding=\"async\" width=\"1024\" height=\"1024\" data-id=\"9989\" src=\"https:\/\/www.acotv.org\/wp-content\/uploads\/ReVisiOn_Seminaris23_Cast-1024x1024.jpg\" alt=\"\" class=\"wp-image-9989\" srcset=\"https:\/\/www.acotv.org\/wp-content\/uploads\/ReVisiOn_Seminaris23_Cast-1024x1024.jpg 1024w, https:\/\/www.acotv.org\/wp-content\/uploads\/ReVisiOn_Seminaris23_Cast-300x300.jpg 300w, https:\/\/www.acotv.org\/wp-content\/uploads\/ReVisiOn_Seminaris23_Cast-150x150.jpg 150w, https:\/\/www.acotv.org\/wp-content\/uploads\/ReVisiOn_Seminaris23_Cast-768x768.jpg 768w, https:\/\/www.acotv.org\/wp-content\/uploads\/ReVisiOn_Seminaris23_Cast-600x600.jpg 600w, https:\/\/www.acotv.org\/wp-content\/uploads\/ReVisiOn_Seminaris23_Cast.jpg 1080w\" sizes=\"(max-width: 1024px) 100vw, 1024px\" \/><\/figure>\n\n\n\n<figure class=\"wp-block-image size-large\"><img loading=\"lazy\" decoding=\"async\" width=\"1024\" height=\"1024\" data-id=\"9992\" src=\"https:\/\/www.acotv.org\/wp-content\/uploads\/ReVisiOn_novembre23_Cast-1024x1024.jpg\" alt=\"\" class=\"wp-image-9992\" srcset=\"https:\/\/www.acotv.org\/wp-content\/uploads\/ReVisiOn_novembre23_Cast-1024x1024.jpg 1024w, https:\/\/www.acotv.org\/wp-content\/uploads\/ReVisiOn_novembre23_Cast-300x300.jpg 300w, https:\/\/www.acotv.org\/wp-content\/uploads\/ReVisiOn_novembre23_Cast-150x150.jpg 150w, https:\/\/www.acotv.org\/wp-content\/uploads\/ReVisiOn_novembre23_Cast-768x768.jpg 768w, https:\/\/www.acotv.org\/wp-content\/uploads\/ReVisiOn_novembre23_Cast-600x600.jpg 600w, https:\/\/www.acotv.org\/wp-content\/uploads\/ReVisiOn_novembre23_Cast.jpg 1080w\" sizes=\"(max-width: 1024px) 100vw, 1024px\" \/><\/figure>\n\n\n\n<figure class=\"wp-block-image size-large\"><img loading=\"lazy\" decoding=\"async\" width=\"1024\" height=\"1024\" data-id=\"10001\" src=\"https:\/\/www.acotv.org\/wp-content\/uploads\/ReVisiOn_Seminaris23_des.Cast_-1024x1024.jpg\" alt=\"\" class=\"wp-image-10001\" srcset=\"https:\/\/www.acotv.org\/wp-content\/uploads\/ReVisiOn_Seminaris23_des.Cast_-1024x1024.jpg 1024w, https:\/\/www.acotv.org\/wp-content\/uploads\/ReVisiOn_Seminaris23_des.Cast_-300x300.jpg 300w, https:\/\/www.acotv.org\/wp-content\/uploads\/ReVisiOn_Seminaris23_des.Cast_-150x150.jpg 150w, https:\/\/www.acotv.org\/wp-content\/uploads\/ReVisiOn_Seminaris23_des.Cast_-768x768.jpg 768w, https:\/\/www.acotv.org\/wp-content\/uploads\/ReVisiOn_Seminaris23_des.Cast_-600x600.jpg 600w, https:\/\/www.acotv.org\/wp-content\/uploads\/ReVisiOn_Seminaris23_des.Cast_.jpg 1080w\" sizes=\"(max-width: 1024px) 100vw, 1024px\" \/><\/figure>\n<\/figure>\n\n\n\n<p class=\"wp-block-paragraph\">Tem\u00e1ticas diferentes que llenaron sesiones del martes al mediod\u00eda donde los conocimientos de los optometristas nos han ido descubriendo nuevos conocimientos y con ideas que nos ayudan a saber m\u00e1s.<\/p>\n\n\n\n<p class=\"wp-block-paragraph\">Con este tercer ciclo, la ACOTV proporciona a sus miembros <strong><mark style=\"background-color:rgba(0, 0, 0, 0)\" class=\"has-inline-color has-black-color\">un total de 10 horas de conocimientos pr\u00e1cticos<\/mark><\/strong> y enriquecedores para complementar su pr\u00e1ctica diaria y fomentar su crecimiento profesional. Los seminarios que no se pueden seguir en directo los asociados pueden recuperarlos m\u00e1s adelante en la plataforma de la ACOTV.<\/p>\n\n\n\n<p class=\"wp-block-paragraph\">Si todav\u00eda no eres parte de la comunidad ACOTV, no esperes m\u00e1s. S\u00famate ahora y \u00fanete a este grupo de profesionales de la visi\u00f3n con empuje y ganas de continuar siempre aprendiendo <strong><mark style=\"background-color:rgba(0, 0, 0, 0)\" class=\"has-inline-color has-black-color\">#deprofesionalesparaprofessionales.<\/mark><\/strong><\/p>\n\n\n\n<p class=\"wp-block-paragraph\"><br><br><\/p>\n","protected":false},"excerpt":{"rendered":"<p>La Asociaci\u00f3n Catalana de Optometr\u00eda y Terapia Visual (ACOTV) celebra con satisfacci\u00f3n su tercer ciclo de seminarios mensuales, consolidando as\u00ed la actividad exclusiva \u00abReVisiOn\u00bb como una forma din\u00e1mica para compartir conocimientos y fomentar la comunidad profesional.<\/p>\n","protected":false},"author":2,"featured_media":10087,"comment_status":"open","ping_status":"open","sticky":false,"template":"","format":"standard","meta":{"ocean_front_end_style_editor":"no","ocean_post_layout":"","ocean_both_sidebars_style":"","ocean_both_sidebars_content_width":0,"ocean_both_sidebars_sidebars_width":0,"ocean_sidebar":"","ocean_second_sidebar":"","ocean_disable_margins":"enable","ocean_add_body_class":"","ocean_shortcode_before_top_bar":"","ocean_shortcode_after_top_bar":"","ocean_shortcode_before_header":"","ocean_shortcode_after_header":"","ocean_has_shortcode":"","ocean_shortcode_after_title":"","ocean_shortcode_before_footer_widgets":"","ocean_shortcode_after_footer_widgets":"","ocean_shortcode_before_footer_bottom":"","ocean_shortcode_after_footer_bottom":"","ocean_display_top_bar":"default","ocean_display_header":"default","ocean_header_style":"","ocean_center_header_left_menu":"","ocean_custom_header_template":"","ocean_custom_logo":0,"ocean_custom_retina_logo":0,"ocean_custom_logo_max_width":0,"ocean_custom_logo_tablet_max_width":0,"ocean_custom_logo_mobile_max_width":0,"ocean_custom_logo_max_height":0,"ocean_custom_logo_tablet_max_height":0,"ocean_custom_logo_mobile_max_height":0,"ocean_header_custom_menu":"","ocean_menu_typo_font_family":"","ocean_menu_typo_font_subset":"","ocean_menu_typo_font_size":0,"ocean_menu_typo_font_size_tablet":0,"ocean_menu_typo_font_size_mobile":0,"ocean_menu_typo_font_size_unit":"px","ocean_menu_typo_font_weight":"","ocean_menu_typo_font_weight_tablet":"","ocean_menu_typo_font_weight_mobile":"","ocean_menu_typo_transform":"","ocean_menu_typo_transform_tablet":"","ocean_menu_typo_transform_mobile":"","ocean_menu_typo_line_height":0,"ocean_menu_typo_line_height_tablet":0,"ocean_menu_typo_line_height_mobile":0,"ocean_menu_typo_line_height_unit":"","ocean_menu_typo_spacing":0,"ocean_menu_typo_spacing_tablet":0,"ocean_menu_typo_spacing_mobile":0,"ocean_menu_typo_spacing_unit":"","ocean_menu_link_color":"","ocean_menu_link_color_hover":"","ocean_menu_link_color_active":"","ocean_menu_link_background":"","ocean_menu_link_hover_background":"","ocean_menu_link_active_background":"","ocean_menu_social_links_bg":"","ocean_menu_social_hover_links_bg":"","ocean_menu_social_links_color":"","ocean_menu_social_hover_links_color":"","ocean_disable_title":"default","ocean_disable_heading":"default","ocean_post_title":"","ocean_post_subheading":"","ocean_post_title_style":"","ocean_post_title_background_color":"","ocean_post_title_background":0,"ocean_post_title_bg_image_position":"","ocean_post_title_bg_image_attachment":"","ocean_post_title_bg_image_repeat":"","ocean_post_title_bg_image_size":"","ocean_post_title_height":0,"ocean_post_title_bg_overlay":0.5,"ocean_post_title_bg_overlay_color":"","ocean_disable_breadcrumbs":"default","ocean_breadcrumbs_color":"","ocean_breadcrumbs_separator_color":"","ocean_breadcrumbs_links_color":"","ocean_breadcrumbs_links_hover_color":"","ocean_display_footer_widgets":"default","ocean_display_footer_bottom":"default","ocean_custom_footer_template":"","ocean_post_oembed":"","ocean_post_self_hosted_media":"","ocean_post_video_embed":"","ocean_link_format":"","ocean_link_format_target":"self","ocean_quote_format":"","ocean_quote_format_link":"post","ocean_gallery_link_images":"on","ocean_gallery_id":[],"footnotes":""},"categories":[25,10],"tags":[120,303,201,181,307,71],"class_list":["post-10072","post","type-post","status-publish","format-standard","has-post-thumbnail","hentry","category-noticies","category-sense-categoria","tag-formacion","tag-saludvisual-3","tag-colaboracions","tag-revision-2-es","tag-trabajoengrupo-2","tag-treballdegrup","entry","has-media"],"yoast_head":"<!-- This site is optimized with the Yoast SEO plugin v28.4 - https:\/\/yoast.com\/product\/yoast-seo-wordpress\/ -->\n<title>La ACOTV consolida los seminarios mensuales con un nuevo ciclo de conocimientos \u00fanicos - Asociaci\u00f3n Catalana de Optometr\u00eda y Terapia Visual<\/title>\n<meta name=\"robots\" content=\"index, follow, max-snippet:-1, max-image-preview:large, max-video-preview:-1\" \/>\n<link rel=\"canonical\" href=\"https:\/\/www.acotv.org\/es\/lacotv-consolida-los-seminarios-mensuales\/\" \/>\n<meta property=\"og:locale\" content=\"es_ES\" \/>\n<meta property=\"og:type\" content=\"article\" \/>\n<meta property=\"og:title\" content=\"La ACOTV consolida los seminarios mensuales con un nuevo ciclo de conocimientos \u00fanicos - Asociaci\u00f3n Catalana de Optometr\u00eda y Terapia Visual\" \/>\n<meta property=\"og:description\" content=\"La Asociaci\u00f3n Catalana de Optometr\u00eda y Terapia Visual (ACOTV) celebra con satisfacci\u00f3n su tercer ciclo de seminarios mensuales, consolidando as\u00ed la actividad exclusiva &quot;ReVisiOn&quot; como una forma din\u00e1mica para compartir conocimientos y fomentar la comunidad profesional.\" \/>\n<meta property=\"og:url\" content=\"https:\/\/www.acotv.org\/es\/lacotv-consolida-los-seminarios-mensuales\/\" \/>\n<meta property=\"og:site_name\" content=\"Asociaci\u00f3n Catalana de Optometr\u00eda y Terapia Visual\" \/>\n<meta property=\"article:published_time\" content=\"2023-12-14T14:37:46+00:00\" \/>\n<meta property=\"article:modified_time\" content=\"2024-01-03T16:00:57+00:00\" \/>\n<meta property=\"og:image\" content=\"https:\/\/www.acotv.org\/wp-content\/uploads\/Postweb-Trimestral_ReVisiOn_Cast._4T.jpg\" \/>\n\t<meta property=\"og:image:width\" content=\"1080\" \/>\n\t<meta property=\"og:image:height\" content=\"1080\" \/>\n\t<meta property=\"og:image:type\" content=\"image\/jpeg\" \/>\n<meta name=\"author\" content=\"ACOTV\" \/>\n<meta name=\"twitter:card\" content=\"summary_large_image\" \/>\n<meta name=\"twitter:label1\" content=\"Escrito por\" \/>\n\t<meta name=\"twitter:data1\" content=\"ACOTV\" \/>\n\t<meta name=\"twitter:label2\" content=\"Tiempo de lectura\" \/>\n\t<meta name=\"twitter:data2\" content=\"4 minutos\" \/>\n<script type=\"application\/ld+json\" class=\"yoast-schema-graph\">{\"@context\":\"https:\\\/\\\/schema.org\",\"@graph\":[{\"@type\":\"Article\",\"@id\":\"https:\\\/\\\/www.acotv.org\\\/es\\\/lacotv-consolida-los-seminarios-mensuales\\\/#article\",\"isPartOf\":{\"@id\":\"https:\\\/\\\/www.acotv.org\\\/es\\\/lacotv-consolida-los-seminarios-mensuales\\\/\"},\"author\":{\"name\":\"ACOTV\",\"@id\":\"https:\\\/\\\/www.acotv.org\\\/ca\\\/#\\\/schema\\\/person\\\/0de470fec1dbf9785a7343042d765744\"},\"headline\":\"La ACOTV consolida los seminarios mensuales con un nuevo ciclo de conocimientos \u00fanicos\",\"datePublished\":\"2023-12-14T14:37:46+00:00\",\"dateModified\":\"2024-01-03T16:00:57+00:00\",\"mainEntityOfPage\":{\"@id\":\"https:\\\/\\\/www.acotv.org\\\/es\\\/lacotv-consolida-los-seminarios-mensuales\\\/\"},\"wordCount\":528,\"commentCount\":0,\"image\":{\"@id\":\"https:\\\/\\\/www.acotv.org\\\/es\\\/lacotv-consolida-los-seminarios-mensuales\\\/#primaryimage\"},\"thumbnailUrl\":\"https:\\\/\\\/www.acotv.org\\\/wp-content\\\/uploads\\\/Postweb-Trimestral_ReVisiOn_Cast._4T.jpg\",\"keywords\":[\"#Formaci\u00f3n\",\"#saludvisual\",\"colaboracions\",\"ReVisiOn\",\"trabajoengrupo\",\"treballdegrup\"],\"articleSection\":[\"Not\u00edcies\",\"Sense categoria\"],\"inLanguage\":\"es\",\"potentialAction\":[{\"@type\":\"CommentAction\",\"name\":\"Comment\",\"target\":[\"https:\\\/\\\/www.acotv.org\\\/es\\\/lacotv-consolida-los-seminarios-mensuales\\\/#respond\"]}]},{\"@type\":\"WebPage\",\"@id\":\"https:\\\/\\\/www.acotv.org\\\/es\\\/lacotv-consolida-los-seminarios-mensuales\\\/\",\"url\":\"https:\\\/\\\/www.acotv.org\\\/es\\\/lacotv-consolida-los-seminarios-mensuales\\\/\",\"name\":\"La ACOTV consolida los seminarios mensuales con un nuevo ciclo de conocimientos \u00fanicos - Asociaci\u00f3n Catalana de Optometr\u00eda y Terapia Visual\",\"isPartOf\":{\"@id\":\"https:\\\/\\\/www.acotv.org\\\/ca\\\/#website\"},\"primaryImageOfPage\":{\"@id\":\"https:\\\/\\\/www.acotv.org\\\/es\\\/lacotv-consolida-los-seminarios-mensuales\\\/#primaryimage\"},\"image\":{\"@id\":\"https:\\\/\\\/www.acotv.org\\\/es\\\/lacotv-consolida-los-seminarios-mensuales\\\/#primaryimage\"},\"thumbnailUrl\":\"https:\\\/\\\/www.acotv.org\\\/wp-content\\\/uploads\\\/Postweb-Trimestral_ReVisiOn_Cast._4T.jpg\",\"datePublished\":\"2023-12-14T14:37:46+00:00\",\"dateModified\":\"2024-01-03T16:00:57+00:00\",\"author\":{\"@id\":\"https:\\\/\\\/www.acotv.org\\\/ca\\\/#\\\/schema\\\/person\\\/0de470fec1dbf9785a7343042d765744\"},\"breadcrumb\":{\"@id\":\"https:\\\/\\\/www.acotv.org\\\/es\\\/lacotv-consolida-los-seminarios-mensuales\\\/#breadcrumb\"},\"inLanguage\":\"es\",\"potentialAction\":[{\"@type\":\"ReadAction\",\"target\":[\"https:\\\/\\\/www.acotv.org\\\/es\\\/lacotv-consolida-los-seminarios-mensuales\\\/\"]}]},{\"@type\":\"ImageObject\",\"inLanguage\":\"es\",\"@id\":\"https:\\\/\\\/www.acotv.org\\\/es\\\/lacotv-consolida-los-seminarios-mensuales\\\/#primaryimage\",\"url\":\"https:\\\/\\\/www.acotv.org\\\/wp-content\\\/uploads\\\/Postweb-Trimestral_ReVisiOn_Cast._4T.jpg\",\"contentUrl\":\"https:\\\/\\\/www.acotv.org\\\/wp-content\\\/uploads\\\/Postweb-Trimestral_ReVisiOn_Cast._4T.jpg\",\"width\":1080,\"height\":1080},{\"@type\":\"BreadcrumbList\",\"@id\":\"https:\\\/\\\/www.acotv.org\\\/es\\\/lacotv-consolida-los-seminarios-mensuales\\\/#breadcrumb\",\"itemListElement\":[{\"@type\":\"ListItem\",\"position\":1,\"name\":\"Portada\",\"item\":\"https:\\\/\\\/www.acotv.org\\\/es\\\/\"},{\"@type\":\"ListItem\",\"position\":2,\"name\":\"La ACOTV consolida los seminarios mensuales con un nuevo ciclo de conocimientos \u00fanicos\"}]},{\"@type\":\"WebSite\",\"@id\":\"https:\\\/\\\/www.acotv.org\\\/ca\\\/#website\",\"url\":\"https:\\\/\\\/www.acotv.org\\\/ca\\\/\",\"name\":\"Asociaci\u00f3n Catalana de Optometr\u00eda y Terapia Visual\",\"description\":\"\",\"potentialAction\":[{\"@type\":\"SearchAction\",\"target\":{\"@type\":\"EntryPoint\",\"urlTemplate\":\"https:\\\/\\\/www.acotv.org\\\/ca\\\/?s={search_term_string}\"},\"query-input\":{\"@type\":\"PropertyValueSpecification\",\"valueRequired\":true,\"valueName\":\"search_term_string\"}}],\"inLanguage\":\"es\"},{\"@type\":\"Person\",\"@id\":\"https:\\\/\\\/www.acotv.org\\\/ca\\\/#\\\/schema\\\/person\\\/0de470fec1dbf9785a7343042d765744\",\"name\":\"ACOTV\",\"image\":{\"@type\":\"ImageObject\",\"inLanguage\":\"es\",\"@id\":\"https:\\\/\\\/www.acotv.org\\\/wp-content\\\/uploads\\\/Logo-petit-150x150.jpg\",\"url\":\"https:\\\/\\\/www.acotv.org\\\/wp-content\\\/uploads\\\/Logo-petit-150x150.jpg\",\"contentUrl\":\"https:\\\/\\\/www.acotv.org\\\/wp-content\\\/uploads\\\/Logo-petit-150x150.jpg\",\"caption\":\"ACOTV\"},\"url\":\"https:\\\/\\\/www.acotv.org\\\/es\\\/author\\\/acotv\\\/\"}]}<\/script>\n<!-- \/ Yoast SEO plugin. -->","yoast_head_json":{"title":"La ACOTV consolida los seminarios mensuales con un nuevo ciclo de conocimientos \u00fanicos - Asociaci\u00f3n Catalana de Optometr\u00eda y Terapia Visual","robots":{"index":"index","follow":"follow","max-snippet":"max-snippet:-1","max-image-preview":"max-image-preview:large","max-video-preview":"max-video-preview:-1"},"canonical":"https:\/\/www.acotv.org\/es\/lacotv-consolida-los-seminarios-mensuales\/","og_locale":"es_ES","og_type":"article","og_title":"La ACOTV consolida los seminarios mensuales con un nuevo ciclo de conocimientos \u00fanicos - Asociaci\u00f3n Catalana de Optometr\u00eda y Terapia Visual","og_description":"La Asociaci\u00f3n Catalana de Optometr\u00eda y Terapia Visual (ACOTV) celebra con satisfacci\u00f3n su tercer ciclo de seminarios mensuales, consolidando as\u00ed la actividad exclusiva \"ReVisiOn\" como una forma din\u00e1mica para compartir conocimientos y fomentar la comunidad profesional.","og_url":"https:\/\/www.acotv.org\/es\/lacotv-consolida-los-seminarios-mensuales\/","og_site_name":"Asociaci\u00f3n Catalana de Optometr\u00eda y Terapia Visual","article_published_time":"2023-12-14T14:37:46+00:00","article_modified_time":"2024-01-03T16:00:57+00:00","og_image":[{"width":1080,"height":1080,"url":"https:\/\/www.acotv.org\/wp-content\/uploads\/Postweb-Trimestral_ReVisiOn_Cast._4T.jpg","type":"image\/jpeg"}],"author":"ACOTV","twitter_card":"summary_large_image","twitter_misc":{"Escrito por":"ACOTV","Tiempo de lectura":"4 minutos"},"schema":{"@context":"https:\/\/schema.org","@graph":[{"@type":"Article","@id":"https:\/\/www.acotv.org\/es\/lacotv-consolida-los-seminarios-mensuales\/#article","isPartOf":{"@id":"https:\/\/www.acotv.org\/es\/lacotv-consolida-los-seminarios-mensuales\/"},"author":{"name":"ACOTV","@id":"https:\/\/www.acotv.org\/ca\/#\/schema\/person\/0de470fec1dbf9785a7343042d765744"},"headline":"La ACOTV consolida los seminarios mensuales con un nuevo ciclo de conocimientos \u00fanicos","datePublished":"2023-12-14T14:37:46+00:00","dateModified":"2024-01-03T16:00:57+00:00","mainEntityOfPage":{"@id":"https:\/\/www.acotv.org\/es\/lacotv-consolida-los-seminarios-mensuales\/"},"wordCount":528,"commentCount":0,"image":{"@id":"https:\/\/www.acotv.org\/es\/lacotv-consolida-los-seminarios-mensuales\/#primaryimage"},"thumbnailUrl":"https:\/\/www.acotv.org\/wp-content\/uploads\/Postweb-Trimestral_ReVisiOn_Cast._4T.jpg","keywords":["#Formaci\u00f3n","#saludvisual","colaboracions","ReVisiOn","trabajoengrupo","treballdegrup"],"articleSection":["Not\u00edcies","Sense categoria"],"inLanguage":"es","potentialAction":[{"@type":"CommentAction","name":"Comment","target":["https:\/\/www.acotv.org\/es\/lacotv-consolida-los-seminarios-mensuales\/#respond"]}]},{"@type":"WebPage","@id":"https:\/\/www.acotv.org\/es\/lacotv-consolida-los-seminarios-mensuales\/","url":"https:\/\/www.acotv.org\/es\/lacotv-consolida-los-seminarios-mensuales\/","name":"La ACOTV consolida los seminarios mensuales con un nuevo ciclo de conocimientos \u00fanicos - Asociaci\u00f3n Catalana de Optometr\u00eda y Terapia Visual","isPartOf":{"@id":"https:\/\/www.acotv.org\/ca\/#website"},"primaryImageOfPage":{"@id":"https:\/\/www.acotv.org\/es\/lacotv-consolida-los-seminarios-mensuales\/#primaryimage"},"image":{"@id":"https:\/\/www.acotv.org\/es\/lacotv-consolida-los-seminarios-mensuales\/#primaryimage"},"thumbnailUrl":"https:\/\/www.acotv.org\/wp-content\/uploads\/Postweb-Trimestral_ReVisiOn_Cast._4T.jpg","datePublished":"2023-12-14T14:37:46+00:00","dateModified":"2024-01-03T16:00:57+00:00","author":{"@id":"https:\/\/www.acotv.org\/ca\/#\/schema\/person\/0de470fec1dbf9785a7343042d765744"},"breadcrumb":{"@id":"https:\/\/www.acotv.org\/es\/lacotv-consolida-los-seminarios-mensuales\/#breadcrumb"},"inLanguage":"es","potentialAction":[{"@type":"ReadAction","target":["https:\/\/www.acotv.org\/es\/lacotv-consolida-los-seminarios-mensuales\/"]}]},{"@type":"ImageObject","inLanguage":"es","@id":"https:\/\/www.acotv.org\/es\/lacotv-consolida-los-seminarios-mensuales\/#primaryimage","url":"https:\/\/www.acotv.org\/wp-content\/uploads\/Postweb-Trimestral_ReVisiOn_Cast._4T.jpg","contentUrl":"https:\/\/www.acotv.org\/wp-content\/uploads\/Postweb-Trimestral_ReVisiOn_Cast._4T.jpg","width":1080,"height":1080},{"@type":"BreadcrumbList","@id":"https:\/\/www.acotv.org\/es\/lacotv-consolida-los-seminarios-mensuales\/#breadcrumb","itemListElement":[{"@type":"ListItem","position":1,"name":"Portada","item":"https:\/\/www.acotv.org\/es\/"},{"@type":"ListItem","position":2,"name":"La ACOTV consolida los seminarios mensuales con un nuevo ciclo de conocimientos \u00fanicos"}]},{"@type":"WebSite","@id":"https:\/\/www.acotv.org\/ca\/#website","url":"https:\/\/www.acotv.org\/ca\/","name":"Asociaci\u00f3n Catalana de Optometr\u00eda y Terapia Visual","description":"","potentialAction":[{"@type":"SearchAction","target":{"@type":"EntryPoint","urlTemplate":"https:\/\/www.acotv.org\/ca\/?s={search_term_string}"},"query-input":{"@type":"PropertyValueSpecification","valueRequired":true,"valueName":"search_term_string"}}],"inLanguage":"es"},{"@type":"Person","@id":"https:\/\/www.acotv.org\/ca\/#\/schema\/person\/0de470fec1dbf9785a7343042d765744","name":"ACOTV","image":{"@type":"ImageObject","inLanguage":"es","@id":"https:\/\/www.acotv.org\/wp-content\/uploads\/Logo-petit-150x150.jpg","url":"https:\/\/www.acotv.org\/wp-content\/uploads\/Logo-petit-150x150.jpg","contentUrl":"https:\/\/www.acotv.org\/wp-content\/uploads\/Logo-petit-150x150.jpg","caption":"ACOTV"},"url":"https:\/\/www.acotv.org\/es\/author\/acotv\/"}]}},"_links":{"self":[{"href":"https:\/\/www.acotv.org\/es\/wp-json\/wp\/v2\/posts\/10072","targetHints":{"allow":["GET"]}}],"collection":[{"href":"https:\/\/www.acotv.org\/es\/wp-json\/wp\/v2\/posts"}],"about":[{"href":"https:\/\/www.acotv.org\/es\/wp-json\/wp\/v2\/types\/post"}],"author":[{"embeddable":true,"href":"https:\/\/www.acotv.org\/es\/wp-json\/wp\/v2\/users\/2"}],"replies":[{"embeddable":true,"href":"https:\/\/www.acotv.org\/es\/wp-json\/wp\/v2\/comments?post=10072"}],"version-history":[{"count":3,"href":"https:\/\/www.acotv.org\/es\/wp-json\/wp\/v2\/posts\/10072\/revisions"}],"predecessor-version":[{"id":10123,"href":"https:\/\/www.acotv.org\/es\/wp-json\/wp\/v2\/posts\/10072\/revisions\/10123"}],"wp:featuredmedia":[{"embeddable":true,"href":"https:\/\/www.acotv.org\/es\/wp-json\/wp\/v2\/media\/10087"}],"wp:attachment":[{"href":"https:\/\/www.acotv.org\/es\/wp-json\/wp\/v2\/media?parent=10072"}],"wp:term":[{"taxonomy":"category","embeddable":true,"href":"https:\/\/www.acotv.org\/es\/wp-json\/wp\/v2\/categories?post=10072"},{"taxonomy":"post_tag","embeddable":true,"href":"https:\/\/www.acotv.org\/es\/wp-json\/wp\/v2\/tags?post=10072"}],"curies":[{"name":"wp","href":"https:\/\/api.w.org\/{rel}","templated":true}]}}