{"id":10070,"date":"2023-12-14T18:30:10","date_gmt":"2023-12-14T17:30:10","guid":{"rendered":"https:\/\/www.acotv.org\/millorant-la-salut-visual-a-traves-de-laccio-social-el-compromis-de-lacotv\/"},"modified":"2024-01-03T13:16:54","modified_gmt":"2024-01-03T12:16:54","slug":"millorando-salud-visual-a-traves-de-laccion-social","status":"publish","type":"post","link":"https:\/\/www.acotv.org\/es\/millorando-salud-visual-a-traves-de-laccion-social\/","title":{"rendered":"Mejorando la salud visual a trav\u00e9s de la acci\u00f3n social: El compromiso de la ACOTV"},"content":{"rendered":"\n<p class=\"wp-block-paragraph\">Desde 2015, la ACOTV ha iniciado una acci\u00f3n anual de captaci\u00f3n de fondos con el objetivo de apoyar proyectos de acci\u00f3n social en el campo de la salud visual. Esta iniciativa tiene como finalidad mejorar la salud visual de las personas estrechamente colaborando con organizaciones e instituciones dedicadas a velar por la mejora visual de las personas m\u00e1s necesitadas.<\/p>\n\n\n\n<p class=\"wp-block-paragraph\">La salud visual deber\u00eda ser abordada de manera completa, incluyendo aspectos como la prevenci\u00f3n de enfermedades visuales, la promoci\u00f3n de la salud visual, el acceso a los servicios de atenci\u00f3n visual y la mejora de la calidad de vida para aquellas personas que experimentan problemas visuales.<\/p>\n\n\n\n<p class=\"wp-block-paragraph\">En los \u00faltimos a\u00f1os, la ACOTV ha destinado los fondos recaudados a trav\u00e9s de la distribuci\u00f3n de la loter\u00eda de Navidad, <em>La Grossa de Cap`d&#8217;Any<\/em>, \u00edntegramente al proyecto solidario de salud visual del Centro Universitario de la Visi\u00f3n (CUV) Miradas Solidarias . Esta colaboraci\u00f3n ejemplifica como una asociaci\u00f3n como la nuestra puede tambi\u00e9n contribuir positivamente en la vida de las personas a trav\u00e9s de la recogida de fondos y su canalizaci\u00f3n hacia iniciativas concretas de salud visual.<\/p>\n\n\n\n<p class=\"wp-block-paragraph\">El establecimiento de alianzas con organizaciones relevantes ha sido una estrategia clave para la ACOTV, ya que esto ha contribuido a mejorar la eficacia de sus proyectos de salud visual. A trav\u00e9s de estas colaboraciones, la asociaci\u00f3n ha sido capaz de facilitar el acceso a los servicios de terapia visual a algunas personas m\u00e1s, ayudando a facilitar tratamientos de terapia visual a aquellos que, de forma habitual, podr\u00edan no tener acceso a este tipo de tratamientos.<\/p>\n\n\n\n<p class=\"wp-block-paragraph\">En una evoluci\u00f3n significativa, desde el \u00faltimo a\u00f1o, la ACOTV ha decidido destinar parte de las aportaciones a la investigaci\u00f3n y desarrollo optom\u00e9trico. Esta decisi\u00f3n refleja el compromiso de la asociaci\u00f3n con el progreso de su \u00e1mbito profesional mediante el soporte a la investigaci\u00f3n. Impulsar la investigaci\u00f3n es fundamental para mejorar la comprensi\u00f3n del campo de la optometr\u00eda y la terapia visual, y para desarrollar nuevas estrategias que beneficien a la salud visual de la poblaci\u00f3n.<\/p>\n\n\n\n<p class=\"wp-block-paragraph\">La ACOTV, mediante la recaudaci\u00f3n de 925 \u20ac en 2022, ha distribuido esta contribuci\u00f3n entre las dos \u00e1reas prioritarias: el apoyo a los servicios de terapia visual y la investigaci\u00f3n y desarrollo optom\u00e9trico llevado a cabo desde su \u00e1rea de investigaci\u00f3n. La asociaci\u00f3n quisiera mantener esta acci\u00f3n en el tiempo, con la esperanza de seguir apoyando causas que requieran atenci\u00f3n e intervenci\u00f3n en el futuro.<\/p>\n\n\n\n<p class=\"wp-block-paragraph\">Para la ACOTV, la implementaci\u00f3n de estas peque\u00f1as acciones sociales en proyectos de salud visual se traduce en un compromiso constante por conseguir un impacto significativo en la mejora del acceso a los servicios de terapia visual para todas las personas que lo necesitan . Asimismo, mediante la investigaci\u00f3n, la asociaci\u00f3n busca contribuir a la sensibilizaci\u00f3n sobre la importancia de mantener una visi\u00f3n saludable y promover nuevos escenarios en los que la terapia visual es una pieza clave.<\/p>\n","protected":false},"excerpt":{"rendered":"<p>Desde 2015, la ACOTV ha iniciado una acci\u00f3n anual de captaci\u00f3n de fondos con el objetivo de apoyar proyectos de acci\u00f3n social en el campo de la salud visual. <\/p>\n","protected":false},"author":2,"featured_media":10030,"comment_status":"open","ping_status":"open","sticky":false,"template":"","format":"standard","meta":{"ocean_front_end_style_editor":"no","ocean_post_layout":"","ocean_both_sidebars_style":"","ocean_both_sidebars_content_width":0,"ocean_both_sidebars_sidebars_width":0,"ocean_sidebar":"","ocean_second_sidebar":"","ocean_disable_margins":"enable","ocean_add_body_class":"","ocean_shortcode_before_top_bar":"","ocean_shortcode_after_top_bar":"","ocean_shortcode_before_header":"","ocean_shortcode_after_header":"","ocean_has_shortcode":"","ocean_shortcode_after_title":"","ocean_shortcode_before_footer_widgets":"","ocean_shortcode_after_footer_widgets":"","ocean_shortcode_before_footer_bottom":"","ocean_shortcode_after_footer_bottom":"","ocean_display_top_bar":"default","ocean_display_header":"default","ocean_header_style":"","ocean_center_header_left_menu":"","ocean_custom_header_template":"","ocean_custom_logo":0,"ocean_custom_retina_logo":0,"ocean_custom_logo_max_width":0,"ocean_custom_logo_tablet_max_width":0,"ocean_custom_logo_mobile_max_width":0,"ocean_custom_logo_max_height":0,"ocean_custom_logo_tablet_max_height":0,"ocean_custom_logo_mobile_max_height":0,"ocean_header_custom_menu":"","ocean_menu_typo_font_family":"","ocean_menu_typo_font_subset":"","ocean_menu_typo_font_size":0,"ocean_menu_typo_font_size_tablet":0,"ocean_menu_typo_font_size_mobile":0,"ocean_menu_typo_font_size_unit":"px","ocean_menu_typo_font_weight":"","ocean_menu_typo_font_weight_tablet":"","ocean_menu_typo_font_weight_mobile":"","ocean_menu_typo_transform":"","ocean_menu_typo_transform_tablet":"","ocean_menu_typo_transform_mobile":"","ocean_menu_typo_line_height":0,"ocean_menu_typo_line_height_tablet":0,"ocean_menu_typo_line_height_mobile":0,"ocean_menu_typo_line_height_unit":"","ocean_menu_typo_spacing":0,"ocean_menu_typo_spacing_tablet":0,"ocean_menu_typo_spacing_mobile":0,"ocean_menu_typo_spacing_unit":"","ocean_menu_link_color":"","ocean_menu_link_color_hover":"","ocean_menu_link_color_active":"","ocean_menu_link_background":"","ocean_menu_link_hover_background":"","ocean_menu_link_active_background":"","ocean_menu_social_links_bg":"","ocean_menu_social_hover_links_bg":"","ocean_menu_social_links_color":"","ocean_menu_social_hover_links_color":"","ocean_disable_title":"default","ocean_disable_heading":"default","ocean_post_title":"","ocean_post_subheading":"","ocean_post_title_style":"","ocean_post_title_background_color":"","ocean_post_title_background":0,"ocean_post_title_bg_image_position":"","ocean_post_title_bg_image_attachment":"","ocean_post_title_bg_image_repeat":"","ocean_post_title_bg_image_size":"","ocean_post_title_height":0,"ocean_post_title_bg_overlay":0.5,"ocean_post_title_bg_overlay_color":"","ocean_disable_breadcrumbs":"default","ocean_breadcrumbs_color":"","ocean_breadcrumbs_separator_color":"","ocean_breadcrumbs_links_color":"","ocean_breadcrumbs_links_hover_color":"","ocean_display_footer_widgets":"default","ocean_display_footer_bottom":"default","ocean_custom_footer_template":"","ocean_post_oembed":"","ocean_post_self_hosted_media":"","ocean_post_video_embed":"","ocean_link_format":"","ocean_link_format_target":"self","ocean_quote_format":"","ocean_quote_format_link":"post","ocean_gallery_link_images":"on","ocean_gallery_id":[],"footnotes":""},"categories":[25],"tags":[182,146,60,61],"class_list":["post-10070","post","type-post","status-publish","format-standard","has-post-thumbnail","hentry","category-noticies","tag-colaboraciones","tag-investigacion","tag-optometria","tag-terapiavisual","entry","has-media"],"yoast_head":"<!-- This site is optimized with the Yoast SEO plugin v28.4 - https:\/\/yoast.com\/product\/yoast-seo-wordpress\/ -->\n<title>Mejorando la salud visual a trav\u00e9s de la acci\u00f3n social: El compromiso de la ACOTV - Asociaci\u00f3n Catalana de Optometr\u00eda y Terapia Visual<\/title>\n<meta name=\"robots\" content=\"index, follow, max-snippet:-1, max-image-preview:large, max-video-preview:-1\" \/>\n<link rel=\"canonical\" href=\"https:\/\/www.acotv.org\/es\/millorando-salud-visual-a-traves-de-laccion-social\/\" \/>\n<meta property=\"og:locale\" content=\"es_ES\" \/>\n<meta property=\"og:type\" content=\"article\" \/>\n<meta property=\"og:title\" content=\"Mejorando la salud visual a trav\u00e9s de la acci\u00f3n social: El compromiso de la ACOTV - Asociaci\u00f3n Catalana de Optometr\u00eda y Terapia Visual\" \/>\n<meta property=\"og:description\" content=\"Desde 2015, la ACOTV ha iniciado una acci\u00f3n anual de captaci\u00f3n de fondos con el objetivo de apoyar proyectos de acci\u00f3n social en el campo de la salud visual.\" \/>\n<meta property=\"og:url\" content=\"https:\/\/www.acotv.org\/es\/millorando-salud-visual-a-traves-de-laccion-social\/\" \/>\n<meta property=\"og:site_name\" content=\"Asociaci\u00f3n Catalana de Optometr\u00eda y Terapia Visual\" \/>\n<meta property=\"article:published_time\" content=\"2023-12-14T17:30:10+00:00\" \/>\n<meta property=\"article:modified_time\" content=\"2024-01-03T12:16:54+00:00\" \/>\n<meta property=\"og:image\" content=\"https:\/\/www.acotv.org\/wp-content\/uploads\/CUV23.jpg\" \/>\n\t<meta property=\"og:image:width\" content=\"1080\" \/>\n\t<meta property=\"og:image:height\" content=\"1080\" \/>\n\t<meta property=\"og:image:type\" content=\"image\/jpeg\" \/>\n<meta name=\"author\" content=\"ACOTV\" \/>\n<meta name=\"twitter:card\" content=\"summary_large_image\" \/>\n<meta name=\"twitter:label1\" content=\"Escrito por\" \/>\n\t<meta name=\"twitter:data1\" content=\"ACOTV\" \/>\n\t<meta name=\"twitter:label2\" content=\"Tiempo de lectura\" \/>\n\t<meta name=\"twitter:data2\" content=\"3 minutos\" \/>\n<script type=\"application\/ld+json\" class=\"yoast-schema-graph\">{\"@context\":\"https:\\\/\\\/schema.org\",\"@graph\":[{\"@type\":\"Article\",\"@id\":\"https:\\\/\\\/www.acotv.org\\\/es\\\/millorando-salud-visual-a-traves-de-laccion-social\\\/#article\",\"isPartOf\":{\"@id\":\"https:\\\/\\\/www.acotv.org\\\/es\\\/millorando-salud-visual-a-traves-de-laccion-social\\\/\"},\"author\":{\"name\":\"ACOTV\",\"@id\":\"https:\\\/\\\/www.acotv.org\\\/ca\\\/#\\\/schema\\\/person\\\/0de470fec1dbf9785a7343042d765744\"},\"headline\":\"Mejorando la salud visual a trav\u00e9s de la acci\u00f3n social: El compromiso de la ACOTV\",\"datePublished\":\"2023-12-14T17:30:10+00:00\",\"dateModified\":\"2024-01-03T12:16:54+00:00\",\"mainEntityOfPage\":{\"@id\":\"https:\\\/\\\/www.acotv.org\\\/es\\\/millorando-salud-visual-a-traves-de-laccion-social\\\/\"},\"wordCount\":538,\"commentCount\":0,\"image\":{\"@id\":\"https:\\\/\\\/www.acotv.org\\\/es\\\/millorando-salud-visual-a-traves-de-laccion-social\\\/#primaryimage\"},\"thumbnailUrl\":\"https:\\\/\\\/www.acotv.org\\\/wp-content\\\/uploads\\\/CUV23.jpg\",\"keywords\":[\"Colaboraciones\",\"Investigaci\u00f3n\",\"Optometria\",\"TerapiaVisual\"],\"articleSection\":[\"Not\u00edcies\"],\"inLanguage\":\"es\",\"potentialAction\":[{\"@type\":\"CommentAction\",\"name\":\"Comment\",\"target\":[\"https:\\\/\\\/www.acotv.org\\\/es\\\/millorando-salud-visual-a-traves-de-laccion-social\\\/#respond\"]}]},{\"@type\":\"WebPage\",\"@id\":\"https:\\\/\\\/www.acotv.org\\\/es\\\/millorando-salud-visual-a-traves-de-laccion-social\\\/\",\"url\":\"https:\\\/\\\/www.acotv.org\\\/es\\\/millorando-salud-visual-a-traves-de-laccion-social\\\/\",\"name\":\"Mejorando la salud visual a trav\u00e9s de la acci\u00f3n social: El compromiso de la ACOTV - Asociaci\u00f3n Catalana de Optometr\u00eda y Terapia Visual\",\"isPartOf\":{\"@id\":\"https:\\\/\\\/www.acotv.org\\\/ca\\\/#website\"},\"primaryImageOfPage\":{\"@id\":\"https:\\\/\\\/www.acotv.org\\\/es\\\/millorando-salud-visual-a-traves-de-laccion-social\\\/#primaryimage\"},\"image\":{\"@id\":\"https:\\\/\\\/www.acotv.org\\\/es\\\/millorando-salud-visual-a-traves-de-laccion-social\\\/#primaryimage\"},\"thumbnailUrl\":\"https:\\\/\\\/www.acotv.org\\\/wp-content\\\/uploads\\\/CUV23.jpg\",\"datePublished\":\"2023-12-14T17:30:10+00:00\",\"dateModified\":\"2024-01-03T12:16:54+00:00\",\"author\":{\"@id\":\"https:\\\/\\\/www.acotv.org\\\/ca\\\/#\\\/schema\\\/person\\\/0de470fec1dbf9785a7343042d765744\"},\"breadcrumb\":{\"@id\":\"https:\\\/\\\/www.acotv.org\\\/es\\\/millorando-salud-visual-a-traves-de-laccion-social\\\/#breadcrumb\"},\"inLanguage\":\"es\",\"potentialAction\":[{\"@type\":\"ReadAction\",\"target\":[\"https:\\\/\\\/www.acotv.org\\\/es\\\/millorando-salud-visual-a-traves-de-laccion-social\\\/\"]}]},{\"@type\":\"ImageObject\",\"inLanguage\":\"es\",\"@id\":\"https:\\\/\\\/www.acotv.org\\\/es\\\/millorando-salud-visual-a-traves-de-laccion-social\\\/#primaryimage\",\"url\":\"https:\\\/\\\/www.acotv.org\\\/wp-content\\\/uploads\\\/CUV23.jpg\",\"contentUrl\":\"https:\\\/\\\/www.acotv.org\\\/wp-content\\\/uploads\\\/CUV23.jpg\",\"width\":1080,\"height\":1080},{\"@type\":\"BreadcrumbList\",\"@id\":\"https:\\\/\\\/www.acotv.org\\\/es\\\/millorando-salud-visual-a-traves-de-laccion-social\\\/#breadcrumb\",\"itemListElement\":[{\"@type\":\"ListItem\",\"position\":1,\"name\":\"Portada\",\"item\":\"https:\\\/\\\/www.acotv.org\\\/es\\\/\"},{\"@type\":\"ListItem\",\"position\":2,\"name\":\"Mejorando la salud visual a trav\u00e9s de la acci\u00f3n social: El compromiso de la ACOTV\"}]},{\"@type\":\"WebSite\",\"@id\":\"https:\\\/\\\/www.acotv.org\\\/ca\\\/#website\",\"url\":\"https:\\\/\\\/www.acotv.org\\\/ca\\\/\",\"name\":\"Asociaci\u00f3n Catalana de Optometr\u00eda y Terapia Visual\",\"description\":\"\",\"potentialAction\":[{\"@type\":\"SearchAction\",\"target\":{\"@type\":\"EntryPoint\",\"urlTemplate\":\"https:\\\/\\\/www.acotv.org\\\/ca\\\/?s={search_term_string}\"},\"query-input\":{\"@type\":\"PropertyValueSpecification\",\"valueRequired\":true,\"valueName\":\"search_term_string\"}}],\"inLanguage\":\"es\"},{\"@type\":\"Person\",\"@id\":\"https:\\\/\\\/www.acotv.org\\\/ca\\\/#\\\/schema\\\/person\\\/0de470fec1dbf9785a7343042d765744\",\"name\":\"ACOTV\",\"image\":{\"@type\":\"ImageObject\",\"inLanguage\":\"es\",\"@id\":\"https:\\\/\\\/www.acotv.org\\\/wp-content\\\/uploads\\\/Logo-petit-150x150.jpg\",\"url\":\"https:\\\/\\\/www.acotv.org\\\/wp-content\\\/uploads\\\/Logo-petit-150x150.jpg\",\"contentUrl\":\"https:\\\/\\\/www.acotv.org\\\/wp-content\\\/uploads\\\/Logo-petit-150x150.jpg\",\"caption\":\"ACOTV\"},\"url\":\"https:\\\/\\\/www.acotv.org\\\/es\\\/author\\\/acotv\\\/\"}]}<\/script>\n<!-- \/ Yoast SEO plugin. -->","yoast_head_json":{"title":"Mejorando la salud visual a trav\u00e9s de la acci\u00f3n social: El compromiso de la ACOTV - Asociaci\u00f3n Catalana de Optometr\u00eda y Terapia Visual","robots":{"index":"index","follow":"follow","max-snippet":"max-snippet:-1","max-image-preview":"max-image-preview:large","max-video-preview":"max-video-preview:-1"},"canonical":"https:\/\/www.acotv.org\/es\/millorando-salud-visual-a-traves-de-laccion-social\/","og_locale":"es_ES","og_type":"article","og_title":"Mejorando la salud visual a trav\u00e9s de la acci\u00f3n social: El compromiso de la ACOTV - Asociaci\u00f3n Catalana de Optometr\u00eda y Terapia Visual","og_description":"Desde 2015, la ACOTV ha iniciado una acci\u00f3n anual de captaci\u00f3n de fondos con el objetivo de apoyar proyectos de acci\u00f3n social en el campo de la salud visual.","og_url":"https:\/\/www.acotv.org\/es\/millorando-salud-visual-a-traves-de-laccion-social\/","og_site_name":"Asociaci\u00f3n Catalana de Optometr\u00eda y Terapia Visual","article_published_time":"2023-12-14T17:30:10+00:00","article_modified_time":"2024-01-03T12:16:54+00:00","og_image":[{"width":1080,"height":1080,"url":"https:\/\/www.acotv.org\/wp-content\/uploads\/CUV23.jpg","type":"image\/jpeg"}],"author":"ACOTV","twitter_card":"summary_large_image","twitter_misc":{"Escrito por":"ACOTV","Tiempo de lectura":"3 minutos"},"schema":{"@context":"https:\/\/schema.org","@graph":[{"@type":"Article","@id":"https:\/\/www.acotv.org\/es\/millorando-salud-visual-a-traves-de-laccion-social\/#article","isPartOf":{"@id":"https:\/\/www.acotv.org\/es\/millorando-salud-visual-a-traves-de-laccion-social\/"},"author":{"name":"ACOTV","@id":"https:\/\/www.acotv.org\/ca\/#\/schema\/person\/0de470fec1dbf9785a7343042d765744"},"headline":"Mejorando la salud visual a trav\u00e9s de la acci\u00f3n social: El compromiso de la ACOTV","datePublished":"2023-12-14T17:30:10+00:00","dateModified":"2024-01-03T12:16:54+00:00","mainEntityOfPage":{"@id":"https:\/\/www.acotv.org\/es\/millorando-salud-visual-a-traves-de-laccion-social\/"},"wordCount":538,"commentCount":0,"image":{"@id":"https:\/\/www.acotv.org\/es\/millorando-salud-visual-a-traves-de-laccion-social\/#primaryimage"},"thumbnailUrl":"https:\/\/www.acotv.org\/wp-content\/uploads\/CUV23.jpg","keywords":["Colaboraciones","Investigaci\u00f3n","Optometria","TerapiaVisual"],"articleSection":["Not\u00edcies"],"inLanguage":"es","potentialAction":[{"@type":"CommentAction","name":"Comment","target":["https:\/\/www.acotv.org\/es\/millorando-salud-visual-a-traves-de-laccion-social\/#respond"]}]},{"@type":"WebPage","@id":"https:\/\/www.acotv.org\/es\/millorando-salud-visual-a-traves-de-laccion-social\/","url":"https:\/\/www.acotv.org\/es\/millorando-salud-visual-a-traves-de-laccion-social\/","name":"Mejorando la salud visual a trav\u00e9s de la acci\u00f3n social: El compromiso de la ACOTV - Asociaci\u00f3n Catalana de Optometr\u00eda y Terapia Visual","isPartOf":{"@id":"https:\/\/www.acotv.org\/ca\/#website"},"primaryImageOfPage":{"@id":"https:\/\/www.acotv.org\/es\/millorando-salud-visual-a-traves-de-laccion-social\/#primaryimage"},"image":{"@id":"https:\/\/www.acotv.org\/es\/millorando-salud-visual-a-traves-de-laccion-social\/#primaryimage"},"thumbnailUrl":"https:\/\/www.acotv.org\/wp-content\/uploads\/CUV23.jpg","datePublished":"2023-12-14T17:30:10+00:00","dateModified":"2024-01-03T12:16:54+00:00","author":{"@id":"https:\/\/www.acotv.org\/ca\/#\/schema\/person\/0de470fec1dbf9785a7343042d765744"},"breadcrumb":{"@id":"https:\/\/www.acotv.org\/es\/millorando-salud-visual-a-traves-de-laccion-social\/#breadcrumb"},"inLanguage":"es","potentialAction":[{"@type":"ReadAction","target":["https:\/\/www.acotv.org\/es\/millorando-salud-visual-a-traves-de-laccion-social\/"]}]},{"@type":"ImageObject","inLanguage":"es","@id":"https:\/\/www.acotv.org\/es\/millorando-salud-visual-a-traves-de-laccion-social\/#primaryimage","url":"https:\/\/www.acotv.org\/wp-content\/uploads\/CUV23.jpg","contentUrl":"https:\/\/www.acotv.org\/wp-content\/uploads\/CUV23.jpg","width":1080,"height":1080},{"@type":"BreadcrumbList","@id":"https:\/\/www.acotv.org\/es\/millorando-salud-visual-a-traves-de-laccion-social\/#breadcrumb","itemListElement":[{"@type":"ListItem","position":1,"name":"Portada","item":"https:\/\/www.acotv.org\/es\/"},{"@type":"ListItem","position":2,"name":"Mejorando la salud visual a trav\u00e9s de la acci\u00f3n social: El compromiso de la ACOTV"}]},{"@type":"WebSite","@id":"https:\/\/www.acotv.org\/ca\/#website","url":"https:\/\/www.acotv.org\/ca\/","name":"Asociaci\u00f3n Catalana de Optometr\u00eda y Terapia Visual","description":"","potentialAction":[{"@type":"SearchAction","target":{"@type":"EntryPoint","urlTemplate":"https:\/\/www.acotv.org\/ca\/?s={search_term_string}"},"query-input":{"@type":"PropertyValueSpecification","valueRequired":true,"valueName":"search_term_string"}}],"inLanguage":"es"},{"@type":"Person","@id":"https:\/\/www.acotv.org\/ca\/#\/schema\/person\/0de470fec1dbf9785a7343042d765744","name":"ACOTV","image":{"@type":"ImageObject","inLanguage":"es","@id":"https:\/\/www.acotv.org\/wp-content\/uploads\/Logo-petit-150x150.jpg","url":"https:\/\/www.acotv.org\/wp-content\/uploads\/Logo-petit-150x150.jpg","contentUrl":"https:\/\/www.acotv.org\/wp-content\/uploads\/Logo-petit-150x150.jpg","caption":"ACOTV"},"url":"https:\/\/www.acotv.org\/es\/author\/acotv\/"}]}},"_links":{"self":[{"href":"https:\/\/www.acotv.org\/es\/wp-json\/wp\/v2\/posts\/10070","targetHints":{"allow":["GET"]}}],"collection":[{"href":"https:\/\/www.acotv.org\/es\/wp-json\/wp\/v2\/posts"}],"about":[{"href":"https:\/\/www.acotv.org\/es\/wp-json\/wp\/v2\/types\/post"}],"author":[{"embeddable":true,"href":"https:\/\/www.acotv.org\/es\/wp-json\/wp\/v2\/users\/2"}],"replies":[{"embeddable":true,"href":"https:\/\/www.acotv.org\/es\/wp-json\/wp\/v2\/comments?post=10070"}],"version-history":[{"count":2,"href":"https:\/\/www.acotv.org\/es\/wp-json\/wp\/v2\/posts\/10070\/revisions"}],"predecessor-version":[{"id":10085,"href":"https:\/\/www.acotv.org\/es\/wp-json\/wp\/v2\/posts\/10070\/revisions\/10085"}],"wp:featuredmedia":[{"embeddable":true,"href":"https:\/\/www.acotv.org\/es\/wp-json\/wp\/v2\/media\/10030"}],"wp:attachment":[{"href":"https:\/\/www.acotv.org\/es\/wp-json\/wp\/v2\/media?parent=10070"}],"wp:term":[{"taxonomy":"category","embeddable":true,"href":"https:\/\/www.acotv.org\/es\/wp-json\/wp\/v2\/categories?post=10070"},{"taxonomy":"post_tag","embeddable":true,"href":"https:\/\/www.acotv.org\/es\/wp-json\/wp\/v2\/tags?post=10070"}],"curies":[{"name":"wp","href":"https:\/\/api.w.org\/{rel}","templated":true}]}}