{"id":4379,"date":"2015-11-11T15:18:00","date_gmt":"2015-11-11T14:18:00","guid":{"rendered":"https:\/\/www.acotv.org\/?p=4379"},"modified":"2022-04-28T14:53:58","modified_gmt":"2022-04-28T12:53:58","slug":"la-figura-universal","status":"publish","type":"post","link":"https:\/\/www.acotv.org\/ca\/la-figura-universal\/","title":{"rendered":"LA FIGURA UNIVERSAL"},"content":{"rendered":"\n<p class=\"has-medium-font-size wp-block-paragraph\"><strong>Avaluaci\u00f3 de la integraci\u00f3 inter-hemisf\u00e8rica<\/strong><\/p>\n\n\n\n<p class=\"has-medium-font-size wp-block-paragraph\">La figura universal \u00e9s una de les eines que es pot utilitzar per avaluar la detecci\u00f3 de problemes d\u2019integraci\u00f3 inter-hemisf\u00e8rica en nens\/es entre 6 i 7 anys aproximadament. Aquesta figura, incorporada dins el test de c\u00f2pia de les formes de Gesell, ens indica la capacitat per percebre la informaci\u00f3 procedent de cada hemisferi cerebral, aix\u00ed com la capacitat per creuar la l\u00ednia mitja (que correspon al cos call\u00f3s). En funci\u00f3 de l\u2019edat i el desenvolupament cognitiu s\u2019esperen trobar diferents resultats en aquesta prova.<\/p>\n\n\n\n<p class=\"wp-block-paragraph\">\u00c9s important tenir en compte conceptes previs per entendre com elaborem la figura universal, un d\u2019ells \u00e9s l\u2019especialitzaci\u00f3 hemisf\u00e8rica:<\/p>\n\n\n\n<figure class=\"wp-block-image size-full\"><img fetchpriority=\"high\" decoding=\"async\" width=\"612\" height=\"157\" src=\"https:\/\/www.acotv.org\/wp-content\/uploads\/imatge7-5.png\" alt=\"\" class=\"wp-image-4383\" srcset=\"https:\/\/www.acotv.org\/wp-content\/uploads\/imatge7-5.png 612w, https:\/\/www.acotv.org\/wp-content\/uploads\/imatge7-5-300x77.png 300w\" sizes=\"(max-width: 612px) 100vw, 612px\" \/><\/figure>\n\n\n\n<p class=\"wp-block-paragraph\">L\u2019altre \u00e9s la funci\u00f3 del cos call\u00f3s:<\/p>\n\n\n\n<figure class=\"wp-block-image size-full\"><img decoding=\"async\" width=\"612\" height=\"131\" src=\"https:\/\/www.acotv.org\/wp-content\/uploads\/imatge8-2.png\" alt=\"\" class=\"wp-image-4386\" srcset=\"https:\/\/www.acotv.org\/wp-content\/uploads\/imatge8-2.png 612w, https:\/\/www.acotv.org\/wp-content\/uploads\/imatge8-2-300x64.png 300w\" sizes=\"(max-width: 612px) 100vw, 612px\" \/><\/figure>\n\n\n\n<p class=\"wp-block-paragraph\">El cos call\u00f3s est\u00e0 format aproximadament per uns 180-220 milions d\u2019axons i connecta transversalment els 2 hemisferis, sent una estructura de gran import\u00e0ncia en el desenvolupament i connectivitat cortical. La seva funci\u00f3 principal \u00e9s relacionar i unificar la informaci\u00f3 sensorial rebuda pels 2 hemisferis de manera que els mant\u00e9 conscients.<\/p>\n\n\n\n<p class=\"wp-block-paragraph\">Per tant, \u00a0\u00e9s una estructura molt important per a l\u2019atenci\u00f3, la mem\u00f2ria, les funcions visuals, les auditives, el llenguatge i la consci\u00e8ncia corporal, crucials per a un bon aprenentatge i moviment.<\/p>\n\n\n\n<p class=\"wp-block-paragraph\">Per aquest motiu, si hi ha alguna dificultat en creuar la l\u00ednia mitja corporal ens indicaria que les 2 parts hemisf\u00e8riques no s\u2019estan comunicant correctament entre s\u00ed de forma adequada.<\/p>\n\n\n\n<figure class=\"wp-block-image size-full\"><img decoding=\"async\" width=\"402\" height=\"428\" src=\"https:\/\/www.acotv.org\/wp-content\/uploads\/imatges9.png\" alt=\"\" class=\"wp-image-4389\" srcset=\"https:\/\/www.acotv.org\/wp-content\/uploads\/imatges9.png 402w, https:\/\/www.acotv.org\/wp-content\/uploads\/imatges9-282x300.png 282w\" sizes=\"(max-width: 402px) 100vw, 402px\" \/><figcaption><strong>Figura 1.<\/strong>\u00a0Especialitzaci\u00f3 hemisf\u00e8rica i funci\u00f3 del cos call\u00f3s creuant la l\u00ednia mitja corporal.<\/figcaption><\/figure>\n\n\n\n<figure class=\"wp-block-image size-full\"><img loading=\"lazy\" decoding=\"async\" width=\"221\" height=\"148\" src=\"https:\/\/www.acotv.org\/wp-content\/uploads\/imatge10-1.png\" alt=\"\" class=\"wp-image-4392\"\/><figcaption><strong>Figura 2.<\/strong>\u00a0Figura Universal<\/figcaption><\/figure>\n\n\n\n<p class=\"wp-block-paragraph\">Dintre de la figura es pot diferenciar les parts (en vermell) de processament cognitiu, la part perif\u00e8rica o global (Fig.3), la part central (Fig.4) i les parts de la informaci\u00f3 sobre el cos call\u00f3s (Fig.5).<\/p>\n\n\n\n<figure class=\"wp-block-image size-full\"><img loading=\"lazy\" decoding=\"async\" width=\"575\" height=\"127\" src=\"https:\/\/www.acotv.org\/wp-content\/uploads\/imatge11.png\" alt=\"\" class=\"wp-image-4395\" srcset=\"https:\/\/www.acotv.org\/wp-content\/uploads\/imatge11.png 575w, https:\/\/www.acotv.org\/wp-content\/uploads\/imatge11-300x66.png 300w\" sizes=\"(max-width: 575px) 100vw, 575px\" \/><figcaption>FIGURA 3                                            FIGURA 4                                           FIGURA 5<\/figcaption><\/figure>\n\n\n\n<p class=\"wp-block-paragraph\">Una de les formes d\u2019executar el test \u00e9s dir al nen\/a que realitzi una c\u00f2pia de la figura mentre li anem donant en un ordre establert una s\u00e8rie de retoladors de colors, d\u2019aquesta manera es pot saber per on ha comen\u00e7at i quin plantejament i resoluci\u00f3 cognitiva realitza per copiar la figura. Tamb\u00e9 \u00e9s important que faci la c\u00f2pia amb la fulla posada davant i no cap a un cant\u00f3, i tenir en compte si gira la fulla en realitzar la c\u00f2pia. Per exemple a continuaci\u00f3 (Fig. 6) es mostra una c\u00f2pia realitzada per un nen de 7 anys amb problemes de lateralitat creuada i inversions durant l\u2019escriptura:<\/p>\n\n\n\n<figure class=\"wp-block-image size-full\"><img loading=\"lazy\" decoding=\"async\" width=\"350\" height=\"238\" src=\"https:\/\/www.acotv.org\/wp-content\/uploads\/imatge12.png\" alt=\"\" class=\"wp-image-4398\" srcset=\"https:\/\/www.acotv.org\/wp-content\/uploads\/imatge12.png 350w, https:\/\/www.acotv.org\/wp-content\/uploads\/imatge12-300x204.png 300w\" sizes=\"(max-width: 350px) 100vw, 350px\" \/><figcaption><strong>Figura 6.\u00a0<\/strong>Podem dir que comen\u00e7a perif\u00e8ricament (globalment) amb predomini del hemisferi dret, per\u00f2 amb un problema d\u2019integraci\u00f3 del cos call\u00f3s, no creua la l\u00ednia mitja.<\/figcaption><\/figure>\n\n\n\n<p class=\"wp-block-paragraph\">En la seg\u00fcent Fig. 7 es mostra el mateix nen al cap d\u2019un mes de tractament per estimulaci\u00f3 inter-hemisf\u00e8rica i lateralitat:<\/p>\n\n\n\n<figure class=\"wp-block-image size-full\"><img loading=\"lazy\" decoding=\"async\" width=\"463\" height=\"204\" src=\"https:\/\/www.acotv.org\/wp-content\/uploads\/imatge13.png\" alt=\"\" class=\"wp-image-4401\" srcset=\"https:\/\/www.acotv.org\/wp-content\/uploads\/imatge13.png 463w, https:\/\/www.acotv.org\/wp-content\/uploads\/imatge13-300x132.png 300w\" sizes=\"(max-width: 463px) 100vw, 463px\" \/><figcaption><strong>Figura 7.<\/strong>Veiem com clarament creua la l\u00ednia mitja amb millor percepci\u00f3 de la forma de la figura universal (m\u00e9s rectangular).<\/figcaption><\/figure>\n\n\n\n<p class=\"wp-block-paragraph\">Aix\u00ed, la figura universal \u00e9s una eina senzilla i complement\u00e0ria que podem utilitzar per diagnosticar i seguir la ter\u00e0pia en problemes de lateralitat o integraci\u00f3 inter-hemisf\u00e8rica, sempre tenint en compte el desenvolupament psicomotriu i lateralitat associats a problemes d\u2019integraci\u00f3 del cos call\u00f3s.<\/p>\n\n\n\n<figure class=\"wp-block-image size-full\"><img loading=\"lazy\" decoding=\"async\" width=\"568\" height=\"485\" src=\"https:\/\/www.acotv.org\/wp-content\/uploads\/imatge14-1.png\" alt=\"\" class=\"wp-image-4404\" srcset=\"https:\/\/www.acotv.org\/wp-content\/uploads\/imatge14-1.png 568w, https:\/\/www.acotv.org\/wp-content\/uploads\/imatge14-1-300x256.png 300w\" sizes=\"(max-width: 568px) 100vw, 568px\" \/><\/figure>\n\n\n\n<p class=\"has-text-color wp-block-paragraph\" style=\"color:#008ad0\"><strong>Bibliografia<\/strong><\/p>\n\n\n\n<p class=\"wp-block-paragraph\"><strong>Ferr\u00e9 Veciana JF, Aribau E<\/strong>. El desarrolloneurofuncional del ni\u00f1o y sustrastornos.Visi\u00f3n, aprendizaje y otras funciones cognitives. Leb\u00f3n, 2n ed, 2008.<\/p>\n\n\n\n<p class=\"wp-block-paragraph\"><strong>Instituto M\u00e9dico del Desarrollo Infantil<\/strong>. El desarrollo de la lateralidad infantil. Ni\u00f1o diestra-ni\u00f1ozurdo.Leb\u00f3n. 3ra ed, 2006.<\/p>\n\n\n\n<p class=\"wp-block-paragraph\"><strong>Koslowe K, Bienenfeld N, Tanami D, Shneor E.<\/strong>Therelationshipbetweentheheterophoriaand visual organitzation in firstandsecondgradechildren on theGesellcopyform test. OptometryandVisionDevelopment 2010 (1):33-37.<\/p>\n\n\n\n<p class=\"wp-block-paragraph\"><strong>Shag\u00fan JL, Icardo JM<\/strong>.Neuroanatom\u00edahumana:aspectosfuncionales y cl\u00ednicos. Elsevier Espa\u00f1a, 2004.<\/p>\n\n\n\n<p class=\"wp-block-paragraph\"><strong>Snell RS<\/strong>. Neuroanatomia cl\u00ednica. Lippincot Williams &amp;Wilkins, 2010.<\/p>\n\n\n\n<p class=\"wp-block-paragraph\">Article realitzat per\u00a0<strong>Marc Argil\u00e9s\u00a0<\/strong><br><em>Diplomat en \u00d2ptica i Optometria<br>M\u00e0ster en Optometria i Ci\u00e8ncies de la Visi\u00f3<br>Membre de l&#8217;ACOTV<\/em><\/p>\n","protected":false},"excerpt":{"rendered":"<p>Avaluaci\u00f3 de la integraci\u00f3 inter-hemisf\u00e8rica La figura universal \u00e9s una de les eines que es pot utilitzar per avaluar la [&hellip;]<\/p>\n","protected":false},"author":2,"featured_media":4392,"comment_status":"open","ping_status":"open","sticky":false,"template":"","format":"standard","meta":{"ocean_front_end_style_editor":"no","ocean_post_layout":"","ocean_both_sidebars_style":"","ocean_both_sidebars_content_width":0,"ocean_both_sidebars_sidebars_width":0,"ocean_sidebar":"0","ocean_second_sidebar":"0","ocean_disable_margins":"enable","ocean_add_body_class":"","ocean_shortcode_before_top_bar":"","ocean_shortcode_after_top_bar":"","ocean_shortcode_before_header":"","ocean_shortcode_after_header":"","ocean_has_shortcode":"","ocean_shortcode_after_title":"","ocean_shortcode_before_footer_widgets":"","ocean_shortcode_after_footer_widgets":"","ocean_shortcode_before_footer_bottom":"","ocean_shortcode_after_footer_bottom":"","ocean_display_top_bar":"default","ocean_display_header":"default","ocean_header_style":"","ocean_center_header_left_menu":"0","ocean_custom_header_template":"0","ocean_custom_logo":0,"ocean_custom_retina_logo":0,"ocean_custom_logo_max_width":0,"ocean_custom_logo_tablet_max_width":0,"ocean_custom_logo_mobile_max_width":0,"ocean_custom_logo_max_height":0,"ocean_custom_logo_tablet_max_height":0,"ocean_custom_logo_mobile_max_height":0,"ocean_header_custom_menu":"0","ocean_menu_typo_font_family":"0","ocean_menu_typo_font_subset":"","ocean_menu_typo_font_size":0,"ocean_menu_typo_font_size_tablet":0,"ocean_menu_typo_font_size_mobile":0,"ocean_menu_typo_font_size_unit":"px","ocean_menu_typo_font_weight":"","ocean_menu_typo_font_weight_tablet":"","ocean_menu_typo_font_weight_mobile":"","ocean_menu_typo_transform":"","ocean_menu_typo_transform_tablet":"","ocean_menu_typo_transform_mobile":"","ocean_menu_typo_line_height":0,"ocean_menu_typo_line_height_tablet":0,"ocean_menu_typo_line_height_mobile":0,"ocean_menu_typo_line_height_unit":"","ocean_menu_typo_spacing":0,"ocean_menu_typo_spacing_tablet":0,"ocean_menu_typo_spacing_mobile":0,"ocean_menu_typo_spacing_unit":"","ocean_menu_link_color":"","ocean_menu_link_color_hover":"","ocean_menu_link_color_active":"","ocean_menu_link_background":"","ocean_menu_link_hover_background":"","ocean_menu_link_active_background":"","ocean_menu_social_links_bg":"","ocean_menu_social_hover_links_bg":"","ocean_menu_social_links_color":"","ocean_menu_social_hover_links_color":"","ocean_disable_title":"default","ocean_disable_heading":"default","ocean_post_title":"","ocean_post_subheading":"","ocean_post_title_style":"","ocean_post_title_background_color":"","ocean_post_title_background":0,"ocean_post_title_bg_image_position":"","ocean_post_title_bg_image_attachment":"","ocean_post_title_bg_image_repeat":"","ocean_post_title_bg_image_size":"","ocean_post_title_height":0,"ocean_post_title_bg_overlay":0.5,"ocean_post_title_bg_overlay_color":"","ocean_disable_breadcrumbs":"default","ocean_breadcrumbs_color":"","ocean_breadcrumbs_separator_color":"","ocean_breadcrumbs_links_color":"","ocean_breadcrumbs_links_hover_color":"","ocean_display_footer_widgets":"default","ocean_display_footer_bottom":"default","ocean_custom_footer_template":"0","ocean_post_oembed":"","ocean_post_self_hosted_media":"","ocean_post_video_embed":"","ocean_link_format":"","ocean_link_format_target":"self","ocean_quote_format":"","ocean_quote_format_link":"post","ocean_gallery_link_images":"off","ocean_gallery_id":[],"footnotes":""},"categories":[24],"tags":[66,70,72],"class_list":["post-4379","post","type-post","status-publish","format-standard","has-post-thumbnail","hentry","category-bloc","tag-optometria-ca","tag-prevencio","tag-problemesdaprenentatge","entry","has-media"],"yoast_head":"<!-- This site is optimized with the Yoast SEO plugin v28.4 - https:\/\/yoast.com\/product\/yoast-seo-wordpress\/ -->\n<title>LA FIGURA UNIVERSAL - Asociaci\u00f3n Catalana de Optometr\u00eda y Terapia Visual<\/title>\n<meta name=\"robots\" content=\"index, follow, max-snippet:-1, max-image-preview:large, max-video-preview:-1\" \/>\n<link rel=\"canonical\" href=\"https:\/\/www.acotv.org\/ca\/la-figura-universal\/\" \/>\n<meta property=\"og:locale\" content=\"ca_ES\" \/>\n<meta property=\"og:type\" content=\"article\" \/>\n<meta property=\"og:title\" content=\"LA FIGURA UNIVERSAL - Asociaci\u00f3n Catalana de Optometr\u00eda y Terapia Visual\" \/>\n<meta property=\"og:description\" content=\"Avaluaci\u00f3 de la integraci\u00f3 inter-hemisf\u00e8rica La figura universal \u00e9s una de les eines que es pot utilitzar per avaluar la [&hellip;]\" \/>\n<meta property=\"og:url\" content=\"https:\/\/www.acotv.org\/ca\/la-figura-universal\/\" \/>\n<meta property=\"og:site_name\" content=\"Asociaci\u00f3n Catalana de Optometr\u00eda y Terapia Visual\" \/>\n<meta property=\"article:published_time\" content=\"2015-11-11T14:18:00+00:00\" \/>\n<meta property=\"article:modified_time\" content=\"2022-04-28T12:53:58+00:00\" \/>\n<meta property=\"og:image\" content=\"https:\/\/www.acotv.org\/wp-content\/uploads\/imatge10-1.png\" \/>\n\t<meta property=\"og:image:width\" content=\"221\" \/>\n\t<meta property=\"og:image:height\" content=\"148\" \/>\n\t<meta property=\"og:image:type\" content=\"image\/png\" \/>\n<meta name=\"author\" content=\"ACOTV\" \/>\n<meta name=\"twitter:card\" content=\"summary_large_image\" \/>\n<meta name=\"twitter:label1\" content=\"Escrit per\" \/>\n\t<meta name=\"twitter:data1\" content=\"ACOTV\" \/>\n\t<meta name=\"twitter:label2\" content=\"Temps estimat de lectura\" \/>\n\t<meta name=\"twitter:data2\" content=\"5 minuts\" \/>\n<script type=\"application\/ld+json\" class=\"yoast-schema-graph\">{\"@context\":\"https:\\\/\\\/schema.org\",\"@graph\":[{\"@type\":\"Article\",\"@id\":\"https:\\\/\\\/www.acotv.org\\\/ca\\\/la-figura-universal\\\/#article\",\"isPartOf\":{\"@id\":\"https:\\\/\\\/www.acotv.org\\\/ca\\\/la-figura-universal\\\/\"},\"author\":{\"name\":\"ACOTV\",\"@id\":\"https:\\\/\\\/www.acotv.org\\\/ca\\\/#\\\/schema\\\/person\\\/0de470fec1dbf9785a7343042d765744\"},\"headline\":\"LA FIGURA UNIVERSAL\",\"datePublished\":\"2015-11-11T14:18:00+00:00\",\"dateModified\":\"2022-04-28T12:53:58+00:00\",\"mainEntityOfPage\":{\"@id\":\"https:\\\/\\\/www.acotv.org\\\/ca\\\/la-figura-universal\\\/\"},\"wordCount\":652,\"commentCount\":0,\"image\":{\"@id\":\"https:\\\/\\\/www.acotv.org\\\/ca\\\/la-figura-universal\\\/#primaryimage\"},\"thumbnailUrl\":\"https:\\\/\\\/www.acotv.org\\\/wp-content\\\/uploads\\\/imatge10-1.png\",\"keywords\":[\"Optometria\",\"prevenci\u00f3\",\"problemesdaprenentatge\"],\"articleSection\":[\"Bloc\"],\"inLanguage\":\"ca\",\"potentialAction\":[{\"@type\":\"CommentAction\",\"name\":\"Comment\",\"target\":[\"https:\\\/\\\/www.acotv.org\\\/ca\\\/la-figura-universal\\\/#respond\"]}]},{\"@type\":\"WebPage\",\"@id\":\"https:\\\/\\\/www.acotv.org\\\/ca\\\/la-figura-universal\\\/\",\"url\":\"https:\\\/\\\/www.acotv.org\\\/ca\\\/la-figura-universal\\\/\",\"name\":\"LA FIGURA UNIVERSAL - Asociaci\u00f3n Catalana de Optometr\u00eda y Terapia Visual\",\"isPartOf\":{\"@id\":\"https:\\\/\\\/www.acotv.org\\\/ca\\\/#website\"},\"primaryImageOfPage\":{\"@id\":\"https:\\\/\\\/www.acotv.org\\\/ca\\\/la-figura-universal\\\/#primaryimage\"},\"image\":{\"@id\":\"https:\\\/\\\/www.acotv.org\\\/ca\\\/la-figura-universal\\\/#primaryimage\"},\"thumbnailUrl\":\"https:\\\/\\\/www.acotv.org\\\/wp-content\\\/uploads\\\/imatge10-1.png\",\"datePublished\":\"2015-11-11T14:18:00+00:00\",\"dateModified\":\"2022-04-28T12:53:58+00:00\",\"author\":{\"@id\":\"https:\\\/\\\/www.acotv.org\\\/ca\\\/#\\\/schema\\\/person\\\/0de470fec1dbf9785a7343042d765744\"},\"breadcrumb\":{\"@id\":\"https:\\\/\\\/www.acotv.org\\\/ca\\\/la-figura-universal\\\/#breadcrumb\"},\"inLanguage\":\"ca\",\"potentialAction\":[{\"@type\":\"ReadAction\",\"target\":[\"https:\\\/\\\/www.acotv.org\\\/ca\\\/la-figura-universal\\\/\"]}]},{\"@type\":\"ImageObject\",\"inLanguage\":\"ca\",\"@id\":\"https:\\\/\\\/www.acotv.org\\\/ca\\\/la-figura-universal\\\/#primaryimage\",\"url\":\"https:\\\/\\\/www.acotv.org\\\/wp-content\\\/uploads\\\/imatge10-1.png\",\"contentUrl\":\"https:\\\/\\\/www.acotv.org\\\/wp-content\\\/uploads\\\/imatge10-1.png\",\"width\":221,\"height\":148,\"caption\":\"Figura Universal\"},{\"@type\":\"BreadcrumbList\",\"@id\":\"https:\\\/\\\/www.acotv.org\\\/ca\\\/la-figura-universal\\\/#breadcrumb\",\"itemListElement\":[{\"@type\":\"ListItem\",\"position\":1,\"name\":\"Portada\",\"item\":\"https:\\\/\\\/www.acotv.org\\\/ca\\\/\"},{\"@type\":\"ListItem\",\"position\":2,\"name\":\"LA FIGURA UNIVERSAL\"}]},{\"@type\":\"WebSite\",\"@id\":\"https:\\\/\\\/www.acotv.org\\\/ca\\\/#website\",\"url\":\"https:\\\/\\\/www.acotv.org\\\/ca\\\/\",\"name\":\"Asociaci\u00f3n Catalana de Optometr\u00eda y Terapia Visual\",\"description\":\"\",\"potentialAction\":[{\"@type\":\"SearchAction\",\"target\":{\"@type\":\"EntryPoint\",\"urlTemplate\":\"https:\\\/\\\/www.acotv.org\\\/ca\\\/?s={search_term_string}\"},\"query-input\":{\"@type\":\"PropertyValueSpecification\",\"valueRequired\":true,\"valueName\":\"search_term_string\"}}],\"inLanguage\":\"ca\"},{\"@type\":\"Person\",\"@id\":\"https:\\\/\\\/www.acotv.org\\\/ca\\\/#\\\/schema\\\/person\\\/0de470fec1dbf9785a7343042d765744\",\"name\":\"ACOTV\",\"image\":{\"@type\":\"ImageObject\",\"inLanguage\":\"ca\",\"@id\":\"https:\\\/\\\/www.acotv.org\\\/wp-content\\\/uploads\\\/Logo-petit-150x150.jpg\",\"url\":\"https:\\\/\\\/www.acotv.org\\\/wp-content\\\/uploads\\\/Logo-petit-150x150.jpg\",\"contentUrl\":\"https:\\\/\\\/www.acotv.org\\\/wp-content\\\/uploads\\\/Logo-petit-150x150.jpg\",\"caption\":\"ACOTV\"},\"url\":\"https:\\\/\\\/www.acotv.org\\\/ca\\\/author\\\/acotv\\\/\"}]}<\/script>\n<!-- \/ Yoast SEO plugin. -->","yoast_head_json":{"title":"LA FIGURA UNIVERSAL - Asociaci\u00f3n Catalana de Optometr\u00eda y Terapia Visual","robots":{"index":"index","follow":"follow","max-snippet":"max-snippet:-1","max-image-preview":"max-image-preview:large","max-video-preview":"max-video-preview:-1"},"canonical":"https:\/\/www.acotv.org\/ca\/la-figura-universal\/","og_locale":"ca_ES","og_type":"article","og_title":"LA FIGURA UNIVERSAL - Asociaci\u00f3n Catalana de Optometr\u00eda y Terapia Visual","og_description":"Avaluaci\u00f3 de la integraci\u00f3 inter-hemisf\u00e8rica La figura universal \u00e9s una de les eines que es pot utilitzar per avaluar la [&hellip;]","og_url":"https:\/\/www.acotv.org\/ca\/la-figura-universal\/","og_site_name":"Asociaci\u00f3n Catalana de Optometr\u00eda y Terapia Visual","article_published_time":"2015-11-11T14:18:00+00:00","article_modified_time":"2022-04-28T12:53:58+00:00","og_image":[{"width":221,"height":148,"url":"https:\/\/www.acotv.org\/wp-content\/uploads\/imatge10-1.png","type":"image\/png"}],"author":"ACOTV","twitter_card":"summary_large_image","twitter_misc":{"Escrit per":"ACOTV","Temps estimat de lectura":"5 minuts"},"schema":{"@context":"https:\/\/schema.org","@graph":[{"@type":"Article","@id":"https:\/\/www.acotv.org\/ca\/la-figura-universal\/#article","isPartOf":{"@id":"https:\/\/www.acotv.org\/ca\/la-figura-universal\/"},"author":{"name":"ACOTV","@id":"https:\/\/www.acotv.org\/ca\/#\/schema\/person\/0de470fec1dbf9785a7343042d765744"},"headline":"LA FIGURA UNIVERSAL","datePublished":"2015-11-11T14:18:00+00:00","dateModified":"2022-04-28T12:53:58+00:00","mainEntityOfPage":{"@id":"https:\/\/www.acotv.org\/ca\/la-figura-universal\/"},"wordCount":652,"commentCount":0,"image":{"@id":"https:\/\/www.acotv.org\/ca\/la-figura-universal\/#primaryimage"},"thumbnailUrl":"https:\/\/www.acotv.org\/wp-content\/uploads\/imatge10-1.png","keywords":["Optometria","prevenci\u00f3","problemesdaprenentatge"],"articleSection":["Bloc"],"inLanguage":"ca","potentialAction":[{"@type":"CommentAction","name":"Comment","target":["https:\/\/www.acotv.org\/ca\/la-figura-universal\/#respond"]}]},{"@type":"WebPage","@id":"https:\/\/www.acotv.org\/ca\/la-figura-universal\/","url":"https:\/\/www.acotv.org\/ca\/la-figura-universal\/","name":"LA FIGURA UNIVERSAL - Asociaci\u00f3n Catalana de Optometr\u00eda y Terapia Visual","isPartOf":{"@id":"https:\/\/www.acotv.org\/ca\/#website"},"primaryImageOfPage":{"@id":"https:\/\/www.acotv.org\/ca\/la-figura-universal\/#primaryimage"},"image":{"@id":"https:\/\/www.acotv.org\/ca\/la-figura-universal\/#primaryimage"},"thumbnailUrl":"https:\/\/www.acotv.org\/wp-content\/uploads\/imatge10-1.png","datePublished":"2015-11-11T14:18:00+00:00","dateModified":"2022-04-28T12:53:58+00:00","author":{"@id":"https:\/\/www.acotv.org\/ca\/#\/schema\/person\/0de470fec1dbf9785a7343042d765744"},"breadcrumb":{"@id":"https:\/\/www.acotv.org\/ca\/la-figura-universal\/#breadcrumb"},"inLanguage":"ca","potentialAction":[{"@type":"ReadAction","target":["https:\/\/www.acotv.org\/ca\/la-figura-universal\/"]}]},{"@type":"ImageObject","inLanguage":"ca","@id":"https:\/\/www.acotv.org\/ca\/la-figura-universal\/#primaryimage","url":"https:\/\/www.acotv.org\/wp-content\/uploads\/imatge10-1.png","contentUrl":"https:\/\/www.acotv.org\/wp-content\/uploads\/imatge10-1.png","width":221,"height":148,"caption":"Figura Universal"},{"@type":"BreadcrumbList","@id":"https:\/\/www.acotv.org\/ca\/la-figura-universal\/#breadcrumb","itemListElement":[{"@type":"ListItem","position":1,"name":"Portada","item":"https:\/\/www.acotv.org\/ca\/"},{"@type":"ListItem","position":2,"name":"LA FIGURA UNIVERSAL"}]},{"@type":"WebSite","@id":"https:\/\/www.acotv.org\/ca\/#website","url":"https:\/\/www.acotv.org\/ca\/","name":"Asociaci\u00f3n Catalana de Optometr\u00eda y Terapia Visual","description":"","potentialAction":[{"@type":"SearchAction","target":{"@type":"EntryPoint","urlTemplate":"https:\/\/www.acotv.org\/ca\/?s={search_term_string}"},"query-input":{"@type":"PropertyValueSpecification","valueRequired":true,"valueName":"search_term_string"}}],"inLanguage":"ca"},{"@type":"Person","@id":"https:\/\/www.acotv.org\/ca\/#\/schema\/person\/0de470fec1dbf9785a7343042d765744","name":"ACOTV","image":{"@type":"ImageObject","inLanguage":"ca","@id":"https:\/\/www.acotv.org\/wp-content\/uploads\/Logo-petit-150x150.jpg","url":"https:\/\/www.acotv.org\/wp-content\/uploads\/Logo-petit-150x150.jpg","contentUrl":"https:\/\/www.acotv.org\/wp-content\/uploads\/Logo-petit-150x150.jpg","caption":"ACOTV"},"url":"https:\/\/www.acotv.org\/ca\/author\/acotv\/"}]}},"_links":{"self":[{"href":"https:\/\/www.acotv.org\/ca\/wp-json\/wp\/v2\/posts\/4379","targetHints":{"allow":["GET"]}}],"collection":[{"href":"https:\/\/www.acotv.org\/ca\/wp-json\/wp\/v2\/posts"}],"about":[{"href":"https:\/\/www.acotv.org\/ca\/wp-json\/wp\/v2\/types\/post"}],"author":[{"embeddable":true,"href":"https:\/\/www.acotv.org\/ca\/wp-json\/wp\/v2\/users\/2"}],"replies":[{"embeddable":true,"href":"https:\/\/www.acotv.org\/ca\/wp-json\/wp\/v2\/comments?post=4379"}],"version-history":[{"count":1,"href":"https:\/\/www.acotv.org\/ca\/wp-json\/wp\/v2\/posts\/4379\/revisions"}],"predecessor-version":[{"id":4407,"href":"https:\/\/www.acotv.org\/ca\/wp-json\/wp\/v2\/posts\/4379\/revisions\/4407"}],"wp:featuredmedia":[{"embeddable":true,"href":"https:\/\/www.acotv.org\/ca\/wp-json\/wp\/v2\/media\/4392"}],"wp:attachment":[{"href":"https:\/\/www.acotv.org\/ca\/wp-json\/wp\/v2\/media?parent=4379"}],"wp:term":[{"taxonomy":"category","embeddable":true,"href":"https:\/\/www.acotv.org\/ca\/wp-json\/wp\/v2\/categories?post=4379"},{"taxonomy":"post_tag","embeddable":true,"href":"https:\/\/www.acotv.org\/ca\/wp-json\/wp\/v2\/tags?post=4379"}],"curies":[{"name":"wp","href":"https:\/\/api.w.org\/{rel}","templated":true}]}}